{"id":5015,"date":"2026-01-07T14:48:55","date_gmt":"2026-01-07T14:48:55","guid":{"rendered":"https:\/\/bladnanews.com\/south-africa-sports-minister-rebukes-broos-over-morocco-criticism\/"},"modified":"2026-01-07T14:48:55","modified_gmt":"2026-01-07T14:48:55","slug":"le-ministre-sud-africain-des-sports-reprimande-broos-pour-ses-critiques-envers-le-maroc","status":"publish","type":"post","link":"https:\/\/bladnanews.com\/fr\/le-ministre-sud-africain-des-sports-reprimande-broos-pour-ses-critiques-envers-le-maroc\/","title":{"rendered":"Le ministre sud-africain des Sports r\u00e9primande Broos pour ses critiques envers le Maroc."},"content":{"rendered":"<p>Le ministre sud-africain des Sports, Gayton McKenzie, a r\u00e9primand\u00e9 le s\u00e9lectionneur national Hugo Broos suite \u00e0 ses r\u00e9cents commentaires critiquant le Maroc.<\/p>\n<p>McKenzie a \u00e9crit sur les r\u00e9seaux sociaux que Broos devrait se concentrer sur son travail avec Bafana Bafana et \u00e9viter les remarques susceptibles de cr\u00e9er des tensions inutiles, soulignant que de telles d\u00e9clarations ne servent pas le football sud-africain.<\/p>\n<p>Le message du ministre fait suite aux critiques de Broos envers le Maroc, qui ont suscit\u00e9 des d\u00e9bats dans les milieux du football sud-africain et attir\u00e9 l\u2019attention au-del\u00e0 des fronti\u00e8res nationales.<\/p>\n<p>L\u2019intervention de McKenzie a clairement indiqu\u00e9 que le gouvernement ne soutient pas la transformation des rivalit\u00e9s sportives en disputes publiques, appelant au respect dans les commentaires visant d\u2019autres nations.<\/p>\n<p>Ce diff\u00e9rend survient alors que l\u2019Afrique du Sud poursuit son travail avec le programme de l\u2019\u00e9quipe nationale, Broos \u00e9tant sous pression pour maintenir les r\u00e9sultats et les performances sur la bonne voie, ainsi qu\u2019une atmosph\u00e8re sereine au sein du groupe.<\/p>\n<p>Aucune mesure officielle suppl\u00e9mentaire n\u2019a \u00e9t\u00e9 annonc\u00e9e, mais la r\u00e9ponse publique du ministre \u00e9quivaut \u00e0 un avertissement direct adress\u00e9 \u00e0 l\u2019entra\u00eeneur concernant son choix de mots \u00e0 l\u2019\u00e9gard du Maroc.<\/p>","protected":false},"excerpt":{"rendered":"<p>South Africa\u2019s Sports Minister Gayton McKenzie has rebuked national team coach Hugo Broos after his recent comments criticising Morocco. McKenzie [&hellip;]<\/p>\n","protected":false},"author":4,"featured_media":5011,"comment_status":"","ping_status":"open","sticky":false,"template":"","format":"standard","meta":{"googlesitekit_rrm_CAow_uzEDA:productID":"","site-sidebar-layout":"default","site-content-layout":"","ast-site-content-layout":"default","site-content-style":"default","site-sidebar-style":"default","ast-global-header-display":"","ast-banner-title-visibility":"","ast-main-header-display":"","ast-hfb-above-header-display":"","ast-hfb-below-header-display":"","ast-hfb-mobile-header-display":"","site-post-title":"","ast-breadcrumbs-content":"","ast-featured-img":"","footer-sml-layout":"","ast-disable-related-posts":"","theme-transparent-header-meta":"","adv-header-id-meta":"","stick-header-meta":"","header-above-stick-meta":"","header-main-stick-meta":"","header-below-stick-meta":"","astra-migrate-meta-layouts":"default","ast-page-background-enabled":"default","ast-page-background-meta":{"desktop":{"background-color":"var(--ast-global-color-5)","background-image":"","background-repeat":"repeat","background-position":"center center","background-size":"auto","background-attachment":"scroll","background-type":"","background-media":"","overlay-type":"","overlay-color":"","overlay-opacity":"","overlay-gradient":""},"tablet":{"background-color":"","background-image":"","background-repeat":"repeat","background-position":"center center","background-size":"auto","background-attachment":"scroll","background-type":"","background-media":"","overlay-type":"","overlay-color":"","overlay-opacity":"","overlay-gradient":""},"mobile":{"background-color":"","background-image":"","background-repeat":"repeat","background-position":"center center","background-size":"auto","background-attachment":"scroll","background-type":"","background-media":"","overlay-type":"","overlay-color":"","overlay-opacity":"","overlay-gradient":""}},"ast-content-background-meta":{"desktop":{"background-color":"var(--ast-global-color-4)","background-image":"","background-repeat":"repeat","background-position":"center center","background-size":"auto","background-attachment":"scroll","background-type":"","background-media":"","overlay-type":"","overlay-color":"","overlay-opacity":"","overlay-gradient":""},"tablet":{"background-color":"var(--ast-global-color-4)","background-image":"","background-repeat":"repeat","background-position":"center center","background-size":"auto","background-attachment":"scroll","background-type":"","background-media":"","overlay-type":"","overlay-color":"","overlay-opacity":"","overlay-gradient":""},"mobile":{"background-color":"var(--ast-global-color-4)","background-image":"","background-repeat":"repeat","background-position":"center center","background-size":"auto","background-attachment":"scroll","background-type":"","background-media":"","overlay-type":"","overlay-color":"","overlay-opacity":"","overlay-gradient":""}},"footnotes":""},"categories":[1,168],"tags":[],"class_list":["post-5015","post","type-post","status-publish","format-standard","has-post-thumbnail","hentry","category-football-latest-news","category-morocco-national-team"],"yoast_head":"<!-- This site is optimized with the Yoast SEO Premium plugin v26.6 (Yoast SEO v27.4) - https:\/\/yoast.com\/product\/yoast-seo-premium-wordpress\/ -->\n<title>South Africa sports minister rebukes Broos over Morocco criticism - Bladna News<\/title>\n<meta name=\"robots\" content=\"index, follow, max-snippet:-1, max-image-preview:large, max-video-preview:-1\" \/>\n<link rel=\"canonical\" href=\"https:\/\/bladnanews.com\/fr\/le-ministre-sud-africain-des-sports-reprimande-broos-pour-ses-critiques-envers-le-maroc\/\" \/>\n<meta property=\"og:locale\" content=\"fr_FR\" \/>\n<meta property=\"og:type\" content=\"article\" \/>\n<meta property=\"og:title\" content=\"South Africa sports minister rebukes Broos over Morocco criticism\" \/>\n<meta property=\"og:description\" content=\"South Africa\u2019s Sports Minister Gayton McKenzie has rebuked national team coach Hugo Broos after his recent comments criticising Morocco. McKenzie [&hellip;]\" \/>\n<meta property=\"og:url\" content=\"https:\/\/bladnanews.com\/fr\/le-ministre-sud-africain-des-sports-reprimande-broos-pour-ses-critiques-envers-le-maroc\/\" \/>\n<meta property=\"og:site_name\" content=\"Bladna News\" \/>\n<meta property=\"article:published_time\" content=\"2026-01-07T14:48:55+00:00\" \/>\n<meta property=\"og:image\" content=\"https:\/\/bladnanews.com\/wp-content\/uploads\/2025\/12\/freepik__bladna-newscom-moroccan-soccer-homepage-banner-mor__41838.png\" \/>\n\t<meta property=\"og:image:width\" content=\"1312\" \/>\n\t<meta property=\"og:image:height\" content=\"736\" \/>\n\t<meta property=\"og:image:type\" content=\"image\/png\" \/>\n<meta name=\"author\" content=\"Bladna Sports Desk\" \/>\n<meta name=\"twitter:card\" content=\"summary_large_image\" \/>\n<meta name=\"twitter:label1\" content=\"\u00c9crit par\" \/>\n\t<meta name=\"twitter:data1\" content=\"Bladna Sports Desk\" \/>\n\t<meta name=\"twitter:label2\" content=\"Dur\u00e9e de lecture estim\u00e9e\" \/>\n\t<meta name=\"twitter:data2\" content=\"1 minute\" \/>\n<script type=\"application\/ld+json\" class=\"yoast-schema-graph\">{\"@context\":\"https:\\\/\\\/schema.org\",\"@graph\":[{\"@type\":\"Article\",\"@id\":\"https:\\\/\\\/bladnanews.com\\\/south-africa-sports-minister-rebukes-broos-over-morocco-criticism\\\/#article\",\"isPartOf\":{\"@id\":\"https:\\\/\\\/bladnanews.com\\\/south-africa-sports-minister-rebukes-broos-over-morocco-criticism\\\/\"},\"author\":{\"name\":\"Bladna Sports Desk\",\"@id\":\"https:\\\/\\\/mediumseagreen-eel-531711.hostingersite.com\\\/#\\\/schema\\\/person\\\/6712b38fabe810f7eb8d15ed30d90f1e\"},\"headline\":\"South Africa sports minister rebukes Broos over Morocco criticism\",\"datePublished\":\"2026-01-07T14:48:55+00:00\",\"mainEntityOfPage\":{\"@id\":\"https:\\\/\\\/bladnanews.com\\\/south-africa-sports-minister-rebukes-broos-over-morocco-criticism\\\/\"},\"wordCount\":178,\"publisher\":{\"@id\":\"https:\\\/\\\/mediumseagreen-eel-531711.hostingersite.com\\\/#organization\"},\"image\":{\"@id\":\"https:\\\/\\\/bladnanews.com\\\/south-africa-sports-minister-rebukes-broos-over-morocco-criticism\\\/#primaryimage\"},\"thumbnailUrl\":\"https:\\\/\\\/bladnanews.com\\\/wp-content\\\/uploads\\\/2026\\\/01\\\/B25EJAG3241.jpg.jpg\",\"articleSection\":[\"Latest News\",\"Morocco National Team\"],\"inLanguage\":\"fr-FR\",\"copyrightYear\":\"2026\",\"copyrightHolder\":{\"@id\":\"https:\\\/\\\/bladnanews.com\\\/fr\\\/#organization\"}},{\"@type\":\"WebPage\",\"@id\":\"https:\\\/\\\/bladnanews.com\\\/south-africa-sports-minister-rebukes-broos-over-morocco-criticism\\\/\",\"url\":\"https:\\\/\\\/bladnanews.com\\\/south-africa-sports-minister-rebukes-broos-over-morocco-criticism\\\/\",\"name\":\"South Africa sports minister rebukes Broos over Morocco criticism - Bladna News\",\"isPartOf\":{\"@id\":\"https:\\\/\\\/mediumseagreen-eel-531711.hostingersite.com\\\/#website\"},\"primaryImageOfPage\":{\"@id\":\"https:\\\/\\\/bladnanews.com\\\/south-africa-sports-minister-rebukes-broos-over-morocco-criticism\\\/#primaryimage\"},\"image\":{\"@id\":\"https:\\\/\\\/bladnanews.com\\\/south-africa-sports-minister-rebukes-broos-over-morocco-criticism\\\/#primaryimage\"},\"thumbnailUrl\":\"https:\\\/\\\/bladnanews.com\\\/wp-content\\\/uploads\\\/2026\\\/01\\\/B25EJAG3241.jpg.jpg\",\"datePublished\":\"2026-01-07T14:48:55+00:00\",\"breadcrumb\":{\"@id\":\"https:\\\/\\\/bladnanews.com\\\/south-africa-sports-minister-rebukes-broos-over-morocco-criticism\\\/#breadcrumb\"},\"inLanguage\":\"fr-FR\",\"potentialAction\":[{\"@type\":\"ReadAction\",\"target\":[\"https:\\\/\\\/bladnanews.com\\\/south-africa-sports-minister-rebukes-broos-over-morocco-criticism\\\/\"]}]},{\"@type\":\"ImageObject\",\"inLanguage\":\"fr-FR\",\"@id\":\"https:\\\/\\\/bladnanews.com\\\/south-africa-sports-minister-rebukes-broos-over-morocco-criticism\\\/#primaryimage\",\"url\":\"https:\\\/\\\/bladnanews.com\\\/wp-content\\\/uploads\\\/2026\\\/01\\\/B25EJAG3241.jpg.jpg\",\"contentUrl\":\"https:\\\/\\\/bladnanews.com\\\/wp-content\\\/uploads\\\/2026\\\/01\\\/B25EJAG3241.jpg.jpg\",\"width\":2560,\"height\":1440,\"caption\":\"A prominent Moroccan figure at an outdoor event, showcasing modern fashion and style.\"},{\"@type\":\"BreadcrumbList\",\"@id\":\"https:\\\/\\\/bladnanews.com\\\/south-africa-sports-minister-rebukes-broos-over-morocco-criticism\\\/#breadcrumb\",\"itemListElement\":[{\"@type\":\"ListItem\",\"position\":1,\"name\":\"Home\",\"item\":\"https:\\\/\\\/bladnanews.com\\\/\"},{\"@type\":\"ListItem\",\"position\":2,\"name\":\"South Africa sports minister rebukes Broos over Morocco criticism\"}]},{\"@type\":\"WebSite\",\"@id\":\"https:\\\/\\\/mediumseagreen-eel-531711.hostingersite.com\\\/#website\",\"url\":\"https:\\\/\\\/mediumseagreen-eel-531711.hostingersite.com\\\/\",\"name\":\"Bladna News - Morocco\",\"description\":\"Where Moroccan Football Meets the World\",\"publisher\":{\"@id\":\"https:\\\/\\\/mediumseagreen-eel-531711.hostingersite.com\\\/#organization\"},\"potentialAction\":[{\"@type\":\"SearchAction\",\"target\":{\"@type\":\"EntryPoint\",\"urlTemplate\":\"https:\\\/\\\/mediumseagreen-eel-531711.hostingersite.com\\\/?s={search_term_string}\"},\"query-input\":{\"@type\":\"PropertyValueSpecification\",\"valueRequired\":true,\"valueName\":\"search_term_string\"}}],\"inLanguage\":\"fr-FR\"},{\"@type\":\"Organization\",\"@id\":\"https:\\\/\\\/mediumseagreen-eel-531711.hostingersite.com\\\/#organization\",\"name\":\"Bladna News.com\",\"url\":\"https:\\\/\\\/mediumseagreen-eel-531711.hostingersite.com\\\/\",\"logo\":{\"@type\":\"ImageObject\",\"inLanguage\":\"fr-FR\",\"@id\":\"https:\\\/\\\/mediumseagreen-eel-531711.hostingersite.com\\\/#\\\/schema\\\/logo\\\/image\\\/\",\"url\":\"https:\\\/\\\/bladnanews.com\\\/wp-content\\\/uploads\\\/2025\\\/12\\\/logo-bladnanews-V2-web-black-red.png\",\"contentUrl\":\"https:\\\/\\\/bladnanews.com\\\/wp-content\\\/uploads\\\/2025\\\/12\\\/logo-bladnanews-V2-web-black-red.png\",\"width\":703,\"height\":287,\"caption\":\"Bladna News.com\"},\"image\":{\"@id\":\"https:\\\/\\\/mediumseagreen-eel-531711.hostingersite.com\\\/#\\\/schema\\\/logo\\\/image\\\/\"},\"email\":\"info@bladnanews.com\",\"legalName\":\"Bladna News\"},{\"@type\":\"Person\",\"@id\":\"https:\\\/\\\/mediumseagreen-eel-531711.hostingersite.com\\\/#\\\/schema\\\/person\\\/6712b38fabe810f7eb8d15ed30d90f1e\",\"name\":\"Bladna Sports Desk\",\"url\":\"https:\\\/\\\/bladnanews.com\\\/fr\\\/author\\\/bladna-sports-desk\\\/\"}]}<\/script>\n<!-- \/ Yoast SEO Premium plugin. -->","yoast_head_json":{"title":"Le ministre sud-africain des sports r\u00e9primande Broos pour ses critiques envers le Maroc - Bladna News","robots":{"index":"index","follow":"follow","max-snippet":"max-snippet:-1","max-image-preview":"max-image-preview:large","max-video-preview":"max-video-preview:-1"},"canonical":"https:\/\/bladnanews.com\/fr\/le-ministre-sud-africain-des-sports-reprimande-broos-pour-ses-critiques-envers-le-maroc\/","og_locale":"fr_FR","og_type":"article","og_title":"South Africa sports minister rebukes Broos over Morocco criticism","og_description":"South Africa\u2019s Sports Minister Gayton McKenzie has rebuked national team coach Hugo Broos after his recent comments criticising Morocco. McKenzie [&hellip;]","og_url":"https:\/\/bladnanews.com\/fr\/le-ministre-sud-africain-des-sports-reprimande-broos-pour-ses-critiques-envers-le-maroc\/","og_site_name":"Bladna News","article_published_time":"2026-01-07T14:48:55+00:00","og_image":[{"width":1312,"height":736,"url":"https:\/\/bladnanews.com\/wp-content\/uploads\/2025\/12\/freepik__bladna-newscom-moroccan-soccer-homepage-banner-mor__41838.png","type":"image\/png"}],"author":"Bladna Sports Desk","twitter_card":"summary_large_image","twitter_misc":{"\u00c9crit par":"Bladna Sports Desk","Dur\u00e9e de lecture estim\u00e9e":"1 minute"},"schema":{"@context":"https:\/\/schema.org","@graph":[{"@type":"Article","@id":"https:\/\/bladnanews.com\/south-africa-sports-minister-rebukes-broos-over-morocco-criticism\/#article","isPartOf":{"@id":"https:\/\/bladnanews.com\/south-africa-sports-minister-rebukes-broos-over-morocco-criticism\/"},"author":{"name":"Bladna Sports Desk","@id":"https:\/\/mediumseagreen-eel-531711.hostingersite.com\/#\/schema\/person\/6712b38fabe810f7eb8d15ed30d90f1e"},"headline":"South Africa sports minister rebukes Broos over Morocco criticism","datePublished":"2026-01-07T14:48:55+00:00","mainEntityOfPage":{"@id":"https:\/\/bladnanews.com\/south-africa-sports-minister-rebukes-broos-over-morocco-criticism\/"},"wordCount":178,"publisher":{"@id":"https:\/\/mediumseagreen-eel-531711.hostingersite.com\/#organization"},"image":{"@id":"https:\/\/bladnanews.com\/south-africa-sports-minister-rebukes-broos-over-morocco-criticism\/#primaryimage"},"thumbnailUrl":"https:\/\/bladnanews.com\/wp-content\/uploads\/2026\/01\/B25EJAG3241.jpg.jpg","articleSection":["Latest News","Morocco National Team"],"inLanguage":"fr-FR","copyrightYear":"2026","copyrightHolder":{"@id":"https:\/\/bladnanews.com\/fr\/#organization"}},{"@type":"WebPage","@id":"https:\/\/bladnanews.com\/south-africa-sports-minister-rebukes-broos-over-morocco-criticism\/","url":"https:\/\/bladnanews.com\/south-africa-sports-minister-rebukes-broos-over-morocco-criticism\/","name":"Le ministre sud-africain des sports r\u00e9primande Broos pour ses critiques envers le Maroc - Bladna News","isPartOf":{"@id":"https:\/\/mediumseagreen-eel-531711.hostingersite.com\/#website"},"primaryImageOfPage":{"@id":"https:\/\/bladnanews.com\/south-africa-sports-minister-rebukes-broos-over-morocco-criticism\/#primaryimage"},"image":{"@id":"https:\/\/bladnanews.com\/south-africa-sports-minister-rebukes-broos-over-morocco-criticism\/#primaryimage"},"thumbnailUrl":"https:\/\/bladnanews.com\/wp-content\/uploads\/2026\/01\/B25EJAG3241.jpg.jpg","datePublished":"2026-01-07T14:48:55+00:00","breadcrumb":{"@id":"https:\/\/bladnanews.com\/south-africa-sports-minister-rebukes-broos-over-morocco-criticism\/#breadcrumb"},"inLanguage":"fr-FR","potentialAction":[{"@type":"ReadAction","target":["https:\/\/bladnanews.com\/south-africa-sports-minister-rebukes-broos-over-morocco-criticism\/"]}]},{"@type":"ImageObject","inLanguage":"fr-FR","@id":"https:\/\/bladnanews.com\/south-africa-sports-minister-rebukes-broos-over-morocco-criticism\/#primaryimage","url":"https:\/\/bladnanews.com\/wp-content\/uploads\/2026\/01\/B25EJAG3241.jpg.jpg","contentUrl":"https:\/\/bladnanews.com\/wp-content\/uploads\/2026\/01\/B25EJAG3241.jpg.jpg","width":2560,"height":1440,"caption":"A prominent Moroccan figure at an outdoor event, showcasing modern fashion and style."},{"@type":"BreadcrumbList","@id":"https:\/\/bladnanews.com\/south-africa-sports-minister-rebukes-broos-over-morocco-criticism\/#breadcrumb","itemListElement":[{"@type":"ListItem","position":1,"name":"Home","item":"https:\/\/bladnanews.com\/"},{"@type":"ListItem","position":2,"name":"South Africa sports minister rebukes Broos over Morocco criticism"}]},{"@type":"WebSite","@id":"https:\/\/mediumseagreen-eel-531711.hostingersite.com\/#website","url":"https:\/\/mediumseagreen-eel-531711.hostingersite.com\/","name":"Bladna News - Maroc","description":"Quand le football marocain rencontre le monde","publisher":{"@id":"https:\/\/mediumseagreen-eel-531711.hostingersite.com\/#organization"},"potentialAction":[{"@type":"SearchAction","target":{"@type":"EntryPoint","urlTemplate":"https:\/\/mediumseagreen-eel-531711.hostingersite.com\/?s={search_term_string}"},"query-input":{"@type":"PropertyValueSpecification","valueRequired":true,"valueName":"search_term_string"}}],"inLanguage":"fr-FR"},{"@type":"Organization","@id":"https:\/\/mediumseagreen-eel-531711.hostingersite.com\/#organization","name":"Bladna News.com","url":"https:\/\/mediumseagreen-eel-531711.hostingersite.com\/","logo":{"@type":"ImageObject","inLanguage":"fr-FR","@id":"https:\/\/mediumseagreen-eel-531711.hostingersite.com\/#\/schema\/logo\/image\/","url":"https:\/\/bladnanews.com\/wp-content\/uploads\/2025\/12\/logo-bladnanews-V2-web-black-red.png","contentUrl":"https:\/\/bladnanews.com\/wp-content\/uploads\/2025\/12\/logo-bladnanews-V2-web-black-red.png","width":703,"height":287,"caption":"Bladna News.com"},"image":{"@id":"https:\/\/mediumseagreen-eel-531711.hostingersite.com\/#\/schema\/logo\/image\/"},"email":"info@bladnanews.com","legalName":"Bladna News"},{"@type":"Person","@id":"https:\/\/mediumseagreen-eel-531711.hostingersite.com\/#\/schema\/person\/6712b38fabe810f7eb8d15ed30d90f1e","name":"Bladna Sports Desk","url":"https:\/\/bladnanews.com\/fr\/author\/bladna-sports-desk\/"}]}},"_links":{"self":[{"href":"https:\/\/bladnanews.com\/fr\/wp-json\/wp\/v2\/posts\/5015","targetHints":{"allow":["GET"]}}],"collection":[{"href":"https:\/\/bladnanews.com\/fr\/wp-json\/wp\/v2\/posts"}],"about":[{"href":"https:\/\/bladnanews.com\/fr\/wp-json\/wp\/v2\/types\/post"}],"author":[{"embeddable":true,"href":"https:\/\/bladnanews.com\/fr\/wp-json\/wp\/v2\/users\/4"}],"replies":[{"embeddable":true,"href":"https:\/\/bladnanews.com\/fr\/wp-json\/wp\/v2\/comments?post=5015"}],"version-history":[{"count":0,"href":"https:\/\/bladnanews.com\/fr\/wp-json\/wp\/v2\/posts\/5015\/revisions"}],"wp:featuredmedia":[{"embeddable":true,"href":"https:\/\/bladnanews.com\/fr\/wp-json\/wp\/v2\/media\/5011"}],"wp:attachment":[{"href":"https:\/\/bladnanews.com\/fr\/wp-json\/wp\/v2\/media?parent=5015"}],"wp:term":[{"taxonomy":"category","embeddable":true,"href":"https:\/\/bladnanews.com\/fr\/wp-json\/wp\/v2\/categories?post=5015"},{"taxonomy":"post_tag","embeddable":true,"href":"https:\/\/bladnanews.com\/fr\/wp-json\/wp\/v2\/tags?post=5015"}],"curies":[{"name":"wp","href":"https:\/\/api.w.org\/{rel}","templated":true}]}}