{"id":5065,"date":"2026-01-07T16:02:08","date_gmt":"2026-01-07T16:02:08","guid":{"rendered":"https:\/\/bladnanews.com\/lamine-yamal-named-most-valuable-as-dembele-left-out\/"},"modified":"2026-01-07T16:02:08","modified_gmt":"2026-01-07T16:02:08","slug":"lamine-yamal-nomme-le-plus-precieux-alors-que-dembele-est-laisse-de-cote","status":"publish","type":"post","link":"https:\/\/bladnanews.com\/fr\/lamine-yamal-nomme-le-plus-precieux-alors-que-dembele-est-laisse-de-cote\/","title":{"rendered":"Lamine Yamal nomm\u00e9 le plus pr\u00e9cieux alors que Dembele est laiss\u00e9 de c\u00f4t\u00e9"},"content":{"rendered":"<p><strong>Lamine Yamal<\/strong> a \u00e9t\u00e9 nomm\u00e9 le joueur le plus pr\u00e9cieux du monde dans le dernier <strong>Observatoire du football CIES<\/strong> classement, avec la star de Barcelone en t\u00eate de la liste de l'organisation <strong>des 100 meilleurs de 2026<\/strong> classements.<\/p>\n<p>Yamal a pris la t\u00eate du tableau d'\u00e9valuation du CIES apr\u00e8s une autre saison remarquable, soulignant sa mont\u00e9e rapide au niveau du club et international. L'ailier adolescent est devenu l'un des jeunes joueurs les plus influents du jeu, et sa position au No.1 refl\u00e8te la croyance croissante qu'il fait d\u00e9j\u00e0 partie des actifs d'\u00e9lite du football.<\/p>\n<p>Cependant, la liste a \u00e9galement produit un point de discussion majeur avec <strong>le vainqueur du Ballon d'Or Ousmane Demb\u00e9l\u00e9<\/strong> <strong>compl\u00e8tement absent<\/strong> du top 100. Malgr\u00e9 sa reconnaissance individuelle, Demb\u00e9l\u00e9 n'appara\u00eet nulle part dans les classements du CIES, une omission surprenante compte tenu de son profil et de son succ\u00e8s r\u00e9cent.<\/p>\n<p>Le CIES Football Observatory utilise ses propres m\u00e9triques pour estimer les valeurs des joueurs \u00e0 travers le football mondial, et son dernier top 100 met \u00e0 nouveau en \u00e9vidence comment l'\u00e2ge, la situation contractuelle et la performance peuvent fa\u00e7onner la valeur marchande per\u00e7ue. Dans cette \u00e9dition, Yamal est en t\u00eate, tandis que l'absence de Demb\u00e9l\u00e9 se distingue comme l'un des r\u00e9sultats les plus inattendus de toute la liste.<\/p>","protected":false},"excerpt":{"rendered":"<p>Lamine Yamal has been named the world\u2019s most valuable player in the latest CIES Football Observatory list, with the Barcelona [&hellip;]<\/p>\n","protected":false},"author":3,"featured_media":5064,"comment_status":"","ping_status":"open","sticky":false,"template":"","format":"standard","meta":{"googlesitekit_rrm_CAow_uzEDA:productID":"","site-sidebar-layout":"default","site-content-layout":"","ast-site-content-layout":"default","site-content-style":"default","site-sidebar-style":"default","ast-global-header-display":"","ast-banner-title-visibility":"","ast-main-header-display":"","ast-hfb-above-header-display":"","ast-hfb-below-header-display":"","ast-hfb-mobile-header-display":"","site-post-title":"","ast-breadcrumbs-content":"","ast-featured-img":"","footer-sml-layout":"","ast-disable-related-posts":"","theme-transparent-header-meta":"","adv-header-id-meta":"","stick-header-meta":"","header-above-stick-meta":"","header-main-stick-meta":"","header-below-stick-meta":"","astra-migrate-meta-layouts":"default","ast-page-background-enabled":"default","ast-page-background-meta":{"desktop":{"background-color":"var(--ast-global-color-5)","background-image":"","background-repeat":"repeat","background-position":"center center","background-size":"auto","background-attachment":"scroll","background-type":"","background-media":"","overlay-type":"","overlay-color":"","overlay-opacity":"","overlay-gradient":""},"tablet":{"background-color":"","background-image":"","background-repeat":"repeat","background-position":"center center","background-size":"auto","background-attachment":"scroll","background-type":"","background-media":"","overlay-type":"","overlay-color":"","overlay-opacity":"","overlay-gradient":""},"mobile":{"background-color":"","background-image":"","background-repeat":"repeat","background-position":"center center","background-size":"auto","background-attachment":"scroll","background-type":"","background-media":"","overlay-type":"","overlay-color":"","overlay-opacity":"","overlay-gradient":""}},"ast-content-background-meta":{"desktop":{"background-color":"var(--ast-global-color-4)","background-image":"","background-repeat":"repeat","background-position":"center center","background-size":"auto","background-attachment":"scroll","background-type":"","background-media":"","overlay-type":"","overlay-color":"","overlay-opacity":"","overlay-gradient":""},"tablet":{"background-color":"var(--ast-global-color-4)","background-image":"","background-repeat":"repeat","background-position":"center center","background-size":"auto","background-attachment":"scroll","background-type":"","background-media":"","overlay-type":"","overlay-color":"","overlay-opacity":"","overlay-gradient":""},"mobile":{"background-color":"var(--ast-global-color-4)","background-image":"","background-repeat":"repeat","background-position":"center center","background-size":"auto","background-attachment":"scroll","background-type":"","background-media":"","overlay-type":"","overlay-color":"","overlay-opacity":"","overlay-gradient":""}},"footnotes":""},"categories":[20,1],"tags":[],"class_list":["post-5065","post","type-post","status-publish","format-standard","has-post-thumbnail","hentry","category-international","category-football-latest-news"],"yoast_head":"<!-- This site is optimized with the Yoast SEO Premium plugin v26.6 (Yoast SEO v27.5) - https:\/\/yoast.com\/product\/yoast-seo-premium-wordpress\/ -->\n<title>Lamine Yamal named most valuable as Dembele left out - Bladna News<\/title>\n<meta name=\"robots\" content=\"index, follow, max-snippet:-1, max-image-preview:large, max-video-preview:-1\" \/>\n<link rel=\"canonical\" href=\"https:\/\/bladnanews.com\/fr\/lamine-yamal-nomme-le-plus-precieux-alors-que-dembele-est-laisse-de-cote\/\" \/>\n<meta property=\"og:locale\" content=\"fr_FR\" \/>\n<meta property=\"og:type\" content=\"article\" \/>\n<meta property=\"og:title\" content=\"Lamine Yamal named most valuable as Dembele left out\" \/>\n<meta property=\"og:description\" content=\"Lamine Yamal has been named the world\u2019s most valuable player in the latest CIES Football Observatory list, with the Barcelona [&hellip;]\" \/>\n<meta property=\"og:url\" content=\"https:\/\/bladnanews.com\/fr\/lamine-yamal-nomme-le-plus-precieux-alors-que-dembele-est-laisse-de-cote\/\" \/>\n<meta property=\"og:site_name\" content=\"Bladna News\" \/>\n<meta property=\"article:published_time\" content=\"2026-01-07T16:02:08+00:00\" \/>\n<meta property=\"og:image\" content=\"https:\/\/bladnanews.com\/wp-content\/uploads\/2025\/12\/freepik__bladna-newscom-moroccan-soccer-homepage-banner-mor__41838.png\" \/>\n\t<meta property=\"og:image:width\" content=\"1312\" \/>\n\t<meta property=\"og:image:height\" content=\"736\" \/>\n\t<meta property=\"og:image:type\" content=\"image\/png\" \/>\n<meta name=\"author\" content=\"Bladna News Staff\" \/>\n<meta name=\"twitter:card\" content=\"summary_large_image\" \/>\n<meta name=\"twitter:label1\" content=\"\u00c9crit par\" \/>\n\t<meta name=\"twitter:data1\" content=\"Bladna News Staff\" \/>\n\t<meta name=\"twitter:label2\" content=\"Dur\u00e9e de lecture estim\u00e9e\" \/>\n\t<meta name=\"twitter:data2\" content=\"1 minute\" \/>\n<script type=\"application\/ld+json\" class=\"yoast-schema-graph\">{\"@context\":\"https:\\\/\\\/schema.org\",\"@graph\":[{\"@type\":\"Article\",\"@id\":\"https:\\\/\\\/bladnanews.com\\\/lamine-yamal-named-most-valuable-as-dembele-left-out\\\/#article\",\"isPartOf\":{\"@id\":\"https:\\\/\\\/bladnanews.com\\\/lamine-yamal-named-most-valuable-as-dembele-left-out\\\/\"},\"author\":{\"name\":\"Bladna News Staff\",\"@id\":\"https:\\\/\\\/mediumseagreen-eel-531711.hostingersite.com\\\/#\\\/schema\\\/person\\\/268e18a453ab080ebf76df6ef7845083\"},\"headline\":\"Lamine Yamal named most valuable as Dembele left out\",\"datePublished\":\"2026-01-07T16:02:08+00:00\",\"mainEntityOfPage\":{\"@id\":\"https:\\\/\\\/bladnanews.com\\\/lamine-yamal-named-most-valuable-as-dembele-left-out\\\/\"},\"wordCount\":195,\"publisher\":{\"@id\":\"https:\\\/\\\/mediumseagreen-eel-531711.hostingersite.com\\\/#organization\"},\"image\":{\"@id\":\"https:\\\/\\\/bladnanews.com\\\/lamine-yamal-named-most-valuable-as-dembele-left-out\\\/#primaryimage\"},\"thumbnailUrl\":\"https:\\\/\\\/bladnanews.com\\\/wp-content\\\/uploads\\\/2026\\\/01\\\/BladnaNews-Lamine-Yamal-named-most-valuable-as-Dembele-left-out-2026-01-08T010932.175Z.jpg\",\"articleSection\":[\"International\",\"Latest News\"],\"inLanguage\":\"fr-FR\",\"copyrightYear\":\"2026\",\"copyrightHolder\":{\"@id\":\"https:\\\/\\\/bladnanews.com\\\/fr\\\/#organization\"}},{\"@type\":\"WebPage\",\"@id\":\"https:\\\/\\\/bladnanews.com\\\/lamine-yamal-named-most-valuable-as-dembele-left-out\\\/\",\"url\":\"https:\\\/\\\/bladnanews.com\\\/lamine-yamal-named-most-valuable-as-dembele-left-out\\\/\",\"name\":\"Lamine Yamal named most valuable as Dembele left out - Bladna News\",\"isPartOf\":{\"@id\":\"https:\\\/\\\/mediumseagreen-eel-531711.hostingersite.com\\\/#website\"},\"primaryImageOfPage\":{\"@id\":\"https:\\\/\\\/bladnanews.com\\\/lamine-yamal-named-most-valuable-as-dembele-left-out\\\/#primaryimage\"},\"image\":{\"@id\":\"https:\\\/\\\/bladnanews.com\\\/lamine-yamal-named-most-valuable-as-dembele-left-out\\\/#primaryimage\"},\"thumbnailUrl\":\"https:\\\/\\\/bladnanews.com\\\/wp-content\\\/uploads\\\/2026\\\/01\\\/BladnaNews-Lamine-Yamal-named-most-valuable-as-Dembele-left-out-2026-01-08T010932.175Z.jpg\",\"datePublished\":\"2026-01-07T16:02:08+00:00\",\"breadcrumb\":{\"@id\":\"https:\\\/\\\/bladnanews.com\\\/lamine-yamal-named-most-valuable-as-dembele-left-out\\\/#breadcrumb\"},\"inLanguage\":\"fr-FR\",\"potentialAction\":[{\"@type\":\"ReadAction\",\"target\":[\"https:\\\/\\\/bladnanews.com\\\/lamine-yamal-named-most-valuable-as-dembele-left-out\\\/\"]}]},{\"@type\":\"ImageObject\",\"inLanguage\":\"fr-FR\",\"@id\":\"https:\\\/\\\/bladnanews.com\\\/lamine-yamal-named-most-valuable-as-dembele-left-out\\\/#primaryimage\",\"url\":\"https:\\\/\\\/bladnanews.com\\\/wp-content\\\/uploads\\\/2026\\\/01\\\/BladnaNews-Lamine-Yamal-named-most-valuable-as-Dembele-left-out-2026-01-08T010932.175Z.jpg\",\"contentUrl\":\"https:\\\/\\\/bladnanews.com\\\/wp-content\\\/uploads\\\/2026\\\/01\\\/BladnaNews-Lamine-Yamal-named-most-valuable-as-Dembele-left-out-2026-01-08T010932.175Z.jpg\",\"width\":1600,\"height\":900,\"caption\":\"Lamine Yamal in FC Barcelona's blue and burgundy kit, alongside Ousmane Demb\u00e9l\u00e9 in Paris Saint-Germain's dark blue jersey, both showcasing their club colours.\"},{\"@type\":\"BreadcrumbList\",\"@id\":\"https:\\\/\\\/bladnanews.com\\\/lamine-yamal-named-most-valuable-as-dembele-left-out\\\/#breadcrumb\",\"itemListElement\":[{\"@type\":\"ListItem\",\"position\":1,\"name\":\"Home\",\"item\":\"https:\\\/\\\/bladnanews.com\\\/\"},{\"@type\":\"ListItem\",\"position\":2,\"name\":\"Lamine Yamal named most valuable as Dembele left out\"}]},{\"@type\":\"WebSite\",\"@id\":\"https:\\\/\\\/mediumseagreen-eel-531711.hostingersite.com\\\/#website\",\"url\":\"https:\\\/\\\/mediumseagreen-eel-531711.hostingersite.com\\\/\",\"name\":\"Bladna News - Morocco\",\"description\":\"Where Moroccan Football Meets the World\",\"publisher\":{\"@id\":\"https:\\\/\\\/mediumseagreen-eel-531711.hostingersite.com\\\/#organization\"},\"potentialAction\":[{\"@type\":\"SearchAction\",\"target\":{\"@type\":\"EntryPoint\",\"urlTemplate\":\"https:\\\/\\\/mediumseagreen-eel-531711.hostingersite.com\\\/?s={search_term_string}\"},\"query-input\":{\"@type\":\"PropertyValueSpecification\",\"valueRequired\":true,\"valueName\":\"search_term_string\"}}],\"inLanguage\":\"fr-FR\"},{\"@type\":\"Organization\",\"@id\":\"https:\\\/\\\/mediumseagreen-eel-531711.hostingersite.com\\\/#organization\",\"name\":\"Bladna News.com\",\"url\":\"https:\\\/\\\/mediumseagreen-eel-531711.hostingersite.com\\\/\",\"logo\":{\"@type\":\"ImageObject\",\"inLanguage\":\"fr-FR\",\"@id\":\"https:\\\/\\\/mediumseagreen-eel-531711.hostingersite.com\\\/#\\\/schema\\\/logo\\\/image\\\/\",\"url\":\"https:\\\/\\\/bladnanews.com\\\/wp-content\\\/uploads\\\/2025\\\/12\\\/logo-bladnanews-V2-web-black-red.png\",\"contentUrl\":\"https:\\\/\\\/bladnanews.com\\\/wp-content\\\/uploads\\\/2025\\\/12\\\/logo-bladnanews-V2-web-black-red.png\",\"width\":703,\"height\":287,\"caption\":\"Bladna News.com\"},\"image\":{\"@id\":\"https:\\\/\\\/mediumseagreen-eel-531711.hostingersite.com\\\/#\\\/schema\\\/logo\\\/image\\\/\"},\"email\":\"info@bladnanews.com\",\"legalName\":\"Bladna News\"},{\"@type\":\"Person\",\"@id\":\"https:\\\/\\\/mediumseagreen-eel-531711.hostingersite.com\\\/#\\\/schema\\\/person\\\/268e18a453ab080ebf76df6ef7845083\",\"name\":\"Bladna News Staff\",\"url\":\"https:\\\/\\\/bladnanews.com\\\/fr\\\/author\\\/bladna-news-staff\\\/\"}]}<\/script>\n<!-- \/ Yoast SEO Premium plugin. -->","yoast_head_json":{"title":"Lamine Yamal nomm\u00e9 le plus pr\u00e9cieux alors que Dembele est laiss\u00e9 de c\u00f4t\u00e9 - Bladna News","robots":{"index":"index","follow":"follow","max-snippet":"max-snippet:-1","max-image-preview":"max-image-preview:large","max-video-preview":"max-video-preview:-1"},"canonical":"https:\/\/bladnanews.com\/fr\/lamine-yamal-nomme-le-plus-precieux-alors-que-dembele-est-laisse-de-cote\/","og_locale":"fr_FR","og_type":"article","og_title":"Lamine Yamal named most valuable as Dembele left out","og_description":"Lamine Yamal has been named the world\u2019s most valuable player in the latest CIES Football Observatory list, with the Barcelona [&hellip;]","og_url":"https:\/\/bladnanews.com\/fr\/lamine-yamal-nomme-le-plus-precieux-alors-que-dembele-est-laisse-de-cote\/","og_site_name":"Bladna News","article_published_time":"2026-01-07T16:02:08+00:00","og_image":[{"width":1312,"height":736,"url":"https:\/\/bladnanews.com\/wp-content\/uploads\/2025\/12\/freepik__bladna-newscom-moroccan-soccer-homepage-banner-mor__41838.png","type":"image\/png"}],"author":"Bladna News Staff","twitter_card":"summary_large_image","twitter_misc":{"\u00c9crit par":"Bladna News Staff","Dur\u00e9e de lecture estim\u00e9e":"1 minute"},"schema":{"@context":"https:\/\/schema.org","@graph":[{"@type":"Article","@id":"https:\/\/bladnanews.com\/lamine-yamal-named-most-valuable-as-dembele-left-out\/#article","isPartOf":{"@id":"https:\/\/bladnanews.com\/lamine-yamal-named-most-valuable-as-dembele-left-out\/"},"author":{"name":"Bladna News Staff","@id":"https:\/\/mediumseagreen-eel-531711.hostingersite.com\/#\/schema\/person\/268e18a453ab080ebf76df6ef7845083"},"headline":"Lamine Yamal named most valuable as Dembele left out","datePublished":"2026-01-07T16:02:08+00:00","mainEntityOfPage":{"@id":"https:\/\/bladnanews.com\/lamine-yamal-named-most-valuable-as-dembele-left-out\/"},"wordCount":195,"publisher":{"@id":"https:\/\/mediumseagreen-eel-531711.hostingersite.com\/#organization"},"image":{"@id":"https:\/\/bladnanews.com\/lamine-yamal-named-most-valuable-as-dembele-left-out\/#primaryimage"},"thumbnailUrl":"https:\/\/bladnanews.com\/wp-content\/uploads\/2026\/01\/BladnaNews-Lamine-Yamal-named-most-valuable-as-Dembele-left-out-2026-01-08T010932.175Z.jpg","articleSection":["International","Latest News"],"inLanguage":"fr-FR","copyrightYear":"2026","copyrightHolder":{"@id":"https:\/\/bladnanews.com\/fr\/#organization"}},{"@type":"WebPage","@id":"https:\/\/bladnanews.com\/lamine-yamal-named-most-valuable-as-dembele-left-out\/","url":"https:\/\/bladnanews.com\/lamine-yamal-named-most-valuable-as-dembele-left-out\/","name":"Lamine Yamal nomm\u00e9 le plus pr\u00e9cieux alors que Dembele est laiss\u00e9 de c\u00f4t\u00e9 - Bladna News","isPartOf":{"@id":"https:\/\/mediumseagreen-eel-531711.hostingersite.com\/#website"},"primaryImageOfPage":{"@id":"https:\/\/bladnanews.com\/lamine-yamal-named-most-valuable-as-dembele-left-out\/#primaryimage"},"image":{"@id":"https:\/\/bladnanews.com\/lamine-yamal-named-most-valuable-as-dembele-left-out\/#primaryimage"},"thumbnailUrl":"https:\/\/bladnanews.com\/wp-content\/uploads\/2026\/01\/BladnaNews-Lamine-Yamal-named-most-valuable-as-Dembele-left-out-2026-01-08T010932.175Z.jpg","datePublished":"2026-01-07T16:02:08+00:00","breadcrumb":{"@id":"https:\/\/bladnanews.com\/lamine-yamal-named-most-valuable-as-dembele-left-out\/#breadcrumb"},"inLanguage":"fr-FR","potentialAction":[{"@type":"ReadAction","target":["https:\/\/bladnanews.com\/lamine-yamal-named-most-valuable-as-dembele-left-out\/"]}]},{"@type":"ImageObject","inLanguage":"fr-FR","@id":"https:\/\/bladnanews.com\/lamine-yamal-named-most-valuable-as-dembele-left-out\/#primaryimage","url":"https:\/\/bladnanews.com\/wp-content\/uploads\/2026\/01\/BladnaNews-Lamine-Yamal-named-most-valuable-as-Dembele-left-out-2026-01-08T010932.175Z.jpg","contentUrl":"https:\/\/bladnanews.com\/wp-content\/uploads\/2026\/01\/BladnaNews-Lamine-Yamal-named-most-valuable-as-Dembele-left-out-2026-01-08T010932.175Z.jpg","width":1600,"height":900,"caption":"Lamine Yamal in FC Barcelona's blue and burgundy kit, alongside Ousmane Demb\u00e9l\u00e9 in Paris Saint-Germain's dark blue jersey, both showcasing their club colours."},{"@type":"BreadcrumbList","@id":"https:\/\/bladnanews.com\/lamine-yamal-named-most-valuable-as-dembele-left-out\/#breadcrumb","itemListElement":[{"@type":"ListItem","position":1,"name":"Home","item":"https:\/\/bladnanews.com\/"},{"@type":"ListItem","position":2,"name":"Lamine Yamal named most valuable as Dembele left out"}]},{"@type":"WebSite","@id":"https:\/\/mediumseagreen-eel-531711.hostingersite.com\/#website","url":"https:\/\/mediumseagreen-eel-531711.hostingersite.com\/","name":"Bladna News - Maroc","description":"Quand le football marocain rencontre le monde","publisher":{"@id":"https:\/\/mediumseagreen-eel-531711.hostingersite.com\/#organization"},"potentialAction":[{"@type":"SearchAction","target":{"@type":"EntryPoint","urlTemplate":"https:\/\/mediumseagreen-eel-531711.hostingersite.com\/?s={search_term_string}"},"query-input":{"@type":"PropertyValueSpecification","valueRequired":true,"valueName":"search_term_string"}}],"inLanguage":"fr-FR"},{"@type":"Organization","@id":"https:\/\/mediumseagreen-eel-531711.hostingersite.com\/#organization","name":"Bladna News.com","url":"https:\/\/mediumseagreen-eel-531711.hostingersite.com\/","logo":{"@type":"ImageObject","inLanguage":"fr-FR","@id":"https:\/\/mediumseagreen-eel-531711.hostingersite.com\/#\/schema\/logo\/image\/","url":"https:\/\/bladnanews.com\/wp-content\/uploads\/2025\/12\/logo-bladnanews-V2-web-black-red.png","contentUrl":"https:\/\/bladnanews.com\/wp-content\/uploads\/2025\/12\/logo-bladnanews-V2-web-black-red.png","width":703,"height":287,"caption":"Bladna News.com"},"image":{"@id":"https:\/\/mediumseagreen-eel-531711.hostingersite.com\/#\/schema\/logo\/image\/"},"email":"info@bladnanews.com","legalName":"Bladna News"},{"@type":"Person","@id":"https:\/\/mediumseagreen-eel-531711.hostingersite.com\/#\/schema\/person\/268e18a453ab080ebf76df6ef7845083","name":"\u00c9quipe r\u00e9dactionnelle de Bladna News","url":"https:\/\/bladnanews.com\/fr\/author\/bladna-news-staff\/"}]}},"_links":{"self":[{"href":"https:\/\/bladnanews.com\/fr\/wp-json\/wp\/v2\/posts\/5065","targetHints":{"allow":["GET"]}}],"collection":[{"href":"https:\/\/bladnanews.com\/fr\/wp-json\/wp\/v2\/posts"}],"about":[{"href":"https:\/\/bladnanews.com\/fr\/wp-json\/wp\/v2\/types\/post"}],"author":[{"embeddable":true,"href":"https:\/\/bladnanews.com\/fr\/wp-json\/wp\/v2\/users\/3"}],"replies":[{"embeddable":true,"href":"https:\/\/bladnanews.com\/fr\/wp-json\/wp\/v2\/comments?post=5065"}],"version-history":[{"count":0,"href":"https:\/\/bladnanews.com\/fr\/wp-json\/wp\/v2\/posts\/5065\/revisions"}],"wp:featuredmedia":[{"embeddable":true,"href":"https:\/\/bladnanews.com\/fr\/wp-json\/wp\/v2\/media\/5064"}],"wp:attachment":[{"href":"https:\/\/bladnanews.com\/fr\/wp-json\/wp\/v2\/media?parent=5065"}],"wp:term":[{"taxonomy":"category","embeddable":true,"href":"https:\/\/bladnanews.com\/fr\/wp-json\/wp\/v2\/categories?post=5065"},{"taxonomy":"post_tag","embeddable":true,"href":"https:\/\/bladnanews.com\/fr\/wp-json\/wp\/v2\/tags?post=5065"}],"curies":[{"name":"wp","href":"https:\/\/api.w.org\/{rel}","templated":true}]}}