{"id":5067,"date":"2026-01-07T16:37:52","date_gmt":"2026-01-07T16:37:52","guid":{"rendered":"https:\/\/bladnanews.com\/inter-miami-close-to-permanent-deal-for-tadeo-allende\/"},"modified":"2026-01-07T16:37:52","modified_gmt":"2026-01-07T16:37:52","slug":"linter-miami-proche-dun-accord-permanent-pour-tadeo-allende","status":"publish","type":"post","link":"https:\/\/bladnanews.com\/fr\/linter-miami-proche-dun-accord-permanent-pour-tadeo-allende\/","title":{"rendered":"Inter Miami proche d'un accord permanent pour Tadeo Allende"},"content":{"rendered":"<p>Selon les rapports, l'Inter Miami serait proche de transformer le pr\u00eat de Tadeo Allende en transfert d\u00e9finitif apr\u00e8s son excellent d\u00e9part en MLS.<\/p>\n<p>L'ailier argentin a rejoint Miami en pr\u00eat du Celta Vigo et est rapidement devenu un \u00e9l\u00e9ment important de l'effectif de Gerardo \u201cTata\u201d Martino lors d'une s\u00e9rie de performances qui ont fait entrer le club dans l'histoire.<\/p>\n<p>D'apr\u00e8s les informations, l'Inter Miami avancerait d\u00e9sormais dans les n\u00e9gociations pour s'attacher les services d'Allende par un transfert permanent, le club \u00e9tant de plus en plus satisfait de ses contributions depuis son arriv\u00e9e.<\/p>\n<p>Les performances d'Allende ont offert une option offensive suppl\u00e9mentaire \u00e0 Miami dans sa qu\u00eate de titres, le joueur de 25 ans ayant marqu\u00e9 les esprits aux c\u00f4t\u00e9s des stars de l'\u00e9quipe dans une ligne d'attaque constamment productive.<\/p>\n<p>Cette \u00e9volution serait un signe suppl\u00e9mentaire de la volont\u00e9 de Miami de renforcer son effectif avec des joueurs capables de contribuer imm\u00e9diatement, et pas seulement par des contrats \u00e0 court terme, alors que le club cherche \u00e0 capitaliser sur son dynamisme.<\/p>\n<p>L'avenir d'Allende \u00e9tait incertain \u00e0 son arriv\u00e9e en pr\u00eat, mais les derni\u00e8res informations sugg\u00e8rent qu'un transfert permanent est d\u00e9sormais proche, suite \u00e0 son r\u00f4le dans le parcours historique de Miami en d\u00e9but de saison de MLS.<\/p>","protected":false},"excerpt":{"rendered":"<p>Inter Miami are reportedly close to turning Tadeo Allende\u2019s loan move into a permanent deal after his strong start to [&hellip;]<\/p>\n","protected":false},"author":3,"featured_media":5066,"comment_status":"","ping_status":"open","sticky":false,"template":"","format":"standard","meta":{"googlesitekit_rrm_CAow_uzEDA:productID":"","site-sidebar-layout":"default","site-content-layout":"","ast-site-content-layout":"default","site-content-style":"default","site-sidebar-style":"default","ast-global-header-display":"","ast-banner-title-visibility":"","ast-main-header-display":"","ast-hfb-above-header-display":"","ast-hfb-below-header-display":"","ast-hfb-mobile-header-display":"","site-post-title":"","ast-breadcrumbs-content":"","ast-featured-img":"","footer-sml-layout":"","ast-disable-related-posts":"","theme-transparent-header-meta":"","adv-header-id-meta":"","stick-header-meta":"","header-above-stick-meta":"","header-main-stick-meta":"","header-below-stick-meta":"","astra-migrate-meta-layouts":"default","ast-page-background-enabled":"default","ast-page-background-meta":{"desktop":{"background-color":"var(--ast-global-color-5)","background-image":"","background-repeat":"repeat","background-position":"center center","background-size":"auto","background-attachment":"scroll","background-type":"","background-media":"","overlay-type":"","overlay-color":"","overlay-opacity":"","overlay-gradient":""},"tablet":{"background-color":"","background-image":"","background-repeat":"repeat","background-position":"center center","background-size":"auto","background-attachment":"scroll","background-type":"","background-media":"","overlay-type":"","overlay-color":"","overlay-opacity":"","overlay-gradient":""},"mobile":{"background-color":"","background-image":"","background-repeat":"repeat","background-position":"center center","background-size":"auto","background-attachment":"scroll","background-type":"","background-media":"","overlay-type":"","overlay-color":"","overlay-opacity":"","overlay-gradient":""}},"ast-content-background-meta":{"desktop":{"background-color":"var(--ast-global-color-4)","background-image":"","background-repeat":"repeat","background-position":"center center","background-size":"auto","background-attachment":"scroll","background-type":"","background-media":"","overlay-type":"","overlay-color":"","overlay-opacity":"","overlay-gradient":""},"tablet":{"background-color":"var(--ast-global-color-4)","background-image":"","background-repeat":"repeat","background-position":"center center","background-size":"auto","background-attachment":"scroll","background-type":"","background-media":"","overlay-type":"","overlay-color":"","overlay-opacity":"","overlay-gradient":""},"mobile":{"background-color":"var(--ast-global-color-4)","background-image":"","background-repeat":"repeat","background-position":"center center","background-size":"auto","background-attachment":"scroll","background-type":"","background-media":"","overlay-type":"","overlay-color":"","overlay-opacity":"","overlay-gradient":""}},"footnotes":""},"categories":[20,1],"tags":[],"class_list":["post-5067","post","type-post","status-publish","format-standard","has-post-thumbnail","hentry","category-international","category-football-latest-news"],"yoast_head":"<!-- This site is optimized with the Yoast SEO Premium plugin v26.6 (Yoast SEO v27.5) - https:\/\/yoast.com\/product\/yoast-seo-premium-wordpress\/ -->\n<title>Inter Miami close to permanent deal for Tadeo Allende - Bladna News<\/title>\n<meta name=\"robots\" content=\"index, follow, max-snippet:-1, max-image-preview:large, max-video-preview:-1\" \/>\n<link rel=\"canonical\" href=\"https:\/\/bladnanews.com\/fr\/linter-miami-proche-dun-accord-permanent-pour-tadeo-allende\/\" \/>\n<meta property=\"og:locale\" content=\"fr_FR\" \/>\n<meta property=\"og:type\" content=\"article\" \/>\n<meta property=\"og:title\" content=\"Inter Miami close to permanent deal for Tadeo Allende\" \/>\n<meta property=\"og:description\" content=\"Inter Miami are reportedly close to turning Tadeo Allende\u2019s loan move into a permanent deal after his strong start to [&hellip;]\" \/>\n<meta property=\"og:url\" content=\"https:\/\/bladnanews.com\/fr\/linter-miami-proche-dun-accord-permanent-pour-tadeo-allende\/\" \/>\n<meta property=\"og:site_name\" content=\"Bladna News\" \/>\n<meta property=\"article:published_time\" content=\"2026-01-07T16:37:52+00:00\" \/>\n<meta property=\"og:image\" content=\"https:\/\/bladnanews.com\/wp-content\/uploads\/2025\/12\/freepik__bladna-newscom-moroccan-soccer-homepage-banner-mor__41838.png\" \/>\n\t<meta property=\"og:image:width\" content=\"1312\" \/>\n\t<meta property=\"og:image:height\" content=\"736\" \/>\n\t<meta property=\"og:image:type\" content=\"image\/png\" \/>\n<meta name=\"author\" content=\"Bladna News Staff\" \/>\n<meta name=\"twitter:card\" content=\"summary_large_image\" \/>\n<meta name=\"twitter:label1\" content=\"\u00c9crit par\" \/>\n\t<meta name=\"twitter:data1\" content=\"Bladna News Staff\" \/>\n\t<meta name=\"twitter:label2\" content=\"Dur\u00e9e de lecture estim\u00e9e\" \/>\n\t<meta name=\"twitter:data2\" content=\"1 minute\" \/>\n<script type=\"application\/ld+json\" class=\"yoast-schema-graph\">{\"@context\":\"https:\\\/\\\/schema.org\",\"@graph\":[{\"@type\":\"Article\",\"@id\":\"https:\\\/\\\/bladnanews.com\\\/inter-miami-close-to-permanent-deal-for-tadeo-allende\\\/#article\",\"isPartOf\":{\"@id\":\"https:\\\/\\\/bladnanews.com\\\/inter-miami-close-to-permanent-deal-for-tadeo-allende\\\/\"},\"author\":{\"name\":\"Bladna News Staff\",\"@id\":\"https:\\\/\\\/mediumseagreen-eel-531711.hostingersite.com\\\/#\\\/schema\\\/person\\\/268e18a453ab080ebf76df6ef7845083\"},\"headline\":\"Inter Miami close to permanent deal for Tadeo Allende\",\"datePublished\":\"2026-01-07T16:37:52+00:00\",\"mainEntityOfPage\":{\"@id\":\"https:\\\/\\\/bladnanews.com\\\/inter-miami-close-to-permanent-deal-for-tadeo-allende\\\/\"},\"wordCount\":200,\"publisher\":{\"@id\":\"https:\\\/\\\/mediumseagreen-eel-531711.hostingersite.com\\\/#organization\"},\"image\":{\"@id\":\"https:\\\/\\\/bladnanews.com\\\/inter-miami-close-to-permanent-deal-for-tadeo-allende\\\/#primaryimage\"},\"thumbnailUrl\":\"https:\\\/\\\/bladnanews.com\\\/wp-content\\\/uploads\\\/2026\\\/01\\\/BladnaNews-Inter-Miami-close-to-permanent-deal-for-Tadeo-Allende-2026-01-08T010945.322Z.jpg\",\"articleSection\":[\"International\",\"Latest News\"],\"inLanguage\":\"fr-FR\",\"copyrightYear\":\"2026\",\"copyrightHolder\":{\"@id\":\"https:\\\/\\\/bladnanews.com\\\/fr\\\/#organization\"}},{\"@type\":\"WebPage\",\"@id\":\"https:\\\/\\\/bladnanews.com\\\/inter-miami-close-to-permanent-deal-for-tadeo-allende\\\/\",\"url\":\"https:\\\/\\\/bladnanews.com\\\/inter-miami-close-to-permanent-deal-for-tadeo-allende\\\/\",\"name\":\"Inter Miami close to permanent deal for Tadeo Allende - Bladna News\",\"isPartOf\":{\"@id\":\"https:\\\/\\\/mediumseagreen-eel-531711.hostingersite.com\\\/#website\"},\"primaryImageOfPage\":{\"@id\":\"https:\\\/\\\/bladnanews.com\\\/inter-miami-close-to-permanent-deal-for-tadeo-allende\\\/#primaryimage\"},\"image\":{\"@id\":\"https:\\\/\\\/bladnanews.com\\\/inter-miami-close-to-permanent-deal-for-tadeo-allende\\\/#primaryimage\"},\"thumbnailUrl\":\"https:\\\/\\\/bladnanews.com\\\/wp-content\\\/uploads\\\/2026\\\/01\\\/BladnaNews-Inter-Miami-close-to-permanent-deal-for-Tadeo-Allende-2026-01-08T010945.322Z.jpg\",\"datePublished\":\"2026-01-07T16:37:52+00:00\",\"breadcrumb\":{\"@id\":\"https:\\\/\\\/bladnanews.com\\\/inter-miami-close-to-permanent-deal-for-tadeo-allende\\\/#breadcrumb\"},\"inLanguage\":\"fr-FR\",\"potentialAction\":[{\"@type\":\"ReadAction\",\"target\":[\"https:\\\/\\\/bladnanews.com\\\/inter-miami-close-to-permanent-deal-for-tadeo-allende\\\/\"]}]},{\"@type\":\"ImageObject\",\"inLanguage\":\"fr-FR\",\"@id\":\"https:\\\/\\\/bladnanews.com\\\/inter-miami-close-to-permanent-deal-for-tadeo-allende\\\/#primaryimage\",\"url\":\"https:\\\/\\\/bladnanews.com\\\/wp-content\\\/uploads\\\/2026\\\/01\\\/BladnaNews-Inter-Miami-close-to-permanent-deal-for-Tadeo-Allende-2026-01-08T010945.322Z.jpg\",\"contentUrl\":\"https:\\\/\\\/bladnanews.com\\\/wp-content\\\/uploads\\\/2026\\\/01\\\/BladnaNews-Inter-Miami-close-to-permanent-deal-for-Tadeo-Allende-2026-01-08T010945.322Z.jpg\",\"width\":2560,\"height\":1440,\"caption\":\"Tadeo Allende celebrates a goal in pink uniform for Inter Miami, with an excited crowd in the background at a lively stadium.\"},{\"@type\":\"BreadcrumbList\",\"@id\":\"https:\\\/\\\/bladnanews.com\\\/inter-miami-close-to-permanent-deal-for-tadeo-allende\\\/#breadcrumb\",\"itemListElement\":[{\"@type\":\"ListItem\",\"position\":1,\"name\":\"Home\",\"item\":\"https:\\\/\\\/bladnanews.com\\\/\"},{\"@type\":\"ListItem\",\"position\":2,\"name\":\"Inter Miami close to permanent deal for Tadeo Allende\"}]},{\"@type\":\"WebSite\",\"@id\":\"https:\\\/\\\/mediumseagreen-eel-531711.hostingersite.com\\\/#website\",\"url\":\"https:\\\/\\\/mediumseagreen-eel-531711.hostingersite.com\\\/\",\"name\":\"Bladna News - Morocco\",\"description\":\"Where Moroccan Football Meets the World\",\"publisher\":{\"@id\":\"https:\\\/\\\/mediumseagreen-eel-531711.hostingersite.com\\\/#organization\"},\"potentialAction\":[{\"@type\":\"SearchAction\",\"target\":{\"@type\":\"EntryPoint\",\"urlTemplate\":\"https:\\\/\\\/mediumseagreen-eel-531711.hostingersite.com\\\/?s={search_term_string}\"},\"query-input\":{\"@type\":\"PropertyValueSpecification\",\"valueRequired\":true,\"valueName\":\"search_term_string\"}}],\"inLanguage\":\"fr-FR\"},{\"@type\":\"Organization\",\"@id\":\"https:\\\/\\\/mediumseagreen-eel-531711.hostingersite.com\\\/#organization\",\"name\":\"Bladna News.com\",\"url\":\"https:\\\/\\\/mediumseagreen-eel-531711.hostingersite.com\\\/\",\"logo\":{\"@type\":\"ImageObject\",\"inLanguage\":\"fr-FR\",\"@id\":\"https:\\\/\\\/mediumseagreen-eel-531711.hostingersite.com\\\/#\\\/schema\\\/logo\\\/image\\\/\",\"url\":\"https:\\\/\\\/bladnanews.com\\\/wp-content\\\/uploads\\\/2025\\\/12\\\/logo-bladnanews-V2-web-black-red.png\",\"contentUrl\":\"https:\\\/\\\/bladnanews.com\\\/wp-content\\\/uploads\\\/2025\\\/12\\\/logo-bladnanews-V2-web-black-red.png\",\"width\":703,\"height\":287,\"caption\":\"Bladna News.com\"},\"image\":{\"@id\":\"https:\\\/\\\/mediumseagreen-eel-531711.hostingersite.com\\\/#\\\/schema\\\/logo\\\/image\\\/\"},\"email\":\"info@bladnanews.com\",\"legalName\":\"Bladna News\"},{\"@type\":\"Person\",\"@id\":\"https:\\\/\\\/mediumseagreen-eel-531711.hostingersite.com\\\/#\\\/schema\\\/person\\\/268e18a453ab080ebf76df6ef7845083\",\"name\":\"Bladna News Staff\",\"url\":\"https:\\\/\\\/bladnanews.com\\\/fr\\\/author\\\/bladna-news-staff\\\/\"}]}<\/script>\n<!-- \/ Yoast SEO Premium plugin. -->","yoast_head_json":{"title":"L'Inter Miami proche d'un accord permanent pour Tadeo Allende - Bladna News","robots":{"index":"index","follow":"follow","max-snippet":"max-snippet:-1","max-image-preview":"max-image-preview:large","max-video-preview":"max-video-preview:-1"},"canonical":"https:\/\/bladnanews.com\/fr\/linter-miami-proche-dun-accord-permanent-pour-tadeo-allende\/","og_locale":"fr_FR","og_type":"article","og_title":"Inter Miami close to permanent deal for Tadeo Allende","og_description":"Inter Miami are reportedly close to turning Tadeo Allende\u2019s loan move into a permanent deal after his strong start to [&hellip;]","og_url":"https:\/\/bladnanews.com\/fr\/linter-miami-proche-dun-accord-permanent-pour-tadeo-allende\/","og_site_name":"Bladna News","article_published_time":"2026-01-07T16:37:52+00:00","og_image":[{"width":1312,"height":736,"url":"https:\/\/bladnanews.com\/wp-content\/uploads\/2025\/12\/freepik__bladna-newscom-moroccan-soccer-homepage-banner-mor__41838.png","type":"image\/png"}],"author":"Bladna News Staff","twitter_card":"summary_large_image","twitter_misc":{"\u00c9crit par":"Bladna News Staff","Dur\u00e9e de lecture estim\u00e9e":"1 minute"},"schema":{"@context":"https:\/\/schema.org","@graph":[{"@type":"Article","@id":"https:\/\/bladnanews.com\/inter-miami-close-to-permanent-deal-for-tadeo-allende\/#article","isPartOf":{"@id":"https:\/\/bladnanews.com\/inter-miami-close-to-permanent-deal-for-tadeo-allende\/"},"author":{"name":"Bladna News Staff","@id":"https:\/\/mediumseagreen-eel-531711.hostingersite.com\/#\/schema\/person\/268e18a453ab080ebf76df6ef7845083"},"headline":"Inter Miami close to permanent deal for Tadeo Allende","datePublished":"2026-01-07T16:37:52+00:00","mainEntityOfPage":{"@id":"https:\/\/bladnanews.com\/inter-miami-close-to-permanent-deal-for-tadeo-allende\/"},"wordCount":200,"publisher":{"@id":"https:\/\/mediumseagreen-eel-531711.hostingersite.com\/#organization"},"image":{"@id":"https:\/\/bladnanews.com\/inter-miami-close-to-permanent-deal-for-tadeo-allende\/#primaryimage"},"thumbnailUrl":"https:\/\/bladnanews.com\/wp-content\/uploads\/2026\/01\/BladnaNews-Inter-Miami-close-to-permanent-deal-for-Tadeo-Allende-2026-01-08T010945.322Z.jpg","articleSection":["International","Latest News"],"inLanguage":"fr-FR","copyrightYear":"2026","copyrightHolder":{"@id":"https:\/\/bladnanews.com\/fr\/#organization"}},{"@type":"WebPage","@id":"https:\/\/bladnanews.com\/inter-miami-close-to-permanent-deal-for-tadeo-allende\/","url":"https:\/\/bladnanews.com\/inter-miami-close-to-permanent-deal-for-tadeo-allende\/","name":"L'Inter Miami proche d'un accord permanent pour Tadeo Allende - Bladna News","isPartOf":{"@id":"https:\/\/mediumseagreen-eel-531711.hostingersite.com\/#website"},"primaryImageOfPage":{"@id":"https:\/\/bladnanews.com\/inter-miami-close-to-permanent-deal-for-tadeo-allende\/#primaryimage"},"image":{"@id":"https:\/\/bladnanews.com\/inter-miami-close-to-permanent-deal-for-tadeo-allende\/#primaryimage"},"thumbnailUrl":"https:\/\/bladnanews.com\/wp-content\/uploads\/2026\/01\/BladnaNews-Inter-Miami-close-to-permanent-deal-for-Tadeo-Allende-2026-01-08T010945.322Z.jpg","datePublished":"2026-01-07T16:37:52+00:00","breadcrumb":{"@id":"https:\/\/bladnanews.com\/inter-miami-close-to-permanent-deal-for-tadeo-allende\/#breadcrumb"},"inLanguage":"fr-FR","potentialAction":[{"@type":"ReadAction","target":["https:\/\/bladnanews.com\/inter-miami-close-to-permanent-deal-for-tadeo-allende\/"]}]},{"@type":"ImageObject","inLanguage":"fr-FR","@id":"https:\/\/bladnanews.com\/inter-miami-close-to-permanent-deal-for-tadeo-allende\/#primaryimage","url":"https:\/\/bladnanews.com\/wp-content\/uploads\/2026\/01\/BladnaNews-Inter-Miami-close-to-permanent-deal-for-Tadeo-Allende-2026-01-08T010945.322Z.jpg","contentUrl":"https:\/\/bladnanews.com\/wp-content\/uploads\/2026\/01\/BladnaNews-Inter-Miami-close-to-permanent-deal-for-Tadeo-Allende-2026-01-08T010945.322Z.jpg","width":2560,"height":1440,"caption":"Tadeo Allende celebrates a goal in pink uniform for Inter Miami, with an excited crowd in the background at a lively stadium."},{"@type":"BreadcrumbList","@id":"https:\/\/bladnanews.com\/inter-miami-close-to-permanent-deal-for-tadeo-allende\/#breadcrumb","itemListElement":[{"@type":"ListItem","position":1,"name":"Home","item":"https:\/\/bladnanews.com\/"},{"@type":"ListItem","position":2,"name":"Inter Miami close to permanent deal for Tadeo Allende"}]},{"@type":"WebSite","@id":"https:\/\/mediumseagreen-eel-531711.hostingersite.com\/#website","url":"https:\/\/mediumseagreen-eel-531711.hostingersite.com\/","name":"Bladna News - Maroc","description":"Quand le football marocain rencontre le monde","publisher":{"@id":"https:\/\/mediumseagreen-eel-531711.hostingersite.com\/#organization"},"potentialAction":[{"@type":"SearchAction","target":{"@type":"EntryPoint","urlTemplate":"https:\/\/mediumseagreen-eel-531711.hostingersite.com\/?s={search_term_string}"},"query-input":{"@type":"PropertyValueSpecification","valueRequired":true,"valueName":"search_term_string"}}],"inLanguage":"fr-FR"},{"@type":"Organization","@id":"https:\/\/mediumseagreen-eel-531711.hostingersite.com\/#organization","name":"Bladna News.com","url":"https:\/\/mediumseagreen-eel-531711.hostingersite.com\/","logo":{"@type":"ImageObject","inLanguage":"fr-FR","@id":"https:\/\/mediumseagreen-eel-531711.hostingersite.com\/#\/schema\/logo\/image\/","url":"https:\/\/bladnanews.com\/wp-content\/uploads\/2025\/12\/logo-bladnanews-V2-web-black-red.png","contentUrl":"https:\/\/bladnanews.com\/wp-content\/uploads\/2025\/12\/logo-bladnanews-V2-web-black-red.png","width":703,"height":287,"caption":"Bladna News.com"},"image":{"@id":"https:\/\/mediumseagreen-eel-531711.hostingersite.com\/#\/schema\/logo\/image\/"},"email":"info@bladnanews.com","legalName":"Bladna News"},{"@type":"Person","@id":"https:\/\/mediumseagreen-eel-531711.hostingersite.com\/#\/schema\/person\/268e18a453ab080ebf76df6ef7845083","name":"\u00c9quipe r\u00e9dactionnelle de Bladna News","url":"https:\/\/bladnanews.com\/fr\/author\/bladna-news-staff\/"}]}},"_links":{"self":[{"href":"https:\/\/bladnanews.com\/fr\/wp-json\/wp\/v2\/posts\/5067","targetHints":{"allow":["GET"]}}],"collection":[{"href":"https:\/\/bladnanews.com\/fr\/wp-json\/wp\/v2\/posts"}],"about":[{"href":"https:\/\/bladnanews.com\/fr\/wp-json\/wp\/v2\/types\/post"}],"author":[{"embeddable":true,"href":"https:\/\/bladnanews.com\/fr\/wp-json\/wp\/v2\/users\/3"}],"replies":[{"embeddable":true,"href":"https:\/\/bladnanews.com\/fr\/wp-json\/wp\/v2\/comments?post=5067"}],"version-history":[{"count":0,"href":"https:\/\/bladnanews.com\/fr\/wp-json\/wp\/v2\/posts\/5067\/revisions"}],"wp:featuredmedia":[{"embeddable":true,"href":"https:\/\/bladnanews.com\/fr\/wp-json\/wp\/v2\/media\/5066"}],"wp:attachment":[{"href":"https:\/\/bladnanews.com\/fr\/wp-json\/wp\/v2\/media?parent=5067"}],"wp:term":[{"taxonomy":"category","embeddable":true,"href":"https:\/\/bladnanews.com\/fr\/wp-json\/wp\/v2\/categories?post=5067"},{"taxonomy":"post_tag","embeddable":true,"href":"https:\/\/bladnanews.com\/fr\/wp-json\/wp\/v2\/tags?post=5067"}],"curies":[{"name":"wp","href":"https:\/\/api.w.org\/{rel}","templated":true}]}}