{"id":5125,"date":"2026-01-07T17:11:00","date_gmt":"2026-01-07T17:11:00","guid":{"rendered":"https:\/\/bladnanews.com\/truth-behind-chelsea-links-to-vinicius-jr-and-150m-move\/"},"modified":"2026-01-07T17:11:00","modified_gmt":"2026-01-07T17:11:00","slug":"la-verite-derriere-les-liens-de-chelsea-avec-vinicius-jr-et-un-transfert-a-150-millions","status":"publish","type":"post","link":"https:\/\/bladnanews.com\/fr\/la-verite-derriere-les-liens-de-chelsea-avec-vinicius-jr-et-un-transfert-a-150-millions\/","title":{"rendered":"La v\u00e9rit\u00e9 derri\u00e8re les liens de Chelsea avec Vinicius Jr et un transfert \u00e0 150 millions"},"content":{"rendered":"<p>Chelsea a \u00e9t\u00e9 associ\u00e9 \u00e0 une offre stup\u00e9fiante de 150 millions d'euros pour la star du Real Madrid Vinicius Jr, mais la v\u00e9rit\u00e9 est que les Blues ne poursuivent pas le Br\u00e9silien et aucun plan actif n'est en place pour tenter de le recruter.<\/p>\n<p>Les rumeurs se sont acc\u00e9l\u00e9r\u00e9es alors que Chelsea continue de remodeler son effectif, le club \u00e9tant \u00e0 nouveau attendu comme actif sur le march\u00e9. Le profil de Vinicius, son statut au Bernabeu et son attrait commercial ont aliment\u00e9 les discussions, avec des suggestions qu'il pourrait \u00eatre une cible phare pour le club de Premier League.<\/p>\n<p>Cependant, il a \u00e9t\u00e9 r\u00e9v\u00e9l\u00e9 que ces sp\u00e9culations ne refl\u00e8tent pas la r\u00e9alit\u00e9 actuelle. Chelsea ne travaille pas sur un accord pour Vinicius, et il n'y a eu aucune d\u00e9marche concr\u00e8te de Stamford Bridge pour tenter de l'arracher \u00e0 Madrid pour un montant avoisinant les 150 millions d'euros.<\/p>\n<p>Du c\u00f4t\u00e9 du Real Madrid, Vinicius reste une figure cl\u00e9 et rien n'indique qu'ils se pr\u00e9parent \u00e0 le vendre. Le joueur de 23 ans reste au c\u0153ur de leur projet et n'est pas positionn\u00e9 comme un joueur transf\u00e9rable.<\/p>\n<p>Vinicius est depuis longtemps l'un des attaquants lat\u00e9raux les plus d\u00e9cisifs d'Europe, et son importance pour Madrid n'a fait que cro\u00eetre, ce qui rendait l'id\u00e9e d'un transfert vers l'ouest londonien encore plus improbable une fois les premiers titres retomb\u00e9s.<\/p>\n<p>Pour Chelsea, l'accent reste mis sur des cibles correspondant \u00e0 leur reconstruction en cours, plut\u00f4t que sur une qu\u00eate spectaculaire pour un joueur consid\u00e9r\u00e9 comme intouchable par son club. \u00c0 ce stade, le lien tant \u00e9voqu\u00e9 de 150 millions d'euros n'est motiv\u00e9 par aucune n\u00e9gociation ou pouss\u00e9e r\u00e9elle de l'une ou l'autre des parties.<\/p>","protected":false},"excerpt":{"rendered":"<p>Chelsea have been linked with a stunning \u20ac150 million move for Real Madrid star Vinicius Jr, but the truth is [&hellip;]<\/p>\n","protected":false},"author":3,"featured_media":5123,"comment_status":"","ping_status":"open","sticky":false,"template":"","format":"standard","meta":{"googlesitekit_rrm_CAow_uzEDA:productID":"","site-sidebar-layout":"default","site-content-layout":"","ast-site-content-layout":"default","site-content-style":"default","site-sidebar-style":"default","ast-global-header-display":"","ast-banner-title-visibility":"","ast-main-header-display":"","ast-hfb-above-header-display":"","ast-hfb-below-header-display":"","ast-hfb-mobile-header-display":"","site-post-title":"","ast-breadcrumbs-content":"","ast-featured-img":"","footer-sml-layout":"","ast-disable-related-posts":"","theme-transparent-header-meta":"","adv-header-id-meta":"","stick-header-meta":"","header-above-stick-meta":"","header-main-stick-meta":"","header-below-stick-meta":"","astra-migrate-meta-layouts":"default","ast-page-background-enabled":"default","ast-page-background-meta":{"desktop":{"background-color":"var(--ast-global-color-5)","background-image":"","background-repeat":"repeat","background-position":"center center","background-size":"auto","background-attachment":"scroll","background-type":"","background-media":"","overlay-type":"","overlay-color":"","overlay-opacity":"","overlay-gradient":""},"tablet":{"background-color":"","background-image":"","background-repeat":"repeat","background-position":"center center","background-size":"auto","background-attachment":"scroll","background-type":"","background-media":"","overlay-type":"","overlay-color":"","overlay-opacity":"","overlay-gradient":""},"mobile":{"background-color":"","background-image":"","background-repeat":"repeat","background-position":"center center","background-size":"auto","background-attachment":"scroll","background-type":"","background-media":"","overlay-type":"","overlay-color":"","overlay-opacity":"","overlay-gradient":""}},"ast-content-background-meta":{"desktop":{"background-color":"var(--ast-global-color-4)","background-image":"","background-repeat":"repeat","background-position":"center center","background-size":"auto","background-attachment":"scroll","background-type":"","background-media":"","overlay-type":"","overlay-color":"","overlay-opacity":"","overlay-gradient":""},"tablet":{"background-color":"var(--ast-global-color-4)","background-image":"","background-repeat":"repeat","background-position":"center center","background-size":"auto","background-attachment":"scroll","background-type":"","background-media":"","overlay-type":"","overlay-color":"","overlay-opacity":"","overlay-gradient":""},"mobile":{"background-color":"var(--ast-global-color-4)","background-image":"","background-repeat":"repeat","background-position":"center center","background-size":"auto","background-attachment":"scroll","background-type":"","background-media":"","overlay-type":"","overlay-color":"","overlay-opacity":"","overlay-gradient":""}},"footnotes":""},"categories":[20,1],"tags":[],"class_list":["post-5125","post","type-post","status-publish","format-standard","has-post-thumbnail","hentry","category-international","category-football-latest-news"],"yoast_head":"<!-- This site is optimized with the Yoast SEO Premium plugin v26.6 (Yoast SEO v27.5) - https:\/\/yoast.com\/product\/yoast-seo-premium-wordpress\/ -->\n<title>Truth behind Chelsea links to Vinicius Jr and 150m move - Bladna News<\/title>\n<meta name=\"robots\" content=\"index, follow, max-snippet:-1, max-image-preview:large, max-video-preview:-1\" \/>\n<link rel=\"canonical\" href=\"https:\/\/bladnanews.com\/fr\/la-verite-derriere-les-liens-de-chelsea-avec-vinicius-jr-et-un-transfert-a-150-millions\/\" \/>\n<meta property=\"og:locale\" content=\"fr_FR\" \/>\n<meta property=\"og:type\" content=\"article\" \/>\n<meta property=\"og:title\" content=\"Truth behind Chelsea links to Vinicius Jr and 150m move\" \/>\n<meta property=\"og:description\" content=\"Chelsea have been linked with a stunning \u20ac150 million move for Real Madrid star Vinicius Jr, but the truth is [&hellip;]\" \/>\n<meta property=\"og:url\" content=\"https:\/\/bladnanews.com\/fr\/la-verite-derriere-les-liens-de-chelsea-avec-vinicius-jr-et-un-transfert-a-150-millions\/\" \/>\n<meta property=\"og:site_name\" content=\"Bladna News\" \/>\n<meta property=\"article:published_time\" content=\"2026-01-07T17:11:00+00:00\" \/>\n<meta property=\"og:image\" content=\"https:\/\/bladnanews.com\/wp-content\/uploads\/2025\/12\/freepik__bladna-newscom-moroccan-soccer-homepage-banner-mor__41838.png\" \/>\n\t<meta property=\"og:image:width\" content=\"1312\" \/>\n\t<meta property=\"og:image:height\" content=\"736\" \/>\n\t<meta property=\"og:image:type\" content=\"image\/png\" \/>\n<meta name=\"author\" content=\"Bladna News Staff\" \/>\n<meta name=\"twitter:card\" content=\"summary_large_image\" \/>\n<meta name=\"twitter:label1\" content=\"\u00c9crit par\" \/>\n\t<meta name=\"twitter:data1\" content=\"Bladna News Staff\" \/>\n\t<meta name=\"twitter:label2\" content=\"Dur\u00e9e de lecture estim\u00e9e\" \/>\n\t<meta name=\"twitter:data2\" content=\"1 minute\" \/>\n<script type=\"application\/ld+json\" class=\"yoast-schema-graph\">{\"@context\":\"https:\\\/\\\/schema.org\",\"@graph\":[{\"@type\":\"Article\",\"@id\":\"https:\\\/\\\/bladnanews.com\\\/truth-behind-chelsea-links-to-vinicius-jr-and-150m-move\\\/#article\",\"isPartOf\":{\"@id\":\"https:\\\/\\\/bladnanews.com\\\/truth-behind-chelsea-links-to-vinicius-jr-and-150m-move\\\/\"},\"author\":{\"name\":\"Bladna News Staff\",\"@id\":\"https:\\\/\\\/mediumseagreen-eel-531711.hostingersite.com\\\/#\\\/schema\\\/person\\\/268e18a453ab080ebf76df6ef7845083\"},\"headline\":\"Truth behind Chelsea links to Vinicius Jr and 150m move\",\"datePublished\":\"2026-01-07T17:11:00+00:00\",\"mainEntityOfPage\":{\"@id\":\"https:\\\/\\\/bladnanews.com\\\/truth-behind-chelsea-links-to-vinicius-jr-and-150m-move\\\/\"},\"wordCount\":276,\"publisher\":{\"@id\":\"https:\\\/\\\/mediumseagreen-eel-531711.hostingersite.com\\\/#organization\"},\"image\":{\"@id\":\"https:\\\/\\\/bladnanews.com\\\/truth-behind-chelsea-links-to-vinicius-jr-and-150m-move\\\/#primaryimage\"},\"thumbnailUrl\":\"https:\\\/\\\/bladnanews.com\\\/wp-content\\\/uploads\\\/2026\\\/01\\\/BladnaNews-Truth-behind-Chelsea-links-to-Vinicius-Jr-and-150m-move-2026-01-08T050933.334Z.jpg\",\"articleSection\":[\"International\",\"Latest News\"],\"inLanguage\":\"fr-FR\",\"copyrightYear\":\"2026\",\"copyrightHolder\":{\"@id\":\"https:\\\/\\\/bladnanews.com\\\/fr\\\/#organization\"}},{\"@type\":\"WebPage\",\"@id\":\"https:\\\/\\\/bladnanews.com\\\/truth-behind-chelsea-links-to-vinicius-jr-and-150m-move\\\/\",\"url\":\"https:\\\/\\\/bladnanews.com\\\/truth-behind-chelsea-links-to-vinicius-jr-and-150m-move\\\/\",\"name\":\"Truth behind Chelsea links to Vinicius Jr and 150m move - Bladna News\",\"isPartOf\":{\"@id\":\"https:\\\/\\\/mediumseagreen-eel-531711.hostingersite.com\\\/#website\"},\"primaryImageOfPage\":{\"@id\":\"https:\\\/\\\/bladnanews.com\\\/truth-behind-chelsea-links-to-vinicius-jr-and-150m-move\\\/#primaryimage\"},\"image\":{\"@id\":\"https:\\\/\\\/bladnanews.com\\\/truth-behind-chelsea-links-to-vinicius-jr-and-150m-move\\\/#primaryimage\"},\"thumbnailUrl\":\"https:\\\/\\\/bladnanews.com\\\/wp-content\\\/uploads\\\/2026\\\/01\\\/BladnaNews-Truth-behind-Chelsea-links-to-Vinicius-Jr-and-150m-move-2026-01-08T050933.334Z.jpg\",\"datePublished\":\"2026-01-07T17:11:00+00:00\",\"breadcrumb\":{\"@id\":\"https:\\\/\\\/bladnanews.com\\\/truth-behind-chelsea-links-to-vinicius-jr-and-150m-move\\\/#breadcrumb\"},\"inLanguage\":\"fr-FR\",\"potentialAction\":[{\"@type\":\"ReadAction\",\"target\":[\"https:\\\/\\\/bladnanews.com\\\/truth-behind-chelsea-links-to-vinicius-jr-and-150m-move\\\/\"]}]},{\"@type\":\"ImageObject\",\"inLanguage\":\"fr-FR\",\"@id\":\"https:\\\/\\\/bladnanews.com\\\/truth-behind-chelsea-links-to-vinicius-jr-and-150m-move\\\/#primaryimage\",\"url\":\"https:\\\/\\\/bladnanews.com\\\/wp-content\\\/uploads\\\/2026\\\/01\\\/BladnaNews-Truth-behind-Chelsea-links-to-Vinicius-Jr-and-150m-move-2026-01-08T050933.334Z.jpg\",\"contentUrl\":\"https:\\\/\\\/bladnanews.com\\\/wp-content\\\/uploads\\\/2026\\\/01\\\/BladnaNews-Truth-behind-Chelsea-links-to-Vinicius-Jr-and-150m-move-2026-01-08T050933.334Z.jpg\",\"width\":1600,\"height\":900,\"caption\":\"2. Moroccan football star joins Chelsea FC; latest transfer news and highlights from Morocco and global football.\"},{\"@type\":\"BreadcrumbList\",\"@id\":\"https:\\\/\\\/bladnanews.com\\\/truth-behind-chelsea-links-to-vinicius-jr-and-150m-move\\\/#breadcrumb\",\"itemListElement\":[{\"@type\":\"ListItem\",\"position\":1,\"name\":\"Home\",\"item\":\"https:\\\/\\\/bladnanews.com\\\/\"},{\"@type\":\"ListItem\",\"position\":2,\"name\":\"Truth behind Chelsea links to Vinicius Jr and 150m move\"}]},{\"@type\":\"WebSite\",\"@id\":\"https:\\\/\\\/mediumseagreen-eel-531711.hostingersite.com\\\/#website\",\"url\":\"https:\\\/\\\/mediumseagreen-eel-531711.hostingersite.com\\\/\",\"name\":\"Bladna News - Morocco\",\"description\":\"Where Moroccan Football Meets the World\",\"publisher\":{\"@id\":\"https:\\\/\\\/mediumseagreen-eel-531711.hostingersite.com\\\/#organization\"},\"potentialAction\":[{\"@type\":\"SearchAction\",\"target\":{\"@type\":\"EntryPoint\",\"urlTemplate\":\"https:\\\/\\\/mediumseagreen-eel-531711.hostingersite.com\\\/?s={search_term_string}\"},\"query-input\":{\"@type\":\"PropertyValueSpecification\",\"valueRequired\":true,\"valueName\":\"search_term_string\"}}],\"inLanguage\":\"fr-FR\"},{\"@type\":\"Organization\",\"@id\":\"https:\\\/\\\/mediumseagreen-eel-531711.hostingersite.com\\\/#organization\",\"name\":\"Bladna News.com\",\"url\":\"https:\\\/\\\/mediumseagreen-eel-531711.hostingersite.com\\\/\",\"logo\":{\"@type\":\"ImageObject\",\"inLanguage\":\"fr-FR\",\"@id\":\"https:\\\/\\\/mediumseagreen-eel-531711.hostingersite.com\\\/#\\\/schema\\\/logo\\\/image\\\/\",\"url\":\"https:\\\/\\\/bladnanews.com\\\/wp-content\\\/uploads\\\/2025\\\/12\\\/logo-bladnanews-V2-web-black-red.png\",\"contentUrl\":\"https:\\\/\\\/bladnanews.com\\\/wp-content\\\/uploads\\\/2025\\\/12\\\/logo-bladnanews-V2-web-black-red.png\",\"width\":703,\"height\":287,\"caption\":\"Bladna News.com\"},\"image\":{\"@id\":\"https:\\\/\\\/mediumseagreen-eel-531711.hostingersite.com\\\/#\\\/schema\\\/logo\\\/image\\\/\"},\"email\":\"info@bladnanews.com\",\"legalName\":\"Bladna News\"},{\"@type\":\"Person\",\"@id\":\"https:\\\/\\\/mediumseagreen-eel-531711.hostingersite.com\\\/#\\\/schema\\\/person\\\/268e18a453ab080ebf76df6ef7845083\",\"name\":\"Bladna News Staff\",\"url\":\"https:\\\/\\\/bladnanews.com\\\/fr\\\/author\\\/bladna-news-staff\\\/\"}]}<\/script>\n<!-- \/ Yoast SEO Premium plugin. -->","yoast_head_json":{"title":"La v\u00e9rit\u00e9 derri\u00e8re les liens de Chelsea avec Vinicius Jr et un transfert \u00e0 150 millions - Bladna News","robots":{"index":"index","follow":"follow","max-snippet":"max-snippet:-1","max-image-preview":"max-image-preview:large","max-video-preview":"max-video-preview:-1"},"canonical":"https:\/\/bladnanews.com\/fr\/la-verite-derriere-les-liens-de-chelsea-avec-vinicius-jr-et-un-transfert-a-150-millions\/","og_locale":"fr_FR","og_type":"article","og_title":"Truth behind Chelsea links to Vinicius Jr and 150m move","og_description":"Chelsea have been linked with a stunning \u20ac150 million move for Real Madrid star Vinicius Jr, but the truth is [&hellip;]","og_url":"https:\/\/bladnanews.com\/fr\/la-verite-derriere-les-liens-de-chelsea-avec-vinicius-jr-et-un-transfert-a-150-millions\/","og_site_name":"Bladna News","article_published_time":"2026-01-07T17:11:00+00:00","og_image":[{"width":1312,"height":736,"url":"https:\/\/bladnanews.com\/wp-content\/uploads\/2025\/12\/freepik__bladna-newscom-moroccan-soccer-homepage-banner-mor__41838.png","type":"image\/png"}],"author":"Bladna News Staff","twitter_card":"summary_large_image","twitter_misc":{"\u00c9crit par":"Bladna News Staff","Dur\u00e9e de lecture estim\u00e9e":"1 minute"},"schema":{"@context":"https:\/\/schema.org","@graph":[{"@type":"Article","@id":"https:\/\/bladnanews.com\/truth-behind-chelsea-links-to-vinicius-jr-and-150m-move\/#article","isPartOf":{"@id":"https:\/\/bladnanews.com\/truth-behind-chelsea-links-to-vinicius-jr-and-150m-move\/"},"author":{"name":"Bladna News Staff","@id":"https:\/\/mediumseagreen-eel-531711.hostingersite.com\/#\/schema\/person\/268e18a453ab080ebf76df6ef7845083"},"headline":"Truth behind Chelsea links to Vinicius Jr and 150m move","datePublished":"2026-01-07T17:11:00+00:00","mainEntityOfPage":{"@id":"https:\/\/bladnanews.com\/truth-behind-chelsea-links-to-vinicius-jr-and-150m-move\/"},"wordCount":276,"publisher":{"@id":"https:\/\/mediumseagreen-eel-531711.hostingersite.com\/#organization"},"image":{"@id":"https:\/\/bladnanews.com\/truth-behind-chelsea-links-to-vinicius-jr-and-150m-move\/#primaryimage"},"thumbnailUrl":"https:\/\/bladnanews.com\/wp-content\/uploads\/2026\/01\/BladnaNews-Truth-behind-Chelsea-links-to-Vinicius-Jr-and-150m-move-2026-01-08T050933.334Z.jpg","articleSection":["International","Latest News"],"inLanguage":"fr-FR","copyrightYear":"2026","copyrightHolder":{"@id":"https:\/\/bladnanews.com\/fr\/#organization"}},{"@type":"WebPage","@id":"https:\/\/bladnanews.com\/truth-behind-chelsea-links-to-vinicius-jr-and-150m-move\/","url":"https:\/\/bladnanews.com\/truth-behind-chelsea-links-to-vinicius-jr-and-150m-move\/","name":"La v\u00e9rit\u00e9 derri\u00e8re les liens de Chelsea avec Vinicius Jr et un transfert \u00e0 150 millions - Bladna News","isPartOf":{"@id":"https:\/\/mediumseagreen-eel-531711.hostingersite.com\/#website"},"primaryImageOfPage":{"@id":"https:\/\/bladnanews.com\/truth-behind-chelsea-links-to-vinicius-jr-and-150m-move\/#primaryimage"},"image":{"@id":"https:\/\/bladnanews.com\/truth-behind-chelsea-links-to-vinicius-jr-and-150m-move\/#primaryimage"},"thumbnailUrl":"https:\/\/bladnanews.com\/wp-content\/uploads\/2026\/01\/BladnaNews-Truth-behind-Chelsea-links-to-Vinicius-Jr-and-150m-move-2026-01-08T050933.334Z.jpg","datePublished":"2026-01-07T17:11:00+00:00","breadcrumb":{"@id":"https:\/\/bladnanews.com\/truth-behind-chelsea-links-to-vinicius-jr-and-150m-move\/#breadcrumb"},"inLanguage":"fr-FR","potentialAction":[{"@type":"ReadAction","target":["https:\/\/bladnanews.com\/truth-behind-chelsea-links-to-vinicius-jr-and-150m-move\/"]}]},{"@type":"ImageObject","inLanguage":"fr-FR","@id":"https:\/\/bladnanews.com\/truth-behind-chelsea-links-to-vinicius-jr-and-150m-move\/#primaryimage","url":"https:\/\/bladnanews.com\/wp-content\/uploads\/2026\/01\/BladnaNews-Truth-behind-Chelsea-links-to-Vinicius-Jr-and-150m-move-2026-01-08T050933.334Z.jpg","contentUrl":"https:\/\/bladnanews.com\/wp-content\/uploads\/2026\/01\/BladnaNews-Truth-behind-Chelsea-links-to-Vinicius-Jr-and-150m-move-2026-01-08T050933.334Z.jpg","width":1600,"height":900,"caption":"2. Moroccan football star joins Chelsea FC; latest transfer news and highlights from Morocco and global football."},{"@type":"BreadcrumbList","@id":"https:\/\/bladnanews.com\/truth-behind-chelsea-links-to-vinicius-jr-and-150m-move\/#breadcrumb","itemListElement":[{"@type":"ListItem","position":1,"name":"Home","item":"https:\/\/bladnanews.com\/"},{"@type":"ListItem","position":2,"name":"Truth behind Chelsea links to Vinicius Jr and 150m move"}]},{"@type":"WebSite","@id":"https:\/\/mediumseagreen-eel-531711.hostingersite.com\/#website","url":"https:\/\/mediumseagreen-eel-531711.hostingersite.com\/","name":"Bladna News - Maroc","description":"Quand le football marocain rencontre le monde","publisher":{"@id":"https:\/\/mediumseagreen-eel-531711.hostingersite.com\/#organization"},"potentialAction":[{"@type":"SearchAction","target":{"@type":"EntryPoint","urlTemplate":"https:\/\/mediumseagreen-eel-531711.hostingersite.com\/?s={search_term_string}"},"query-input":{"@type":"PropertyValueSpecification","valueRequired":true,"valueName":"search_term_string"}}],"inLanguage":"fr-FR"},{"@type":"Organization","@id":"https:\/\/mediumseagreen-eel-531711.hostingersite.com\/#organization","name":"Bladna News.com","url":"https:\/\/mediumseagreen-eel-531711.hostingersite.com\/","logo":{"@type":"ImageObject","inLanguage":"fr-FR","@id":"https:\/\/mediumseagreen-eel-531711.hostingersite.com\/#\/schema\/logo\/image\/","url":"https:\/\/bladnanews.com\/wp-content\/uploads\/2025\/12\/logo-bladnanews-V2-web-black-red.png","contentUrl":"https:\/\/bladnanews.com\/wp-content\/uploads\/2025\/12\/logo-bladnanews-V2-web-black-red.png","width":703,"height":287,"caption":"Bladna News.com"},"image":{"@id":"https:\/\/mediumseagreen-eel-531711.hostingersite.com\/#\/schema\/logo\/image\/"},"email":"info@bladnanews.com","legalName":"Bladna News"},{"@type":"Person","@id":"https:\/\/mediumseagreen-eel-531711.hostingersite.com\/#\/schema\/person\/268e18a453ab080ebf76df6ef7845083","name":"\u00c9quipe r\u00e9dactionnelle de Bladna News","url":"https:\/\/bladnanews.com\/fr\/author\/bladna-news-staff\/"}]}},"_links":{"self":[{"href":"https:\/\/bladnanews.com\/fr\/wp-json\/wp\/v2\/posts\/5125","targetHints":{"allow":["GET"]}}],"collection":[{"href":"https:\/\/bladnanews.com\/fr\/wp-json\/wp\/v2\/posts"}],"about":[{"href":"https:\/\/bladnanews.com\/fr\/wp-json\/wp\/v2\/types\/post"}],"author":[{"embeddable":true,"href":"https:\/\/bladnanews.com\/fr\/wp-json\/wp\/v2\/users\/3"}],"replies":[{"embeddable":true,"href":"https:\/\/bladnanews.com\/fr\/wp-json\/wp\/v2\/comments?post=5125"}],"version-history":[{"count":0,"href":"https:\/\/bladnanews.com\/fr\/wp-json\/wp\/v2\/posts\/5125\/revisions"}],"wp:featuredmedia":[{"embeddable":true,"href":"https:\/\/bladnanews.com\/fr\/wp-json\/wp\/v2\/media\/5123"}],"wp:attachment":[{"href":"https:\/\/bladnanews.com\/fr\/wp-json\/wp\/v2\/media?parent=5125"}],"wp:term":[{"taxonomy":"category","embeddable":true,"href":"https:\/\/bladnanews.com\/fr\/wp-json\/wp\/v2\/categories?post=5125"},{"taxonomy":"post_tag","embeddable":true,"href":"https:\/\/bladnanews.com\/fr\/wp-json\/wp\/v2\/tags?post=5125"}],"curies":[{"name":"wp","href":"https:\/\/api.w.org\/{rel}","templated":true}]}}