{"id":5157,"date":"2026-01-07T18:15:12","date_gmt":"2026-01-07T18:15:12","guid":{"rendered":"https:\/\/bladnanews.com\/ivory-coast-coach-salah-not-only-concern-in-egypt-clash\/"},"modified":"2026-01-07T18:15:12","modified_gmt":"2026-01-07T18:15:12","slug":"lentraineur-de-la-cote-divoire-salah-ne-se-preoccupe-pas-seulement-du-choc-contre-legypte","status":"publish","type":"post","link":"https:\/\/bladnanews.com\/fr\/lentraineur-de-la-cote-divoire-salah-ne-se-preoccupe-pas-seulement-du-choc-contre-legypte\/","title":{"rendered":"Entra\u00eeneur de la C\u00f4te d'Ivoire : Salah n'est pas la seule pr\u00e9occupation dans l'affrontement contre l'\u00c9gypte."},"content":{"rendered":"<p>Le s\u00e9lectionneur de la C\u00f4te d'Ivoire, Emerse Fa\u00e9, a d\u00e9clar\u00e9 que Mohamed Salah ne serait pas l'unique centre d'attention de son \u00e9quipe face \u00e0 l'\u00c9gypte, soulignant que ses joueurs devaient rester humbles contre l'une des s\u00e9lections les plus fortes d'Afrique.<\/p>\n<p>S'exprimant avant le choc, Fa\u00e9 a clairement indiqu\u00e9 que l'\u00c9gypte ne pouvait \u00eatre r\u00e9duite \u00e0 un seul nom d'\u00e9toile, m\u00eame si Salah restait la menace la plus m\u00e9diatique.<\/p>\n<p><strong>\u201c Salah n'est pas notre seule pr\u00e9occupation, \u201d<\/strong> a d\u00e9clar\u00e9 Fa\u00e9. <strong>\u201c L'\u00c9gypte compte beaucoup de joueurs de qualit\u00e9 et exp\u00e9riment\u00e9s. Nous ferons preuve d'humilit\u00e9 face \u00e0 l'\u00c9gypte. \u201d<\/strong><\/p>\n<p>Le technicien a soulign\u00e9 que ses plans seraient construits autour de la limitation de l'\u00c9gypte en tant qu'unit\u00e9, et non pas seulement de l'arr\u00eat de l'attaquant de Liverpool, mettant en avant la profondeur et l'\u00e9quilibre de l'effectif \u00e9gyptien.<\/p>\n<p>Fa\u00e9 a \u00e9galement r\u00e9v\u00e9l\u00e9 que son \u00e9quipe aborderait le match avec le plus grand respect, insistant sur le fait que les d\u00e9tails et la discipline seraient d\u00e9terminants dans une rencontre de si haut niveau.<\/p>\n<p>La C\u00f4te d'Ivoire se pr\u00e9pare \u00e0 un test difficile, Fa\u00e9 exigeant concentration et maturit\u00e9 de la part de ses troupes, qui visent \u00e0 produire une performance solide face \u00e0 l'\u00c9gypte.<\/p>","protected":false},"excerpt":{"rendered":"<p>Ivory Coast head coach Emerse Fa\u00e9 said Mohamed Salah will not be his team\u2019s only focus when they face Egypt, [&hellip;]<\/p>\n","protected":false},"author":4,"featured_media":5156,"comment_status":"","ping_status":"open","sticky":false,"template":"","format":"standard","meta":{"googlesitekit_rrm_CAow_uzEDA:productID":"","site-sidebar-layout":"default","site-content-layout":"","ast-site-content-layout":"default","site-content-style":"default","site-sidebar-style":"default","ast-global-header-display":"","ast-banner-title-visibility":"","ast-main-header-display":"","ast-hfb-above-header-display":"","ast-hfb-below-header-display":"","ast-hfb-mobile-header-display":"","site-post-title":"","ast-breadcrumbs-content":"","ast-featured-img":"","footer-sml-layout":"","ast-disable-related-posts":"","theme-transparent-header-meta":"","adv-header-id-meta":"","stick-header-meta":"","header-above-stick-meta":"","header-main-stick-meta":"","header-below-stick-meta":"","astra-migrate-meta-layouts":"default","ast-page-background-enabled":"default","ast-page-background-meta":{"desktop":{"background-color":"var(--ast-global-color-5)","background-image":"","background-repeat":"repeat","background-position":"center center","background-size":"auto","background-attachment":"scroll","background-type":"","background-media":"","overlay-type":"","overlay-color":"","overlay-opacity":"","overlay-gradient":""},"tablet":{"background-color":"","background-image":"","background-repeat":"repeat","background-position":"center center","background-size":"auto","background-attachment":"scroll","background-type":"","background-media":"","overlay-type":"","overlay-color":"","overlay-opacity":"","overlay-gradient":""},"mobile":{"background-color":"","background-image":"","background-repeat":"repeat","background-position":"center center","background-size":"auto","background-attachment":"scroll","background-type":"","background-media":"","overlay-type":"","overlay-color":"","overlay-opacity":"","overlay-gradient":""}},"ast-content-background-meta":{"desktop":{"background-color":"var(--ast-global-color-4)","background-image":"","background-repeat":"repeat","background-position":"center center","background-size":"auto","background-attachment":"scroll","background-type":"","background-media":"","overlay-type":"","overlay-color":"","overlay-opacity":"","overlay-gradient":""},"tablet":{"background-color":"var(--ast-global-color-4)","background-image":"","background-repeat":"repeat","background-position":"center center","background-size":"auto","background-attachment":"scroll","background-type":"","background-media":"","overlay-type":"","overlay-color":"","overlay-opacity":"","overlay-gradient":""},"mobile":{"background-color":"var(--ast-global-color-4)","background-image":"","background-repeat":"repeat","background-position":"center center","background-size":"auto","background-attachment":"scroll","background-type":"","background-media":"","overlay-type":"","overlay-color":"","overlay-opacity":"","overlay-gradient":""}},"footnotes":""},"categories":[1,168],"tags":[],"class_list":["post-5157","post","type-post","status-publish","format-standard","has-post-thumbnail","hentry","category-football-latest-news","category-morocco-national-team"],"yoast_head":"<!-- This site is optimized with the Yoast SEO Premium plugin v26.6 (Yoast SEO v27.4) - https:\/\/yoast.com\/product\/yoast-seo-premium-wordpress\/ -->\n<title>Ivory Coast coach: Salah not only concern in Egypt clash - Bladna News<\/title>\n<meta name=\"robots\" content=\"index, follow, max-snippet:-1, max-image-preview:large, max-video-preview:-1\" \/>\n<link rel=\"canonical\" href=\"https:\/\/bladnanews.com\/fr\/lentraineur-de-la-cote-divoire-salah-ne-se-preoccupe-pas-seulement-du-choc-contre-legypte\/\" \/>\n<meta property=\"og:locale\" content=\"fr_FR\" \/>\n<meta property=\"og:type\" content=\"article\" \/>\n<meta property=\"og:title\" content=\"Ivory Coast coach: Salah not only concern in Egypt clash\" \/>\n<meta property=\"og:description\" content=\"Ivory Coast head coach Emerse Fa\u00e9 said Mohamed Salah will not be his team\u2019s only focus when they face Egypt, [&hellip;]\" \/>\n<meta property=\"og:url\" content=\"https:\/\/bladnanews.com\/fr\/lentraineur-de-la-cote-divoire-salah-ne-se-preoccupe-pas-seulement-du-choc-contre-legypte\/\" \/>\n<meta property=\"og:site_name\" content=\"Bladna News\" \/>\n<meta property=\"article:published_time\" content=\"2026-01-07T18:15:12+00:00\" \/>\n<meta property=\"og:image\" content=\"https:\/\/bladnanews.com\/wp-content\/uploads\/2025\/12\/freepik__bladna-newscom-moroccan-soccer-homepage-banner-mor__41838.png\" \/>\n\t<meta property=\"og:image:width\" content=\"1312\" \/>\n\t<meta property=\"og:image:height\" content=\"736\" \/>\n\t<meta property=\"og:image:type\" content=\"image\/png\" \/>\n<meta name=\"author\" content=\"Bladna Sports Desk\" \/>\n<meta name=\"twitter:card\" content=\"summary_large_image\" \/>\n<meta name=\"twitter:label1\" content=\"\u00c9crit par\" \/>\n\t<meta name=\"twitter:data1\" content=\"Bladna Sports Desk\" \/>\n\t<meta name=\"twitter:label2\" content=\"Dur\u00e9e de lecture estim\u00e9e\" \/>\n\t<meta name=\"twitter:data2\" content=\"1 minute\" \/>\n<script type=\"application\/ld+json\" class=\"yoast-schema-graph\">{\"@context\":\"https:\\\/\\\/schema.org\",\"@graph\":[{\"@type\":\"Article\",\"@id\":\"https:\\\/\\\/bladnanews.com\\\/ivory-coast-coach-salah-not-only-concern-in-egypt-clash\\\/#article\",\"isPartOf\":{\"@id\":\"https:\\\/\\\/bladnanews.com\\\/ivory-coast-coach-salah-not-only-concern-in-egypt-clash\\\/\"},\"author\":{\"name\":\"Bladna Sports Desk\",\"@id\":\"https:\\\/\\\/mediumseagreen-eel-531711.hostingersite.com\\\/#\\\/schema\\\/person\\\/6712b38fabe810f7eb8d15ed30d90f1e\"},\"headline\":\"Ivory Coast coach: Salah not only concern in Egypt clash\",\"datePublished\":\"2026-01-07T18:15:12+00:00\",\"mainEntityOfPage\":{\"@id\":\"https:\\\/\\\/bladnanews.com\\\/ivory-coast-coach-salah-not-only-concern-in-egypt-clash\\\/\"},\"wordCount\":179,\"publisher\":{\"@id\":\"https:\\\/\\\/mediumseagreen-eel-531711.hostingersite.com\\\/#organization\"},\"image\":{\"@id\":\"https:\\\/\\\/bladnanews.com\\\/ivory-coast-coach-salah-not-only-concern-in-egypt-clash\\\/#primaryimage\"},\"thumbnailUrl\":\"https:\\\/\\\/bladnanews.com\\\/wp-content\\\/uploads\\\/2026\\\/01\\\/GettyImages-2233231246.jpg.jpg\",\"articleSection\":[\"Latest News\",\"Morocco National Team\"],\"inLanguage\":\"fr-FR\",\"copyrightYear\":\"2026\",\"copyrightHolder\":{\"@id\":\"https:\\\/\\\/bladnanews.com\\\/fr\\\/#organization\"}},{\"@type\":\"WebPage\",\"@id\":\"https:\\\/\\\/bladnanews.com\\\/ivory-coast-coach-salah-not-only-concern-in-egypt-clash\\\/\",\"url\":\"https:\\\/\\\/bladnanews.com\\\/ivory-coast-coach-salah-not-only-concern-in-egypt-clash\\\/\",\"name\":\"Ivory Coast coach: Salah not only concern in Egypt clash - Bladna News\",\"isPartOf\":{\"@id\":\"https:\\\/\\\/mediumseagreen-eel-531711.hostingersite.com\\\/#website\"},\"primaryImageOfPage\":{\"@id\":\"https:\\\/\\\/bladnanews.com\\\/ivory-coast-coach-salah-not-only-concern-in-egypt-clash\\\/#primaryimage\"},\"image\":{\"@id\":\"https:\\\/\\\/bladnanews.com\\\/ivory-coast-coach-salah-not-only-concern-in-egypt-clash\\\/#primaryimage\"},\"thumbnailUrl\":\"https:\\\/\\\/bladnanews.com\\\/wp-content\\\/uploads\\\/2026\\\/01\\\/GettyImages-2233231246.jpg.jpg\",\"datePublished\":\"2026-01-07T18:15:12+00:00\",\"breadcrumb\":{\"@id\":\"https:\\\/\\\/bladnanews.com\\\/ivory-coast-coach-salah-not-only-concern-in-egypt-clash\\\/#breadcrumb\"},\"inLanguage\":\"fr-FR\",\"potentialAction\":[{\"@type\":\"ReadAction\",\"target\":[\"https:\\\/\\\/bladnanews.com\\\/ivory-coast-coach-salah-not-only-concern-in-egypt-clash\\\/\"]}]},{\"@type\":\"ImageObject\",\"inLanguage\":\"fr-FR\",\"@id\":\"https:\\\/\\\/bladnanews.com\\\/ivory-coast-coach-salah-not-only-concern-in-egypt-clash\\\/#primaryimage\",\"url\":\"https:\\\/\\\/bladnanews.com\\\/wp-content\\\/uploads\\\/2026\\\/01\\\/GettyImages-2233231246.jpg.jpg\",\"contentUrl\":\"https:\\\/\\\/bladnanews.com\\\/wp-content\\\/uploads\\\/2026\\\/01\\\/GettyImages-2233231246.jpg.jpg\",\"width\":2560,\"height\":1440,\"caption\":\"Moroccan coach gesturing to players during training, emphasizing strategy, with a teammate in the background observing.\"},{\"@type\":\"BreadcrumbList\",\"@id\":\"https:\\\/\\\/bladnanews.com\\\/ivory-coast-coach-salah-not-only-concern-in-egypt-clash\\\/#breadcrumb\",\"itemListElement\":[{\"@type\":\"ListItem\",\"position\":1,\"name\":\"Home\",\"item\":\"https:\\\/\\\/bladnanews.com\\\/\"},{\"@type\":\"ListItem\",\"position\":2,\"name\":\"Ivory Coast coach: Salah not only concern in Egypt clash\"}]},{\"@type\":\"WebSite\",\"@id\":\"https:\\\/\\\/mediumseagreen-eel-531711.hostingersite.com\\\/#website\",\"url\":\"https:\\\/\\\/mediumseagreen-eel-531711.hostingersite.com\\\/\",\"name\":\"Bladna News - Morocco\",\"description\":\"Where Moroccan Football Meets the World\",\"publisher\":{\"@id\":\"https:\\\/\\\/mediumseagreen-eel-531711.hostingersite.com\\\/#organization\"},\"potentialAction\":[{\"@type\":\"SearchAction\",\"target\":{\"@type\":\"EntryPoint\",\"urlTemplate\":\"https:\\\/\\\/mediumseagreen-eel-531711.hostingersite.com\\\/?s={search_term_string}\"},\"query-input\":{\"@type\":\"PropertyValueSpecification\",\"valueRequired\":true,\"valueName\":\"search_term_string\"}}],\"inLanguage\":\"fr-FR\"},{\"@type\":\"Organization\",\"@id\":\"https:\\\/\\\/mediumseagreen-eel-531711.hostingersite.com\\\/#organization\",\"name\":\"Bladna News.com\",\"url\":\"https:\\\/\\\/mediumseagreen-eel-531711.hostingersite.com\\\/\",\"logo\":{\"@type\":\"ImageObject\",\"inLanguage\":\"fr-FR\",\"@id\":\"https:\\\/\\\/mediumseagreen-eel-531711.hostingersite.com\\\/#\\\/schema\\\/logo\\\/image\\\/\",\"url\":\"https:\\\/\\\/bladnanews.com\\\/wp-content\\\/uploads\\\/2025\\\/12\\\/logo-bladnanews-V2-web-black-red.png\",\"contentUrl\":\"https:\\\/\\\/bladnanews.com\\\/wp-content\\\/uploads\\\/2025\\\/12\\\/logo-bladnanews-V2-web-black-red.png\",\"width\":703,\"height\":287,\"caption\":\"Bladna News.com\"},\"image\":{\"@id\":\"https:\\\/\\\/mediumseagreen-eel-531711.hostingersite.com\\\/#\\\/schema\\\/logo\\\/image\\\/\"},\"email\":\"info@bladnanews.com\",\"legalName\":\"Bladna News\"},{\"@type\":\"Person\",\"@id\":\"https:\\\/\\\/mediumseagreen-eel-531711.hostingersite.com\\\/#\\\/schema\\\/person\\\/6712b38fabe810f7eb8d15ed30d90f1e\",\"name\":\"Bladna Sports Desk\",\"url\":\"https:\\\/\\\/bladnanews.com\\\/fr\\\/author\\\/bladna-sports-desk\\\/\"}]}<\/script>\n<!-- \/ Yoast SEO Premium plugin. -->","yoast_head_json":{"title":"Entra\u00eeneur de la C\u00f4te d'Ivoire : Salah n'est pas la seule pr\u00e9occupation dans l'affrontement contre l'\u00c9gypte - Bladna News","robots":{"index":"index","follow":"follow","max-snippet":"max-snippet:-1","max-image-preview":"max-image-preview:large","max-video-preview":"max-video-preview:-1"},"canonical":"https:\/\/bladnanews.com\/fr\/lentraineur-de-la-cote-divoire-salah-ne-se-preoccupe-pas-seulement-du-choc-contre-legypte\/","og_locale":"fr_FR","og_type":"article","og_title":"Ivory Coast coach: Salah not only concern in Egypt clash","og_description":"Ivory Coast head coach Emerse Fa\u00e9 said Mohamed Salah will not be his team\u2019s only focus when they face Egypt, [&hellip;]","og_url":"https:\/\/bladnanews.com\/fr\/lentraineur-de-la-cote-divoire-salah-ne-se-preoccupe-pas-seulement-du-choc-contre-legypte\/","og_site_name":"Bladna News","article_published_time":"2026-01-07T18:15:12+00:00","og_image":[{"width":1312,"height":736,"url":"https:\/\/bladnanews.com\/wp-content\/uploads\/2025\/12\/freepik__bladna-newscom-moroccan-soccer-homepage-banner-mor__41838.png","type":"image\/png"}],"author":"Bladna Sports Desk","twitter_card":"summary_large_image","twitter_misc":{"\u00c9crit par":"Bladna Sports Desk","Dur\u00e9e de lecture estim\u00e9e":"1 minute"},"schema":{"@context":"https:\/\/schema.org","@graph":[{"@type":"Article","@id":"https:\/\/bladnanews.com\/ivory-coast-coach-salah-not-only-concern-in-egypt-clash\/#article","isPartOf":{"@id":"https:\/\/bladnanews.com\/ivory-coast-coach-salah-not-only-concern-in-egypt-clash\/"},"author":{"name":"Bladna Sports Desk","@id":"https:\/\/mediumseagreen-eel-531711.hostingersite.com\/#\/schema\/person\/6712b38fabe810f7eb8d15ed30d90f1e"},"headline":"Ivory Coast coach: Salah not only concern in Egypt clash","datePublished":"2026-01-07T18:15:12+00:00","mainEntityOfPage":{"@id":"https:\/\/bladnanews.com\/ivory-coast-coach-salah-not-only-concern-in-egypt-clash\/"},"wordCount":179,"publisher":{"@id":"https:\/\/mediumseagreen-eel-531711.hostingersite.com\/#organization"},"image":{"@id":"https:\/\/bladnanews.com\/ivory-coast-coach-salah-not-only-concern-in-egypt-clash\/#primaryimage"},"thumbnailUrl":"https:\/\/bladnanews.com\/wp-content\/uploads\/2026\/01\/GettyImages-2233231246.jpg.jpg","articleSection":["Latest News","Morocco National Team"],"inLanguage":"fr-FR","copyrightYear":"2026","copyrightHolder":{"@id":"https:\/\/bladnanews.com\/fr\/#organization"}},{"@type":"WebPage","@id":"https:\/\/bladnanews.com\/ivory-coast-coach-salah-not-only-concern-in-egypt-clash\/","url":"https:\/\/bladnanews.com\/ivory-coast-coach-salah-not-only-concern-in-egypt-clash\/","name":"Entra\u00eeneur de la C\u00f4te d'Ivoire : Salah n'est pas la seule pr\u00e9occupation dans l'affrontement contre l'\u00c9gypte - Bladna News","isPartOf":{"@id":"https:\/\/mediumseagreen-eel-531711.hostingersite.com\/#website"},"primaryImageOfPage":{"@id":"https:\/\/bladnanews.com\/ivory-coast-coach-salah-not-only-concern-in-egypt-clash\/#primaryimage"},"image":{"@id":"https:\/\/bladnanews.com\/ivory-coast-coach-salah-not-only-concern-in-egypt-clash\/#primaryimage"},"thumbnailUrl":"https:\/\/bladnanews.com\/wp-content\/uploads\/2026\/01\/GettyImages-2233231246.jpg.jpg","datePublished":"2026-01-07T18:15:12+00:00","breadcrumb":{"@id":"https:\/\/bladnanews.com\/ivory-coast-coach-salah-not-only-concern-in-egypt-clash\/#breadcrumb"},"inLanguage":"fr-FR","potentialAction":[{"@type":"ReadAction","target":["https:\/\/bladnanews.com\/ivory-coast-coach-salah-not-only-concern-in-egypt-clash\/"]}]},{"@type":"ImageObject","inLanguage":"fr-FR","@id":"https:\/\/bladnanews.com\/ivory-coast-coach-salah-not-only-concern-in-egypt-clash\/#primaryimage","url":"https:\/\/bladnanews.com\/wp-content\/uploads\/2026\/01\/GettyImages-2233231246.jpg.jpg","contentUrl":"https:\/\/bladnanews.com\/wp-content\/uploads\/2026\/01\/GettyImages-2233231246.jpg.jpg","width":2560,"height":1440,"caption":"Moroccan coach gesturing to players during training, emphasizing strategy, with a teammate in the background observing."},{"@type":"BreadcrumbList","@id":"https:\/\/bladnanews.com\/ivory-coast-coach-salah-not-only-concern-in-egypt-clash\/#breadcrumb","itemListElement":[{"@type":"ListItem","position":1,"name":"Home","item":"https:\/\/bladnanews.com\/"},{"@type":"ListItem","position":2,"name":"Ivory Coast coach: Salah not only concern in Egypt clash"}]},{"@type":"WebSite","@id":"https:\/\/mediumseagreen-eel-531711.hostingersite.com\/#website","url":"https:\/\/mediumseagreen-eel-531711.hostingersite.com\/","name":"Bladna News - Maroc","description":"Quand le football marocain rencontre le monde","publisher":{"@id":"https:\/\/mediumseagreen-eel-531711.hostingersite.com\/#organization"},"potentialAction":[{"@type":"SearchAction","target":{"@type":"EntryPoint","urlTemplate":"https:\/\/mediumseagreen-eel-531711.hostingersite.com\/?s={search_term_string}"},"query-input":{"@type":"PropertyValueSpecification","valueRequired":true,"valueName":"search_term_string"}}],"inLanguage":"fr-FR"},{"@type":"Organization","@id":"https:\/\/mediumseagreen-eel-531711.hostingersite.com\/#organization","name":"Bladna News.com","url":"https:\/\/mediumseagreen-eel-531711.hostingersite.com\/","logo":{"@type":"ImageObject","inLanguage":"fr-FR","@id":"https:\/\/mediumseagreen-eel-531711.hostingersite.com\/#\/schema\/logo\/image\/","url":"https:\/\/bladnanews.com\/wp-content\/uploads\/2025\/12\/logo-bladnanews-V2-web-black-red.png","contentUrl":"https:\/\/bladnanews.com\/wp-content\/uploads\/2025\/12\/logo-bladnanews-V2-web-black-red.png","width":703,"height":287,"caption":"Bladna News.com"},"image":{"@id":"https:\/\/mediumseagreen-eel-531711.hostingersite.com\/#\/schema\/logo\/image\/"},"email":"info@bladnanews.com","legalName":"Bladna News"},{"@type":"Person","@id":"https:\/\/mediumseagreen-eel-531711.hostingersite.com\/#\/schema\/person\/6712b38fabe810f7eb8d15ed30d90f1e","name":"Bladna Sports Desk","url":"https:\/\/bladnanews.com\/fr\/author\/bladna-sports-desk\/"}]}},"_links":{"self":[{"href":"https:\/\/bladnanews.com\/fr\/wp-json\/wp\/v2\/posts\/5157","targetHints":{"allow":["GET"]}}],"collection":[{"href":"https:\/\/bladnanews.com\/fr\/wp-json\/wp\/v2\/posts"}],"about":[{"href":"https:\/\/bladnanews.com\/fr\/wp-json\/wp\/v2\/types\/post"}],"author":[{"embeddable":true,"href":"https:\/\/bladnanews.com\/fr\/wp-json\/wp\/v2\/users\/4"}],"replies":[{"embeddable":true,"href":"https:\/\/bladnanews.com\/fr\/wp-json\/wp\/v2\/comments?post=5157"}],"version-history":[{"count":0,"href":"https:\/\/bladnanews.com\/fr\/wp-json\/wp\/v2\/posts\/5157\/revisions"}],"wp:featuredmedia":[{"embeddable":true,"href":"https:\/\/bladnanews.com\/fr\/wp-json\/wp\/v2\/media\/5156"}],"wp:attachment":[{"href":"https:\/\/bladnanews.com\/fr\/wp-json\/wp\/v2\/media?parent=5157"}],"wp:term":[{"taxonomy":"category","embeddable":true,"href":"https:\/\/bladnanews.com\/fr\/wp-json\/wp\/v2\/categories?post=5157"},{"taxonomy":"post_tag","embeddable":true,"href":"https:\/\/bladnanews.com\/fr\/wp-json\/wp\/v2\/tags?post=5157"}],"curies":[{"name":"wp","href":"https:\/\/api.w.org\/{rel}","templated":true}]}}