{"id":5191,"date":"2026-01-07T18:29:07","date_gmt":"2026-01-07T18:29:07","guid":{"rendered":"https:\/\/bladnanews.com\/mahrez-recreates-cristiano-moment-with-stunning-afcon-move\/"},"modified":"2026-01-07T18:29:07","modified_gmt":"2026-01-07T18:29:07","slug":"mahrez-recree-le-moment-de-cristiano-avec-un-mouvement-impressionnant-a-la-can","status":"publish","type":"post","link":"https:\/\/bladnanews.com\/fr\/mahrez-recree-le-moment-de-cristiano-avec-un-mouvement-impressionnant-a-la-can\/","title":{"rendered":"Mahrez recr\u00e9e le moment de Cristiano avec un mouvement \u00e9poustouflant \u00e0 la CAN."},"content":{"rendered":"<p>Capitaine de l'Alg\u00e9rie <strong>Riyad Mahrez<\/strong> a produit un moment qui a rappel\u00e9 \u00e0 beaucoup <strong>Cristiano Ronaldo<\/strong> lors du match de son \u00e9quipe \u00e0 la <strong>Coupe d'Afrique des Nations<\/strong>, alors que l'ailier a r\u00e9alis\u00e9 une d\u00e9monstration technique frappante qui a rapidement attir\u00e9 l'attention.<\/p>\n<p>Dans une zone encombr\u00e9e sur le c\u00f4t\u00e9, Mahrez a contr\u00f4l\u00e9 le ballon avec fluidit\u00e9 avant de faire preuve de vivacit\u00e9 pour \u00e9chapper \u00e0 la pression, utilisant un virage sec et un changement de direction pour semer son marqueur. Cette action a ouvert l'espace pour qu'il puisse progresser et poursuivre l'attaque, d\u00e9clenchant une vague de r\u00e9actions dans le stade et sur les r\u00e9seaux sociaux.<\/p>\n<p>La s\u00e9quence s'est rapidement propag\u00e9e en ligne, les supporters la comparant \u00e0 une signature bien connue de Ronaldo : le m\u00eame type de changement soudain de position du corps et de variation explosive d'allure souvent utilis\u00e9 pour battre les d\u00e9fenseurs en un contre un.<\/p>\n<p>Mahrez, reconnu pour son contr\u00f4le serr\u00e9 et sa touche de balle calme, est l'une des figures cl\u00e9s de l'Alg\u00e9rie \u00e0 la CAN, et cet incident r\u00e9cent a soulign\u00e9 sa capacit\u00e9 \u00e0 d\u00e9cider des moments par la technique autant que par les buts et les passes d\u00e9cisives.<\/p>\n<p>L'encha\u00eenement n'avait pas besoin d'aboutir \u00e0 une finition pour marquer les esprits. C'\u00e9tait le type d'action qui rel\u00e8ve le tempo, dynamise les co\u00e9quipiers et envoie un message clair sur la confiance avec le ballon, particuli\u00e8rement dans un tournoi o\u00f9 les matchs sont souvent serr\u00e9s et les espaces limit\u00e9s.<\/p>\n<p>Le geste \u201c style Cristiano \u201d de Mahrez a ajout\u00e9 un autre temps fort aux r\u00e9cits de la CAN, alors que l'Alg\u00e9rie poursuit sa campagne avec l'espoir d'aller loin dans la comp\u00e9tition.<\/p>","protected":false},"excerpt":{"rendered":"<p>Algeria captain Riyad Mahrez produced a moment that reminded many of Cristiano Ronaldo during his side\u2019s match at the Africa [&hellip;]<\/p>\n","protected":false},"author":4,"featured_media":5190,"comment_status":"","ping_status":"open","sticky":false,"template":"","format":"standard","meta":{"googlesitekit_rrm_CAow_uzEDA:productID":"","site-sidebar-layout":"default","site-content-layout":"","ast-site-content-layout":"default","site-content-style":"default","site-sidebar-style":"default","ast-global-header-display":"","ast-banner-title-visibility":"","ast-main-header-display":"","ast-hfb-above-header-display":"","ast-hfb-below-header-display":"","ast-hfb-mobile-header-display":"","site-post-title":"","ast-breadcrumbs-content":"","ast-featured-img":"","footer-sml-layout":"","ast-disable-related-posts":"","theme-transparent-header-meta":"","adv-header-id-meta":"","stick-header-meta":"","header-above-stick-meta":"","header-main-stick-meta":"","header-below-stick-meta":"","astra-migrate-meta-layouts":"default","ast-page-background-enabled":"default","ast-page-background-meta":{"desktop":{"background-color":"var(--ast-global-color-5)","background-image":"","background-repeat":"repeat","background-position":"center center","background-size":"auto","background-attachment":"scroll","background-type":"","background-media":"","overlay-type":"","overlay-color":"","overlay-opacity":"","overlay-gradient":""},"tablet":{"background-color":"","background-image":"","background-repeat":"repeat","background-position":"center center","background-size":"auto","background-attachment":"scroll","background-type":"","background-media":"","overlay-type":"","overlay-color":"","overlay-opacity":"","overlay-gradient":""},"mobile":{"background-color":"","background-image":"","background-repeat":"repeat","background-position":"center center","background-size":"auto","background-attachment":"scroll","background-type":"","background-media":"","overlay-type":"","overlay-color":"","overlay-opacity":"","overlay-gradient":""}},"ast-content-background-meta":{"desktop":{"background-color":"var(--ast-global-color-4)","background-image":"","background-repeat":"repeat","background-position":"center center","background-size":"auto","background-attachment":"scroll","background-type":"","background-media":"","overlay-type":"","overlay-color":"","overlay-opacity":"","overlay-gradient":""},"tablet":{"background-color":"var(--ast-global-color-4)","background-image":"","background-repeat":"repeat","background-position":"center center","background-size":"auto","background-attachment":"scroll","background-type":"","background-media":"","overlay-type":"","overlay-color":"","overlay-opacity":"","overlay-gradient":""},"mobile":{"background-color":"var(--ast-global-color-4)","background-image":"","background-repeat":"repeat","background-position":"center center","background-size":"auto","background-attachment":"scroll","background-type":"","background-media":"","overlay-type":"","overlay-color":"","overlay-opacity":"","overlay-gradient":""}},"footnotes":""},"categories":[1,168],"tags":[],"class_list":["post-5191","post","type-post","status-publish","format-standard","has-post-thumbnail","hentry","category-football-latest-news","category-morocco-national-team"],"yoast_head":"<!-- This site is optimized with the Yoast SEO Premium plugin v26.6 (Yoast SEO v27.4) - https:\/\/yoast.com\/product\/yoast-seo-premium-wordpress\/ -->\n<title>Mahrez recreates Cristiano moment with stunning AFCON move - Bladna News<\/title>\n<meta name=\"robots\" content=\"index, follow, max-snippet:-1, max-image-preview:large, max-video-preview:-1\" \/>\n<link rel=\"canonical\" href=\"https:\/\/bladnanews.com\/fr\/mahrez-recree-le-moment-de-cristiano-avec-un-mouvement-impressionnant-a-la-can\/\" \/>\n<meta property=\"og:locale\" content=\"fr_FR\" \/>\n<meta property=\"og:type\" content=\"article\" \/>\n<meta property=\"og:title\" content=\"Mahrez recreates Cristiano moment with stunning AFCON move\" \/>\n<meta property=\"og:description\" content=\"Algeria captain Riyad Mahrez produced a moment that reminded many of Cristiano Ronaldo during his side\u2019s match at the Africa [&hellip;]\" \/>\n<meta property=\"og:url\" content=\"https:\/\/bladnanews.com\/fr\/mahrez-recree-le-moment-de-cristiano-avec-un-mouvement-impressionnant-a-la-can\/\" \/>\n<meta property=\"og:site_name\" content=\"Bladna News\" \/>\n<meta property=\"article:published_time\" content=\"2026-01-07T18:29:07+00:00\" \/>\n<meta property=\"og:image\" content=\"https:\/\/bladnanews.com\/wp-content\/uploads\/2025\/12\/freepik__bladna-newscom-moroccan-soccer-homepage-banner-mor__41838.png\" \/>\n\t<meta property=\"og:image:width\" content=\"1312\" \/>\n\t<meta property=\"og:image:height\" content=\"736\" \/>\n\t<meta property=\"og:image:type\" content=\"image\/png\" \/>\n<meta name=\"author\" content=\"Bladna Sports Desk\" \/>\n<meta name=\"twitter:card\" content=\"summary_large_image\" \/>\n<meta name=\"twitter:label1\" content=\"\u00c9crit par\" \/>\n\t<meta name=\"twitter:data1\" content=\"Bladna Sports Desk\" \/>\n\t<meta name=\"twitter:label2\" content=\"Dur\u00e9e de lecture estim\u00e9e\" \/>\n\t<meta name=\"twitter:data2\" content=\"1 minute\" \/>\n<script type=\"application\/ld+json\" class=\"yoast-schema-graph\">{\"@context\":\"https:\\\/\\\/schema.org\",\"@graph\":[{\"@type\":\"Article\",\"@id\":\"https:\\\/\\\/bladnanews.com\\\/mahrez-recreates-cristiano-moment-with-stunning-afcon-move\\\/#article\",\"isPartOf\":{\"@id\":\"https:\\\/\\\/bladnanews.com\\\/mahrez-recreates-cristiano-moment-with-stunning-afcon-move\\\/\"},\"author\":{\"name\":\"Bladna Sports Desk\",\"@id\":\"https:\\\/\\\/mediumseagreen-eel-531711.hostingersite.com\\\/#\\\/schema\\\/person\\\/6712b38fabe810f7eb8d15ed30d90f1e\"},\"headline\":\"Mahrez recreates Cristiano moment with stunning AFCON move\",\"datePublished\":\"2026-01-07T18:29:07+00:00\",\"mainEntityOfPage\":{\"@id\":\"https:\\\/\\\/bladnanews.com\\\/mahrez-recreates-cristiano-moment-with-stunning-afcon-move\\\/\"},\"wordCount\":252,\"publisher\":{\"@id\":\"https:\\\/\\\/mediumseagreen-eel-531711.hostingersite.com\\\/#organization\"},\"image\":{\"@id\":\"https:\\\/\\\/bladnanews.com\\\/mahrez-recreates-cristiano-moment-with-stunning-afcon-move\\\/#primaryimage\"},\"thumbnailUrl\":\"https:\\\/\\\/bladnanews.com\\\/wp-content\\\/uploads\\\/2026\\\/01\\\/GettyImages-2254308234-1.jpg-1.jpg\",\"articleSection\":[\"Latest News\",\"Morocco National Team\"],\"inLanguage\":\"fr-FR\",\"copyrightYear\":\"2026\",\"copyrightHolder\":{\"@id\":\"https:\\\/\\\/bladnanews.com\\\/fr\\\/#organization\"}},{\"@type\":\"WebPage\",\"@id\":\"https:\\\/\\\/bladnanews.com\\\/mahrez-recreates-cristiano-moment-with-stunning-afcon-move\\\/\",\"url\":\"https:\\\/\\\/bladnanews.com\\\/mahrez-recreates-cristiano-moment-with-stunning-afcon-move\\\/\",\"name\":\"Mahrez recreates Cristiano moment with stunning AFCON move - Bladna News\",\"isPartOf\":{\"@id\":\"https:\\\/\\\/mediumseagreen-eel-531711.hostingersite.com\\\/#website\"},\"primaryImageOfPage\":{\"@id\":\"https:\\\/\\\/bladnanews.com\\\/mahrez-recreates-cristiano-moment-with-stunning-afcon-move\\\/#primaryimage\"},\"image\":{\"@id\":\"https:\\\/\\\/bladnanews.com\\\/mahrez-recreates-cristiano-moment-with-stunning-afcon-move\\\/#primaryimage\"},\"thumbnailUrl\":\"https:\\\/\\\/bladnanews.com\\\/wp-content\\\/uploads\\\/2026\\\/01\\\/GettyImages-2254308234-1.jpg-1.jpg\",\"datePublished\":\"2026-01-07T18:29:07+00:00\",\"breadcrumb\":{\"@id\":\"https:\\\/\\\/bladnanews.com\\\/mahrez-recreates-cristiano-moment-with-stunning-afcon-move\\\/#breadcrumb\"},\"inLanguage\":\"fr-FR\",\"potentialAction\":[{\"@type\":\"ReadAction\",\"target\":[\"https:\\\/\\\/bladnanews.com\\\/mahrez-recreates-cristiano-moment-with-stunning-afcon-move\\\/\"]}]},{\"@type\":\"ImageObject\",\"inLanguage\":\"fr-FR\",\"@id\":\"https:\\\/\\\/bladnanews.com\\\/mahrez-recreates-cristiano-moment-with-stunning-afcon-move\\\/#primaryimage\",\"url\":\"https:\\\/\\\/bladnanews.com\\\/wp-content\\\/uploads\\\/2026\\\/01\\\/GettyImages-2254308234-1.jpg-1.jpg\",\"contentUrl\":\"https:\\\/\\\/bladnanews.com\\\/wp-content\\\/uploads\\\/2026\\\/01\\\/GettyImages-2254308234-1.jpg-1.jpg\",\"width\":2560,\"height\":1440,\"caption\":\"Riyad Mahrez of Algeria battles for the ball against an opponent during a heated moment in an AFCON match, showcasing intense competition.\"},{\"@type\":\"BreadcrumbList\",\"@id\":\"https:\\\/\\\/bladnanews.com\\\/mahrez-recreates-cristiano-moment-with-stunning-afcon-move\\\/#breadcrumb\",\"itemListElement\":[{\"@type\":\"ListItem\",\"position\":1,\"name\":\"Home\",\"item\":\"https:\\\/\\\/bladnanews.com\\\/\"},{\"@type\":\"ListItem\",\"position\":2,\"name\":\"Mahrez recreates Cristiano moment with stunning AFCON move\"}]},{\"@type\":\"WebSite\",\"@id\":\"https:\\\/\\\/mediumseagreen-eel-531711.hostingersite.com\\\/#website\",\"url\":\"https:\\\/\\\/mediumseagreen-eel-531711.hostingersite.com\\\/\",\"name\":\"Bladna News - Morocco\",\"description\":\"Where Moroccan Football Meets the World\",\"publisher\":{\"@id\":\"https:\\\/\\\/mediumseagreen-eel-531711.hostingersite.com\\\/#organization\"},\"potentialAction\":[{\"@type\":\"SearchAction\",\"target\":{\"@type\":\"EntryPoint\",\"urlTemplate\":\"https:\\\/\\\/mediumseagreen-eel-531711.hostingersite.com\\\/?s={search_term_string}\"},\"query-input\":{\"@type\":\"PropertyValueSpecification\",\"valueRequired\":true,\"valueName\":\"search_term_string\"}}],\"inLanguage\":\"fr-FR\"},{\"@type\":\"Organization\",\"@id\":\"https:\\\/\\\/mediumseagreen-eel-531711.hostingersite.com\\\/#organization\",\"name\":\"Bladna News.com\",\"url\":\"https:\\\/\\\/mediumseagreen-eel-531711.hostingersite.com\\\/\",\"logo\":{\"@type\":\"ImageObject\",\"inLanguage\":\"fr-FR\",\"@id\":\"https:\\\/\\\/mediumseagreen-eel-531711.hostingersite.com\\\/#\\\/schema\\\/logo\\\/image\\\/\",\"url\":\"https:\\\/\\\/bladnanews.com\\\/wp-content\\\/uploads\\\/2025\\\/12\\\/logo-bladnanews-V2-web-black-red.png\",\"contentUrl\":\"https:\\\/\\\/bladnanews.com\\\/wp-content\\\/uploads\\\/2025\\\/12\\\/logo-bladnanews-V2-web-black-red.png\",\"width\":703,\"height\":287,\"caption\":\"Bladna News.com\"},\"image\":{\"@id\":\"https:\\\/\\\/mediumseagreen-eel-531711.hostingersite.com\\\/#\\\/schema\\\/logo\\\/image\\\/\"},\"email\":\"info@bladnanews.com\",\"legalName\":\"Bladna News\"},{\"@type\":\"Person\",\"@id\":\"https:\\\/\\\/mediumseagreen-eel-531711.hostingersite.com\\\/#\\\/schema\\\/person\\\/6712b38fabe810f7eb8d15ed30d90f1e\",\"name\":\"Bladna Sports Desk\",\"url\":\"https:\\\/\\\/bladnanews.com\\\/fr\\\/author\\\/bladna-sports-desk\\\/\"}]}<\/script>\n<!-- \/ Yoast SEO Premium plugin. -->","yoast_head_json":{"title":"Mahrez recr\u00e9e le moment de Cristiano avec un mouvement \u00e9poustouflant \u00e0 la CAN - Bladna News","robots":{"index":"index","follow":"follow","max-snippet":"max-snippet:-1","max-image-preview":"max-image-preview:large","max-video-preview":"max-video-preview:-1"},"canonical":"https:\/\/bladnanews.com\/fr\/mahrez-recree-le-moment-de-cristiano-avec-un-mouvement-impressionnant-a-la-can\/","og_locale":"fr_FR","og_type":"article","og_title":"Mahrez recreates Cristiano moment with stunning AFCON move","og_description":"Algeria captain Riyad Mahrez produced a moment that reminded many of Cristiano Ronaldo during his side\u2019s match at the Africa [&hellip;]","og_url":"https:\/\/bladnanews.com\/fr\/mahrez-recree-le-moment-de-cristiano-avec-un-mouvement-impressionnant-a-la-can\/","og_site_name":"Bladna News","article_published_time":"2026-01-07T18:29:07+00:00","og_image":[{"width":1312,"height":736,"url":"https:\/\/bladnanews.com\/wp-content\/uploads\/2025\/12\/freepik__bladna-newscom-moroccan-soccer-homepage-banner-mor__41838.png","type":"image\/png"}],"author":"Bladna Sports Desk","twitter_card":"summary_large_image","twitter_misc":{"\u00c9crit par":"Bladna Sports Desk","Dur\u00e9e de lecture estim\u00e9e":"1 minute"},"schema":{"@context":"https:\/\/schema.org","@graph":[{"@type":"Article","@id":"https:\/\/bladnanews.com\/mahrez-recreates-cristiano-moment-with-stunning-afcon-move\/#article","isPartOf":{"@id":"https:\/\/bladnanews.com\/mahrez-recreates-cristiano-moment-with-stunning-afcon-move\/"},"author":{"name":"Bladna Sports Desk","@id":"https:\/\/mediumseagreen-eel-531711.hostingersite.com\/#\/schema\/person\/6712b38fabe810f7eb8d15ed30d90f1e"},"headline":"Mahrez recreates Cristiano moment with stunning AFCON move","datePublished":"2026-01-07T18:29:07+00:00","mainEntityOfPage":{"@id":"https:\/\/bladnanews.com\/mahrez-recreates-cristiano-moment-with-stunning-afcon-move\/"},"wordCount":252,"publisher":{"@id":"https:\/\/mediumseagreen-eel-531711.hostingersite.com\/#organization"},"image":{"@id":"https:\/\/bladnanews.com\/mahrez-recreates-cristiano-moment-with-stunning-afcon-move\/#primaryimage"},"thumbnailUrl":"https:\/\/bladnanews.com\/wp-content\/uploads\/2026\/01\/GettyImages-2254308234-1.jpg-1.jpg","articleSection":["Latest News","Morocco National Team"],"inLanguage":"fr-FR","copyrightYear":"2026","copyrightHolder":{"@id":"https:\/\/bladnanews.com\/fr\/#organization"}},{"@type":"WebPage","@id":"https:\/\/bladnanews.com\/mahrez-recreates-cristiano-moment-with-stunning-afcon-move\/","url":"https:\/\/bladnanews.com\/mahrez-recreates-cristiano-moment-with-stunning-afcon-move\/","name":"Mahrez recr\u00e9e le moment de Cristiano avec un mouvement \u00e9poustouflant \u00e0 la CAN - Bladna News","isPartOf":{"@id":"https:\/\/mediumseagreen-eel-531711.hostingersite.com\/#website"},"primaryImageOfPage":{"@id":"https:\/\/bladnanews.com\/mahrez-recreates-cristiano-moment-with-stunning-afcon-move\/#primaryimage"},"image":{"@id":"https:\/\/bladnanews.com\/mahrez-recreates-cristiano-moment-with-stunning-afcon-move\/#primaryimage"},"thumbnailUrl":"https:\/\/bladnanews.com\/wp-content\/uploads\/2026\/01\/GettyImages-2254308234-1.jpg-1.jpg","datePublished":"2026-01-07T18:29:07+00:00","breadcrumb":{"@id":"https:\/\/bladnanews.com\/mahrez-recreates-cristiano-moment-with-stunning-afcon-move\/#breadcrumb"},"inLanguage":"fr-FR","potentialAction":[{"@type":"ReadAction","target":["https:\/\/bladnanews.com\/mahrez-recreates-cristiano-moment-with-stunning-afcon-move\/"]}]},{"@type":"ImageObject","inLanguage":"fr-FR","@id":"https:\/\/bladnanews.com\/mahrez-recreates-cristiano-moment-with-stunning-afcon-move\/#primaryimage","url":"https:\/\/bladnanews.com\/wp-content\/uploads\/2026\/01\/GettyImages-2254308234-1.jpg-1.jpg","contentUrl":"https:\/\/bladnanews.com\/wp-content\/uploads\/2026\/01\/GettyImages-2254308234-1.jpg-1.jpg","width":2560,"height":1440,"caption":"Riyad Mahrez of Algeria battles for the ball against an opponent during a heated moment in an AFCON match, showcasing intense competition."},{"@type":"BreadcrumbList","@id":"https:\/\/bladnanews.com\/mahrez-recreates-cristiano-moment-with-stunning-afcon-move\/#breadcrumb","itemListElement":[{"@type":"ListItem","position":1,"name":"Home","item":"https:\/\/bladnanews.com\/"},{"@type":"ListItem","position":2,"name":"Mahrez recreates Cristiano moment with stunning AFCON move"}]},{"@type":"WebSite","@id":"https:\/\/mediumseagreen-eel-531711.hostingersite.com\/#website","url":"https:\/\/mediumseagreen-eel-531711.hostingersite.com\/","name":"Bladna News - Maroc","description":"Quand le football marocain rencontre le monde","publisher":{"@id":"https:\/\/mediumseagreen-eel-531711.hostingersite.com\/#organization"},"potentialAction":[{"@type":"SearchAction","target":{"@type":"EntryPoint","urlTemplate":"https:\/\/mediumseagreen-eel-531711.hostingersite.com\/?s={search_term_string}"},"query-input":{"@type":"PropertyValueSpecification","valueRequired":true,"valueName":"search_term_string"}}],"inLanguage":"fr-FR"},{"@type":"Organization","@id":"https:\/\/mediumseagreen-eel-531711.hostingersite.com\/#organization","name":"Bladna News.com","url":"https:\/\/mediumseagreen-eel-531711.hostingersite.com\/","logo":{"@type":"ImageObject","inLanguage":"fr-FR","@id":"https:\/\/mediumseagreen-eel-531711.hostingersite.com\/#\/schema\/logo\/image\/","url":"https:\/\/bladnanews.com\/wp-content\/uploads\/2025\/12\/logo-bladnanews-V2-web-black-red.png","contentUrl":"https:\/\/bladnanews.com\/wp-content\/uploads\/2025\/12\/logo-bladnanews-V2-web-black-red.png","width":703,"height":287,"caption":"Bladna News.com"},"image":{"@id":"https:\/\/mediumseagreen-eel-531711.hostingersite.com\/#\/schema\/logo\/image\/"},"email":"info@bladnanews.com","legalName":"Bladna News"},{"@type":"Person","@id":"https:\/\/mediumseagreen-eel-531711.hostingersite.com\/#\/schema\/person\/6712b38fabe810f7eb8d15ed30d90f1e","name":"Bladna Sports Desk","url":"https:\/\/bladnanews.com\/fr\/author\/bladna-sports-desk\/"}]}},"_links":{"self":[{"href":"https:\/\/bladnanews.com\/fr\/wp-json\/wp\/v2\/posts\/5191","targetHints":{"allow":["GET"]}}],"collection":[{"href":"https:\/\/bladnanews.com\/fr\/wp-json\/wp\/v2\/posts"}],"about":[{"href":"https:\/\/bladnanews.com\/fr\/wp-json\/wp\/v2\/types\/post"}],"author":[{"embeddable":true,"href":"https:\/\/bladnanews.com\/fr\/wp-json\/wp\/v2\/users\/4"}],"replies":[{"embeddable":true,"href":"https:\/\/bladnanews.com\/fr\/wp-json\/wp\/v2\/comments?post=5191"}],"version-history":[{"count":0,"href":"https:\/\/bladnanews.com\/fr\/wp-json\/wp\/v2\/posts\/5191\/revisions"}],"wp:featuredmedia":[{"embeddable":true,"href":"https:\/\/bladnanews.com\/fr\/wp-json\/wp\/v2\/media\/5190"}],"wp:attachment":[{"href":"https:\/\/bladnanews.com\/fr\/wp-json\/wp\/v2\/media?parent=5191"}],"wp:term":[{"taxonomy":"category","embeddable":true,"href":"https:\/\/bladnanews.com\/fr\/wp-json\/wp\/v2\/categories?post=5191"},{"taxonomy":"post_tag","embeddable":true,"href":"https:\/\/bladnanews.com\/fr\/wp-json\/wp\/v2\/tags?post=5191"}],"curies":[{"name":"wp","href":"https:\/\/api.w.org\/{rel}","templated":true}]}}