{"id":5276,"date":"2026-01-08T10:24:26","date_gmt":"2026-01-08T10:24:26","guid":{"rendered":"https:\/\/bladnanews.com\/jesse-lingard-tipped-for-last-rodeo-move-to-wrexham\/"},"modified":"2026-01-08T10:24:26","modified_gmt":"2026-01-08T10:24:26","slug":"jesse-lingard-pressenti-pour-un-dernier-rodeo-a-wrexham","status":"publish","type":"post","link":"https:\/\/bladnanews.com\/fr\/jesse-lingard-pressenti-pour-un-dernier-rodeo-a-wrexham\/","title":{"rendered":"Jesse Lingard pressenti pour un dernier transfert \u00e0 Wrexham"},"content":{"rendered":"<p>Jesse Lingard est encourag\u00e9 \u00e0 effectuer un transfert \u201c dernier rod\u00e9o \u201d \u00e0 Wrexham, alors que Ryan Reynolds et Rob McElhenney continuent de propulser l'ascension du club \u00e0 travers l'English Football League.<\/p>\n<p>L'ancien milieu de terrain de Manchester United et de l'\u00e9quipe d'Angleterre est libre de tout contrat et a \u00e9t\u00e9 incit\u00e9 \u00e0 envisager un transfert au Pays de Galles du Nord, Wrexham cherchant \u00e0 capitaliser sur son r\u00e9cent \u00e9lan et \u00e0 maintenir sa pouss\u00e9e vers la promotion dans la bonne direction.<\/p>\n<p>Il a \u00e9t\u00e9 r\u00e9v\u00e9l\u00e9 que le nom de Lingard a \u00e9t\u00e9 \u00e9voqu\u00e9 comme le type de recrutement prestigieux qui pourrait correspondre au projet ambitieux des propri\u00e9taires, le joueur de 31 ans \u00e9tant per\u00e7u comme capable d'apporter qualit\u00e9, exp\u00e9rience et personnalit\u00e9 au vestiaire.<\/p>\n<p>Lingard a connu des p\u00e9riodes \u00e0 Manchester United et \u00e0 West Ham, tout en \u00e9tant s\u00e9lectionn\u00e9 en \u00e9quipe d'Angleterre, et l'id\u00e9e avanc\u00e9e est qu'un nouveau d\u00e9fi pourrait lui offrir une plateforme pour se relancer dans un environnement comp\u00e9titif.<\/p>\n<p>Wrexham, soutenu par Reynolds et McElhenney, a d\u00e9j\u00e0 d\u00e9montr\u00e9 sa volont\u00e9 de viser haut sur le march\u00e9 dans sa qu\u00eate de succ\u00e8s suppl\u00e9mentaires, et Lingard est pr\u00e9sent\u00e9 comme un joueur susceptible d'aider \u00e0 \u00e9lever le niveau alors que le club vise une voie vers la Premier League.<\/p>\n<p>Tout transfert d\u00e9pendrait d'un accord et d'une ad\u00e9quation appropri\u00e9s, mais l'id\u00e9e avanc\u00e9e est claire : le projet de Wrexham reste l'une des histoires les plus captivantes de l'EFL, et Lingard est encourag\u00e9 \u00e0 en faire son \u201c dernier rod\u00e9o \u201d dans le football anglais.<\/p>","protected":false},"excerpt":{"rendered":"<p>Jesse Lingard has been backed to make a \u201clast rodeo\u201d move to Wrexham as Ryan Reynolds and Rob McElhenney continue [&hellip;]<\/p>\n","protected":false},"author":3,"featured_media":5274,"comment_status":"","ping_status":"open","sticky":false,"template":"","format":"standard","meta":{"googlesitekit_rrm_CAow_uzEDA:productID":"","site-sidebar-layout":"default","site-content-layout":"","ast-site-content-layout":"default","site-content-style":"default","site-sidebar-style":"default","ast-global-header-display":"","ast-banner-title-visibility":"","ast-main-header-display":"","ast-hfb-above-header-display":"","ast-hfb-below-header-display":"","ast-hfb-mobile-header-display":"","site-post-title":"","ast-breadcrumbs-content":"","ast-featured-img":"","footer-sml-layout":"","ast-disable-related-posts":"","theme-transparent-header-meta":"","adv-header-id-meta":"","stick-header-meta":"","header-above-stick-meta":"","header-main-stick-meta":"","header-below-stick-meta":"","astra-migrate-meta-layouts":"default","ast-page-background-enabled":"default","ast-page-background-meta":{"desktop":{"background-color":"var(--ast-global-color-5)","background-image":"","background-repeat":"repeat","background-position":"center center","background-size":"auto","background-attachment":"scroll","background-type":"","background-media":"","overlay-type":"","overlay-color":"","overlay-opacity":"","overlay-gradient":""},"tablet":{"background-color":"","background-image":"","background-repeat":"repeat","background-position":"center center","background-size":"auto","background-attachment":"scroll","background-type":"","background-media":"","overlay-type":"","overlay-color":"","overlay-opacity":"","overlay-gradient":""},"mobile":{"background-color":"","background-image":"","background-repeat":"repeat","background-position":"center center","background-size":"auto","background-attachment":"scroll","background-type":"","background-media":"","overlay-type":"","overlay-color":"","overlay-opacity":"","overlay-gradient":""}},"ast-content-background-meta":{"desktop":{"background-color":"var(--ast-global-color-4)","background-image":"","background-repeat":"repeat","background-position":"center center","background-size":"auto","background-attachment":"scroll","background-type":"","background-media":"","overlay-type":"","overlay-color":"","overlay-opacity":"","overlay-gradient":""},"tablet":{"background-color":"var(--ast-global-color-4)","background-image":"","background-repeat":"repeat","background-position":"center center","background-size":"auto","background-attachment":"scroll","background-type":"","background-media":"","overlay-type":"","overlay-color":"","overlay-opacity":"","overlay-gradient":""},"mobile":{"background-color":"var(--ast-global-color-4)","background-image":"","background-repeat":"repeat","background-position":"center center","background-size":"auto","background-attachment":"scroll","background-type":"","background-media":"","overlay-type":"","overlay-color":"","overlay-opacity":"","overlay-gradient":""}},"footnotes":""},"categories":[20,1],"tags":[],"class_list":["post-5276","post","type-post","status-publish","format-standard","has-post-thumbnail","hentry","category-international","category-football-latest-news"],"yoast_head":"<!-- This site is optimized with the Yoast SEO Premium plugin v26.6 (Yoast SEO v27.5) - https:\/\/yoast.com\/product\/yoast-seo-premium-wordpress\/ -->\n<title>Jesse Lingard tipped for last rodeo move to Wrexham - Bladna News<\/title>\n<meta name=\"robots\" content=\"index, follow, max-snippet:-1, max-image-preview:large, max-video-preview:-1\" \/>\n<link rel=\"canonical\" href=\"https:\/\/bladnanews.com\/fr\/jesse-lingard-pressenti-pour-un-dernier-rodeo-a-wrexham\/\" \/>\n<meta property=\"og:locale\" content=\"fr_FR\" \/>\n<meta property=\"og:type\" content=\"article\" \/>\n<meta property=\"og:title\" content=\"Jesse Lingard tipped for last rodeo move to Wrexham\" \/>\n<meta property=\"og:description\" content=\"Jesse Lingard has been backed to make a \u201clast rodeo\u201d move to Wrexham as Ryan Reynolds and Rob McElhenney continue [&hellip;]\" \/>\n<meta property=\"og:url\" content=\"https:\/\/bladnanews.com\/fr\/jesse-lingard-pressenti-pour-un-dernier-rodeo-a-wrexham\/\" \/>\n<meta property=\"og:site_name\" content=\"Bladna News\" \/>\n<meta property=\"article:published_time\" content=\"2026-01-08T10:24:26+00:00\" \/>\n<meta property=\"og:image\" content=\"https:\/\/bladnanews.com\/wp-content\/uploads\/2025\/12\/freepik__bladna-newscom-moroccan-soccer-homepage-banner-mor__41838.png\" \/>\n\t<meta property=\"og:image:width\" content=\"1312\" \/>\n\t<meta property=\"og:image:height\" content=\"736\" \/>\n\t<meta property=\"og:image:type\" content=\"image\/png\" \/>\n<meta name=\"author\" content=\"Bladna News Staff\" \/>\n<meta name=\"twitter:card\" content=\"summary_large_image\" \/>\n<meta name=\"twitter:label1\" content=\"\u00c9crit par\" \/>\n\t<meta name=\"twitter:data1\" content=\"Bladna News Staff\" \/>\n\t<meta name=\"twitter:label2\" content=\"Dur\u00e9e de lecture estim\u00e9e\" \/>\n\t<meta name=\"twitter:data2\" content=\"1 minute\" \/>\n<script type=\"application\/ld+json\" class=\"yoast-schema-graph\">{\"@context\":\"https:\\\/\\\/schema.org\",\"@graph\":[{\"@type\":\"Article\",\"@id\":\"https:\\\/\\\/bladnanews.com\\\/jesse-lingard-tipped-for-last-rodeo-move-to-wrexham\\\/#article\",\"isPartOf\":{\"@id\":\"https:\\\/\\\/bladnanews.com\\\/jesse-lingard-tipped-for-last-rodeo-move-to-wrexham\\\/\"},\"author\":{\"name\":\"Bladna News Staff\",\"@id\":\"https:\\\/\\\/mediumseagreen-eel-531711.hostingersite.com\\\/#\\\/schema\\\/person\\\/268e18a453ab080ebf76df6ef7845083\"},\"headline\":\"Jesse Lingard tipped for last rodeo move to Wrexham\",\"datePublished\":\"2026-01-08T10:24:26+00:00\",\"mainEntityOfPage\":{\"@id\":\"https:\\\/\\\/bladnanews.com\\\/jesse-lingard-tipped-for-last-rodeo-move-to-wrexham\\\/\"},\"wordCount\":248,\"publisher\":{\"@id\":\"https:\\\/\\\/mediumseagreen-eel-531711.hostingersite.com\\\/#organization\"},\"image\":{\"@id\":\"https:\\\/\\\/bladnanews.com\\\/jesse-lingard-tipped-for-last-rodeo-move-to-wrexham\\\/#primaryimage\"},\"thumbnailUrl\":\"https:\\\/\\\/bladnanews.com\\\/wp-content\\\/uploads\\\/2026\\\/01\\\/BladnaNews-Jesse-Lingard-tipped-for-last-rodeo-move-to-Wrexham-2026-01-08T170931.693Z.jpg\",\"articleSection\":[\"International\",\"Latest News\"],\"inLanguage\":\"fr-FR\",\"copyrightYear\":\"2026\",\"copyrightHolder\":{\"@id\":\"https:\\\/\\\/bladnanews.com\\\/fr\\\/#organization\"}},{\"@type\":\"WebPage\",\"@id\":\"https:\\\/\\\/bladnanews.com\\\/jesse-lingard-tipped-for-last-rodeo-move-to-wrexham\\\/\",\"url\":\"https:\\\/\\\/bladnanews.com\\\/jesse-lingard-tipped-for-last-rodeo-move-to-wrexham\\\/\",\"name\":\"Jesse Lingard tipped for last rodeo move to Wrexham - Bladna News\",\"isPartOf\":{\"@id\":\"https:\\\/\\\/mediumseagreen-eel-531711.hostingersite.com\\\/#website\"},\"primaryImageOfPage\":{\"@id\":\"https:\\\/\\\/bladnanews.com\\\/jesse-lingard-tipped-for-last-rodeo-move-to-wrexham\\\/#primaryimage\"},\"image\":{\"@id\":\"https:\\\/\\\/bladnanews.com\\\/jesse-lingard-tipped-for-last-rodeo-move-to-wrexham\\\/#primaryimage\"},\"thumbnailUrl\":\"https:\\\/\\\/bladnanews.com\\\/wp-content\\\/uploads\\\/2026\\\/01\\\/BladnaNews-Jesse-Lingard-tipped-for-last-rodeo-move-to-Wrexham-2026-01-08T170931.693Z.jpg\",\"datePublished\":\"2026-01-08T10:24:26+00:00\",\"breadcrumb\":{\"@id\":\"https:\\\/\\\/bladnanews.com\\\/jesse-lingard-tipped-for-last-rodeo-move-to-wrexham\\\/#breadcrumb\"},\"inLanguage\":\"fr-FR\",\"potentialAction\":[{\"@type\":\"ReadAction\",\"target\":[\"https:\\\/\\\/bladnanews.com\\\/jesse-lingard-tipped-for-last-rodeo-move-to-wrexham\\\/\"]}]},{\"@type\":\"ImageObject\",\"inLanguage\":\"fr-FR\",\"@id\":\"https:\\\/\\\/bladnanews.com\\\/jesse-lingard-tipped-for-last-rodeo-move-to-wrexham\\\/#primaryimage\",\"url\":\"https:\\\/\\\/bladnanews.com\\\/wp-content\\\/uploads\\\/2026\\\/01\\\/BladnaNews-Jesse-Lingard-tipped-for-last-rodeo-move-to-Wrexham-2026-01-08T170931.693Z.jpg\",\"contentUrl\":\"https:\\\/\\\/bladnanews.com\\\/wp-content\\\/uploads\\\/2026\\\/01\\\/BladnaNews-Jesse-Lingard-tipped-for-last-rodeo-move-to-Wrexham-2026-01-08T170931.693Z.jpg\",\"width\":1600,\"height\":900,\"caption\":\"Jesse Lingard celebrates joyfully in a black and white striped jersey, with Wrexham FC logo prominently featured in the background.\"},{\"@type\":\"BreadcrumbList\",\"@id\":\"https:\\\/\\\/bladnanews.com\\\/jesse-lingard-tipped-for-last-rodeo-move-to-wrexham\\\/#breadcrumb\",\"itemListElement\":[{\"@type\":\"ListItem\",\"position\":1,\"name\":\"Home\",\"item\":\"https:\\\/\\\/bladnanews.com\\\/\"},{\"@type\":\"ListItem\",\"position\":2,\"name\":\"Jesse Lingard tipped for last rodeo move to Wrexham\"}]},{\"@type\":\"WebSite\",\"@id\":\"https:\\\/\\\/mediumseagreen-eel-531711.hostingersite.com\\\/#website\",\"url\":\"https:\\\/\\\/mediumseagreen-eel-531711.hostingersite.com\\\/\",\"name\":\"Bladna News - Morocco\",\"description\":\"Where Moroccan Football Meets the World\",\"publisher\":{\"@id\":\"https:\\\/\\\/mediumseagreen-eel-531711.hostingersite.com\\\/#organization\"},\"potentialAction\":[{\"@type\":\"SearchAction\",\"target\":{\"@type\":\"EntryPoint\",\"urlTemplate\":\"https:\\\/\\\/mediumseagreen-eel-531711.hostingersite.com\\\/?s={search_term_string}\"},\"query-input\":{\"@type\":\"PropertyValueSpecification\",\"valueRequired\":true,\"valueName\":\"search_term_string\"}}],\"inLanguage\":\"fr-FR\"},{\"@type\":\"Organization\",\"@id\":\"https:\\\/\\\/mediumseagreen-eel-531711.hostingersite.com\\\/#organization\",\"name\":\"Bladna News.com\",\"url\":\"https:\\\/\\\/mediumseagreen-eel-531711.hostingersite.com\\\/\",\"logo\":{\"@type\":\"ImageObject\",\"inLanguage\":\"fr-FR\",\"@id\":\"https:\\\/\\\/mediumseagreen-eel-531711.hostingersite.com\\\/#\\\/schema\\\/logo\\\/image\\\/\",\"url\":\"https:\\\/\\\/bladnanews.com\\\/wp-content\\\/uploads\\\/2025\\\/12\\\/logo-bladnanews-V2-web-black-red.png\",\"contentUrl\":\"https:\\\/\\\/bladnanews.com\\\/wp-content\\\/uploads\\\/2025\\\/12\\\/logo-bladnanews-V2-web-black-red.png\",\"width\":703,\"height\":287,\"caption\":\"Bladna News.com\"},\"image\":{\"@id\":\"https:\\\/\\\/mediumseagreen-eel-531711.hostingersite.com\\\/#\\\/schema\\\/logo\\\/image\\\/\"},\"email\":\"info@bladnanews.com\",\"legalName\":\"Bladna News\"},{\"@type\":\"Person\",\"@id\":\"https:\\\/\\\/mediumseagreen-eel-531711.hostingersite.com\\\/#\\\/schema\\\/person\\\/268e18a453ab080ebf76df6ef7845083\",\"name\":\"Bladna News Staff\",\"url\":\"https:\\\/\\\/bladnanews.com\\\/fr\\\/author\\\/bladna-news-staff\\\/\"}]}<\/script>\n<!-- \/ Yoast SEO Premium plugin. -->","yoast_head_json":{"title":"Jesse Lingard pressenti pour un dernier transfert \u00e0 Wrexham - Bladna News","robots":{"index":"index","follow":"follow","max-snippet":"max-snippet:-1","max-image-preview":"max-image-preview:large","max-video-preview":"max-video-preview:-1"},"canonical":"https:\/\/bladnanews.com\/fr\/jesse-lingard-pressenti-pour-un-dernier-rodeo-a-wrexham\/","og_locale":"fr_FR","og_type":"article","og_title":"Jesse Lingard tipped for last rodeo move to Wrexham","og_description":"Jesse Lingard has been backed to make a \u201clast rodeo\u201d move to Wrexham as Ryan Reynolds and Rob McElhenney continue [&hellip;]","og_url":"https:\/\/bladnanews.com\/fr\/jesse-lingard-pressenti-pour-un-dernier-rodeo-a-wrexham\/","og_site_name":"Bladna News","article_published_time":"2026-01-08T10:24:26+00:00","og_image":[{"width":1312,"height":736,"url":"https:\/\/bladnanews.com\/wp-content\/uploads\/2025\/12\/freepik__bladna-newscom-moroccan-soccer-homepage-banner-mor__41838.png","type":"image\/png"}],"author":"Bladna News Staff","twitter_card":"summary_large_image","twitter_misc":{"\u00c9crit par":"Bladna News Staff","Dur\u00e9e de lecture estim\u00e9e":"1 minute"},"schema":{"@context":"https:\/\/schema.org","@graph":[{"@type":"Article","@id":"https:\/\/bladnanews.com\/jesse-lingard-tipped-for-last-rodeo-move-to-wrexham\/#article","isPartOf":{"@id":"https:\/\/bladnanews.com\/jesse-lingard-tipped-for-last-rodeo-move-to-wrexham\/"},"author":{"name":"Bladna News Staff","@id":"https:\/\/mediumseagreen-eel-531711.hostingersite.com\/#\/schema\/person\/268e18a453ab080ebf76df6ef7845083"},"headline":"Jesse Lingard tipped for last rodeo move to Wrexham","datePublished":"2026-01-08T10:24:26+00:00","mainEntityOfPage":{"@id":"https:\/\/bladnanews.com\/jesse-lingard-tipped-for-last-rodeo-move-to-wrexham\/"},"wordCount":248,"publisher":{"@id":"https:\/\/mediumseagreen-eel-531711.hostingersite.com\/#organization"},"image":{"@id":"https:\/\/bladnanews.com\/jesse-lingard-tipped-for-last-rodeo-move-to-wrexham\/#primaryimage"},"thumbnailUrl":"https:\/\/bladnanews.com\/wp-content\/uploads\/2026\/01\/BladnaNews-Jesse-Lingard-tipped-for-last-rodeo-move-to-Wrexham-2026-01-08T170931.693Z.jpg","articleSection":["International","Latest News"],"inLanguage":"fr-FR","copyrightYear":"2026","copyrightHolder":{"@id":"https:\/\/bladnanews.com\/fr\/#organization"}},{"@type":"WebPage","@id":"https:\/\/bladnanews.com\/jesse-lingard-tipped-for-last-rodeo-move-to-wrexham\/","url":"https:\/\/bladnanews.com\/jesse-lingard-tipped-for-last-rodeo-move-to-wrexham\/","name":"Jesse Lingard pressenti pour un dernier transfert \u00e0 Wrexham - Bladna News","isPartOf":{"@id":"https:\/\/mediumseagreen-eel-531711.hostingersite.com\/#website"},"primaryImageOfPage":{"@id":"https:\/\/bladnanews.com\/jesse-lingard-tipped-for-last-rodeo-move-to-wrexham\/#primaryimage"},"image":{"@id":"https:\/\/bladnanews.com\/jesse-lingard-tipped-for-last-rodeo-move-to-wrexham\/#primaryimage"},"thumbnailUrl":"https:\/\/bladnanews.com\/wp-content\/uploads\/2026\/01\/BladnaNews-Jesse-Lingard-tipped-for-last-rodeo-move-to-Wrexham-2026-01-08T170931.693Z.jpg","datePublished":"2026-01-08T10:24:26+00:00","breadcrumb":{"@id":"https:\/\/bladnanews.com\/jesse-lingard-tipped-for-last-rodeo-move-to-wrexham\/#breadcrumb"},"inLanguage":"fr-FR","potentialAction":[{"@type":"ReadAction","target":["https:\/\/bladnanews.com\/jesse-lingard-tipped-for-last-rodeo-move-to-wrexham\/"]}]},{"@type":"ImageObject","inLanguage":"fr-FR","@id":"https:\/\/bladnanews.com\/jesse-lingard-tipped-for-last-rodeo-move-to-wrexham\/#primaryimage","url":"https:\/\/bladnanews.com\/wp-content\/uploads\/2026\/01\/BladnaNews-Jesse-Lingard-tipped-for-last-rodeo-move-to-Wrexham-2026-01-08T170931.693Z.jpg","contentUrl":"https:\/\/bladnanews.com\/wp-content\/uploads\/2026\/01\/BladnaNews-Jesse-Lingard-tipped-for-last-rodeo-move-to-Wrexham-2026-01-08T170931.693Z.jpg","width":1600,"height":900,"caption":"Jesse Lingard celebrates joyfully in a black and white striped jersey, with Wrexham FC logo prominently featured in the background."},{"@type":"BreadcrumbList","@id":"https:\/\/bladnanews.com\/jesse-lingard-tipped-for-last-rodeo-move-to-wrexham\/#breadcrumb","itemListElement":[{"@type":"ListItem","position":1,"name":"Home","item":"https:\/\/bladnanews.com\/"},{"@type":"ListItem","position":2,"name":"Jesse Lingard tipped for last rodeo move to Wrexham"}]},{"@type":"WebSite","@id":"https:\/\/mediumseagreen-eel-531711.hostingersite.com\/#website","url":"https:\/\/mediumseagreen-eel-531711.hostingersite.com\/","name":"Bladna News - Maroc","description":"Quand le football marocain rencontre le monde","publisher":{"@id":"https:\/\/mediumseagreen-eel-531711.hostingersite.com\/#organization"},"potentialAction":[{"@type":"SearchAction","target":{"@type":"EntryPoint","urlTemplate":"https:\/\/mediumseagreen-eel-531711.hostingersite.com\/?s={search_term_string}"},"query-input":{"@type":"PropertyValueSpecification","valueRequired":true,"valueName":"search_term_string"}}],"inLanguage":"fr-FR"},{"@type":"Organization","@id":"https:\/\/mediumseagreen-eel-531711.hostingersite.com\/#organization","name":"Bladna News.com","url":"https:\/\/mediumseagreen-eel-531711.hostingersite.com\/","logo":{"@type":"ImageObject","inLanguage":"fr-FR","@id":"https:\/\/mediumseagreen-eel-531711.hostingersite.com\/#\/schema\/logo\/image\/","url":"https:\/\/bladnanews.com\/wp-content\/uploads\/2025\/12\/logo-bladnanews-V2-web-black-red.png","contentUrl":"https:\/\/bladnanews.com\/wp-content\/uploads\/2025\/12\/logo-bladnanews-V2-web-black-red.png","width":703,"height":287,"caption":"Bladna News.com"},"image":{"@id":"https:\/\/mediumseagreen-eel-531711.hostingersite.com\/#\/schema\/logo\/image\/"},"email":"info@bladnanews.com","legalName":"Bladna News"},{"@type":"Person","@id":"https:\/\/mediumseagreen-eel-531711.hostingersite.com\/#\/schema\/person\/268e18a453ab080ebf76df6ef7845083","name":"\u00c9quipe r\u00e9dactionnelle de Bladna News","url":"https:\/\/bladnanews.com\/fr\/author\/bladna-news-staff\/"}]}},"_links":{"self":[{"href":"https:\/\/bladnanews.com\/fr\/wp-json\/wp\/v2\/posts\/5276","targetHints":{"allow":["GET"]}}],"collection":[{"href":"https:\/\/bladnanews.com\/fr\/wp-json\/wp\/v2\/posts"}],"about":[{"href":"https:\/\/bladnanews.com\/fr\/wp-json\/wp\/v2\/types\/post"}],"author":[{"embeddable":true,"href":"https:\/\/bladnanews.com\/fr\/wp-json\/wp\/v2\/users\/3"}],"replies":[{"embeddable":true,"href":"https:\/\/bladnanews.com\/fr\/wp-json\/wp\/v2\/comments?post=5276"}],"version-history":[{"count":0,"href":"https:\/\/bladnanews.com\/fr\/wp-json\/wp\/v2\/posts\/5276\/revisions"}],"wp:featuredmedia":[{"embeddable":true,"href":"https:\/\/bladnanews.com\/fr\/wp-json\/wp\/v2\/media\/5274"}],"wp:attachment":[{"href":"https:\/\/bladnanews.com\/fr\/wp-json\/wp\/v2\/media?parent=5276"}],"wp:term":[{"taxonomy":"category","embeddable":true,"href":"https:\/\/bladnanews.com\/fr\/wp-json\/wp\/v2\/categories?post=5276"},{"taxonomy":"post_tag","embeddable":true,"href":"https:\/\/bladnanews.com\/fr\/wp-json\/wp\/v2\/tags?post=5276"}],"curies":[{"name":"wp","href":"https:\/\/api.w.org\/{rel}","templated":true}]}}