{"id":5329,"date":"2026-01-08T11:43:00","date_gmt":"2026-01-08T11:43:00","guid":{"rendered":"https:\/\/bladnanews.com\/regragui-casts-doubt-on-amrabat-vs-cameroon-igamane-back\/"},"modified":"2026-01-08T11:43:00","modified_gmt":"2026-01-08T11:43:00","slug":"regragui-met-en-doute-la-participation-damrabat-contre-le-cameroun-igamane-de-retour","status":"publish","type":"post","link":"https:\/\/bladnanews.com\/fr\/regragui-met-en-doute-la-participation-damrabat-contre-le-cameroun-igamane-de-retour\/","title":{"rendered":"Regragui met en doute la participation d'Amrabat contre le Cameroun, Igamane de retour"},"content":{"rendered":"<p>Le s\u00e9lectionneur du Maroc, Walid Regragui, a exprim\u00e9 des doutes quant \u00e0 la disponibilit\u00e9 de Sofyan Amrabat pour le prochain match amical contre le Cameroun, tout en confirmant le retour de l'attaquant Ayoub El Kaabi et la r\u00e9int\u00e9gration du jeune avant Youssef Igamane dans le groupe.<\/p>\n<p>S'exprimant devant les m\u00e9dias avant le match, Regragui a expliqu\u00e9 qu'Amrabat n'est toujours pas \u00e0 100%, rendant sa participation incertaine. \u201c Nous verrons lors de la derni\u00e8re s\u00e9ance d'entra\u00eenement. Il n'est pas pleinement pr\u00eat \u201d, a d\u00e9clar\u00e9 l'entra\u00eeneur, soulignant qu'aucun risque ne serait pris concernant l'\u00e9tat du milieu de terrain.<\/p>\n<p>Dans les m\u00eames d\u00e9clarations, Regragui a confirm\u00e9 le retour d'Igamane apr\u00e8s son absence, indiquant que le joueur a montr\u00e9 des signes positifs et a retrouv\u00e9 sa place. Le s\u00e9lectionneur a d\u00e9crit ce retour comme un coup de pouce important, d'autant plus que le staff surveille de pr\u00e8s le groupe pendant la poursuite des pr\u00e9paratifs.<\/p>\n<p>Regragui a \u00e9galement soulign\u00e9 que l'amical contre le Cameroun constitue un test cl\u00e9 dans le programme de l'\u00e9quipe nationale, offrant au staff une occasion pr\u00e9cise d'\u00e9valuer l'effectif, de g\u00e9rer les charges de travail et d'examiner les options avant les prochaines dates officielles.<\/p>\n<p>Le Maroc affrontera le Cameroun dans ce qui s'annonce comme une rencontre disput\u00e9e, Regragui \u00e9tant concentr\u00e9 sur l'\u00e9quilibre entre performance et forme physique des joueurs, en attendant une d\u00e9cision finale sur la disponibilit\u00e9 d'Amrabat.<\/p>","protected":false},"excerpt":{"rendered":"<p>Morocco head coach Walid Regragui has raised doubts over the availability of Sofyan Amrabat for the upcoming friendly against Cameroon, [&hellip;]<\/p>\n","protected":false},"author":4,"featured_media":5328,"comment_status":"","ping_status":"open","sticky":false,"template":"","format":"standard","meta":{"googlesitekit_rrm_CAow_uzEDA:productID":"","site-sidebar-layout":"default","site-content-layout":"","ast-site-content-layout":"default","site-content-style":"default","site-sidebar-style":"default","ast-global-header-display":"","ast-banner-title-visibility":"","ast-main-header-display":"","ast-hfb-above-header-display":"","ast-hfb-below-header-display":"","ast-hfb-mobile-header-display":"","site-post-title":"","ast-breadcrumbs-content":"","ast-featured-img":"","footer-sml-layout":"","ast-disable-related-posts":"","theme-transparent-header-meta":"","adv-header-id-meta":"","stick-header-meta":"","header-above-stick-meta":"","header-main-stick-meta":"","header-below-stick-meta":"","astra-migrate-meta-layouts":"default","ast-page-background-enabled":"default","ast-page-background-meta":{"desktop":{"background-color":"var(--ast-global-color-5)","background-image":"","background-repeat":"repeat","background-position":"center center","background-size":"auto","background-attachment":"scroll","background-type":"","background-media":"","overlay-type":"","overlay-color":"","overlay-opacity":"","overlay-gradient":""},"tablet":{"background-color":"","background-image":"","background-repeat":"repeat","background-position":"center center","background-size":"auto","background-attachment":"scroll","background-type":"","background-media":"","overlay-type":"","overlay-color":"","overlay-opacity":"","overlay-gradient":""},"mobile":{"background-color":"","background-image":"","background-repeat":"repeat","background-position":"center center","background-size":"auto","background-attachment":"scroll","background-type":"","background-media":"","overlay-type":"","overlay-color":"","overlay-opacity":"","overlay-gradient":""}},"ast-content-background-meta":{"desktop":{"background-color":"var(--ast-global-color-4)","background-image":"","background-repeat":"repeat","background-position":"center center","background-size":"auto","background-attachment":"scroll","background-type":"","background-media":"","overlay-type":"","overlay-color":"","overlay-opacity":"","overlay-gradient":""},"tablet":{"background-color":"var(--ast-global-color-4)","background-image":"","background-repeat":"repeat","background-position":"center center","background-size":"auto","background-attachment":"scroll","background-type":"","background-media":"","overlay-type":"","overlay-color":"","overlay-opacity":"","overlay-gradient":""},"mobile":{"background-color":"var(--ast-global-color-4)","background-image":"","background-repeat":"repeat","background-position":"center center","background-size":"auto","background-attachment":"scroll","background-type":"","background-media":"","overlay-type":"","overlay-color":"","overlay-opacity":"","overlay-gradient":""}},"footnotes":""},"categories":[1,168],"tags":[],"class_list":["post-5329","post","type-post","status-publish","format-standard","has-post-thumbnail","hentry","category-football-latest-news","category-morocco-national-team"],"yoast_head":"<!-- This site is optimized with the Yoast SEO Premium plugin v26.6 (Yoast SEO v27.4) - https:\/\/yoast.com\/product\/yoast-seo-premium-wordpress\/ -->\n<title>Regragui casts doubt on Amrabat vs Cameroon, Igamane back - Bladna News<\/title>\n<meta name=\"robots\" content=\"index, follow, max-snippet:-1, max-image-preview:large, max-video-preview:-1\" \/>\n<link rel=\"canonical\" href=\"https:\/\/bladnanews.com\/fr\/regragui-met-en-doute-la-participation-damrabat-contre-le-cameroun-igamane-de-retour\/\" \/>\n<meta property=\"og:locale\" content=\"fr_FR\" \/>\n<meta property=\"og:type\" content=\"article\" \/>\n<meta property=\"og:title\" content=\"Regragui casts doubt on Amrabat vs Cameroon, Igamane back\" \/>\n<meta property=\"og:description\" content=\"Morocco head coach Walid Regragui has raised doubts over the availability of Sofyan Amrabat for the upcoming friendly against Cameroon, [&hellip;]\" \/>\n<meta property=\"og:url\" content=\"https:\/\/bladnanews.com\/fr\/regragui-met-en-doute-la-participation-damrabat-contre-le-cameroun-igamane-de-retour\/\" \/>\n<meta property=\"og:site_name\" content=\"Bladna News\" \/>\n<meta property=\"article:published_time\" content=\"2026-01-08T11:43:00+00:00\" \/>\n<meta property=\"og:image\" content=\"https:\/\/bladnanews.com\/wp-content\/uploads\/2025\/12\/freepik__bladna-newscom-moroccan-soccer-homepage-banner-mor__41838.png\" \/>\n\t<meta property=\"og:image:width\" content=\"1312\" \/>\n\t<meta property=\"og:image:height\" content=\"736\" \/>\n\t<meta property=\"og:image:type\" content=\"image\/png\" \/>\n<meta name=\"author\" content=\"Bladna Sports Desk\" \/>\n<meta name=\"twitter:card\" content=\"summary_large_image\" \/>\n<meta name=\"twitter:label1\" content=\"\u00c9crit par\" \/>\n\t<meta name=\"twitter:data1\" content=\"Bladna Sports Desk\" \/>\n\t<meta name=\"twitter:label2\" content=\"Dur\u00e9e de lecture estim\u00e9e\" \/>\n\t<meta name=\"twitter:data2\" content=\"1 minute\" \/>\n<script type=\"application\/ld+json\" class=\"yoast-schema-graph\">{\"@context\":\"https:\\\/\\\/schema.org\",\"@graph\":[{\"@type\":\"Article\",\"@id\":\"https:\\\/\\\/bladnanews.com\\\/regragui-casts-doubt-on-amrabat-vs-cameroon-igamane-back\\\/#article\",\"isPartOf\":{\"@id\":\"https:\\\/\\\/bladnanews.com\\\/regragui-casts-doubt-on-amrabat-vs-cameroon-igamane-back\\\/\"},\"author\":{\"name\":\"Bladna Sports Desk\",\"@id\":\"https:\\\/\\\/mediumseagreen-eel-531711.hostingersite.com\\\/#\\\/schema\\\/person\\\/6712b38fabe810f7eb8d15ed30d90f1e\"},\"headline\":\"Regragui casts doubt on Amrabat vs Cameroon, Igamane back\",\"datePublished\":\"2026-01-08T11:43:00+00:00\",\"mainEntityOfPage\":{\"@id\":\"https:\\\/\\\/bladnanews.com\\\/regragui-casts-doubt-on-amrabat-vs-cameroon-igamane-back\\\/\"},\"wordCount\":216,\"publisher\":{\"@id\":\"https:\\\/\\\/mediumseagreen-eel-531711.hostingersite.com\\\/#organization\"},\"image\":{\"@id\":\"https:\\\/\\\/bladnanews.com\\\/regragui-casts-doubt-on-amrabat-vs-cameroon-igamane-back\\\/#primaryimage\"},\"thumbnailUrl\":\"https:\\\/\\\/bladnanews.com\\\/wp-content\\\/uploads\\\/2026\\\/01\\\/regragui_1767447788-1.webp\",\"articleSection\":[\"Latest News\",\"Morocco National Team\"],\"inLanguage\":\"fr-FR\",\"copyrightYear\":\"2026\",\"copyrightHolder\":{\"@id\":\"https:\\\/\\\/bladnanews.com\\\/fr\\\/#organization\"}},{\"@type\":\"WebPage\",\"@id\":\"https:\\\/\\\/bladnanews.com\\\/regragui-casts-doubt-on-amrabat-vs-cameroon-igamane-back\\\/\",\"url\":\"https:\\\/\\\/bladnanews.com\\\/regragui-casts-doubt-on-amrabat-vs-cameroon-igamane-back\\\/\",\"name\":\"Regragui casts doubt on Amrabat vs Cameroon, Igamane back - Bladna News\",\"isPartOf\":{\"@id\":\"https:\\\/\\\/mediumseagreen-eel-531711.hostingersite.com\\\/#website\"},\"primaryImageOfPage\":{\"@id\":\"https:\\\/\\\/bladnanews.com\\\/regragui-casts-doubt-on-amrabat-vs-cameroon-igamane-back\\\/#primaryimage\"},\"image\":{\"@id\":\"https:\\\/\\\/bladnanews.com\\\/regragui-casts-doubt-on-amrabat-vs-cameroon-igamane-back\\\/#primaryimage\"},\"thumbnailUrl\":\"https:\\\/\\\/bladnanews.com\\\/wp-content\\\/uploads\\\/2026\\\/01\\\/regragui_1767447788-1.webp\",\"datePublished\":\"2026-01-08T11:43:00+00:00\",\"breadcrumb\":{\"@id\":\"https:\\\/\\\/bladnanews.com\\\/regragui-casts-doubt-on-amrabat-vs-cameroon-igamane-back\\\/#breadcrumb\"},\"inLanguage\":\"fr-FR\",\"potentialAction\":[{\"@type\":\"ReadAction\",\"target\":[\"https:\\\/\\\/bladnanews.com\\\/regragui-casts-doubt-on-amrabat-vs-cameroon-igamane-back\\\/\"]}]},{\"@type\":\"ImageObject\",\"inLanguage\":\"fr-FR\",\"@id\":\"https:\\\/\\\/bladnanews.com\\\/regragui-casts-doubt-on-amrabat-vs-cameroon-igamane-back\\\/#primaryimage\",\"url\":\"https:\\\/\\\/bladnanews.com\\\/wp-content\\\/uploads\\\/2026\\\/01\\\/regragui_1767447788-1.webp\",\"contentUrl\":\"https:\\\/\\\/bladnanews.com\\\/wp-content\\\/uploads\\\/2026\\\/01\\\/regragui_1767447788-1.webp\",\"width\":860,\"height\":848,\"caption\":\"Walid Regragui addresses the press during a press conference, with a distinctive Moroccan football-themed ball on the table.\"},{\"@type\":\"BreadcrumbList\",\"@id\":\"https:\\\/\\\/bladnanews.com\\\/regragui-casts-doubt-on-amrabat-vs-cameroon-igamane-back\\\/#breadcrumb\",\"itemListElement\":[{\"@type\":\"ListItem\",\"position\":1,\"name\":\"Home\",\"item\":\"https:\\\/\\\/bladnanews.com\\\/\"},{\"@type\":\"ListItem\",\"position\":2,\"name\":\"Regragui casts doubt on Amrabat vs Cameroon, Igamane back\"}]},{\"@type\":\"WebSite\",\"@id\":\"https:\\\/\\\/mediumseagreen-eel-531711.hostingersite.com\\\/#website\",\"url\":\"https:\\\/\\\/mediumseagreen-eel-531711.hostingersite.com\\\/\",\"name\":\"Bladna News - Morocco\",\"description\":\"Where Moroccan Football Meets the World\",\"publisher\":{\"@id\":\"https:\\\/\\\/mediumseagreen-eel-531711.hostingersite.com\\\/#organization\"},\"potentialAction\":[{\"@type\":\"SearchAction\",\"target\":{\"@type\":\"EntryPoint\",\"urlTemplate\":\"https:\\\/\\\/mediumseagreen-eel-531711.hostingersite.com\\\/?s={search_term_string}\"},\"query-input\":{\"@type\":\"PropertyValueSpecification\",\"valueRequired\":true,\"valueName\":\"search_term_string\"}}],\"inLanguage\":\"fr-FR\"},{\"@type\":\"Organization\",\"@id\":\"https:\\\/\\\/mediumseagreen-eel-531711.hostingersite.com\\\/#organization\",\"name\":\"Bladna News.com\",\"url\":\"https:\\\/\\\/mediumseagreen-eel-531711.hostingersite.com\\\/\",\"logo\":{\"@type\":\"ImageObject\",\"inLanguage\":\"fr-FR\",\"@id\":\"https:\\\/\\\/mediumseagreen-eel-531711.hostingersite.com\\\/#\\\/schema\\\/logo\\\/image\\\/\",\"url\":\"https:\\\/\\\/bladnanews.com\\\/wp-content\\\/uploads\\\/2025\\\/12\\\/logo-bladnanews-V2-web-black-red.png\",\"contentUrl\":\"https:\\\/\\\/bladnanews.com\\\/wp-content\\\/uploads\\\/2025\\\/12\\\/logo-bladnanews-V2-web-black-red.png\",\"width\":703,\"height\":287,\"caption\":\"Bladna News.com\"},\"image\":{\"@id\":\"https:\\\/\\\/mediumseagreen-eel-531711.hostingersite.com\\\/#\\\/schema\\\/logo\\\/image\\\/\"},\"email\":\"info@bladnanews.com\",\"legalName\":\"Bladna News\"},{\"@type\":\"Person\",\"@id\":\"https:\\\/\\\/mediumseagreen-eel-531711.hostingersite.com\\\/#\\\/schema\\\/person\\\/6712b38fabe810f7eb8d15ed30d90f1e\",\"name\":\"Bladna Sports Desk\",\"url\":\"https:\\\/\\\/bladnanews.com\\\/fr\\\/author\\\/bladna-sports-desk\\\/\"}]}<\/script>\n<!-- \/ Yoast SEO Premium plugin. -->","yoast_head_json":{"title":"Regragui \u00e9met des doutes sur Amrabat face au Cameroun, Igamane de retour - Bladna News","robots":{"index":"index","follow":"follow","max-snippet":"max-snippet:-1","max-image-preview":"max-image-preview:large","max-video-preview":"max-video-preview:-1"},"canonical":"https:\/\/bladnanews.com\/fr\/regragui-met-en-doute-la-participation-damrabat-contre-le-cameroun-igamane-de-retour\/","og_locale":"fr_FR","og_type":"article","og_title":"Regragui casts doubt on Amrabat vs Cameroon, Igamane back","og_description":"Morocco head coach Walid Regragui has raised doubts over the availability of Sofyan Amrabat for the upcoming friendly against Cameroon, [&hellip;]","og_url":"https:\/\/bladnanews.com\/fr\/regragui-met-en-doute-la-participation-damrabat-contre-le-cameroun-igamane-de-retour\/","og_site_name":"Bladna News","article_published_time":"2026-01-08T11:43:00+00:00","og_image":[{"width":1312,"height":736,"url":"https:\/\/bladnanews.com\/wp-content\/uploads\/2025\/12\/freepik__bladna-newscom-moroccan-soccer-homepage-banner-mor__41838.png","type":"image\/png"}],"author":"Bladna Sports Desk","twitter_card":"summary_large_image","twitter_misc":{"\u00c9crit par":"Bladna Sports Desk","Dur\u00e9e de lecture estim\u00e9e":"1 minute"},"schema":{"@context":"https:\/\/schema.org","@graph":[{"@type":"Article","@id":"https:\/\/bladnanews.com\/regragui-casts-doubt-on-amrabat-vs-cameroon-igamane-back\/#article","isPartOf":{"@id":"https:\/\/bladnanews.com\/regragui-casts-doubt-on-amrabat-vs-cameroon-igamane-back\/"},"author":{"name":"Bladna Sports Desk","@id":"https:\/\/mediumseagreen-eel-531711.hostingersite.com\/#\/schema\/person\/6712b38fabe810f7eb8d15ed30d90f1e"},"headline":"Regragui casts doubt on Amrabat vs Cameroon, Igamane back","datePublished":"2026-01-08T11:43:00+00:00","mainEntityOfPage":{"@id":"https:\/\/bladnanews.com\/regragui-casts-doubt-on-amrabat-vs-cameroon-igamane-back\/"},"wordCount":216,"publisher":{"@id":"https:\/\/mediumseagreen-eel-531711.hostingersite.com\/#organization"},"image":{"@id":"https:\/\/bladnanews.com\/regragui-casts-doubt-on-amrabat-vs-cameroon-igamane-back\/#primaryimage"},"thumbnailUrl":"https:\/\/bladnanews.com\/wp-content\/uploads\/2026\/01\/regragui_1767447788-1.webp","articleSection":["Latest News","Morocco National Team"],"inLanguage":"fr-FR","copyrightYear":"2026","copyrightHolder":{"@id":"https:\/\/bladnanews.com\/fr\/#organization"}},{"@type":"WebPage","@id":"https:\/\/bladnanews.com\/regragui-casts-doubt-on-amrabat-vs-cameroon-igamane-back\/","url":"https:\/\/bladnanews.com\/regragui-casts-doubt-on-amrabat-vs-cameroon-igamane-back\/","name":"Regragui \u00e9met des doutes sur Amrabat face au Cameroun, Igamane de retour - Bladna News","isPartOf":{"@id":"https:\/\/mediumseagreen-eel-531711.hostingersite.com\/#website"},"primaryImageOfPage":{"@id":"https:\/\/bladnanews.com\/regragui-casts-doubt-on-amrabat-vs-cameroon-igamane-back\/#primaryimage"},"image":{"@id":"https:\/\/bladnanews.com\/regragui-casts-doubt-on-amrabat-vs-cameroon-igamane-back\/#primaryimage"},"thumbnailUrl":"https:\/\/bladnanews.com\/wp-content\/uploads\/2026\/01\/regragui_1767447788-1.webp","datePublished":"2026-01-08T11:43:00+00:00","breadcrumb":{"@id":"https:\/\/bladnanews.com\/regragui-casts-doubt-on-amrabat-vs-cameroon-igamane-back\/#breadcrumb"},"inLanguage":"fr-FR","potentialAction":[{"@type":"ReadAction","target":["https:\/\/bladnanews.com\/regragui-casts-doubt-on-amrabat-vs-cameroon-igamane-back\/"]}]},{"@type":"ImageObject","inLanguage":"fr-FR","@id":"https:\/\/bladnanews.com\/regragui-casts-doubt-on-amrabat-vs-cameroon-igamane-back\/#primaryimage","url":"https:\/\/bladnanews.com\/wp-content\/uploads\/2026\/01\/regragui_1767447788-1.webp","contentUrl":"https:\/\/bladnanews.com\/wp-content\/uploads\/2026\/01\/regragui_1767447788-1.webp","width":860,"height":848,"caption":"Walid Regragui addresses the press during a press conference, with a distinctive Moroccan football-themed ball on the table."},{"@type":"BreadcrumbList","@id":"https:\/\/bladnanews.com\/regragui-casts-doubt-on-amrabat-vs-cameroon-igamane-back\/#breadcrumb","itemListElement":[{"@type":"ListItem","position":1,"name":"Home","item":"https:\/\/bladnanews.com\/"},{"@type":"ListItem","position":2,"name":"Regragui casts doubt on Amrabat vs Cameroon, Igamane back"}]},{"@type":"WebSite","@id":"https:\/\/mediumseagreen-eel-531711.hostingersite.com\/#website","url":"https:\/\/mediumseagreen-eel-531711.hostingersite.com\/","name":"Bladna News - Maroc","description":"Quand le football marocain rencontre le monde","publisher":{"@id":"https:\/\/mediumseagreen-eel-531711.hostingersite.com\/#organization"},"potentialAction":[{"@type":"SearchAction","target":{"@type":"EntryPoint","urlTemplate":"https:\/\/mediumseagreen-eel-531711.hostingersite.com\/?s={search_term_string}"},"query-input":{"@type":"PropertyValueSpecification","valueRequired":true,"valueName":"search_term_string"}}],"inLanguage":"fr-FR"},{"@type":"Organization","@id":"https:\/\/mediumseagreen-eel-531711.hostingersite.com\/#organization","name":"Bladna News.com","url":"https:\/\/mediumseagreen-eel-531711.hostingersite.com\/","logo":{"@type":"ImageObject","inLanguage":"fr-FR","@id":"https:\/\/mediumseagreen-eel-531711.hostingersite.com\/#\/schema\/logo\/image\/","url":"https:\/\/bladnanews.com\/wp-content\/uploads\/2025\/12\/logo-bladnanews-V2-web-black-red.png","contentUrl":"https:\/\/bladnanews.com\/wp-content\/uploads\/2025\/12\/logo-bladnanews-V2-web-black-red.png","width":703,"height":287,"caption":"Bladna News.com"},"image":{"@id":"https:\/\/mediumseagreen-eel-531711.hostingersite.com\/#\/schema\/logo\/image\/"},"email":"info@bladnanews.com","legalName":"Bladna News"},{"@type":"Person","@id":"https:\/\/mediumseagreen-eel-531711.hostingersite.com\/#\/schema\/person\/6712b38fabe810f7eb8d15ed30d90f1e","name":"Bladna Sports Desk","url":"https:\/\/bladnanews.com\/fr\/author\/bladna-sports-desk\/"}]}},"_links":{"self":[{"href":"https:\/\/bladnanews.com\/fr\/wp-json\/wp\/v2\/posts\/5329","targetHints":{"allow":["GET"]}}],"collection":[{"href":"https:\/\/bladnanews.com\/fr\/wp-json\/wp\/v2\/posts"}],"about":[{"href":"https:\/\/bladnanews.com\/fr\/wp-json\/wp\/v2\/types\/post"}],"author":[{"embeddable":true,"href":"https:\/\/bladnanews.com\/fr\/wp-json\/wp\/v2\/users\/4"}],"replies":[{"embeddable":true,"href":"https:\/\/bladnanews.com\/fr\/wp-json\/wp\/v2\/comments?post=5329"}],"version-history":[{"count":0,"href":"https:\/\/bladnanews.com\/fr\/wp-json\/wp\/v2\/posts\/5329\/revisions"}],"wp:featuredmedia":[{"embeddable":true,"href":"https:\/\/bladnanews.com\/fr\/wp-json\/wp\/v2\/media\/5328"}],"wp:attachment":[{"href":"https:\/\/bladnanews.com\/fr\/wp-json\/wp\/v2\/media?parent=5329"}],"wp:term":[{"taxonomy":"category","embeddable":true,"href":"https:\/\/bladnanews.com\/fr\/wp-json\/wp\/v2\/categories?post=5329"},{"taxonomy":"post_tag","embeddable":true,"href":"https:\/\/bladnanews.com\/fr\/wp-json\/wp\/v2\/tags?post=5329"}],"curies":[{"name":"wp","href":"https:\/\/api.w.org\/{rel}","templated":true}]}}