{"id":5335,"date":"2026-01-08T12:21:44","date_gmt":"2026-01-08T12:21:44","guid":{"rendered":"https:\/\/bladnanews.com\/barcelona-and-real-madrid-warned-off-harry-kane-transfer\/"},"modified":"2026-01-08T12:21:44","modified_gmt":"2026-01-08T12:21:44","slug":"barcelone-et-le-real-madrid-decourages-de-transferer-harry-kane","status":"publish","type":"post","link":"https:\/\/bladnanews.com\/fr\/barcelone-et-le-real-madrid-decourages-de-transferer-harry-kane\/","title":{"rendered":"Barcelone et le Real Madrid avertis contre le transfert de Harry Kane"},"content":{"rendered":"<p>Barcelone et le Real Madrid ont \u00e9t\u00e9 mis en garde contre toute tentative de recruter Harry Kane, Michael Owen sugg\u00e9rant qu'un transfert pour l'attaquant du Bayern Munich repr\u00e9senterait de \u201cl'argent mort\u201d.<\/p>\n<p>Kane a quitt\u00e9 Tottenham \u00e0 l'\u00e9t\u00e9 2023 pour rejoindre le Bayern, et il a continu\u00e9 \u00e0 marquer abondamment en Allemagne. Mais les sp\u00e9culations \u00e9tant monnaie courante autour des attaquants d'\u00e9lite, son nom a \u00e9t\u00e9 \u00e9voqu\u00e9 en lien avec un \u00e9ventuel int\u00e9r\u00eat futur des plus grands clubs espagnols.<\/p>\n<p>Owen, cependant, ne consid\u00e8re pas qu'un tel accord soit une utilisation judicieuse des ressources pour Barcelone ou Madrid. L'ancien attaquant anglais estime que l'\u00e2ge et le profil de Kane signifient qu'il ne repr\u00e9senterait pas le type de valeur \u00e0 long terme que ces clubs devraient cibler, malgr\u00e9 son palmar\u00e8s av\u00e9r\u00e9 devant le but.<\/p>\n<p>En discutant de la situation de Kane, Owen a affirm\u00e9 que l'attaquant du Bayern \u201ca distribu\u00e9 ses atouts \u00e0 trop bon march\u00e9\u201d plus t\u00f4t dans sa carri\u00e8re, soulignant combien de temps il est rest\u00e9 \u00e0 Tottenham sans remporter de troph\u00e9e majeur et comment cela a fa\u00e7onn\u00e9 la perception de son h\u00e9ritage.<\/p>\n<p>L'avis d'Owen est que, m\u00eame si Kane reste l'un des finisseurs les plus fiables du jeu, investir une somme et un salaire importants sur lui maintenant ne serait pas la bonne d\u00e9cision pour des clubs qui doivent penser \u00e0 la reconstruction et \u00e0 la planification future.<\/p>\n<p>Kane est toujours sous contrat au Bayern Munich, o\u00f9 il reste une figure cl\u00e9, tandis que Barcelone et le Real Madrid ont tous deux \u00e9t\u00e9 exhort\u00e9s \u00e0 chercher ailleurs plut\u00f4t que de poursuivre un accord qui pourrait rapidement devenir de \u201cl'argent mort\u201d.<\/p>","protected":false},"excerpt":{"rendered":"<p>Barcelona and Real Madrid have been warned against making a move for Harry Kane, with Michael Owen suggesting a transfer [&hellip;]<\/p>\n","protected":false},"author":3,"featured_media":5334,"comment_status":"","ping_status":"open","sticky":false,"template":"","format":"standard","meta":{"googlesitekit_rrm_CAow_uzEDA:productID":"","site-sidebar-layout":"default","site-content-layout":"","ast-site-content-layout":"default","site-content-style":"default","site-sidebar-style":"default","ast-global-header-display":"","ast-banner-title-visibility":"","ast-main-header-display":"","ast-hfb-above-header-display":"","ast-hfb-below-header-display":"","ast-hfb-mobile-header-display":"","site-post-title":"","ast-breadcrumbs-content":"","ast-featured-img":"","footer-sml-layout":"","ast-disable-related-posts":"","theme-transparent-header-meta":"","adv-header-id-meta":"","stick-header-meta":"","header-above-stick-meta":"","header-main-stick-meta":"","header-below-stick-meta":"","astra-migrate-meta-layouts":"default","ast-page-background-enabled":"default","ast-page-background-meta":{"desktop":{"background-color":"var(--ast-global-color-5)","background-image":"","background-repeat":"repeat","background-position":"center center","background-size":"auto","background-attachment":"scroll","background-type":"","background-media":"","overlay-type":"","overlay-color":"","overlay-opacity":"","overlay-gradient":""},"tablet":{"background-color":"","background-image":"","background-repeat":"repeat","background-position":"center center","background-size":"auto","background-attachment":"scroll","background-type":"","background-media":"","overlay-type":"","overlay-color":"","overlay-opacity":"","overlay-gradient":""},"mobile":{"background-color":"","background-image":"","background-repeat":"repeat","background-position":"center center","background-size":"auto","background-attachment":"scroll","background-type":"","background-media":"","overlay-type":"","overlay-color":"","overlay-opacity":"","overlay-gradient":""}},"ast-content-background-meta":{"desktop":{"background-color":"var(--ast-global-color-4)","background-image":"","background-repeat":"repeat","background-position":"center center","background-size":"auto","background-attachment":"scroll","background-type":"","background-media":"","overlay-type":"","overlay-color":"","overlay-opacity":"","overlay-gradient":""},"tablet":{"background-color":"var(--ast-global-color-4)","background-image":"","background-repeat":"repeat","background-position":"center center","background-size":"auto","background-attachment":"scroll","background-type":"","background-media":"","overlay-type":"","overlay-color":"","overlay-opacity":"","overlay-gradient":""},"mobile":{"background-color":"var(--ast-global-color-4)","background-image":"","background-repeat":"repeat","background-position":"center center","background-size":"auto","background-attachment":"scroll","background-type":"","background-media":"","overlay-type":"","overlay-color":"","overlay-opacity":"","overlay-gradient":""}},"footnotes":""},"categories":[20,1],"tags":[],"class_list":["post-5335","post","type-post","status-publish","format-standard","has-post-thumbnail","hentry","category-international","category-football-latest-news"],"yoast_head":"<!-- This site is optimized with the Yoast SEO Premium plugin v26.6 (Yoast SEO v27.5) - https:\/\/yoast.com\/product\/yoast-seo-premium-wordpress\/ -->\n<title>Barcelona and Real Madrid warned off Harry Kane transfer - Bladna News<\/title>\n<meta name=\"robots\" content=\"index, follow, max-snippet:-1, max-image-preview:large, max-video-preview:-1\" \/>\n<link rel=\"canonical\" href=\"https:\/\/bladnanews.com\/fr\/barcelone-et-le-real-madrid-decourages-de-transferer-harry-kane\/\" \/>\n<meta property=\"og:locale\" content=\"fr_FR\" \/>\n<meta property=\"og:type\" content=\"article\" \/>\n<meta property=\"og:title\" content=\"Barcelona and Real Madrid warned off Harry Kane transfer\" \/>\n<meta property=\"og:description\" content=\"Barcelona and Real Madrid have been warned against making a move for Harry Kane, with Michael Owen suggesting a transfer [&hellip;]\" \/>\n<meta property=\"og:url\" content=\"https:\/\/bladnanews.com\/fr\/barcelone-et-le-real-madrid-decourages-de-transferer-harry-kane\/\" \/>\n<meta property=\"og:site_name\" content=\"Bladna News\" \/>\n<meta property=\"article:published_time\" content=\"2026-01-08T12:21:44+00:00\" \/>\n<meta property=\"og:image\" content=\"https:\/\/bladnanews.com\/wp-content\/uploads\/2025\/12\/freepik__bladna-newscom-moroccan-soccer-homepage-banner-mor__41838.png\" \/>\n\t<meta property=\"og:image:width\" content=\"1312\" \/>\n\t<meta property=\"og:image:height\" content=\"736\" \/>\n\t<meta property=\"og:image:type\" content=\"image\/png\" \/>\n<meta name=\"author\" content=\"Bladna News Staff\" \/>\n<meta name=\"twitter:card\" content=\"summary_large_image\" \/>\n<meta name=\"twitter:label1\" content=\"\u00c9crit par\" \/>\n\t<meta name=\"twitter:data1\" content=\"Bladna News Staff\" \/>\n\t<meta name=\"twitter:label2\" content=\"Dur\u00e9e de lecture estim\u00e9e\" \/>\n\t<meta name=\"twitter:data2\" content=\"1 minute\" \/>\n<script type=\"application\/ld+json\" class=\"yoast-schema-graph\">{\"@context\":\"https:\\\/\\\/schema.org\",\"@graph\":[{\"@type\":\"Article\",\"@id\":\"https:\\\/\\\/bladnanews.com\\\/barcelona-and-real-madrid-warned-off-harry-kane-transfer\\\/#article\",\"isPartOf\":{\"@id\":\"https:\\\/\\\/bladnanews.com\\\/barcelona-and-real-madrid-warned-off-harry-kane-transfer\\\/\"},\"author\":{\"name\":\"Bladna News Staff\",\"@id\":\"https:\\\/\\\/mediumseagreen-eel-531711.hostingersite.com\\\/#\\\/schema\\\/person\\\/268e18a453ab080ebf76df6ef7845083\"},\"headline\":\"Barcelona and Real Madrid warned off Harry Kane transfer\",\"datePublished\":\"2026-01-08T12:21:44+00:00\",\"mainEntityOfPage\":{\"@id\":\"https:\\\/\\\/bladnanews.com\\\/barcelona-and-real-madrid-warned-off-harry-kane-transfer\\\/\"},\"wordCount\":254,\"publisher\":{\"@id\":\"https:\\\/\\\/mediumseagreen-eel-531711.hostingersite.com\\\/#organization\"},\"image\":{\"@id\":\"https:\\\/\\\/bladnanews.com\\\/barcelona-and-real-madrid-warned-off-harry-kane-transfer\\\/#primaryimage\"},\"thumbnailUrl\":\"https:\\\/\\\/bladnanews.com\\\/wp-content\\\/uploads\\\/2026\\\/01\\\/BladnaNews-Barcelona-and-Real-Madrid-warned-off-Harry-Kane-transfer-2026-01-08T210937.253Z.jpg\",\"articleSection\":[\"International\",\"Latest News\"],\"inLanguage\":\"fr-FR\",\"copyrightYear\":\"2026\",\"copyrightHolder\":{\"@id\":\"https:\\\/\\\/bladnanews.com\\\/fr\\\/#organization\"}},{\"@type\":\"WebPage\",\"@id\":\"https:\\\/\\\/bladnanews.com\\\/barcelona-and-real-madrid-warned-off-harry-kane-transfer\\\/\",\"url\":\"https:\\\/\\\/bladnanews.com\\\/barcelona-and-real-madrid-warned-off-harry-kane-transfer\\\/\",\"name\":\"Barcelona and Real Madrid warned off Harry Kane transfer - Bladna News\",\"isPartOf\":{\"@id\":\"https:\\\/\\\/mediumseagreen-eel-531711.hostingersite.com\\\/#website\"},\"primaryImageOfPage\":{\"@id\":\"https:\\\/\\\/bladnanews.com\\\/barcelona-and-real-madrid-warned-off-harry-kane-transfer\\\/#primaryimage\"},\"image\":{\"@id\":\"https:\\\/\\\/bladnanews.com\\\/barcelona-and-real-madrid-warned-off-harry-kane-transfer\\\/#primaryimage\"},\"thumbnailUrl\":\"https:\\\/\\\/bladnanews.com\\\/wp-content\\\/uploads\\\/2026\\\/01\\\/BladnaNews-Barcelona-and-Real-Madrid-warned-off-Harry-Kane-transfer-2026-01-08T210937.253Z.jpg\",\"datePublished\":\"2026-01-08T12:21:44+00:00\",\"breadcrumb\":{\"@id\":\"https:\\\/\\\/bladnanews.com\\\/barcelona-and-real-madrid-warned-off-harry-kane-transfer\\\/#breadcrumb\"},\"inLanguage\":\"fr-FR\",\"potentialAction\":[{\"@type\":\"ReadAction\",\"target\":[\"https:\\\/\\\/bladnanews.com\\\/barcelona-and-real-madrid-warned-off-harry-kane-transfer\\\/\"]}]},{\"@type\":\"ImageObject\",\"inLanguage\":\"fr-FR\",\"@id\":\"https:\\\/\\\/bladnanews.com\\\/barcelona-and-real-madrid-warned-off-harry-kane-transfer\\\/#primaryimage\",\"url\":\"https:\\\/\\\/bladnanews.com\\\/wp-content\\\/uploads\\\/2026\\\/01\\\/BladnaNews-Barcelona-and-Real-Madrid-warned-off-Harry-Kane-transfer-2026-01-08T210937.253Z.jpg\",\"contentUrl\":\"https:\\\/\\\/bladnanews.com\\\/wp-content\\\/uploads\\\/2026\\\/01\\\/BladnaNews-Barcelona-and-Real-Madrid-warned-off-Harry-Kane-transfer-2026-01-08T210937.253Z.jpg\",\"width\":1600,\"height\":900,\"caption\":\"Harry Kane, wearing a Bayern Munich kit with orange accents, looks disappointed, holding his head while on the pitch.\"},{\"@type\":\"BreadcrumbList\",\"@id\":\"https:\\\/\\\/bladnanews.com\\\/barcelona-and-real-madrid-warned-off-harry-kane-transfer\\\/#breadcrumb\",\"itemListElement\":[{\"@type\":\"ListItem\",\"position\":1,\"name\":\"Home\",\"item\":\"https:\\\/\\\/bladnanews.com\\\/\"},{\"@type\":\"ListItem\",\"position\":2,\"name\":\"Barcelona and Real Madrid warned off Harry Kane transfer\"}]},{\"@type\":\"WebSite\",\"@id\":\"https:\\\/\\\/mediumseagreen-eel-531711.hostingersite.com\\\/#website\",\"url\":\"https:\\\/\\\/mediumseagreen-eel-531711.hostingersite.com\\\/\",\"name\":\"Bladna News - Morocco\",\"description\":\"Where Moroccan Football Meets the World\",\"publisher\":{\"@id\":\"https:\\\/\\\/mediumseagreen-eel-531711.hostingersite.com\\\/#organization\"},\"potentialAction\":[{\"@type\":\"SearchAction\",\"target\":{\"@type\":\"EntryPoint\",\"urlTemplate\":\"https:\\\/\\\/mediumseagreen-eel-531711.hostingersite.com\\\/?s={search_term_string}\"},\"query-input\":{\"@type\":\"PropertyValueSpecification\",\"valueRequired\":true,\"valueName\":\"search_term_string\"}}],\"inLanguage\":\"fr-FR\"},{\"@type\":\"Organization\",\"@id\":\"https:\\\/\\\/mediumseagreen-eel-531711.hostingersite.com\\\/#organization\",\"name\":\"Bladna News.com\",\"url\":\"https:\\\/\\\/mediumseagreen-eel-531711.hostingersite.com\\\/\",\"logo\":{\"@type\":\"ImageObject\",\"inLanguage\":\"fr-FR\",\"@id\":\"https:\\\/\\\/mediumseagreen-eel-531711.hostingersite.com\\\/#\\\/schema\\\/logo\\\/image\\\/\",\"url\":\"https:\\\/\\\/bladnanews.com\\\/wp-content\\\/uploads\\\/2025\\\/12\\\/logo-bladnanews-V2-web-black-red.png\",\"contentUrl\":\"https:\\\/\\\/bladnanews.com\\\/wp-content\\\/uploads\\\/2025\\\/12\\\/logo-bladnanews-V2-web-black-red.png\",\"width\":703,\"height\":287,\"caption\":\"Bladna News.com\"},\"image\":{\"@id\":\"https:\\\/\\\/mediumseagreen-eel-531711.hostingersite.com\\\/#\\\/schema\\\/logo\\\/image\\\/\"},\"email\":\"info@bladnanews.com\",\"legalName\":\"Bladna News\"},{\"@type\":\"Person\",\"@id\":\"https:\\\/\\\/mediumseagreen-eel-531711.hostingersite.com\\\/#\\\/schema\\\/person\\\/268e18a453ab080ebf76df6ef7845083\",\"name\":\"Bladna News Staff\",\"url\":\"https:\\\/\\\/bladnanews.com\\\/fr\\\/author\\\/bladna-news-staff\\\/\"}]}<\/script>\n<!-- \/ Yoast SEO Premium plugin. -->","yoast_head_json":{"title":"Barcelone et le Real Madrid avertis de ne pas transf\u00e9rer Harry Kane - Bladna News","robots":{"index":"index","follow":"follow","max-snippet":"max-snippet:-1","max-image-preview":"max-image-preview:large","max-video-preview":"max-video-preview:-1"},"canonical":"https:\/\/bladnanews.com\/fr\/barcelone-et-le-real-madrid-decourages-de-transferer-harry-kane\/","og_locale":"fr_FR","og_type":"article","og_title":"Barcelona and Real Madrid warned off Harry Kane transfer","og_description":"Barcelona and Real Madrid have been warned against making a move for Harry Kane, with Michael Owen suggesting a transfer [&hellip;]","og_url":"https:\/\/bladnanews.com\/fr\/barcelone-et-le-real-madrid-decourages-de-transferer-harry-kane\/","og_site_name":"Bladna News","article_published_time":"2026-01-08T12:21:44+00:00","og_image":[{"width":1312,"height":736,"url":"https:\/\/bladnanews.com\/wp-content\/uploads\/2025\/12\/freepik__bladna-newscom-moroccan-soccer-homepage-banner-mor__41838.png","type":"image\/png"}],"author":"Bladna News Staff","twitter_card":"summary_large_image","twitter_misc":{"\u00c9crit par":"Bladna News Staff","Dur\u00e9e de lecture estim\u00e9e":"1 minute"},"schema":{"@context":"https:\/\/schema.org","@graph":[{"@type":"Article","@id":"https:\/\/bladnanews.com\/barcelona-and-real-madrid-warned-off-harry-kane-transfer\/#article","isPartOf":{"@id":"https:\/\/bladnanews.com\/barcelona-and-real-madrid-warned-off-harry-kane-transfer\/"},"author":{"name":"Bladna News Staff","@id":"https:\/\/mediumseagreen-eel-531711.hostingersite.com\/#\/schema\/person\/268e18a453ab080ebf76df6ef7845083"},"headline":"Barcelona and Real Madrid warned off Harry Kane transfer","datePublished":"2026-01-08T12:21:44+00:00","mainEntityOfPage":{"@id":"https:\/\/bladnanews.com\/barcelona-and-real-madrid-warned-off-harry-kane-transfer\/"},"wordCount":254,"publisher":{"@id":"https:\/\/mediumseagreen-eel-531711.hostingersite.com\/#organization"},"image":{"@id":"https:\/\/bladnanews.com\/barcelona-and-real-madrid-warned-off-harry-kane-transfer\/#primaryimage"},"thumbnailUrl":"https:\/\/bladnanews.com\/wp-content\/uploads\/2026\/01\/BladnaNews-Barcelona-and-Real-Madrid-warned-off-Harry-Kane-transfer-2026-01-08T210937.253Z.jpg","articleSection":["International","Latest News"],"inLanguage":"fr-FR","copyrightYear":"2026","copyrightHolder":{"@id":"https:\/\/bladnanews.com\/fr\/#organization"}},{"@type":"WebPage","@id":"https:\/\/bladnanews.com\/barcelona-and-real-madrid-warned-off-harry-kane-transfer\/","url":"https:\/\/bladnanews.com\/barcelona-and-real-madrid-warned-off-harry-kane-transfer\/","name":"Barcelone et le Real Madrid avertis de ne pas transf\u00e9rer Harry Kane - Bladna News","isPartOf":{"@id":"https:\/\/mediumseagreen-eel-531711.hostingersite.com\/#website"},"primaryImageOfPage":{"@id":"https:\/\/bladnanews.com\/barcelona-and-real-madrid-warned-off-harry-kane-transfer\/#primaryimage"},"image":{"@id":"https:\/\/bladnanews.com\/barcelona-and-real-madrid-warned-off-harry-kane-transfer\/#primaryimage"},"thumbnailUrl":"https:\/\/bladnanews.com\/wp-content\/uploads\/2026\/01\/BladnaNews-Barcelona-and-Real-Madrid-warned-off-Harry-Kane-transfer-2026-01-08T210937.253Z.jpg","datePublished":"2026-01-08T12:21:44+00:00","breadcrumb":{"@id":"https:\/\/bladnanews.com\/barcelona-and-real-madrid-warned-off-harry-kane-transfer\/#breadcrumb"},"inLanguage":"fr-FR","potentialAction":[{"@type":"ReadAction","target":["https:\/\/bladnanews.com\/barcelona-and-real-madrid-warned-off-harry-kane-transfer\/"]}]},{"@type":"ImageObject","inLanguage":"fr-FR","@id":"https:\/\/bladnanews.com\/barcelona-and-real-madrid-warned-off-harry-kane-transfer\/#primaryimage","url":"https:\/\/bladnanews.com\/wp-content\/uploads\/2026\/01\/BladnaNews-Barcelona-and-Real-Madrid-warned-off-Harry-Kane-transfer-2026-01-08T210937.253Z.jpg","contentUrl":"https:\/\/bladnanews.com\/wp-content\/uploads\/2026\/01\/BladnaNews-Barcelona-and-Real-Madrid-warned-off-Harry-Kane-transfer-2026-01-08T210937.253Z.jpg","width":1600,"height":900,"caption":"Harry Kane, wearing a Bayern Munich kit with orange accents, looks disappointed, holding his head while on the pitch."},{"@type":"BreadcrumbList","@id":"https:\/\/bladnanews.com\/barcelona-and-real-madrid-warned-off-harry-kane-transfer\/#breadcrumb","itemListElement":[{"@type":"ListItem","position":1,"name":"Home","item":"https:\/\/bladnanews.com\/"},{"@type":"ListItem","position":2,"name":"Barcelona and Real Madrid warned off Harry Kane transfer"}]},{"@type":"WebSite","@id":"https:\/\/mediumseagreen-eel-531711.hostingersite.com\/#website","url":"https:\/\/mediumseagreen-eel-531711.hostingersite.com\/","name":"Bladna News - Maroc","description":"Quand le football marocain rencontre le monde","publisher":{"@id":"https:\/\/mediumseagreen-eel-531711.hostingersite.com\/#organization"},"potentialAction":[{"@type":"SearchAction","target":{"@type":"EntryPoint","urlTemplate":"https:\/\/mediumseagreen-eel-531711.hostingersite.com\/?s={search_term_string}"},"query-input":{"@type":"PropertyValueSpecification","valueRequired":true,"valueName":"search_term_string"}}],"inLanguage":"fr-FR"},{"@type":"Organization","@id":"https:\/\/mediumseagreen-eel-531711.hostingersite.com\/#organization","name":"Bladna News.com","url":"https:\/\/mediumseagreen-eel-531711.hostingersite.com\/","logo":{"@type":"ImageObject","inLanguage":"fr-FR","@id":"https:\/\/mediumseagreen-eel-531711.hostingersite.com\/#\/schema\/logo\/image\/","url":"https:\/\/bladnanews.com\/wp-content\/uploads\/2025\/12\/logo-bladnanews-V2-web-black-red.png","contentUrl":"https:\/\/bladnanews.com\/wp-content\/uploads\/2025\/12\/logo-bladnanews-V2-web-black-red.png","width":703,"height":287,"caption":"Bladna News.com"},"image":{"@id":"https:\/\/mediumseagreen-eel-531711.hostingersite.com\/#\/schema\/logo\/image\/"},"email":"info@bladnanews.com","legalName":"Bladna News"},{"@type":"Person","@id":"https:\/\/mediumseagreen-eel-531711.hostingersite.com\/#\/schema\/person\/268e18a453ab080ebf76df6ef7845083","name":"\u00c9quipe r\u00e9dactionnelle de Bladna News","url":"https:\/\/bladnanews.com\/fr\/author\/bladna-news-staff\/"}]}},"_links":{"self":[{"href":"https:\/\/bladnanews.com\/fr\/wp-json\/wp\/v2\/posts\/5335","targetHints":{"allow":["GET"]}}],"collection":[{"href":"https:\/\/bladnanews.com\/fr\/wp-json\/wp\/v2\/posts"}],"about":[{"href":"https:\/\/bladnanews.com\/fr\/wp-json\/wp\/v2\/types\/post"}],"author":[{"embeddable":true,"href":"https:\/\/bladnanews.com\/fr\/wp-json\/wp\/v2\/users\/3"}],"replies":[{"embeddable":true,"href":"https:\/\/bladnanews.com\/fr\/wp-json\/wp\/v2\/comments?post=5335"}],"version-history":[{"count":0,"href":"https:\/\/bladnanews.com\/fr\/wp-json\/wp\/v2\/posts\/5335\/revisions"}],"wp:featuredmedia":[{"embeddable":true,"href":"https:\/\/bladnanews.com\/fr\/wp-json\/wp\/v2\/media\/5334"}],"wp:attachment":[{"href":"https:\/\/bladnanews.com\/fr\/wp-json\/wp\/v2\/media?parent=5335"}],"wp:term":[{"taxonomy":"category","embeddable":true,"href":"https:\/\/bladnanews.com\/fr\/wp-json\/wp\/v2\/categories?post=5335"},{"taxonomy":"post_tag","embeddable":true,"href":"https:\/\/bladnanews.com\/fr\/wp-json\/wp\/v2\/tags?post=5335"}],"curies":[{"name":"wp","href":"https:\/\/api.w.org\/{rel}","templated":true}]}}