{"id":5337,"date":"2026-01-08T12:42:06","date_gmt":"2026-01-08T12:42:06","guid":{"rendered":"https:\/\/bladnanews.com\/jude-bellingham-defends-goal-record-after-new-role-change\/"},"modified":"2026-01-08T12:42:06","modified_gmt":"2026-01-08T12:42:06","slug":"jude-bellingham-defend-son-bilan-de-buts-apres-un-changement-de-role","status":"publish","type":"post","link":"https:\/\/bladnanews.com\/fr\/jude-bellingham-defend-son-bilan-de-buts-apres-un-changement-de-role\/","title":{"rendered":"Jude Bellingham d\u00e9fend son record de buts apr\u00e8s un changement de r\u00f4le"},"content":{"rendered":"<p>Jude Bellingham a d\u00e9fendu son bilan buteur au Real Madrid apr\u00e8s avoir d\u00fb adapter son r\u00f4le suite \u00e0 l'arriv\u00e9e de Kylian Mbapp\u00e9, tout en apportant son soutien \u00e0 Vin\u00edcius Jr lors d'une saison difficile pour l'attaquant br\u00e9silien.<\/p>\n<p>Le milieu de terrain anglais avait connu un d\u00e9part fulgurant en Espagne la saison derni\u00e8re, trouvant r\u00e9guli\u00e8rement le chemin des filets depuis une position avanc\u00e9e et devenant l'un des grands d\u00e9cideurs des matches madril\u00e8nes. Cette campagne s'est r\u00e9v\u00e9l\u00e9e diff\u00e9rente, Bellingham \u00e9voluant souvent plus bas sur le terrain ou avec des responsabilit\u00e9s modifi\u00e9es, l'effectif de Carlo Ancelotti remodelant son attaque pour int\u00e9grer Mbapp\u00e9.<\/p>\n<p>Bellingham a insist\u00e9 sur le fait que ce changement de r\u00f4le a naturellement affect\u00e9 ses positions sur le terrain et les occasions qui se pr\u00e9sentent \u00e0 lui, mais il a rejet\u00e9 toute suggestion selon laquelle sa production aurait injustement chut\u00e9. Il a soulign\u00e9 que son travail consiste \u00e0 aider l'\u00e9quipe \u00e0 gagner, m\u00eame si cela signifie accomplir des t\u00e2ches qui ne se traduisent pas toujours par des buts.<\/p>\n<p>Il a \u00e9galement profit\u00e9 de l'occasion pour louer Vin\u00edcius Jr, d\u00e9crivant l'ailier comme \u201c \u00e9lectrisant et cr\u00e9atif \u201d et soulignant son importance persistante dans le jeu du Real Madrid. Bellingham a clairement indiqu\u00e9 qu'il consid\u00e8re Vin\u00edcius comme un joueur d\u00e9cisif capable de changer le cours des matches, m\u00eame lors d'une saison soumettant le Br\u00e9silien \u00e0 une surveillance accrue.<\/p>\n<p>Malgr\u00e9 les r\u00f4les mouvants autour de lui et l'attention g\u00e9n\u00e9r\u00e9e par son association avec Mbapp\u00e9, Bellingham a affirm\u00e9 \u00eatre \u00e0 l'aise avec les exigences qui lui sont impos\u00e9es. Il a r\u00e9it\u00e9r\u00e9 que l'accent au Real Madrid est mis sur les performances et les r\u00e9sultats, et que les statistiques individuelles passent apr\u00e8s le succ\u00e8s collectif.<\/p>","protected":false},"excerpt":{"rendered":"<p>Jude Bellingham has defended his scoring record at Real Madrid after being asked to adapt his role following the arrival [&hellip;]<\/p>\n","protected":false},"author":3,"featured_media":5336,"comment_status":"","ping_status":"open","sticky":false,"template":"","format":"standard","meta":{"googlesitekit_rrm_CAow_uzEDA:productID":"","site-sidebar-layout":"default","site-content-layout":"","ast-site-content-layout":"default","site-content-style":"default","site-sidebar-style":"default","ast-global-header-display":"","ast-banner-title-visibility":"","ast-main-header-display":"","ast-hfb-above-header-display":"","ast-hfb-below-header-display":"","ast-hfb-mobile-header-display":"","site-post-title":"","ast-breadcrumbs-content":"","ast-featured-img":"","footer-sml-layout":"","ast-disable-related-posts":"","theme-transparent-header-meta":"","adv-header-id-meta":"","stick-header-meta":"","header-above-stick-meta":"","header-main-stick-meta":"","header-below-stick-meta":"","astra-migrate-meta-layouts":"default","ast-page-background-enabled":"default","ast-page-background-meta":{"desktop":{"background-color":"var(--ast-global-color-5)","background-image":"","background-repeat":"repeat","background-position":"center center","background-size":"auto","background-attachment":"scroll","background-type":"","background-media":"","overlay-type":"","overlay-color":"","overlay-opacity":"","overlay-gradient":""},"tablet":{"background-color":"","background-image":"","background-repeat":"repeat","background-position":"center center","background-size":"auto","background-attachment":"scroll","background-type":"","background-media":"","overlay-type":"","overlay-color":"","overlay-opacity":"","overlay-gradient":""},"mobile":{"background-color":"","background-image":"","background-repeat":"repeat","background-position":"center center","background-size":"auto","background-attachment":"scroll","background-type":"","background-media":"","overlay-type":"","overlay-color":"","overlay-opacity":"","overlay-gradient":""}},"ast-content-background-meta":{"desktop":{"background-color":"var(--ast-global-color-4)","background-image":"","background-repeat":"repeat","background-position":"center center","background-size":"auto","background-attachment":"scroll","background-type":"","background-media":"","overlay-type":"","overlay-color":"","overlay-opacity":"","overlay-gradient":""},"tablet":{"background-color":"var(--ast-global-color-4)","background-image":"","background-repeat":"repeat","background-position":"center center","background-size":"auto","background-attachment":"scroll","background-type":"","background-media":"","overlay-type":"","overlay-color":"","overlay-opacity":"","overlay-gradient":""},"mobile":{"background-color":"var(--ast-global-color-4)","background-image":"","background-repeat":"repeat","background-position":"center center","background-size":"auto","background-attachment":"scroll","background-type":"","background-media":"","overlay-type":"","overlay-color":"","overlay-opacity":"","overlay-gradient":""}},"footnotes":""},"categories":[20,1],"tags":[],"class_list":["post-5337","post","type-post","status-publish","format-standard","has-post-thumbnail","hentry","category-international","category-football-latest-news"],"yoast_head":"<!-- This site is optimized with the Yoast SEO Premium plugin v26.6 (Yoast SEO v27.5) - https:\/\/yoast.com\/product\/yoast-seo-premium-wordpress\/ -->\n<title>Jude Bellingham defends goal record after new role change - Bladna News<\/title>\n<meta name=\"robots\" content=\"index, follow, max-snippet:-1, max-image-preview:large, max-video-preview:-1\" \/>\n<link rel=\"canonical\" href=\"https:\/\/bladnanews.com\/fr\/jude-bellingham-defend-son-bilan-de-buts-apres-un-changement-de-role\/\" \/>\n<meta property=\"og:locale\" content=\"fr_FR\" \/>\n<meta property=\"og:type\" content=\"article\" \/>\n<meta property=\"og:title\" content=\"Jude Bellingham defends goal record after new role change\" \/>\n<meta property=\"og:description\" content=\"Jude Bellingham has defended his scoring record at Real Madrid after being asked to adapt his role following the arrival [&hellip;]\" \/>\n<meta property=\"og:url\" content=\"https:\/\/bladnanews.com\/fr\/jude-bellingham-defend-son-bilan-de-buts-apres-un-changement-de-role\/\" \/>\n<meta property=\"og:site_name\" content=\"Bladna News\" \/>\n<meta property=\"article:published_time\" content=\"2026-01-08T12:42:06+00:00\" \/>\n<meta property=\"og:image\" content=\"https:\/\/bladnanews.com\/wp-content\/uploads\/2025\/12\/freepik__bladna-newscom-moroccan-soccer-homepage-banner-mor__41838.png\" \/>\n\t<meta property=\"og:image:width\" content=\"1312\" \/>\n\t<meta property=\"og:image:height\" content=\"736\" \/>\n\t<meta property=\"og:image:type\" content=\"image\/png\" \/>\n<meta name=\"author\" content=\"Bladna News Staff\" \/>\n<meta name=\"twitter:card\" content=\"summary_large_image\" \/>\n<meta name=\"twitter:label1\" content=\"\u00c9crit par\" \/>\n\t<meta name=\"twitter:data1\" content=\"Bladna News Staff\" \/>\n\t<meta name=\"twitter:label2\" content=\"Dur\u00e9e de lecture estim\u00e9e\" \/>\n\t<meta name=\"twitter:data2\" content=\"1 minute\" \/>\n<script type=\"application\/ld+json\" class=\"yoast-schema-graph\">{\"@context\":\"https:\\\/\\\/schema.org\",\"@graph\":[{\"@type\":\"Article\",\"@id\":\"https:\\\/\\\/bladnanews.com\\\/jude-bellingham-defends-goal-record-after-new-role-change\\\/#article\",\"isPartOf\":{\"@id\":\"https:\\\/\\\/bladnanews.com\\\/jude-bellingham-defends-goal-record-after-new-role-change\\\/\"},\"author\":{\"name\":\"Bladna News Staff\",\"@id\":\"https:\\\/\\\/mediumseagreen-eel-531711.hostingersite.com\\\/#\\\/schema\\\/person\\\/268e18a453ab080ebf76df6ef7845083\"},\"headline\":\"Jude Bellingham defends goal record after new role change\",\"datePublished\":\"2026-01-08T12:42:06+00:00\",\"mainEntityOfPage\":{\"@id\":\"https:\\\/\\\/bladnanews.com\\\/jude-bellingham-defends-goal-record-after-new-role-change\\\/\"},\"wordCount\":269,\"publisher\":{\"@id\":\"https:\\\/\\\/mediumseagreen-eel-531711.hostingersite.com\\\/#organization\"},\"image\":{\"@id\":\"https:\\\/\\\/bladnanews.com\\\/jude-bellingham-defends-goal-record-after-new-role-change\\\/#primaryimage\"},\"thumbnailUrl\":\"https:\\\/\\\/bladnanews.com\\\/wp-content\\\/uploads\\\/2026\\\/01\\\/BladnaNews-Jude-Bellingham-defends-goal-record-after-new-role-change-2026-01-08T210956.018Z.jpg\",\"articleSection\":[\"International\",\"Latest News\"],\"inLanguage\":\"fr-FR\",\"copyrightYear\":\"2026\",\"copyrightHolder\":{\"@id\":\"https:\\\/\\\/bladnanews.com\\\/fr\\\/#organization\"}},{\"@type\":\"WebPage\",\"@id\":\"https:\\\/\\\/bladnanews.com\\\/jude-bellingham-defends-goal-record-after-new-role-change\\\/\",\"url\":\"https:\\\/\\\/bladnanews.com\\\/jude-bellingham-defends-goal-record-after-new-role-change\\\/\",\"name\":\"Jude Bellingham defends goal record after new role change - Bladna News\",\"isPartOf\":{\"@id\":\"https:\\\/\\\/mediumseagreen-eel-531711.hostingersite.com\\\/#website\"},\"primaryImageOfPage\":{\"@id\":\"https:\\\/\\\/bladnanews.com\\\/jude-bellingham-defends-goal-record-after-new-role-change\\\/#primaryimage\"},\"image\":{\"@id\":\"https:\\\/\\\/bladnanews.com\\\/jude-bellingham-defends-goal-record-after-new-role-change\\\/#primaryimage\"},\"thumbnailUrl\":\"https:\\\/\\\/bladnanews.com\\\/wp-content\\\/uploads\\\/2026\\\/01\\\/BladnaNews-Jude-Bellingham-defends-goal-record-after-new-role-change-2026-01-08T210956.018Z.jpg\",\"datePublished\":\"2026-01-08T12:42:06+00:00\",\"breadcrumb\":{\"@id\":\"https:\\\/\\\/bladnanews.com\\\/jude-bellingham-defends-goal-record-after-new-role-change\\\/#breadcrumb\"},\"inLanguage\":\"fr-FR\",\"potentialAction\":[{\"@type\":\"ReadAction\",\"target\":[\"https:\\\/\\\/bladnanews.com\\\/jude-bellingham-defends-goal-record-after-new-role-change\\\/\"]}]},{\"@type\":\"ImageObject\",\"inLanguage\":\"fr-FR\",\"@id\":\"https:\\\/\\\/bladnanews.com\\\/jude-bellingham-defends-goal-record-after-new-role-change\\\/#primaryimage\",\"url\":\"https:\\\/\\\/bladnanews.com\\\/wp-content\\\/uploads\\\/2026\\\/01\\\/BladnaNews-Jude-Bellingham-defends-goal-record-after-new-role-change-2026-01-08T210956.018Z.jpg\",\"contentUrl\":\"https:\\\/\\\/bladnanews.com\\\/wp-content\\\/uploads\\\/2026\\\/01\\\/BladnaNews-Jude-Bellingham-defends-goal-record-after-new-role-change-2026-01-08T210956.018Z.jpg\",\"width\":1600,\"height\":900,\"caption\":\"Jude Bellingham, Kylian Mbapp\u00e9, and Vin\u00edcius J\u00fanior in Real Madrid kits, showcasing expressions during a match, emphasising their roles in football.\"},{\"@type\":\"BreadcrumbList\",\"@id\":\"https:\\\/\\\/bladnanews.com\\\/jude-bellingham-defends-goal-record-after-new-role-change\\\/#breadcrumb\",\"itemListElement\":[{\"@type\":\"ListItem\",\"position\":1,\"name\":\"Home\",\"item\":\"https:\\\/\\\/bladnanews.com\\\/\"},{\"@type\":\"ListItem\",\"position\":2,\"name\":\"Jude Bellingham defends goal record after new role change\"}]},{\"@type\":\"WebSite\",\"@id\":\"https:\\\/\\\/mediumseagreen-eel-531711.hostingersite.com\\\/#website\",\"url\":\"https:\\\/\\\/mediumseagreen-eel-531711.hostingersite.com\\\/\",\"name\":\"Bladna News - Morocco\",\"description\":\"Where Moroccan Football Meets the World\",\"publisher\":{\"@id\":\"https:\\\/\\\/mediumseagreen-eel-531711.hostingersite.com\\\/#organization\"},\"potentialAction\":[{\"@type\":\"SearchAction\",\"target\":{\"@type\":\"EntryPoint\",\"urlTemplate\":\"https:\\\/\\\/mediumseagreen-eel-531711.hostingersite.com\\\/?s={search_term_string}\"},\"query-input\":{\"@type\":\"PropertyValueSpecification\",\"valueRequired\":true,\"valueName\":\"search_term_string\"}}],\"inLanguage\":\"fr-FR\"},{\"@type\":\"Organization\",\"@id\":\"https:\\\/\\\/mediumseagreen-eel-531711.hostingersite.com\\\/#organization\",\"name\":\"Bladna News.com\",\"url\":\"https:\\\/\\\/mediumseagreen-eel-531711.hostingersite.com\\\/\",\"logo\":{\"@type\":\"ImageObject\",\"inLanguage\":\"fr-FR\",\"@id\":\"https:\\\/\\\/mediumseagreen-eel-531711.hostingersite.com\\\/#\\\/schema\\\/logo\\\/image\\\/\",\"url\":\"https:\\\/\\\/bladnanews.com\\\/wp-content\\\/uploads\\\/2025\\\/12\\\/logo-bladnanews-V2-web-black-red.png\",\"contentUrl\":\"https:\\\/\\\/bladnanews.com\\\/wp-content\\\/uploads\\\/2025\\\/12\\\/logo-bladnanews-V2-web-black-red.png\",\"width\":703,\"height\":287,\"caption\":\"Bladna News.com\"},\"image\":{\"@id\":\"https:\\\/\\\/mediumseagreen-eel-531711.hostingersite.com\\\/#\\\/schema\\\/logo\\\/image\\\/\"},\"email\":\"info@bladnanews.com\",\"legalName\":\"Bladna News\"},{\"@type\":\"Person\",\"@id\":\"https:\\\/\\\/mediumseagreen-eel-531711.hostingersite.com\\\/#\\\/schema\\\/person\\\/268e18a453ab080ebf76df6ef7845083\",\"name\":\"Bladna News Staff\",\"url\":\"https:\\\/\\\/bladnanews.com\\\/fr\\\/author\\\/bladna-news-staff\\\/\"}]}<\/script>\n<!-- \/ Yoast SEO Premium plugin. -->","yoast_head_json":{"title":"Jude Bellingham d\u00e9fend son bilan de buts apr\u00e8s un nouveau changement de r\u00f4le - Bladna News","robots":{"index":"index","follow":"follow","max-snippet":"max-snippet:-1","max-image-preview":"max-image-preview:large","max-video-preview":"max-video-preview:-1"},"canonical":"https:\/\/bladnanews.com\/fr\/jude-bellingham-defend-son-bilan-de-buts-apres-un-changement-de-role\/","og_locale":"fr_FR","og_type":"article","og_title":"Jude Bellingham defends goal record after new role change","og_description":"Jude Bellingham has defended his scoring record at Real Madrid after being asked to adapt his role following the arrival [&hellip;]","og_url":"https:\/\/bladnanews.com\/fr\/jude-bellingham-defend-son-bilan-de-buts-apres-un-changement-de-role\/","og_site_name":"Bladna News","article_published_time":"2026-01-08T12:42:06+00:00","og_image":[{"width":1312,"height":736,"url":"https:\/\/bladnanews.com\/wp-content\/uploads\/2025\/12\/freepik__bladna-newscom-moroccan-soccer-homepage-banner-mor__41838.png","type":"image\/png"}],"author":"Bladna News Staff","twitter_card":"summary_large_image","twitter_misc":{"\u00c9crit par":"Bladna News Staff","Dur\u00e9e de lecture estim\u00e9e":"1 minute"},"schema":{"@context":"https:\/\/schema.org","@graph":[{"@type":"Article","@id":"https:\/\/bladnanews.com\/jude-bellingham-defends-goal-record-after-new-role-change\/#article","isPartOf":{"@id":"https:\/\/bladnanews.com\/jude-bellingham-defends-goal-record-after-new-role-change\/"},"author":{"name":"Bladna News Staff","@id":"https:\/\/mediumseagreen-eel-531711.hostingersite.com\/#\/schema\/person\/268e18a453ab080ebf76df6ef7845083"},"headline":"Jude Bellingham defends goal record after new role change","datePublished":"2026-01-08T12:42:06+00:00","mainEntityOfPage":{"@id":"https:\/\/bladnanews.com\/jude-bellingham-defends-goal-record-after-new-role-change\/"},"wordCount":269,"publisher":{"@id":"https:\/\/mediumseagreen-eel-531711.hostingersite.com\/#organization"},"image":{"@id":"https:\/\/bladnanews.com\/jude-bellingham-defends-goal-record-after-new-role-change\/#primaryimage"},"thumbnailUrl":"https:\/\/bladnanews.com\/wp-content\/uploads\/2026\/01\/BladnaNews-Jude-Bellingham-defends-goal-record-after-new-role-change-2026-01-08T210956.018Z.jpg","articleSection":["International","Latest News"],"inLanguage":"fr-FR","copyrightYear":"2026","copyrightHolder":{"@id":"https:\/\/bladnanews.com\/fr\/#organization"}},{"@type":"WebPage","@id":"https:\/\/bladnanews.com\/jude-bellingham-defends-goal-record-after-new-role-change\/","url":"https:\/\/bladnanews.com\/jude-bellingham-defends-goal-record-after-new-role-change\/","name":"Jude Bellingham d\u00e9fend son bilan de buts apr\u00e8s un nouveau changement de r\u00f4le - Bladna News","isPartOf":{"@id":"https:\/\/mediumseagreen-eel-531711.hostingersite.com\/#website"},"primaryImageOfPage":{"@id":"https:\/\/bladnanews.com\/jude-bellingham-defends-goal-record-after-new-role-change\/#primaryimage"},"image":{"@id":"https:\/\/bladnanews.com\/jude-bellingham-defends-goal-record-after-new-role-change\/#primaryimage"},"thumbnailUrl":"https:\/\/bladnanews.com\/wp-content\/uploads\/2026\/01\/BladnaNews-Jude-Bellingham-defends-goal-record-after-new-role-change-2026-01-08T210956.018Z.jpg","datePublished":"2026-01-08T12:42:06+00:00","breadcrumb":{"@id":"https:\/\/bladnanews.com\/jude-bellingham-defends-goal-record-after-new-role-change\/#breadcrumb"},"inLanguage":"fr-FR","potentialAction":[{"@type":"ReadAction","target":["https:\/\/bladnanews.com\/jude-bellingham-defends-goal-record-after-new-role-change\/"]}]},{"@type":"ImageObject","inLanguage":"fr-FR","@id":"https:\/\/bladnanews.com\/jude-bellingham-defends-goal-record-after-new-role-change\/#primaryimage","url":"https:\/\/bladnanews.com\/wp-content\/uploads\/2026\/01\/BladnaNews-Jude-Bellingham-defends-goal-record-after-new-role-change-2026-01-08T210956.018Z.jpg","contentUrl":"https:\/\/bladnanews.com\/wp-content\/uploads\/2026\/01\/BladnaNews-Jude-Bellingham-defends-goal-record-after-new-role-change-2026-01-08T210956.018Z.jpg","width":1600,"height":900,"caption":"Jude Bellingham, Kylian Mbapp\u00e9, and Vin\u00edcius J\u00fanior in Real Madrid kits, showcasing expressions during a match, emphasising their roles in football."},{"@type":"BreadcrumbList","@id":"https:\/\/bladnanews.com\/jude-bellingham-defends-goal-record-after-new-role-change\/#breadcrumb","itemListElement":[{"@type":"ListItem","position":1,"name":"Home","item":"https:\/\/bladnanews.com\/"},{"@type":"ListItem","position":2,"name":"Jude Bellingham defends goal record after new role change"}]},{"@type":"WebSite","@id":"https:\/\/mediumseagreen-eel-531711.hostingersite.com\/#website","url":"https:\/\/mediumseagreen-eel-531711.hostingersite.com\/","name":"Bladna News - Maroc","description":"Quand le football marocain rencontre le monde","publisher":{"@id":"https:\/\/mediumseagreen-eel-531711.hostingersite.com\/#organization"},"potentialAction":[{"@type":"SearchAction","target":{"@type":"EntryPoint","urlTemplate":"https:\/\/mediumseagreen-eel-531711.hostingersite.com\/?s={search_term_string}"},"query-input":{"@type":"PropertyValueSpecification","valueRequired":true,"valueName":"search_term_string"}}],"inLanguage":"fr-FR"},{"@type":"Organization","@id":"https:\/\/mediumseagreen-eel-531711.hostingersite.com\/#organization","name":"Bladna News.com","url":"https:\/\/mediumseagreen-eel-531711.hostingersite.com\/","logo":{"@type":"ImageObject","inLanguage":"fr-FR","@id":"https:\/\/mediumseagreen-eel-531711.hostingersite.com\/#\/schema\/logo\/image\/","url":"https:\/\/bladnanews.com\/wp-content\/uploads\/2025\/12\/logo-bladnanews-V2-web-black-red.png","contentUrl":"https:\/\/bladnanews.com\/wp-content\/uploads\/2025\/12\/logo-bladnanews-V2-web-black-red.png","width":703,"height":287,"caption":"Bladna News.com"},"image":{"@id":"https:\/\/mediumseagreen-eel-531711.hostingersite.com\/#\/schema\/logo\/image\/"},"email":"info@bladnanews.com","legalName":"Bladna News"},{"@type":"Person","@id":"https:\/\/mediumseagreen-eel-531711.hostingersite.com\/#\/schema\/person\/268e18a453ab080ebf76df6ef7845083","name":"\u00c9quipe r\u00e9dactionnelle de Bladna News","url":"https:\/\/bladnanews.com\/fr\/author\/bladna-news-staff\/"}]}},"_links":{"self":[{"href":"https:\/\/bladnanews.com\/fr\/wp-json\/wp\/v2\/posts\/5337","targetHints":{"allow":["GET"]}}],"collection":[{"href":"https:\/\/bladnanews.com\/fr\/wp-json\/wp\/v2\/posts"}],"about":[{"href":"https:\/\/bladnanews.com\/fr\/wp-json\/wp\/v2\/types\/post"}],"author":[{"embeddable":true,"href":"https:\/\/bladnanews.com\/fr\/wp-json\/wp\/v2\/users\/3"}],"replies":[{"embeddable":true,"href":"https:\/\/bladnanews.com\/fr\/wp-json\/wp\/v2\/comments?post=5337"}],"version-history":[{"count":0,"href":"https:\/\/bladnanews.com\/fr\/wp-json\/wp\/v2\/posts\/5337\/revisions"}],"wp:featuredmedia":[{"embeddable":true,"href":"https:\/\/bladnanews.com\/fr\/wp-json\/wp\/v2\/media\/5336"}],"wp:attachment":[{"href":"https:\/\/bladnanews.com\/fr\/wp-json\/wp\/v2\/media?parent=5337"}],"wp:term":[{"taxonomy":"category","embeddable":true,"href":"https:\/\/bladnanews.com\/fr\/wp-json\/wp\/v2\/categories?post=5337"},{"taxonomy":"post_tag","embeddable":true,"href":"https:\/\/bladnanews.com\/fr\/wp-json\/wp\/v2\/tags?post=5337"}],"curies":[{"name":"wp","href":"https:\/\/api.w.org\/{rel}","templated":true}]}}