{"id":5408,"date":"2026-01-08T14:35:34","date_gmt":"2026-01-08T14:35:34","guid":{"rendered":"https:\/\/bladnanews.com\/hafid-derradji-angry-at-recurring-algeria-afcon-issue\/"},"modified":"2026-01-08T14:35:34","modified_gmt":"2026-01-08T14:35:34","slug":"hafid-derradji-en-colere-face-au-probleme-recurrent-de-lalgerie-a-la-can","status":"publish","type":"post","link":"https:\/\/bladnanews.com\/fr\/hafid-derradji-en-colere-face-au-probleme-recurrent-de-lalgerie-a-la-can\/","title":{"rendered":"Hafid Derradji en col\u00e8re contre le probl\u00e8me r\u00e9current de l'AFCON en Alg\u00e9rie"},"content":{"rendered":"<p>Commentateur chevronn\u00e9 <strong>Hafid Derradji<\/strong> n'a pas cach\u00e9 sa frustration face \u00e0 ce qu'il a qualifi\u00e9 de probl\u00e8me r\u00e9current qui a poursuivi <strong>l'Alg\u00e9rie<\/strong> tout au long de leurs matchs lors du <strong>Coupe d'Afrique des Nations<\/strong>.<\/p>\n<p>Derradji a d\u00e9clar\u00e9 que le m\u00eame \u201c ph\u00e9nom\u00e8ne \u201d \u00e9tait apparu lors de <em>chaque<\/em> match de l'Alg\u00e9rie dans le tournoi, insistant sur le fait qu'il ne s'agissait plus d'un incident isol\u00e9 mais d'un sch\u00e9ma qui se r\u00e9p\u00e8te \u00e0 chaque fois que l'\u00e9quipe entre sur le terrain.<\/p>\n<p>Dans ses propos, Derradji a soulign\u00e9 que ce probl\u00e8me co\u00fbtait cher \u00e0 l'Alg\u00e9rie aux moments cl\u00e9s, et qu'il \u00e9tait devenu l'un des points n\u00e9gatifs les plus marquants des performances de l'\u00e9quipe durant la CAN.<\/p>\n<p>Il a \u00e9galement clairement indiqu\u00e9 que sa col\u00e8re venait de voir la m\u00eame sc\u00e8ne se reproduire match apr\u00e8s match, sans aucune solution concr\u00e8te sur le terrain, alors que ces d\u00e9tails peuvent \u00eatre d\u00e9cisifs dans un tournoi o\u00f9 les rencontres se jouent souvent \u00e0 tr\u00e8s peu de choses.<\/p>\n<p>Les commentaires de Derradji ont rapidement attir\u00e9 l'attention des supporters, alors qu'il r\u00e9p\u00e9tait que le probl\u00e8me n'\u00e9tait li\u00e9 ni \u00e0 un adversaire particulier ni \u00e0 une situation de match sp\u00e9cifique, mais qu'il \u00e9tait pr\u00e9sent \u00e0 chaque fois que l'Alg\u00e9rie a jou\u00e9 \u00e0 la Coupe d'Afrique des Nations.<\/p>","protected":false},"excerpt":{"rendered":"<p>Veteran commentator Hafid Derradji did not hide his frustration over what he called a recurring issue that has followed Algeria [&hellip;]<\/p>\n","protected":false},"author":4,"featured_media":5407,"comment_status":"","ping_status":"open","sticky":false,"template":"","format":"standard","meta":{"googlesitekit_rrm_CAow_uzEDA:productID":"","site-sidebar-layout":"default","site-content-layout":"","ast-site-content-layout":"default","site-content-style":"default","site-sidebar-style":"default","ast-global-header-display":"","ast-banner-title-visibility":"","ast-main-header-display":"","ast-hfb-above-header-display":"","ast-hfb-below-header-display":"","ast-hfb-mobile-header-display":"","site-post-title":"","ast-breadcrumbs-content":"","ast-featured-img":"","footer-sml-layout":"","ast-disable-related-posts":"","theme-transparent-header-meta":"","adv-header-id-meta":"","stick-header-meta":"","header-above-stick-meta":"","header-main-stick-meta":"","header-below-stick-meta":"","astra-migrate-meta-layouts":"default","ast-page-background-enabled":"default","ast-page-background-meta":{"desktop":{"background-color":"var(--ast-global-color-5)","background-image":"","background-repeat":"repeat","background-position":"center center","background-size":"auto","background-attachment":"scroll","background-type":"","background-media":"","overlay-type":"","overlay-color":"","overlay-opacity":"","overlay-gradient":""},"tablet":{"background-color":"","background-image":"","background-repeat":"repeat","background-position":"center center","background-size":"auto","background-attachment":"scroll","background-type":"","background-media":"","overlay-type":"","overlay-color":"","overlay-opacity":"","overlay-gradient":""},"mobile":{"background-color":"","background-image":"","background-repeat":"repeat","background-position":"center center","background-size":"auto","background-attachment":"scroll","background-type":"","background-media":"","overlay-type":"","overlay-color":"","overlay-opacity":"","overlay-gradient":""}},"ast-content-background-meta":{"desktop":{"background-color":"var(--ast-global-color-4)","background-image":"","background-repeat":"repeat","background-position":"center center","background-size":"auto","background-attachment":"scroll","background-type":"","background-media":"","overlay-type":"","overlay-color":"","overlay-opacity":"","overlay-gradient":""},"tablet":{"background-color":"var(--ast-global-color-4)","background-image":"","background-repeat":"repeat","background-position":"center center","background-size":"auto","background-attachment":"scroll","background-type":"","background-media":"","overlay-type":"","overlay-color":"","overlay-opacity":"","overlay-gradient":""},"mobile":{"background-color":"var(--ast-global-color-4)","background-image":"","background-repeat":"repeat","background-position":"center center","background-size":"auto","background-attachment":"scroll","background-type":"","background-media":"","overlay-type":"","overlay-color":"","overlay-opacity":"","overlay-gradient":""}},"footnotes":""},"categories":[1,168],"tags":[],"class_list":["post-5408","post","type-post","status-publish","format-standard","has-post-thumbnail","hentry","category-football-latest-news","category-morocco-national-team"],"yoast_head":"<!-- This site is optimized with the Yoast SEO Premium plugin v26.6 (Yoast SEO v27.4) - https:\/\/yoast.com\/product\/yoast-seo-premium-wordpress\/ -->\n<title>Hafid Derradji angry at recurring Algeria AFCON issue - Bladna News<\/title>\n<meta name=\"robots\" content=\"index, follow, max-snippet:-1, max-image-preview:large, max-video-preview:-1\" \/>\n<link rel=\"canonical\" href=\"https:\/\/bladnanews.com\/fr\/hafid-derradji-en-colere-face-au-probleme-recurrent-de-lalgerie-a-la-can\/\" \/>\n<meta property=\"og:locale\" content=\"fr_FR\" \/>\n<meta property=\"og:type\" content=\"article\" \/>\n<meta property=\"og:title\" content=\"Hafid Derradji angry at recurring Algeria AFCON issue\" \/>\n<meta property=\"og:description\" content=\"Veteran commentator Hafid Derradji did not hide his frustration over what he called a recurring issue that has followed Algeria [&hellip;]\" \/>\n<meta property=\"og:url\" content=\"https:\/\/bladnanews.com\/fr\/hafid-derradji-en-colere-face-au-probleme-recurrent-de-lalgerie-a-la-can\/\" \/>\n<meta property=\"og:site_name\" content=\"Bladna News\" \/>\n<meta property=\"article:published_time\" content=\"2026-01-08T14:35:34+00:00\" \/>\n<meta property=\"og:image\" content=\"https:\/\/bladnanews.com\/wp-content\/uploads\/2025\/12\/freepik__bladna-newscom-moroccan-soccer-homepage-banner-mor__41838.png\" \/>\n\t<meta property=\"og:image:width\" content=\"1312\" \/>\n\t<meta property=\"og:image:height\" content=\"736\" \/>\n\t<meta property=\"og:image:type\" content=\"image\/png\" \/>\n<meta name=\"author\" content=\"Bladna Sports Desk\" \/>\n<meta name=\"twitter:card\" content=\"summary_large_image\" \/>\n<meta name=\"twitter:label1\" content=\"\u00c9crit par\" \/>\n\t<meta name=\"twitter:data1\" content=\"Bladna Sports Desk\" \/>\n\t<meta name=\"twitter:label2\" content=\"Dur\u00e9e de lecture estim\u00e9e\" \/>\n\t<meta name=\"twitter:data2\" content=\"1 minute\" \/>\n<script type=\"application\/ld+json\" class=\"yoast-schema-graph\">{\"@context\":\"https:\\\/\\\/schema.org\",\"@graph\":[{\"@type\":\"Article\",\"@id\":\"https:\\\/\\\/bladnanews.com\\\/hafid-derradji-angry-at-recurring-algeria-afcon-issue\\\/#article\",\"isPartOf\":{\"@id\":\"https:\\\/\\\/bladnanews.com\\\/hafid-derradji-angry-at-recurring-algeria-afcon-issue\\\/\"},\"author\":{\"name\":\"Bladna Sports Desk\",\"@id\":\"https:\\\/\\\/mediumseagreen-eel-531711.hostingersite.com\\\/#\\\/schema\\\/person\\\/6712b38fabe810f7eb8d15ed30d90f1e\"},\"headline\":\"Hafid Derradji angry at recurring Algeria AFCON issue\",\"datePublished\":\"2026-01-08T14:35:34+00:00\",\"mainEntityOfPage\":{\"@id\":\"https:\\\/\\\/bladnanews.com\\\/hafid-derradji-angry-at-recurring-algeria-afcon-issue\\\/\"},\"wordCount\":185,\"publisher\":{\"@id\":\"https:\\\/\\\/mediumseagreen-eel-531711.hostingersite.com\\\/#organization\"},\"image\":{\"@id\":\"https:\\\/\\\/bladnanews.com\\\/hafid-derradji-angry-at-recurring-algeria-afcon-issue\\\/#primaryimage\"},\"thumbnailUrl\":\"https:\\\/\\\/bladnanews.com\\\/wp-content\\\/uploads\\\/2026\\\/01\\\/GettyImages-2254355401-1.jpg-1-scaled.jpg\",\"articleSection\":[\"Latest News\",\"Morocco National Team\"],\"inLanguage\":\"fr-FR\",\"copyrightYear\":\"2026\",\"copyrightHolder\":{\"@id\":\"https:\\\/\\\/bladnanews.com\\\/fr\\\/#organization\"}},{\"@type\":\"WebPage\",\"@id\":\"https:\\\/\\\/bladnanews.com\\\/hafid-derradji-angry-at-recurring-algeria-afcon-issue\\\/\",\"url\":\"https:\\\/\\\/bladnanews.com\\\/hafid-derradji-angry-at-recurring-algeria-afcon-issue\\\/\",\"name\":\"Hafid Derradji angry at recurring Algeria AFCON issue - Bladna News\",\"isPartOf\":{\"@id\":\"https:\\\/\\\/mediumseagreen-eel-531711.hostingersite.com\\\/#website\"},\"primaryImageOfPage\":{\"@id\":\"https:\\\/\\\/bladnanews.com\\\/hafid-derradji-angry-at-recurring-algeria-afcon-issue\\\/#primaryimage\"},\"image\":{\"@id\":\"https:\\\/\\\/bladnanews.com\\\/hafid-derradji-angry-at-recurring-algeria-afcon-issue\\\/#primaryimage\"},\"thumbnailUrl\":\"https:\\\/\\\/bladnanews.com\\\/wp-content\\\/uploads\\\/2026\\\/01\\\/GettyImages-2254355401-1.jpg-1-scaled.jpg\",\"datePublished\":\"2026-01-08T14:35:34+00:00\",\"breadcrumb\":{\"@id\":\"https:\\\/\\\/bladnanews.com\\\/hafid-derradji-angry-at-recurring-algeria-afcon-issue\\\/#breadcrumb\"},\"inLanguage\":\"fr-FR\",\"potentialAction\":[{\"@type\":\"ReadAction\",\"target\":[\"https:\\\/\\\/bladnanews.com\\\/hafid-derradji-angry-at-recurring-algeria-afcon-issue\\\/\"]}]},{\"@type\":\"ImageObject\",\"inLanguage\":\"fr-FR\",\"@id\":\"https:\\\/\\\/bladnanews.com\\\/hafid-derradji-angry-at-recurring-algeria-afcon-issue\\\/#primaryimage\",\"url\":\"https:\\\/\\\/bladnanews.com\\\/wp-content\\\/uploads\\\/2026\\\/01\\\/GettyImages-2254355401-1.jpg-1-scaled.jpg\",\"contentUrl\":\"https:\\\/\\\/bladnanews.com\\\/wp-content\\\/uploads\\\/2026\\\/01\\\/GettyImages-2254355401-1.jpg-1-scaled.jpg\",\"width\":2560,\"height\":1440,\"caption\":\"Algerian players celebrate a goal, wearing their white and green kits, while an opposing player looks on in the background.\"},{\"@type\":\"BreadcrumbList\",\"@id\":\"https:\\\/\\\/bladnanews.com\\\/hafid-derradji-angry-at-recurring-algeria-afcon-issue\\\/#breadcrumb\",\"itemListElement\":[{\"@type\":\"ListItem\",\"position\":1,\"name\":\"Home\",\"item\":\"https:\\\/\\\/bladnanews.com\\\/\"},{\"@type\":\"ListItem\",\"position\":2,\"name\":\"Hafid Derradji angry at recurring Algeria AFCON issue\"}]},{\"@type\":\"WebSite\",\"@id\":\"https:\\\/\\\/mediumseagreen-eel-531711.hostingersite.com\\\/#website\",\"url\":\"https:\\\/\\\/mediumseagreen-eel-531711.hostingersite.com\\\/\",\"name\":\"Bladna News - Morocco\",\"description\":\"Where Moroccan Football Meets the World\",\"publisher\":{\"@id\":\"https:\\\/\\\/mediumseagreen-eel-531711.hostingersite.com\\\/#organization\"},\"potentialAction\":[{\"@type\":\"SearchAction\",\"target\":{\"@type\":\"EntryPoint\",\"urlTemplate\":\"https:\\\/\\\/mediumseagreen-eel-531711.hostingersite.com\\\/?s={search_term_string}\"},\"query-input\":{\"@type\":\"PropertyValueSpecification\",\"valueRequired\":true,\"valueName\":\"search_term_string\"}}],\"inLanguage\":\"fr-FR\"},{\"@type\":\"Organization\",\"@id\":\"https:\\\/\\\/mediumseagreen-eel-531711.hostingersite.com\\\/#organization\",\"name\":\"Bladna News.com\",\"url\":\"https:\\\/\\\/mediumseagreen-eel-531711.hostingersite.com\\\/\",\"logo\":{\"@type\":\"ImageObject\",\"inLanguage\":\"fr-FR\",\"@id\":\"https:\\\/\\\/mediumseagreen-eel-531711.hostingersite.com\\\/#\\\/schema\\\/logo\\\/image\\\/\",\"url\":\"https:\\\/\\\/bladnanews.com\\\/wp-content\\\/uploads\\\/2025\\\/12\\\/logo-bladnanews-V2-web-black-red.png\",\"contentUrl\":\"https:\\\/\\\/bladnanews.com\\\/wp-content\\\/uploads\\\/2025\\\/12\\\/logo-bladnanews-V2-web-black-red.png\",\"width\":703,\"height\":287,\"caption\":\"Bladna News.com\"},\"image\":{\"@id\":\"https:\\\/\\\/mediumseagreen-eel-531711.hostingersite.com\\\/#\\\/schema\\\/logo\\\/image\\\/\"},\"email\":\"info@bladnanews.com\",\"legalName\":\"Bladna News\"},{\"@type\":\"Person\",\"@id\":\"https:\\\/\\\/mediumseagreen-eel-531711.hostingersite.com\\\/#\\\/schema\\\/person\\\/6712b38fabe810f7eb8d15ed30d90f1e\",\"name\":\"Bladna Sports Desk\",\"url\":\"https:\\\/\\\/bladnanews.com\\\/fr\\\/author\\\/bladna-sports-desk\\\/\"}]}<\/script>\n<!-- \/ Yoast SEO Premium plugin. -->","yoast_head_json":{"title":"Hafid Derradji en col\u00e8re face \u00e0 la r\u00e9currence du probl\u00e8me alg\u00e9rien \u00e0 la CAN - Bladna News","robots":{"index":"index","follow":"follow","max-snippet":"max-snippet:-1","max-image-preview":"max-image-preview:large","max-video-preview":"max-video-preview:-1"},"canonical":"https:\/\/bladnanews.com\/fr\/hafid-derradji-en-colere-face-au-probleme-recurrent-de-lalgerie-a-la-can\/","og_locale":"fr_FR","og_type":"article","og_title":"Hafid Derradji angry at recurring Algeria AFCON issue","og_description":"Veteran commentator Hafid Derradji did not hide his frustration over what he called a recurring issue that has followed Algeria [&hellip;]","og_url":"https:\/\/bladnanews.com\/fr\/hafid-derradji-en-colere-face-au-probleme-recurrent-de-lalgerie-a-la-can\/","og_site_name":"Bladna News","article_published_time":"2026-01-08T14:35:34+00:00","og_image":[{"width":1312,"height":736,"url":"https:\/\/bladnanews.com\/wp-content\/uploads\/2025\/12\/freepik__bladna-newscom-moroccan-soccer-homepage-banner-mor__41838.png","type":"image\/png"}],"author":"Bladna Sports Desk","twitter_card":"summary_large_image","twitter_misc":{"\u00c9crit par":"Bladna Sports Desk","Dur\u00e9e de lecture estim\u00e9e":"1 minute"},"schema":{"@context":"https:\/\/schema.org","@graph":[{"@type":"Article","@id":"https:\/\/bladnanews.com\/hafid-derradji-angry-at-recurring-algeria-afcon-issue\/#article","isPartOf":{"@id":"https:\/\/bladnanews.com\/hafid-derradji-angry-at-recurring-algeria-afcon-issue\/"},"author":{"name":"Bladna Sports Desk","@id":"https:\/\/mediumseagreen-eel-531711.hostingersite.com\/#\/schema\/person\/6712b38fabe810f7eb8d15ed30d90f1e"},"headline":"Hafid Derradji angry at recurring Algeria AFCON issue","datePublished":"2026-01-08T14:35:34+00:00","mainEntityOfPage":{"@id":"https:\/\/bladnanews.com\/hafid-derradji-angry-at-recurring-algeria-afcon-issue\/"},"wordCount":185,"publisher":{"@id":"https:\/\/mediumseagreen-eel-531711.hostingersite.com\/#organization"},"image":{"@id":"https:\/\/bladnanews.com\/hafid-derradji-angry-at-recurring-algeria-afcon-issue\/#primaryimage"},"thumbnailUrl":"https:\/\/bladnanews.com\/wp-content\/uploads\/2026\/01\/GettyImages-2254355401-1.jpg-1-scaled.jpg","articleSection":["Latest News","Morocco National Team"],"inLanguage":"fr-FR","copyrightYear":"2026","copyrightHolder":{"@id":"https:\/\/bladnanews.com\/fr\/#organization"}},{"@type":"WebPage","@id":"https:\/\/bladnanews.com\/hafid-derradji-angry-at-recurring-algeria-afcon-issue\/","url":"https:\/\/bladnanews.com\/hafid-derradji-angry-at-recurring-algeria-afcon-issue\/","name":"Hafid Derradji en col\u00e8re face \u00e0 la r\u00e9currence du probl\u00e8me alg\u00e9rien \u00e0 la CAN - Bladna News","isPartOf":{"@id":"https:\/\/mediumseagreen-eel-531711.hostingersite.com\/#website"},"primaryImageOfPage":{"@id":"https:\/\/bladnanews.com\/hafid-derradji-angry-at-recurring-algeria-afcon-issue\/#primaryimage"},"image":{"@id":"https:\/\/bladnanews.com\/hafid-derradji-angry-at-recurring-algeria-afcon-issue\/#primaryimage"},"thumbnailUrl":"https:\/\/bladnanews.com\/wp-content\/uploads\/2026\/01\/GettyImages-2254355401-1.jpg-1-scaled.jpg","datePublished":"2026-01-08T14:35:34+00:00","breadcrumb":{"@id":"https:\/\/bladnanews.com\/hafid-derradji-angry-at-recurring-algeria-afcon-issue\/#breadcrumb"},"inLanguage":"fr-FR","potentialAction":[{"@type":"ReadAction","target":["https:\/\/bladnanews.com\/hafid-derradji-angry-at-recurring-algeria-afcon-issue\/"]}]},{"@type":"ImageObject","inLanguage":"fr-FR","@id":"https:\/\/bladnanews.com\/hafid-derradji-angry-at-recurring-algeria-afcon-issue\/#primaryimage","url":"https:\/\/bladnanews.com\/wp-content\/uploads\/2026\/01\/GettyImages-2254355401-1.jpg-1-scaled.jpg","contentUrl":"https:\/\/bladnanews.com\/wp-content\/uploads\/2026\/01\/GettyImages-2254355401-1.jpg-1-scaled.jpg","width":2560,"height":1440,"caption":"Algerian players celebrate a goal, wearing their white and green kits, while an opposing player looks on in the background."},{"@type":"BreadcrumbList","@id":"https:\/\/bladnanews.com\/hafid-derradji-angry-at-recurring-algeria-afcon-issue\/#breadcrumb","itemListElement":[{"@type":"ListItem","position":1,"name":"Home","item":"https:\/\/bladnanews.com\/"},{"@type":"ListItem","position":2,"name":"Hafid Derradji angry at recurring Algeria AFCON issue"}]},{"@type":"WebSite","@id":"https:\/\/mediumseagreen-eel-531711.hostingersite.com\/#website","url":"https:\/\/mediumseagreen-eel-531711.hostingersite.com\/","name":"Bladna News - Maroc","description":"Quand le football marocain rencontre le monde","publisher":{"@id":"https:\/\/mediumseagreen-eel-531711.hostingersite.com\/#organization"},"potentialAction":[{"@type":"SearchAction","target":{"@type":"EntryPoint","urlTemplate":"https:\/\/mediumseagreen-eel-531711.hostingersite.com\/?s={search_term_string}"},"query-input":{"@type":"PropertyValueSpecification","valueRequired":true,"valueName":"search_term_string"}}],"inLanguage":"fr-FR"},{"@type":"Organization","@id":"https:\/\/mediumseagreen-eel-531711.hostingersite.com\/#organization","name":"Bladna News.com","url":"https:\/\/mediumseagreen-eel-531711.hostingersite.com\/","logo":{"@type":"ImageObject","inLanguage":"fr-FR","@id":"https:\/\/mediumseagreen-eel-531711.hostingersite.com\/#\/schema\/logo\/image\/","url":"https:\/\/bladnanews.com\/wp-content\/uploads\/2025\/12\/logo-bladnanews-V2-web-black-red.png","contentUrl":"https:\/\/bladnanews.com\/wp-content\/uploads\/2025\/12\/logo-bladnanews-V2-web-black-red.png","width":703,"height":287,"caption":"Bladna News.com"},"image":{"@id":"https:\/\/mediumseagreen-eel-531711.hostingersite.com\/#\/schema\/logo\/image\/"},"email":"info@bladnanews.com","legalName":"Bladna News"},{"@type":"Person","@id":"https:\/\/mediumseagreen-eel-531711.hostingersite.com\/#\/schema\/person\/6712b38fabe810f7eb8d15ed30d90f1e","name":"Bladna Sports Desk","url":"https:\/\/bladnanews.com\/fr\/author\/bladna-sports-desk\/"}]}},"_links":{"self":[{"href":"https:\/\/bladnanews.com\/fr\/wp-json\/wp\/v2\/posts\/5408","targetHints":{"allow":["GET"]}}],"collection":[{"href":"https:\/\/bladnanews.com\/fr\/wp-json\/wp\/v2\/posts"}],"about":[{"href":"https:\/\/bladnanews.com\/fr\/wp-json\/wp\/v2\/types\/post"}],"author":[{"embeddable":true,"href":"https:\/\/bladnanews.com\/fr\/wp-json\/wp\/v2\/users\/4"}],"replies":[{"embeddable":true,"href":"https:\/\/bladnanews.com\/fr\/wp-json\/wp\/v2\/comments?post=5408"}],"version-history":[{"count":0,"href":"https:\/\/bladnanews.com\/fr\/wp-json\/wp\/v2\/posts\/5408\/revisions"}],"wp:featuredmedia":[{"embeddable":true,"href":"https:\/\/bladnanews.com\/fr\/wp-json\/wp\/v2\/media\/5407"}],"wp:attachment":[{"href":"https:\/\/bladnanews.com\/fr\/wp-json\/wp\/v2\/media?parent=5408"}],"wp:term":[{"taxonomy":"category","embeddable":true,"href":"https:\/\/bladnanews.com\/fr\/wp-json\/wp\/v2\/categories?post=5408"},{"taxonomy":"post_tag","embeddable":true,"href":"https:\/\/bladnanews.com\/fr\/wp-json\/wp\/v2\/tags?post=5408"}],"curies":[{"name":"wp","href":"https:\/\/api.w.org\/{rel}","templated":true}]}}