{"id":5419,"date":"2026-01-08T17:25:00","date_gmt":"2026-01-08T17:25:00","guid":{"rendered":"https:\/\/bladnanews.com\/cameroon-star-aboubakar-sparks-controversy-with-morocco-remark\/"},"modified":"2026-01-08T17:25:00","modified_gmt":"2026-01-08T17:25:00","slug":"la-star-camerounaise-aboubakar-suscite-la-controverse-avec-une-remarque-sur-le-maroc","status":"publish","type":"post","link":"https:\/\/bladnanews.com\/fr\/la-star-camerounaise-aboubakar-suscite-la-controverse-avec-une-remarque-sur-le-maroc\/","title":{"rendered":"La star camerounaise Aboubakar suscite la controverse avec une remarque sur le Maroc."},"content":{"rendered":"<p>Le capitaine camerounais Vincent Aboubakar a suscit\u00e9 un d\u00e9bat parmi les supporters marocains apr\u00e8s une d\u00e9claration largement per\u00e7ue comme provocatrice.<\/p>\n<p>Aboubakar, l'un des noms les plus reconnus du football africain, s'est exprim\u00e9 avec assurance en revenant sur les rencontres pass\u00e9es et l'atmosph\u00e8re de cette rivalit\u00e9, un commentaire qui s'est rapidement propag\u00e9 en ligne et a d\u00e9clench\u00e9 une vague de r\u00e9actions des supporters au Maroc.<\/p>\n<p>La d\u00e9claration de la star camerounaise a \u00e9t\u00e9 interpr\u00e9t\u00e9e par beaucoup comme une tentative de provoquer la foule, surtout compte tenu de la sensibilit\u00e9 qui entoure souvent tout propos impliquant le Maroc et son fort soutien \u00e0 domicile. Les utilisateurs des m\u00e9dias sociaux au Maroc ont r\u00e9pondu en grand nombre, les opinions \u00e9tant partag\u00e9es entre ceux qui ont rejet\u00e9 le commentaire et ceux qui l'ont jug\u00e9 irrespectueux.<\/p>\n<p>Cette remarque maintient Aboubakar sous les projecteurs avant les prochains engagements du Cameroun, les supporters attendant d\u00e9sormais de voir si l'attaquant r\u00e9pondra aux r\u00e9actions ou laissera ses paroles telles quelles.<\/p>","protected":false},"excerpt":{"rendered":"<p>Cameroon captain Vincent Aboubakar has sparked debate among Moroccan fans after making a remark that was widely seen as provocative. [&hellip;]<\/p>\n","protected":false},"author":4,"featured_media":5418,"comment_status":"","ping_status":"open","sticky":false,"template":"","format":"standard","meta":{"googlesitekit_rrm_CAow_uzEDA:productID":"","site-sidebar-layout":"default","site-content-layout":"","ast-site-content-layout":"default","site-content-style":"default","site-sidebar-style":"default","ast-global-header-display":"","ast-banner-title-visibility":"","ast-main-header-display":"","ast-hfb-above-header-display":"","ast-hfb-below-header-display":"","ast-hfb-mobile-header-display":"","site-post-title":"","ast-breadcrumbs-content":"","ast-featured-img":"","footer-sml-layout":"","ast-disable-related-posts":"","theme-transparent-header-meta":"","adv-header-id-meta":"","stick-header-meta":"","header-above-stick-meta":"","header-main-stick-meta":"","header-below-stick-meta":"","astra-migrate-meta-layouts":"default","ast-page-background-enabled":"default","ast-page-background-meta":{"desktop":{"background-color":"var(--ast-global-color-5)","background-image":"","background-repeat":"repeat","background-position":"center center","background-size":"auto","background-attachment":"scroll","background-type":"","background-media":"","overlay-type":"","overlay-color":"","overlay-opacity":"","overlay-gradient":""},"tablet":{"background-color":"","background-image":"","background-repeat":"repeat","background-position":"center center","background-size":"auto","background-attachment":"scroll","background-type":"","background-media":"","overlay-type":"","overlay-color":"","overlay-opacity":"","overlay-gradient":""},"mobile":{"background-color":"","background-image":"","background-repeat":"repeat","background-position":"center center","background-size":"auto","background-attachment":"scroll","background-type":"","background-media":"","overlay-type":"","overlay-color":"","overlay-opacity":"","overlay-gradient":""}},"ast-content-background-meta":{"desktop":{"background-color":"var(--ast-global-color-4)","background-image":"","background-repeat":"repeat","background-position":"center center","background-size":"auto","background-attachment":"scroll","background-type":"","background-media":"","overlay-type":"","overlay-color":"","overlay-opacity":"","overlay-gradient":""},"tablet":{"background-color":"var(--ast-global-color-4)","background-image":"","background-repeat":"repeat","background-position":"center center","background-size":"auto","background-attachment":"scroll","background-type":"","background-media":"","overlay-type":"","overlay-color":"","overlay-opacity":"","overlay-gradient":""},"mobile":{"background-color":"var(--ast-global-color-4)","background-image":"","background-repeat":"repeat","background-position":"center center","background-size":"auto","background-attachment":"scroll","background-type":"","background-media":"","overlay-type":"","overlay-color":"","overlay-opacity":"","overlay-gradient":""}},"footnotes":""},"categories":[1,168],"tags":[],"class_list":["post-5419","post","type-post","status-publish","format-standard","has-post-thumbnail","hentry","category-football-latest-news","category-morocco-national-team"],"yoast_head":"<!-- This site is optimized with the Yoast SEO Premium plugin v26.6 (Yoast SEO v27.4) - https:\/\/yoast.com\/product\/yoast-seo-premium-wordpress\/ -->\n<title>Cameroon star Aboubakar sparks controversy with Morocco remark - Bladna News<\/title>\n<meta name=\"robots\" content=\"index, follow, max-snippet:-1, max-image-preview:large, max-video-preview:-1\" \/>\n<link rel=\"canonical\" href=\"https:\/\/bladnanews.com\/fr\/la-star-camerounaise-aboubakar-suscite-la-controverse-avec-une-remarque-sur-le-maroc\/\" \/>\n<meta property=\"og:locale\" content=\"fr_FR\" \/>\n<meta property=\"og:type\" content=\"article\" \/>\n<meta property=\"og:title\" content=\"Cameroon star Aboubakar sparks controversy with Morocco remark\" \/>\n<meta property=\"og:description\" content=\"Cameroon captain Vincent Aboubakar has sparked debate among Moroccan fans after making a remark that was widely seen as provocative. [&hellip;]\" \/>\n<meta property=\"og:url\" content=\"https:\/\/bladnanews.com\/fr\/la-star-camerounaise-aboubakar-suscite-la-controverse-avec-une-remarque-sur-le-maroc\/\" \/>\n<meta property=\"og:site_name\" content=\"Bladna News\" \/>\n<meta property=\"article:published_time\" content=\"2026-01-08T17:25:00+00:00\" \/>\n<meta property=\"og:image\" content=\"https:\/\/bladnanews.com\/wp-content\/uploads\/2025\/12\/freepik__bladna-newscom-moroccan-soccer-homepage-banner-mor__41838.png\" \/>\n\t<meta property=\"og:image:width\" content=\"1312\" \/>\n\t<meta property=\"og:image:height\" content=\"736\" \/>\n\t<meta property=\"og:image:type\" content=\"image\/png\" \/>\n<meta name=\"author\" content=\"Bladna Sports Desk\" \/>\n<meta name=\"twitter:card\" content=\"summary_large_image\" \/>\n<meta name=\"twitter:label1\" content=\"\u00c9crit par\" \/>\n\t<meta name=\"twitter:data1\" content=\"Bladna Sports Desk\" \/>\n\t<meta name=\"twitter:label2\" content=\"Dur\u00e9e de lecture estim\u00e9e\" \/>\n\t<meta name=\"twitter:data2\" content=\"1 minute\" \/>\n<script type=\"application\/ld+json\" class=\"yoast-schema-graph\">{\"@context\":\"https:\\\/\\\/schema.org\",\"@graph\":[{\"@type\":\"Article\",\"@id\":\"https:\\\/\\\/bladnanews.com\\\/cameroon-star-aboubakar-sparks-controversy-with-morocco-remark\\\/#article\",\"isPartOf\":{\"@id\":\"https:\\\/\\\/bladnanews.com\\\/cameroon-star-aboubakar-sparks-controversy-with-morocco-remark\\\/\"},\"author\":{\"name\":\"Bladna Sports Desk\",\"@id\":\"https:\\\/\\\/mediumseagreen-eel-531711.hostingersite.com\\\/#\\\/schema\\\/person\\\/6712b38fabe810f7eb8d15ed30d90f1e\"},\"headline\":\"Cameroon star Aboubakar sparks controversy with Morocco remark\",\"datePublished\":\"2026-01-08T17:25:00+00:00\",\"mainEntityOfPage\":{\"@id\":\"https:\\\/\\\/bladnanews.com\\\/cameroon-star-aboubakar-sparks-controversy-with-morocco-remark\\\/\"},\"wordCount\":157,\"publisher\":{\"@id\":\"https:\\\/\\\/mediumseagreen-eel-531711.hostingersite.com\\\/#organization\"},\"image\":{\"@id\":\"https:\\\/\\\/bladnanews.com\\\/cameroon-star-aboubakar-sparks-controversy-with-morocco-remark\\\/#primaryimage\"},\"thumbnailUrl\":\"https:\\\/\\\/bladnanews.com\\\/wp-content\\\/uploads\\\/2026\\\/01\\\/5ca470dd-0c7e-48c6-87f7-2959fd7178f9_1767893208.webp\",\"articleSection\":[\"Latest News\",\"Morocco National Team\"],\"inLanguage\":\"fr-FR\",\"copyrightYear\":\"2026\",\"copyrightHolder\":{\"@id\":\"https:\\\/\\\/bladnanews.com\\\/fr\\\/#organization\"}},{\"@type\":\"WebPage\",\"@id\":\"https:\\\/\\\/bladnanews.com\\\/cameroon-star-aboubakar-sparks-controversy-with-morocco-remark\\\/\",\"url\":\"https:\\\/\\\/bladnanews.com\\\/cameroon-star-aboubakar-sparks-controversy-with-morocco-remark\\\/\",\"name\":\"Cameroon star Aboubakar sparks controversy with Morocco remark - Bladna News\",\"isPartOf\":{\"@id\":\"https:\\\/\\\/mediumseagreen-eel-531711.hostingersite.com\\\/#website\"},\"primaryImageOfPage\":{\"@id\":\"https:\\\/\\\/bladnanews.com\\\/cameroon-star-aboubakar-sparks-controversy-with-morocco-remark\\\/#primaryimage\"},\"image\":{\"@id\":\"https:\\\/\\\/bladnanews.com\\\/cameroon-star-aboubakar-sparks-controversy-with-morocco-remark\\\/#primaryimage\"},\"thumbnailUrl\":\"https:\\\/\\\/bladnanews.com\\\/wp-content\\\/uploads\\\/2026\\\/01\\\/5ca470dd-0c7e-48c6-87f7-2959fd7178f9_1767893208.webp\",\"datePublished\":\"2026-01-08T17:25:00+00:00\",\"breadcrumb\":{\"@id\":\"https:\\\/\\\/bladnanews.com\\\/cameroon-star-aboubakar-sparks-controversy-with-morocco-remark\\\/#breadcrumb\"},\"inLanguage\":\"fr-FR\",\"potentialAction\":[{\"@type\":\"ReadAction\",\"target\":[\"https:\\\/\\\/bladnanews.com\\\/cameroon-star-aboubakar-sparks-controversy-with-morocco-remark\\\/\"]}]},{\"@type\":\"ImageObject\",\"inLanguage\":\"fr-FR\",\"@id\":\"https:\\\/\\\/bladnanews.com\\\/cameroon-star-aboubakar-sparks-controversy-with-morocco-remark\\\/#primaryimage\",\"url\":\"https:\\\/\\\/bladnanews.com\\\/wp-content\\\/uploads\\\/2026\\\/01\\\/5ca470dd-0c7e-48c6-87f7-2959fd7178f9_1767893208.webp\",\"contentUrl\":\"https:\\\/\\\/bladnanews.com\\\/wp-content\\\/uploads\\\/2026\\\/01\\\/5ca470dd-0c7e-48c6-87f7-2959fd7178f9_1767893208.webp\",\"width\":860,\"height\":484,\"caption\":\"Cameroonian coach and player pose together at a press conference for the Africa Cup of Nations 2025 in Morocco, with sponsor logos visible.\"},{\"@type\":\"BreadcrumbList\",\"@id\":\"https:\\\/\\\/bladnanews.com\\\/cameroon-star-aboubakar-sparks-controversy-with-morocco-remark\\\/#breadcrumb\",\"itemListElement\":[{\"@type\":\"ListItem\",\"position\":1,\"name\":\"Home\",\"item\":\"https:\\\/\\\/bladnanews.com\\\/\"},{\"@type\":\"ListItem\",\"position\":2,\"name\":\"Cameroon star Aboubakar sparks controversy with Morocco remark\"}]},{\"@type\":\"WebSite\",\"@id\":\"https:\\\/\\\/mediumseagreen-eel-531711.hostingersite.com\\\/#website\",\"url\":\"https:\\\/\\\/mediumseagreen-eel-531711.hostingersite.com\\\/\",\"name\":\"Bladna News - Morocco\",\"description\":\"Where Moroccan Football Meets the World\",\"publisher\":{\"@id\":\"https:\\\/\\\/mediumseagreen-eel-531711.hostingersite.com\\\/#organization\"},\"potentialAction\":[{\"@type\":\"SearchAction\",\"target\":{\"@type\":\"EntryPoint\",\"urlTemplate\":\"https:\\\/\\\/mediumseagreen-eel-531711.hostingersite.com\\\/?s={search_term_string}\"},\"query-input\":{\"@type\":\"PropertyValueSpecification\",\"valueRequired\":true,\"valueName\":\"search_term_string\"}}],\"inLanguage\":\"fr-FR\"},{\"@type\":\"Organization\",\"@id\":\"https:\\\/\\\/mediumseagreen-eel-531711.hostingersite.com\\\/#organization\",\"name\":\"Bladna News.com\",\"url\":\"https:\\\/\\\/mediumseagreen-eel-531711.hostingersite.com\\\/\",\"logo\":{\"@type\":\"ImageObject\",\"inLanguage\":\"fr-FR\",\"@id\":\"https:\\\/\\\/mediumseagreen-eel-531711.hostingersite.com\\\/#\\\/schema\\\/logo\\\/image\\\/\",\"url\":\"https:\\\/\\\/bladnanews.com\\\/wp-content\\\/uploads\\\/2025\\\/12\\\/logo-bladnanews-V2-web-black-red.png\",\"contentUrl\":\"https:\\\/\\\/bladnanews.com\\\/wp-content\\\/uploads\\\/2025\\\/12\\\/logo-bladnanews-V2-web-black-red.png\",\"width\":703,\"height\":287,\"caption\":\"Bladna News.com\"},\"image\":{\"@id\":\"https:\\\/\\\/mediumseagreen-eel-531711.hostingersite.com\\\/#\\\/schema\\\/logo\\\/image\\\/\"},\"email\":\"info@bladnanews.com\",\"legalName\":\"Bladna News\"},{\"@type\":\"Person\",\"@id\":\"https:\\\/\\\/mediumseagreen-eel-531711.hostingersite.com\\\/#\\\/schema\\\/person\\\/6712b38fabe810f7eb8d15ed30d90f1e\",\"name\":\"Bladna Sports Desk\",\"url\":\"https:\\\/\\\/bladnanews.com\\\/fr\\\/author\\\/bladna-sports-desk\\\/\"}]}<\/script>\n<!-- \/ Yoast SEO Premium plugin. -->","yoast_head_json":{"title":"La star camerounaise Aboubakar suscite la controverse avec une remarque sur le Maroc - Bladna News","robots":{"index":"index","follow":"follow","max-snippet":"max-snippet:-1","max-image-preview":"max-image-preview:large","max-video-preview":"max-video-preview:-1"},"canonical":"https:\/\/bladnanews.com\/fr\/la-star-camerounaise-aboubakar-suscite-la-controverse-avec-une-remarque-sur-le-maroc\/","og_locale":"fr_FR","og_type":"article","og_title":"Cameroon star Aboubakar sparks controversy with Morocco remark","og_description":"Cameroon captain Vincent Aboubakar has sparked debate among Moroccan fans after making a remark that was widely seen as provocative. [&hellip;]","og_url":"https:\/\/bladnanews.com\/fr\/la-star-camerounaise-aboubakar-suscite-la-controverse-avec-une-remarque-sur-le-maroc\/","og_site_name":"Bladna News","article_published_time":"2026-01-08T17:25:00+00:00","og_image":[{"width":1312,"height":736,"url":"https:\/\/bladnanews.com\/wp-content\/uploads\/2025\/12\/freepik__bladna-newscom-moroccan-soccer-homepage-banner-mor__41838.png","type":"image\/png"}],"author":"Bladna Sports Desk","twitter_card":"summary_large_image","twitter_misc":{"\u00c9crit par":"Bladna Sports Desk","Dur\u00e9e de lecture estim\u00e9e":"1 minute"},"schema":{"@context":"https:\/\/schema.org","@graph":[{"@type":"Article","@id":"https:\/\/bladnanews.com\/cameroon-star-aboubakar-sparks-controversy-with-morocco-remark\/#article","isPartOf":{"@id":"https:\/\/bladnanews.com\/cameroon-star-aboubakar-sparks-controversy-with-morocco-remark\/"},"author":{"name":"Bladna Sports Desk","@id":"https:\/\/mediumseagreen-eel-531711.hostingersite.com\/#\/schema\/person\/6712b38fabe810f7eb8d15ed30d90f1e"},"headline":"Cameroon star Aboubakar sparks controversy with Morocco remark","datePublished":"2026-01-08T17:25:00+00:00","mainEntityOfPage":{"@id":"https:\/\/bladnanews.com\/cameroon-star-aboubakar-sparks-controversy-with-morocco-remark\/"},"wordCount":157,"publisher":{"@id":"https:\/\/mediumseagreen-eel-531711.hostingersite.com\/#organization"},"image":{"@id":"https:\/\/bladnanews.com\/cameroon-star-aboubakar-sparks-controversy-with-morocco-remark\/#primaryimage"},"thumbnailUrl":"https:\/\/bladnanews.com\/wp-content\/uploads\/2026\/01\/5ca470dd-0c7e-48c6-87f7-2959fd7178f9_1767893208.webp","articleSection":["Latest News","Morocco National Team"],"inLanguage":"fr-FR","copyrightYear":"2026","copyrightHolder":{"@id":"https:\/\/bladnanews.com\/fr\/#organization"}},{"@type":"WebPage","@id":"https:\/\/bladnanews.com\/cameroon-star-aboubakar-sparks-controversy-with-morocco-remark\/","url":"https:\/\/bladnanews.com\/cameroon-star-aboubakar-sparks-controversy-with-morocco-remark\/","name":"La star camerounaise Aboubakar suscite la controverse avec une remarque sur le Maroc - Bladna News","isPartOf":{"@id":"https:\/\/mediumseagreen-eel-531711.hostingersite.com\/#website"},"primaryImageOfPage":{"@id":"https:\/\/bladnanews.com\/cameroon-star-aboubakar-sparks-controversy-with-morocco-remark\/#primaryimage"},"image":{"@id":"https:\/\/bladnanews.com\/cameroon-star-aboubakar-sparks-controversy-with-morocco-remark\/#primaryimage"},"thumbnailUrl":"https:\/\/bladnanews.com\/wp-content\/uploads\/2026\/01\/5ca470dd-0c7e-48c6-87f7-2959fd7178f9_1767893208.webp","datePublished":"2026-01-08T17:25:00+00:00","breadcrumb":{"@id":"https:\/\/bladnanews.com\/cameroon-star-aboubakar-sparks-controversy-with-morocco-remark\/#breadcrumb"},"inLanguage":"fr-FR","potentialAction":[{"@type":"ReadAction","target":["https:\/\/bladnanews.com\/cameroon-star-aboubakar-sparks-controversy-with-morocco-remark\/"]}]},{"@type":"ImageObject","inLanguage":"fr-FR","@id":"https:\/\/bladnanews.com\/cameroon-star-aboubakar-sparks-controversy-with-morocco-remark\/#primaryimage","url":"https:\/\/bladnanews.com\/wp-content\/uploads\/2026\/01\/5ca470dd-0c7e-48c6-87f7-2959fd7178f9_1767893208.webp","contentUrl":"https:\/\/bladnanews.com\/wp-content\/uploads\/2026\/01\/5ca470dd-0c7e-48c6-87f7-2959fd7178f9_1767893208.webp","width":860,"height":484,"caption":"Cameroonian coach and player pose together at a press conference for the Africa Cup of Nations 2025 in Morocco, with sponsor logos visible."},{"@type":"BreadcrumbList","@id":"https:\/\/bladnanews.com\/cameroon-star-aboubakar-sparks-controversy-with-morocco-remark\/#breadcrumb","itemListElement":[{"@type":"ListItem","position":1,"name":"Home","item":"https:\/\/bladnanews.com\/"},{"@type":"ListItem","position":2,"name":"Cameroon star Aboubakar sparks controversy with Morocco remark"}]},{"@type":"WebSite","@id":"https:\/\/mediumseagreen-eel-531711.hostingersite.com\/#website","url":"https:\/\/mediumseagreen-eel-531711.hostingersite.com\/","name":"Bladna News - Maroc","description":"Quand le football marocain rencontre le monde","publisher":{"@id":"https:\/\/mediumseagreen-eel-531711.hostingersite.com\/#organization"},"potentialAction":[{"@type":"SearchAction","target":{"@type":"EntryPoint","urlTemplate":"https:\/\/mediumseagreen-eel-531711.hostingersite.com\/?s={search_term_string}"},"query-input":{"@type":"PropertyValueSpecification","valueRequired":true,"valueName":"search_term_string"}}],"inLanguage":"fr-FR"},{"@type":"Organization","@id":"https:\/\/mediumseagreen-eel-531711.hostingersite.com\/#organization","name":"Bladna News.com","url":"https:\/\/mediumseagreen-eel-531711.hostingersite.com\/","logo":{"@type":"ImageObject","inLanguage":"fr-FR","@id":"https:\/\/mediumseagreen-eel-531711.hostingersite.com\/#\/schema\/logo\/image\/","url":"https:\/\/bladnanews.com\/wp-content\/uploads\/2025\/12\/logo-bladnanews-V2-web-black-red.png","contentUrl":"https:\/\/bladnanews.com\/wp-content\/uploads\/2025\/12\/logo-bladnanews-V2-web-black-red.png","width":703,"height":287,"caption":"Bladna News.com"},"image":{"@id":"https:\/\/mediumseagreen-eel-531711.hostingersite.com\/#\/schema\/logo\/image\/"},"email":"info@bladnanews.com","legalName":"Bladna News"},{"@type":"Person","@id":"https:\/\/mediumseagreen-eel-531711.hostingersite.com\/#\/schema\/person\/6712b38fabe810f7eb8d15ed30d90f1e","name":"Bladna Sports Desk","url":"https:\/\/bladnanews.com\/fr\/author\/bladna-sports-desk\/"}]}},"_links":{"self":[{"href":"https:\/\/bladnanews.com\/fr\/wp-json\/wp\/v2\/posts\/5419","targetHints":{"allow":["GET"]}}],"collection":[{"href":"https:\/\/bladnanews.com\/fr\/wp-json\/wp\/v2\/posts"}],"about":[{"href":"https:\/\/bladnanews.com\/fr\/wp-json\/wp\/v2\/types\/post"}],"author":[{"embeddable":true,"href":"https:\/\/bladnanews.com\/fr\/wp-json\/wp\/v2\/users\/4"}],"replies":[{"embeddable":true,"href":"https:\/\/bladnanews.com\/fr\/wp-json\/wp\/v2\/comments?post=5419"}],"version-history":[{"count":0,"href":"https:\/\/bladnanews.com\/fr\/wp-json\/wp\/v2\/posts\/5419\/revisions"}],"wp:featuredmedia":[{"embeddable":true,"href":"https:\/\/bladnanews.com\/fr\/wp-json\/wp\/v2\/media\/5418"}],"wp:attachment":[{"href":"https:\/\/bladnanews.com\/fr\/wp-json\/wp\/v2\/media?parent=5419"}],"wp:term":[{"taxonomy":"category","embeddable":true,"href":"https:\/\/bladnanews.com\/fr\/wp-json\/wp\/v2\/categories?post=5419"},{"taxonomy":"post_tag","embeddable":true,"href":"https:\/\/bladnanews.com\/fr\/wp-json\/wp\/v2\/tags?post=5419"}],"curies":[{"name":"wp","href":"https:\/\/api.w.org\/{rel}","templated":true}]}}