{"id":5443,"date":"2026-01-08T15:07:24","date_gmt":"2026-01-08T15:07:24","guid":{"rendered":"https:\/\/bladnanews.com\/ricardo-pepi-tops-january-target-list-as-psv-hold-firm\/"},"modified":"2026-01-08T15:07:24","modified_gmt":"2026-01-08T15:07:24","slug":"ricardo-pepi-en-tete-de-la-liste-des-cibles-de-janvier-alors-que-le-psv-reste-ferme","status":"publish","type":"post","link":"https:\/\/bladnanews.com\/fr\/ricardo-pepi-en-tete-de-la-liste-des-cibles-de-janvier-alors-que-le-psv-reste-ferme\/","title":{"rendered":"Ricardo Pepi en t\u00eate de la liste des cibles de janvier tandis que le PSV reste ferme"},"content":{"rendered":"<p>Ricardo Pepi s'est impos\u00e9 comme l'un des joueurs de l'\u00e9quipe nationale am\u00e9ricaine les plus convoit\u00e9s \u00e0 l'approche du mercato de janvier, plusieurs clubs suivant de pr\u00e8s l'attaquant du PSV. Pepi conna\u00eet une excellente p\u00e9riode de forme \u00e0 Eindhoven, ce qui l'a propuls\u00e9 en t\u00eate de plusieurs listes de recrutement alors que les \u00e9quipes cherchent un buteur en cours de saison.<\/p>\n<p>Le PSV, cependant, n'entend pas faciliter les choses. Le champion n\u00e9erlandais reste ferme sur la situation de Pepi et se montre r\u00e9ticent \u00e0 \u00e9tudier des offres en pleine saison. Tout transfert n\u00e9cessiterait une proposition significative, le PSV tenant \u00e0 pr\u00e9server sa profondeur offensive pour poursuivre ses objectifs lors de la deuxi\u00e8me partie de saison.<\/p>\n<p>Cette situation place Pepi au c\u0153ur des rumeurs du mercato de janvier, mais ce n'est pas la seule intrigue majeure concernant les joueurs am\u00e9ricains en Europe. Weston McKennie traverse \u00e9galement une p\u00e9riode d'incertitude \u00e0 la Juventus, son avenir \u00e0 Turin \u00e9tant de nouveau scrut\u00e9 \u00e0 l'approche de la p\u00e9riode des transferts.<\/p>\n<p>McKennie a parfois \u00e9t\u00e9 un \u00e9l\u00e9ment r\u00e9gulier de l'effectif de la Juventus cette saison, mais les plans plus larges du club pourraient encore le rendre vuln\u00e9rable. Alors que des changements sont possibles au milieu de terrain et que le club doit \u00e9quilibrer besoins sportifs et d\u00e9cisions financi\u00e8res, McKennie reste l'un des noms les plus surveill\u00e9s au sein du contingent am\u00e9ricain.<\/p>\n<p>Le paysage plus large des transferts am\u00e9ricains commence \u00e0 se dessiner \u00e0 l'approche de janvier, mais Pepi en est la vedette. L'int\u00e9r\u00eat grandit, le PSV campe sur ses positions, et tout club esp\u00e9rant l'arracher devra vraisemblablement satisfaire \u00e0 des exigences fermes pour conclure un accord.<\/p>","protected":false},"excerpt":{"rendered":"<p>Ricardo Pepi has emerged as one of the most in-demand USMNT players ahead of the January transfer window, with a [&hellip;]<\/p>\n","protected":false},"author":3,"featured_media":5442,"comment_status":"","ping_status":"open","sticky":false,"template":"","format":"standard","meta":{"googlesitekit_rrm_CAow_uzEDA:productID":"","site-sidebar-layout":"default","site-content-layout":"","ast-site-content-layout":"default","site-content-style":"default","site-sidebar-style":"default","ast-global-header-display":"","ast-banner-title-visibility":"","ast-main-header-display":"","ast-hfb-above-header-display":"","ast-hfb-below-header-display":"","ast-hfb-mobile-header-display":"","site-post-title":"","ast-breadcrumbs-content":"","ast-featured-img":"","footer-sml-layout":"","ast-disable-related-posts":"","theme-transparent-header-meta":"","adv-header-id-meta":"","stick-header-meta":"","header-above-stick-meta":"","header-main-stick-meta":"","header-below-stick-meta":"","astra-migrate-meta-layouts":"default","ast-page-background-enabled":"default","ast-page-background-meta":{"desktop":{"background-color":"var(--ast-global-color-5)","background-image":"","background-repeat":"repeat","background-position":"center center","background-size":"auto","background-attachment":"scroll","background-type":"","background-media":"","overlay-type":"","overlay-color":"","overlay-opacity":"","overlay-gradient":""},"tablet":{"background-color":"","background-image":"","background-repeat":"repeat","background-position":"center center","background-size":"auto","background-attachment":"scroll","background-type":"","background-media":"","overlay-type":"","overlay-color":"","overlay-opacity":"","overlay-gradient":""},"mobile":{"background-color":"","background-image":"","background-repeat":"repeat","background-position":"center center","background-size":"auto","background-attachment":"scroll","background-type":"","background-media":"","overlay-type":"","overlay-color":"","overlay-opacity":"","overlay-gradient":""}},"ast-content-background-meta":{"desktop":{"background-color":"var(--ast-global-color-4)","background-image":"","background-repeat":"repeat","background-position":"center center","background-size":"auto","background-attachment":"scroll","background-type":"","background-media":"","overlay-type":"","overlay-color":"","overlay-opacity":"","overlay-gradient":""},"tablet":{"background-color":"var(--ast-global-color-4)","background-image":"","background-repeat":"repeat","background-position":"center center","background-size":"auto","background-attachment":"scroll","background-type":"","background-media":"","overlay-type":"","overlay-color":"","overlay-opacity":"","overlay-gradient":""},"mobile":{"background-color":"var(--ast-global-color-4)","background-image":"","background-repeat":"repeat","background-position":"center center","background-size":"auto","background-attachment":"scroll","background-type":"","background-media":"","overlay-type":"","overlay-color":"","overlay-opacity":"","overlay-gradient":""}},"footnotes":""},"categories":[20,1],"tags":[],"class_list":["post-5443","post","type-post","status-publish","format-standard","has-post-thumbnail","hentry","category-international","category-football-latest-news"],"yoast_head":"<!-- This site is optimized with the Yoast SEO Premium plugin v26.6 (Yoast SEO v27.5) - https:\/\/yoast.com\/product\/yoast-seo-premium-wordpress\/ -->\n<title>Ricardo Pepi tops January target list as PSV hold firm - Bladna News<\/title>\n<meta name=\"robots\" content=\"index, follow, max-snippet:-1, max-image-preview:large, max-video-preview:-1\" \/>\n<link rel=\"canonical\" href=\"https:\/\/bladnanews.com\/fr\/ricardo-pepi-en-tete-de-la-liste-des-cibles-de-janvier-alors-que-le-psv-reste-ferme\/\" \/>\n<meta property=\"og:locale\" content=\"fr_FR\" \/>\n<meta property=\"og:type\" content=\"article\" \/>\n<meta property=\"og:title\" content=\"Ricardo Pepi tops January target list as PSV hold firm\" \/>\n<meta property=\"og:description\" content=\"Ricardo Pepi has emerged as one of the most in-demand USMNT players ahead of the January transfer window, with a [&hellip;]\" \/>\n<meta property=\"og:url\" content=\"https:\/\/bladnanews.com\/fr\/ricardo-pepi-en-tete-de-la-liste-des-cibles-de-janvier-alors-que-le-psv-reste-ferme\/\" \/>\n<meta property=\"og:site_name\" content=\"Bladna News\" \/>\n<meta property=\"article:published_time\" content=\"2026-01-08T15:07:24+00:00\" \/>\n<meta property=\"og:image\" content=\"https:\/\/bladnanews.com\/wp-content\/uploads\/2025\/12\/freepik__bladna-newscom-moroccan-soccer-homepage-banner-mor__41838.png\" \/>\n\t<meta property=\"og:image:width\" content=\"1312\" \/>\n\t<meta property=\"og:image:height\" content=\"736\" \/>\n\t<meta property=\"og:image:type\" content=\"image\/png\" \/>\n<meta name=\"author\" content=\"Bladna News Staff\" \/>\n<meta name=\"twitter:card\" content=\"summary_large_image\" \/>\n<meta name=\"twitter:label1\" content=\"\u00c9crit par\" \/>\n\t<meta name=\"twitter:data1\" content=\"Bladna News Staff\" \/>\n\t<meta name=\"twitter:label2\" content=\"Dur\u00e9e de lecture estim\u00e9e\" \/>\n\t<meta name=\"twitter:data2\" content=\"1 minute\" \/>\n<script type=\"application\/ld+json\" class=\"yoast-schema-graph\">{\"@context\":\"https:\\\/\\\/schema.org\",\"@graph\":[{\"@type\":\"Article\",\"@id\":\"https:\\\/\\\/bladnanews.com\\\/ricardo-pepi-tops-january-target-list-as-psv-hold-firm\\\/#article\",\"isPartOf\":{\"@id\":\"https:\\\/\\\/bladnanews.com\\\/ricardo-pepi-tops-january-target-list-as-psv-hold-firm\\\/\"},\"author\":{\"name\":\"Bladna News Staff\",\"@id\":\"https:\\\/\\\/mediumseagreen-eel-531711.hostingersite.com\\\/#\\\/schema\\\/person\\\/268e18a453ab080ebf76df6ef7845083\"},\"headline\":\"Ricardo Pepi tops January target list as PSV hold firm\",\"datePublished\":\"2026-01-08T15:07:24+00:00\",\"mainEntityOfPage\":{\"@id\":\"https:\\\/\\\/bladnanews.com\\\/ricardo-pepi-tops-january-target-list-as-psv-hold-firm\\\/\"},\"wordCount\":268,\"publisher\":{\"@id\":\"https:\\\/\\\/mediumseagreen-eel-531711.hostingersite.com\\\/#organization\"},\"image\":{\"@id\":\"https:\\\/\\\/bladnanews.com\\\/ricardo-pepi-tops-january-target-list-as-psv-hold-firm\\\/#primaryimage\"},\"thumbnailUrl\":\"https:\\\/\\\/bladnanews.com\\\/wp-content\\\/uploads\\\/2026\\\/01\\\/BladnaNews-Ricardo-Pepi-tops-January-target-list-as-PSV-hold-firm-2026-01-09T090933.168Z.jpg\",\"articleSection\":[\"International\",\"Latest News\"],\"inLanguage\":\"fr-FR\",\"copyrightYear\":\"2026\",\"copyrightHolder\":{\"@id\":\"https:\\\/\\\/bladnanews.com\\\/fr\\\/#organization\"}},{\"@type\":\"WebPage\",\"@id\":\"https:\\\/\\\/bladnanews.com\\\/ricardo-pepi-tops-january-target-list-as-psv-hold-firm\\\/\",\"url\":\"https:\\\/\\\/bladnanews.com\\\/ricardo-pepi-tops-january-target-list-as-psv-hold-firm\\\/\",\"name\":\"Ricardo Pepi tops January target list as PSV hold firm - Bladna News\",\"isPartOf\":{\"@id\":\"https:\\\/\\\/mediumseagreen-eel-531711.hostingersite.com\\\/#website\"},\"primaryImageOfPage\":{\"@id\":\"https:\\\/\\\/bladnanews.com\\\/ricardo-pepi-tops-january-target-list-as-psv-hold-firm\\\/#primaryimage\"},\"image\":{\"@id\":\"https:\\\/\\\/bladnanews.com\\\/ricardo-pepi-tops-january-target-list-as-psv-hold-firm\\\/#primaryimage\"},\"thumbnailUrl\":\"https:\\\/\\\/bladnanews.com\\\/wp-content\\\/uploads\\\/2026\\\/01\\\/BladnaNews-Ricardo-Pepi-tops-January-target-list-as-PSV-hold-firm-2026-01-09T090933.168Z.jpg\",\"datePublished\":\"2026-01-08T15:07:24+00:00\",\"breadcrumb\":{\"@id\":\"https:\\\/\\\/bladnanews.com\\\/ricardo-pepi-tops-january-target-list-as-psv-hold-firm\\\/#breadcrumb\"},\"inLanguage\":\"fr-FR\",\"potentialAction\":[{\"@type\":\"ReadAction\",\"target\":[\"https:\\\/\\\/bladnanews.com\\\/ricardo-pepi-tops-january-target-list-as-psv-hold-firm\\\/\"]}]},{\"@type\":\"ImageObject\",\"inLanguage\":\"fr-FR\",\"@id\":\"https:\\\/\\\/bladnanews.com\\\/ricardo-pepi-tops-january-target-list-as-psv-hold-firm\\\/#primaryimage\",\"url\":\"https:\\\/\\\/bladnanews.com\\\/wp-content\\\/uploads\\\/2026\\\/01\\\/BladnaNews-Ricardo-Pepi-tops-January-target-list-as-PSV-hold-firm-2026-01-09T090933.168Z.jpg\",\"contentUrl\":\"https:\\\/\\\/bladnanews.com\\\/wp-content\\\/uploads\\\/2026\\\/01\\\/BladnaNews-Ricardo-Pepi-tops-January-target-list-as-PSV-hold-firm-2026-01-09T090933.168Z.jpg\",\"width\":1920,\"height\":1080,\"caption\":\"Ricardo Pepi in a PSV Eindhoven kit is flanked by players in Juventus and Southampton jerseys, set against a vibrant abstract background.\"},{\"@type\":\"BreadcrumbList\",\"@id\":\"https:\\\/\\\/bladnanews.com\\\/ricardo-pepi-tops-january-target-list-as-psv-hold-firm\\\/#breadcrumb\",\"itemListElement\":[{\"@type\":\"ListItem\",\"position\":1,\"name\":\"Home\",\"item\":\"https:\\\/\\\/bladnanews.com\\\/\"},{\"@type\":\"ListItem\",\"position\":2,\"name\":\"Ricardo Pepi tops January target list as PSV hold firm\"}]},{\"@type\":\"WebSite\",\"@id\":\"https:\\\/\\\/mediumseagreen-eel-531711.hostingersite.com\\\/#website\",\"url\":\"https:\\\/\\\/mediumseagreen-eel-531711.hostingersite.com\\\/\",\"name\":\"Bladna News - Morocco\",\"description\":\"Where Moroccan Football Meets the World\",\"publisher\":{\"@id\":\"https:\\\/\\\/mediumseagreen-eel-531711.hostingersite.com\\\/#organization\"},\"potentialAction\":[{\"@type\":\"SearchAction\",\"target\":{\"@type\":\"EntryPoint\",\"urlTemplate\":\"https:\\\/\\\/mediumseagreen-eel-531711.hostingersite.com\\\/?s={search_term_string}\"},\"query-input\":{\"@type\":\"PropertyValueSpecification\",\"valueRequired\":true,\"valueName\":\"search_term_string\"}}],\"inLanguage\":\"fr-FR\"},{\"@type\":\"Organization\",\"@id\":\"https:\\\/\\\/mediumseagreen-eel-531711.hostingersite.com\\\/#organization\",\"name\":\"Bladna News.com\",\"url\":\"https:\\\/\\\/mediumseagreen-eel-531711.hostingersite.com\\\/\",\"logo\":{\"@type\":\"ImageObject\",\"inLanguage\":\"fr-FR\",\"@id\":\"https:\\\/\\\/mediumseagreen-eel-531711.hostingersite.com\\\/#\\\/schema\\\/logo\\\/image\\\/\",\"url\":\"https:\\\/\\\/bladnanews.com\\\/wp-content\\\/uploads\\\/2025\\\/12\\\/logo-bladnanews-V2-web-black-red.png\",\"contentUrl\":\"https:\\\/\\\/bladnanews.com\\\/wp-content\\\/uploads\\\/2025\\\/12\\\/logo-bladnanews-V2-web-black-red.png\",\"width\":703,\"height\":287,\"caption\":\"Bladna News.com\"},\"image\":{\"@id\":\"https:\\\/\\\/mediumseagreen-eel-531711.hostingersite.com\\\/#\\\/schema\\\/logo\\\/image\\\/\"},\"email\":\"info@bladnanews.com\",\"legalName\":\"Bladna News\"},{\"@type\":\"Person\",\"@id\":\"https:\\\/\\\/mediumseagreen-eel-531711.hostingersite.com\\\/#\\\/schema\\\/person\\\/268e18a453ab080ebf76df6ef7845083\",\"name\":\"Bladna News Staff\",\"url\":\"https:\\\/\\\/bladnanews.com\\\/fr\\\/author\\\/bladna-news-staff\\\/\"}]}<\/script>\n<!-- \/ Yoast SEO Premium plugin. -->","yoast_head_json":{"title":"Ricardo Pepi en t\u00eate de la liste des cibles de janvier tandis que le PSV reste ferme - Bladna News","robots":{"index":"index","follow":"follow","max-snippet":"max-snippet:-1","max-image-preview":"max-image-preview:large","max-video-preview":"max-video-preview:-1"},"canonical":"https:\/\/bladnanews.com\/fr\/ricardo-pepi-en-tete-de-la-liste-des-cibles-de-janvier-alors-que-le-psv-reste-ferme\/","og_locale":"fr_FR","og_type":"article","og_title":"Ricardo Pepi tops January target list as PSV hold firm","og_description":"Ricardo Pepi has emerged as one of the most in-demand USMNT players ahead of the January transfer window, with a [&hellip;]","og_url":"https:\/\/bladnanews.com\/fr\/ricardo-pepi-en-tete-de-la-liste-des-cibles-de-janvier-alors-que-le-psv-reste-ferme\/","og_site_name":"Bladna News","article_published_time":"2026-01-08T15:07:24+00:00","og_image":[{"width":1312,"height":736,"url":"https:\/\/bladnanews.com\/wp-content\/uploads\/2025\/12\/freepik__bladna-newscom-moroccan-soccer-homepage-banner-mor__41838.png","type":"image\/png"}],"author":"Bladna News Staff","twitter_card":"summary_large_image","twitter_misc":{"\u00c9crit par":"Bladna News Staff","Dur\u00e9e de lecture estim\u00e9e":"1 minute"},"schema":{"@context":"https:\/\/schema.org","@graph":[{"@type":"Article","@id":"https:\/\/bladnanews.com\/ricardo-pepi-tops-january-target-list-as-psv-hold-firm\/#article","isPartOf":{"@id":"https:\/\/bladnanews.com\/ricardo-pepi-tops-january-target-list-as-psv-hold-firm\/"},"author":{"name":"Bladna News Staff","@id":"https:\/\/mediumseagreen-eel-531711.hostingersite.com\/#\/schema\/person\/268e18a453ab080ebf76df6ef7845083"},"headline":"Ricardo Pepi tops January target list as PSV hold firm","datePublished":"2026-01-08T15:07:24+00:00","mainEntityOfPage":{"@id":"https:\/\/bladnanews.com\/ricardo-pepi-tops-january-target-list-as-psv-hold-firm\/"},"wordCount":268,"publisher":{"@id":"https:\/\/mediumseagreen-eel-531711.hostingersite.com\/#organization"},"image":{"@id":"https:\/\/bladnanews.com\/ricardo-pepi-tops-january-target-list-as-psv-hold-firm\/#primaryimage"},"thumbnailUrl":"https:\/\/bladnanews.com\/wp-content\/uploads\/2026\/01\/BladnaNews-Ricardo-Pepi-tops-January-target-list-as-PSV-hold-firm-2026-01-09T090933.168Z.jpg","articleSection":["International","Latest News"],"inLanguage":"fr-FR","copyrightYear":"2026","copyrightHolder":{"@id":"https:\/\/bladnanews.com\/fr\/#organization"}},{"@type":"WebPage","@id":"https:\/\/bladnanews.com\/ricardo-pepi-tops-january-target-list-as-psv-hold-firm\/","url":"https:\/\/bladnanews.com\/ricardo-pepi-tops-january-target-list-as-psv-hold-firm\/","name":"Ricardo Pepi en t\u00eate de la liste des cibles de janvier tandis que le PSV reste ferme - Bladna News","isPartOf":{"@id":"https:\/\/mediumseagreen-eel-531711.hostingersite.com\/#website"},"primaryImageOfPage":{"@id":"https:\/\/bladnanews.com\/ricardo-pepi-tops-january-target-list-as-psv-hold-firm\/#primaryimage"},"image":{"@id":"https:\/\/bladnanews.com\/ricardo-pepi-tops-january-target-list-as-psv-hold-firm\/#primaryimage"},"thumbnailUrl":"https:\/\/bladnanews.com\/wp-content\/uploads\/2026\/01\/BladnaNews-Ricardo-Pepi-tops-January-target-list-as-PSV-hold-firm-2026-01-09T090933.168Z.jpg","datePublished":"2026-01-08T15:07:24+00:00","breadcrumb":{"@id":"https:\/\/bladnanews.com\/ricardo-pepi-tops-january-target-list-as-psv-hold-firm\/#breadcrumb"},"inLanguage":"fr-FR","potentialAction":[{"@type":"ReadAction","target":["https:\/\/bladnanews.com\/ricardo-pepi-tops-january-target-list-as-psv-hold-firm\/"]}]},{"@type":"ImageObject","inLanguage":"fr-FR","@id":"https:\/\/bladnanews.com\/ricardo-pepi-tops-january-target-list-as-psv-hold-firm\/#primaryimage","url":"https:\/\/bladnanews.com\/wp-content\/uploads\/2026\/01\/BladnaNews-Ricardo-Pepi-tops-January-target-list-as-PSV-hold-firm-2026-01-09T090933.168Z.jpg","contentUrl":"https:\/\/bladnanews.com\/wp-content\/uploads\/2026\/01\/BladnaNews-Ricardo-Pepi-tops-January-target-list-as-PSV-hold-firm-2026-01-09T090933.168Z.jpg","width":1920,"height":1080,"caption":"Ricardo Pepi in a PSV Eindhoven kit is flanked by players in Juventus and Southampton jerseys, set against a vibrant abstract background."},{"@type":"BreadcrumbList","@id":"https:\/\/bladnanews.com\/ricardo-pepi-tops-january-target-list-as-psv-hold-firm\/#breadcrumb","itemListElement":[{"@type":"ListItem","position":1,"name":"Home","item":"https:\/\/bladnanews.com\/"},{"@type":"ListItem","position":2,"name":"Ricardo Pepi tops January target list as PSV hold firm"}]},{"@type":"WebSite","@id":"https:\/\/mediumseagreen-eel-531711.hostingersite.com\/#website","url":"https:\/\/mediumseagreen-eel-531711.hostingersite.com\/","name":"Bladna News - Maroc","description":"Quand le football marocain rencontre le monde","publisher":{"@id":"https:\/\/mediumseagreen-eel-531711.hostingersite.com\/#organization"},"potentialAction":[{"@type":"SearchAction","target":{"@type":"EntryPoint","urlTemplate":"https:\/\/mediumseagreen-eel-531711.hostingersite.com\/?s={search_term_string}"},"query-input":{"@type":"PropertyValueSpecification","valueRequired":true,"valueName":"search_term_string"}}],"inLanguage":"fr-FR"},{"@type":"Organization","@id":"https:\/\/mediumseagreen-eel-531711.hostingersite.com\/#organization","name":"Bladna News.com","url":"https:\/\/mediumseagreen-eel-531711.hostingersite.com\/","logo":{"@type":"ImageObject","inLanguage":"fr-FR","@id":"https:\/\/mediumseagreen-eel-531711.hostingersite.com\/#\/schema\/logo\/image\/","url":"https:\/\/bladnanews.com\/wp-content\/uploads\/2025\/12\/logo-bladnanews-V2-web-black-red.png","contentUrl":"https:\/\/bladnanews.com\/wp-content\/uploads\/2025\/12\/logo-bladnanews-V2-web-black-red.png","width":703,"height":287,"caption":"Bladna News.com"},"image":{"@id":"https:\/\/mediumseagreen-eel-531711.hostingersite.com\/#\/schema\/logo\/image\/"},"email":"info@bladnanews.com","legalName":"Bladna News"},{"@type":"Person","@id":"https:\/\/mediumseagreen-eel-531711.hostingersite.com\/#\/schema\/person\/268e18a453ab080ebf76df6ef7845083","name":"\u00c9quipe r\u00e9dactionnelle de Bladna News","url":"https:\/\/bladnanews.com\/fr\/author\/bladna-news-staff\/"}]}},"_links":{"self":[{"href":"https:\/\/bladnanews.com\/fr\/wp-json\/wp\/v2\/posts\/5443","targetHints":{"allow":["GET"]}}],"collection":[{"href":"https:\/\/bladnanews.com\/fr\/wp-json\/wp\/v2\/posts"}],"about":[{"href":"https:\/\/bladnanews.com\/fr\/wp-json\/wp\/v2\/types\/post"}],"author":[{"embeddable":true,"href":"https:\/\/bladnanews.com\/fr\/wp-json\/wp\/v2\/users\/3"}],"replies":[{"embeddable":true,"href":"https:\/\/bladnanews.com\/fr\/wp-json\/wp\/v2\/comments?post=5443"}],"version-history":[{"count":0,"href":"https:\/\/bladnanews.com\/fr\/wp-json\/wp\/v2\/posts\/5443\/revisions"}],"wp:featuredmedia":[{"embeddable":true,"href":"https:\/\/bladnanews.com\/fr\/wp-json\/wp\/v2\/media\/5442"}],"wp:attachment":[{"href":"https:\/\/bladnanews.com\/fr\/wp-json\/wp\/v2\/media?parent=5443"}],"wp:term":[{"taxonomy":"category","embeddable":true,"href":"https:\/\/bladnanews.com\/fr\/wp-json\/wp\/v2\/categories?post=5443"},{"taxonomy":"post_tag","embeddable":true,"href":"https:\/\/bladnanews.com\/fr\/wp-json\/wp\/v2\/tags?post=5443"}],"curies":[{"name":"wp","href":"https:\/\/api.w.org\/{rel}","templated":true}]}}