{"id":5485,"date":"2026-01-09T12:17:45","date_gmt":"2026-01-09T12:17:45","guid":{"rendered":"https:\/\/bladnanews.com\/xavi-wants-premier-league-job-amid-man-utd-links\/"},"modified":"2026-01-09T12:17:45","modified_gmt":"2026-01-09T12:17:45","slug":"xavi-souhaite-un-poste-en-premier-league-malgre-les-liens-avec-manchester-united","status":"publish","type":"post","link":"https:\/\/bladnanews.com\/fr\/xavi-souhaite-un-poste-en-premier-league-malgre-les-liens-avec-manchester-united\/","title":{"rendered":"Xavi vise un poste en Premier League malgr\u00e9 les rumeurs le liant \u00e0 Manchester United"},"content":{"rendered":"<p><strong>Xavi souhaite un poste en Premier League<\/strong>, mais la v\u00e9rit\u00e9 a \u00e9merg\u00e9 concernant ses liens avec le poste vacant d'entra\u00eeneur \u00e0 Manchester United.<\/p>\n<p>Il a \u00e9t\u00e9 <em>5. r\u00e9v\u00e9l\u00e9s<\/em> que l'ancien milieu de terrain du Bar\u00e7a, qui doit quitter le Camp Nou en fin de saison, a pour objectif de travailler en Angleterre pour la prochaine \u00e9tape de sa carri\u00e8re d'entra\u00eeneur.<\/p>\n<p>Cependant, malgr\u00e9 le bruit grandissant autour d'Old Trafford et les suggestions selon lesquelles Xavi pourrait \u00eatre un candidat si United d\u00e9cide d'op\u00e9rer un changement, il n'existe \u00e0 ce stade aucun lien concret entre la l\u00e9gende du Bar\u00e7a et le poste chez les Red Devils.<\/p>\n<p>L'attention imm\u00e9diate de Xavi reste de terminer la saison en cours avec le Bar\u00e7a, son d\u00e9part \u00e9tant d\u00e9j\u00e0 act\u00e9, tandis que son ambition \u00e0 plus long terme est orient\u00e9e vers un d\u00e9fi en Premier League plut\u00f4t que d'\u00eatre associ\u00e9 aux sp\u00e9culations entourant la situation de Manchester United.<\/p>\n<p>Cette mise \u00e0 jour pr\u00e9cise que, bien que Xavi soit ouvert \u00e0 \u2013 et int\u00e9ress\u00e9 par \u2013 l'id\u00e9e d'entra\u00eener en Angleterre, toute discussion le concernant comme potentiel candidat pour Manchester United ne repose pas sur un lien av\u00e9r\u00e9, malgr\u00e9 le d\u00e9bat sur le poste vacant qui continue d'entourer le club.<\/p>","protected":false},"excerpt":{"rendered":"<p>Xavi wants a job in the Premier League, but the truth has emerged over his links to the vacant manager\u2019s [&hellip;]<\/p>\n","protected":false},"author":3,"featured_media":5484,"comment_status":"","ping_status":"open","sticky":false,"template":"","format":"standard","meta":{"googlesitekit_rrm_CAow_uzEDA:productID":"","site-sidebar-layout":"default","site-content-layout":"","ast-site-content-layout":"default","site-content-style":"default","site-sidebar-style":"default","ast-global-header-display":"","ast-banner-title-visibility":"","ast-main-header-display":"","ast-hfb-above-header-display":"","ast-hfb-below-header-display":"","ast-hfb-mobile-header-display":"","site-post-title":"","ast-breadcrumbs-content":"","ast-featured-img":"","footer-sml-layout":"","ast-disable-related-posts":"","theme-transparent-header-meta":"","adv-header-id-meta":"","stick-header-meta":"","header-above-stick-meta":"","header-main-stick-meta":"","header-below-stick-meta":"","astra-migrate-meta-layouts":"default","ast-page-background-enabled":"default","ast-page-background-meta":{"desktop":{"background-color":"var(--ast-global-color-5)","background-image":"","background-repeat":"repeat","background-position":"center center","background-size":"auto","background-attachment":"scroll","background-type":"","background-media":"","overlay-type":"","overlay-color":"","overlay-opacity":"","overlay-gradient":""},"tablet":{"background-color":"","background-image":"","background-repeat":"repeat","background-position":"center center","background-size":"auto","background-attachment":"scroll","background-type":"","background-media":"","overlay-type":"","overlay-color":"","overlay-opacity":"","overlay-gradient":""},"mobile":{"background-color":"","background-image":"","background-repeat":"repeat","background-position":"center center","background-size":"auto","background-attachment":"scroll","background-type":"","background-media":"","overlay-type":"","overlay-color":"","overlay-opacity":"","overlay-gradient":""}},"ast-content-background-meta":{"desktop":{"background-color":"var(--ast-global-color-4)","background-image":"","background-repeat":"repeat","background-position":"center center","background-size":"auto","background-attachment":"scroll","background-type":"","background-media":"","overlay-type":"","overlay-color":"","overlay-opacity":"","overlay-gradient":""},"tablet":{"background-color":"var(--ast-global-color-4)","background-image":"","background-repeat":"repeat","background-position":"center center","background-size":"auto","background-attachment":"scroll","background-type":"","background-media":"","overlay-type":"","overlay-color":"","overlay-opacity":"","overlay-gradient":""},"mobile":{"background-color":"var(--ast-global-color-4)","background-image":"","background-repeat":"repeat","background-position":"center center","background-size":"auto","background-attachment":"scroll","background-type":"","background-media":"","overlay-type":"","overlay-color":"","overlay-opacity":"","overlay-gradient":""}},"footnotes":""},"categories":[20,1],"tags":[],"class_list":["post-5485","post","type-post","status-publish","format-standard","has-post-thumbnail","hentry","category-international","category-football-latest-news"],"yoast_head":"<!-- This site is optimized with the Yoast SEO Premium plugin v26.6 (Yoast SEO v27.5) - https:\/\/yoast.com\/product\/yoast-seo-premium-wordpress\/ -->\n<title>Xavi wants Premier League job amid Man Utd links - Bladna News<\/title>\n<meta name=\"robots\" content=\"index, follow, max-snippet:-1, max-image-preview:large, max-video-preview:-1\" \/>\n<link rel=\"canonical\" href=\"https:\/\/bladnanews.com\/fr\/xavi-souhaite-un-poste-en-premier-league-malgre-les-liens-avec-manchester-united\/\" \/>\n<meta property=\"og:locale\" content=\"fr_FR\" \/>\n<meta property=\"og:type\" content=\"article\" \/>\n<meta property=\"og:title\" content=\"Xavi wants Premier League job amid Man Utd links\" \/>\n<meta property=\"og:description\" content=\"Xavi wants a job in the Premier League, but the truth has emerged over his links to the vacant manager\u2019s [&hellip;]\" \/>\n<meta property=\"og:url\" content=\"https:\/\/bladnanews.com\/fr\/xavi-souhaite-un-poste-en-premier-league-malgre-les-liens-avec-manchester-united\/\" \/>\n<meta property=\"og:site_name\" content=\"Bladna News\" \/>\n<meta property=\"article:published_time\" content=\"2026-01-09T12:17:45+00:00\" \/>\n<meta property=\"og:image\" content=\"https:\/\/bladnanews.com\/wp-content\/uploads\/2025\/12\/freepik__bladna-newscom-moroccan-soccer-homepage-banner-mor__41838.png\" \/>\n\t<meta property=\"og:image:width\" content=\"1312\" \/>\n\t<meta property=\"og:image:height\" content=\"736\" \/>\n\t<meta property=\"og:image:type\" content=\"image\/png\" \/>\n<meta name=\"author\" content=\"Bladna News Staff\" \/>\n<meta name=\"twitter:card\" content=\"summary_large_image\" \/>\n<meta name=\"twitter:label1\" content=\"\u00c9crit par\" \/>\n\t<meta name=\"twitter:data1\" content=\"Bladna News Staff\" \/>\n\t<meta name=\"twitter:label2\" content=\"Dur\u00e9e de lecture estim\u00e9e\" \/>\n\t<meta name=\"twitter:data2\" content=\"1 minute\" \/>\n<script type=\"application\/ld+json\" class=\"yoast-schema-graph\">{\"@context\":\"https:\\\/\\\/schema.org\",\"@graph\":[{\"@type\":\"Article\",\"@id\":\"https:\\\/\\\/bladnanews.com\\\/xavi-wants-premier-league-job-amid-man-utd-links\\\/#article\",\"isPartOf\":{\"@id\":\"https:\\\/\\\/bladnanews.com\\\/xavi-wants-premier-league-job-amid-man-utd-links\\\/\"},\"author\":{\"name\":\"Bladna News Staff\",\"@id\":\"https:\\\/\\\/mediumseagreen-eel-531711.hostingersite.com\\\/#\\\/schema\\\/person\\\/268e18a453ab080ebf76df6ef7845083\"},\"headline\":\"Xavi wants Premier League job amid Man Utd links\",\"datePublished\":\"2026-01-09T12:17:45+00:00\",\"mainEntityOfPage\":{\"@id\":\"https:\\\/\\\/bladnanews.com\\\/xavi-wants-premier-league-job-amid-man-utd-links\\\/\"},\"wordCount\":196,\"publisher\":{\"@id\":\"https:\\\/\\\/mediumseagreen-eel-531711.hostingersite.com\\\/#organization\"},\"image\":{\"@id\":\"https:\\\/\\\/bladnanews.com\\\/xavi-wants-premier-league-job-amid-man-utd-links\\\/#primaryimage\"},\"thumbnailUrl\":\"https:\\\/\\\/bladnanews.com\\\/wp-content\\\/uploads\\\/2026\\\/01\\\/BladnaNews-Xavi-wants-Premier-League-job-amid-Man-Utd-links-2026-01-09T171037.411Z-scaled.jpg\",\"articleSection\":[\"International\",\"Latest News\"],\"inLanguage\":\"fr-FR\",\"copyrightYear\":\"2026\",\"copyrightHolder\":{\"@id\":\"https:\\\/\\\/bladnanews.com\\\/fr\\\/#organization\"}},{\"@type\":\"WebPage\",\"@id\":\"https:\\\/\\\/bladnanews.com\\\/xavi-wants-premier-league-job-amid-man-utd-links\\\/\",\"url\":\"https:\\\/\\\/bladnanews.com\\\/xavi-wants-premier-league-job-amid-man-utd-links\\\/\",\"name\":\"Xavi wants Premier League job amid Man Utd links - Bladna News\",\"isPartOf\":{\"@id\":\"https:\\\/\\\/mediumseagreen-eel-531711.hostingersite.com\\\/#website\"},\"primaryImageOfPage\":{\"@id\":\"https:\\\/\\\/bladnanews.com\\\/xavi-wants-premier-league-job-amid-man-utd-links\\\/#primaryimage\"},\"image\":{\"@id\":\"https:\\\/\\\/bladnanews.com\\\/xavi-wants-premier-league-job-amid-man-utd-links\\\/#primaryimage\"},\"thumbnailUrl\":\"https:\\\/\\\/bladnanews.com\\\/wp-content\\\/uploads\\\/2026\\\/01\\\/BladnaNews-Xavi-wants-Premier-League-job-amid-Man-Utd-links-2026-01-09T171037.411Z-scaled.jpg\",\"datePublished\":\"2026-01-09T12:17:45+00:00\",\"breadcrumb\":{\"@id\":\"https:\\\/\\\/bladnanews.com\\\/xavi-wants-premier-league-job-amid-man-utd-links\\\/#breadcrumb\"},\"inLanguage\":\"fr-FR\",\"potentialAction\":[{\"@type\":\"ReadAction\",\"target\":[\"https:\\\/\\\/bladnanews.com\\\/xavi-wants-premier-league-job-amid-man-utd-links\\\/\"]}]},{\"@type\":\"ImageObject\",\"inLanguage\":\"fr-FR\",\"@id\":\"https:\\\/\\\/bladnanews.com\\\/xavi-wants-premier-league-job-amid-man-utd-links\\\/#primaryimage\",\"url\":\"https:\\\/\\\/bladnanews.com\\\/wp-content\\\/uploads\\\/2026\\\/01\\\/BladnaNews-Xavi-wants-Premier-League-job-amid-Man-Utd-links-2026-01-09T171037.411Z-scaled.jpg\",\"contentUrl\":\"https:\\\/\\\/bladnanews.com\\\/wp-content\\\/uploads\\\/2026\\\/01\\\/BladnaNews-Xavi-wants-Premier-League-job-amid-Man-Utd-links-2026-01-09T171037.411Z-scaled.jpg\",\"width\":2560,\"height\":1440,\"caption\":\"Xavi, in a navy polo shirt, looks thoughtfully upwards with a blurred stadium background, amid speculation about his future in coaching.\"},{\"@type\":\"BreadcrumbList\",\"@id\":\"https:\\\/\\\/bladnanews.com\\\/xavi-wants-premier-league-job-amid-man-utd-links\\\/#breadcrumb\",\"itemListElement\":[{\"@type\":\"ListItem\",\"position\":1,\"name\":\"Home\",\"item\":\"https:\\\/\\\/bladnanews.com\\\/\"},{\"@type\":\"ListItem\",\"position\":2,\"name\":\"Xavi wants Premier League job amid Man Utd links\"}]},{\"@type\":\"WebSite\",\"@id\":\"https:\\\/\\\/mediumseagreen-eel-531711.hostingersite.com\\\/#website\",\"url\":\"https:\\\/\\\/mediumseagreen-eel-531711.hostingersite.com\\\/\",\"name\":\"Bladna News - Morocco\",\"description\":\"Where Moroccan Football Meets the World\",\"publisher\":{\"@id\":\"https:\\\/\\\/mediumseagreen-eel-531711.hostingersite.com\\\/#organization\"},\"potentialAction\":[{\"@type\":\"SearchAction\",\"target\":{\"@type\":\"EntryPoint\",\"urlTemplate\":\"https:\\\/\\\/mediumseagreen-eel-531711.hostingersite.com\\\/?s={search_term_string}\"},\"query-input\":{\"@type\":\"PropertyValueSpecification\",\"valueRequired\":true,\"valueName\":\"search_term_string\"}}],\"inLanguage\":\"fr-FR\"},{\"@type\":\"Organization\",\"@id\":\"https:\\\/\\\/mediumseagreen-eel-531711.hostingersite.com\\\/#organization\",\"name\":\"Bladna News.com\",\"url\":\"https:\\\/\\\/mediumseagreen-eel-531711.hostingersite.com\\\/\",\"logo\":{\"@type\":\"ImageObject\",\"inLanguage\":\"fr-FR\",\"@id\":\"https:\\\/\\\/mediumseagreen-eel-531711.hostingersite.com\\\/#\\\/schema\\\/logo\\\/image\\\/\",\"url\":\"https:\\\/\\\/bladnanews.com\\\/wp-content\\\/uploads\\\/2025\\\/12\\\/logo-bladnanews-V2-web-black-red.png\",\"contentUrl\":\"https:\\\/\\\/bladnanews.com\\\/wp-content\\\/uploads\\\/2025\\\/12\\\/logo-bladnanews-V2-web-black-red.png\",\"width\":703,\"height\":287,\"caption\":\"Bladna News.com\"},\"image\":{\"@id\":\"https:\\\/\\\/mediumseagreen-eel-531711.hostingersite.com\\\/#\\\/schema\\\/logo\\\/image\\\/\"},\"email\":\"info@bladnanews.com\",\"legalName\":\"Bladna News\"},{\"@type\":\"Person\",\"@id\":\"https:\\\/\\\/mediumseagreen-eel-531711.hostingersite.com\\\/#\\\/schema\\\/person\\\/268e18a453ab080ebf76df6ef7845083\",\"name\":\"Bladna News Staff\",\"url\":\"https:\\\/\\\/bladnanews.com\\\/fr\\\/author\\\/bladna-news-staff\\\/\"}]}<\/script>\n<!-- \/ Yoast SEO Premium plugin. -->","yoast_head_json":{"title":"Xavi vise un poste en Premier League malgr\u00e9 les liens avec Manchester United - Bladna News","robots":{"index":"index","follow":"follow","max-snippet":"max-snippet:-1","max-image-preview":"max-image-preview:large","max-video-preview":"max-video-preview:-1"},"canonical":"https:\/\/bladnanews.com\/fr\/xavi-souhaite-un-poste-en-premier-league-malgre-les-liens-avec-manchester-united\/","og_locale":"fr_FR","og_type":"article","og_title":"Xavi wants Premier League job amid Man Utd links","og_description":"Xavi wants a job in the Premier League, but the truth has emerged over his links to the vacant manager\u2019s [&hellip;]","og_url":"https:\/\/bladnanews.com\/fr\/xavi-souhaite-un-poste-en-premier-league-malgre-les-liens-avec-manchester-united\/","og_site_name":"Bladna News","article_published_time":"2026-01-09T12:17:45+00:00","og_image":[{"width":1312,"height":736,"url":"https:\/\/bladnanews.com\/wp-content\/uploads\/2025\/12\/freepik__bladna-newscom-moroccan-soccer-homepage-banner-mor__41838.png","type":"image\/png"}],"author":"Bladna News Staff","twitter_card":"summary_large_image","twitter_misc":{"\u00c9crit par":"Bladna News Staff","Dur\u00e9e de lecture estim\u00e9e":"1 minute"},"schema":{"@context":"https:\/\/schema.org","@graph":[{"@type":"Article","@id":"https:\/\/bladnanews.com\/xavi-wants-premier-league-job-amid-man-utd-links\/#article","isPartOf":{"@id":"https:\/\/bladnanews.com\/xavi-wants-premier-league-job-amid-man-utd-links\/"},"author":{"name":"Bladna News Staff","@id":"https:\/\/mediumseagreen-eel-531711.hostingersite.com\/#\/schema\/person\/268e18a453ab080ebf76df6ef7845083"},"headline":"Xavi wants Premier League job amid Man Utd links","datePublished":"2026-01-09T12:17:45+00:00","mainEntityOfPage":{"@id":"https:\/\/bladnanews.com\/xavi-wants-premier-league-job-amid-man-utd-links\/"},"wordCount":196,"publisher":{"@id":"https:\/\/mediumseagreen-eel-531711.hostingersite.com\/#organization"},"image":{"@id":"https:\/\/bladnanews.com\/xavi-wants-premier-league-job-amid-man-utd-links\/#primaryimage"},"thumbnailUrl":"https:\/\/bladnanews.com\/wp-content\/uploads\/2026\/01\/BladnaNews-Xavi-wants-Premier-League-job-amid-Man-Utd-links-2026-01-09T171037.411Z-scaled.jpg","articleSection":["International","Latest News"],"inLanguage":"fr-FR","copyrightYear":"2026","copyrightHolder":{"@id":"https:\/\/bladnanews.com\/fr\/#organization"}},{"@type":"WebPage","@id":"https:\/\/bladnanews.com\/xavi-wants-premier-league-job-amid-man-utd-links\/","url":"https:\/\/bladnanews.com\/xavi-wants-premier-league-job-amid-man-utd-links\/","name":"Xavi vise un poste en Premier League malgr\u00e9 les liens avec Manchester United - Bladna News","isPartOf":{"@id":"https:\/\/mediumseagreen-eel-531711.hostingersite.com\/#website"},"primaryImageOfPage":{"@id":"https:\/\/bladnanews.com\/xavi-wants-premier-league-job-amid-man-utd-links\/#primaryimage"},"image":{"@id":"https:\/\/bladnanews.com\/xavi-wants-premier-league-job-amid-man-utd-links\/#primaryimage"},"thumbnailUrl":"https:\/\/bladnanews.com\/wp-content\/uploads\/2026\/01\/BladnaNews-Xavi-wants-Premier-League-job-amid-Man-Utd-links-2026-01-09T171037.411Z-scaled.jpg","datePublished":"2026-01-09T12:17:45+00:00","breadcrumb":{"@id":"https:\/\/bladnanews.com\/xavi-wants-premier-league-job-amid-man-utd-links\/#breadcrumb"},"inLanguage":"fr-FR","potentialAction":[{"@type":"ReadAction","target":["https:\/\/bladnanews.com\/xavi-wants-premier-league-job-amid-man-utd-links\/"]}]},{"@type":"ImageObject","inLanguage":"fr-FR","@id":"https:\/\/bladnanews.com\/xavi-wants-premier-league-job-amid-man-utd-links\/#primaryimage","url":"https:\/\/bladnanews.com\/wp-content\/uploads\/2026\/01\/BladnaNews-Xavi-wants-Premier-League-job-amid-Man-Utd-links-2026-01-09T171037.411Z-scaled.jpg","contentUrl":"https:\/\/bladnanews.com\/wp-content\/uploads\/2026\/01\/BladnaNews-Xavi-wants-Premier-League-job-amid-Man-Utd-links-2026-01-09T171037.411Z-scaled.jpg","width":2560,"height":1440,"caption":"Xavi, in a navy polo shirt, looks thoughtfully upwards with a blurred stadium background, amid speculation about his future in coaching."},{"@type":"BreadcrumbList","@id":"https:\/\/bladnanews.com\/xavi-wants-premier-league-job-amid-man-utd-links\/#breadcrumb","itemListElement":[{"@type":"ListItem","position":1,"name":"Home","item":"https:\/\/bladnanews.com\/"},{"@type":"ListItem","position":2,"name":"Xavi wants Premier League job amid Man Utd links"}]},{"@type":"WebSite","@id":"https:\/\/mediumseagreen-eel-531711.hostingersite.com\/#website","url":"https:\/\/mediumseagreen-eel-531711.hostingersite.com\/","name":"Bladna News - Maroc","description":"Quand le football marocain rencontre le monde","publisher":{"@id":"https:\/\/mediumseagreen-eel-531711.hostingersite.com\/#organization"},"potentialAction":[{"@type":"SearchAction","target":{"@type":"EntryPoint","urlTemplate":"https:\/\/mediumseagreen-eel-531711.hostingersite.com\/?s={search_term_string}"},"query-input":{"@type":"PropertyValueSpecification","valueRequired":true,"valueName":"search_term_string"}}],"inLanguage":"fr-FR"},{"@type":"Organization","@id":"https:\/\/mediumseagreen-eel-531711.hostingersite.com\/#organization","name":"Bladna News.com","url":"https:\/\/mediumseagreen-eel-531711.hostingersite.com\/","logo":{"@type":"ImageObject","inLanguage":"fr-FR","@id":"https:\/\/mediumseagreen-eel-531711.hostingersite.com\/#\/schema\/logo\/image\/","url":"https:\/\/bladnanews.com\/wp-content\/uploads\/2025\/12\/logo-bladnanews-V2-web-black-red.png","contentUrl":"https:\/\/bladnanews.com\/wp-content\/uploads\/2025\/12\/logo-bladnanews-V2-web-black-red.png","width":703,"height":287,"caption":"Bladna News.com"},"image":{"@id":"https:\/\/mediumseagreen-eel-531711.hostingersite.com\/#\/schema\/logo\/image\/"},"email":"info@bladnanews.com","legalName":"Bladna News"},{"@type":"Person","@id":"https:\/\/mediumseagreen-eel-531711.hostingersite.com\/#\/schema\/person\/268e18a453ab080ebf76df6ef7845083","name":"\u00c9quipe r\u00e9dactionnelle de Bladna News","url":"https:\/\/bladnanews.com\/fr\/author\/bladna-news-staff\/"}]}},"_links":{"self":[{"href":"https:\/\/bladnanews.com\/fr\/wp-json\/wp\/v2\/posts\/5485","targetHints":{"allow":["GET"]}}],"collection":[{"href":"https:\/\/bladnanews.com\/fr\/wp-json\/wp\/v2\/posts"}],"about":[{"href":"https:\/\/bladnanews.com\/fr\/wp-json\/wp\/v2\/types\/post"}],"author":[{"embeddable":true,"href":"https:\/\/bladnanews.com\/fr\/wp-json\/wp\/v2\/users\/3"}],"replies":[{"embeddable":true,"href":"https:\/\/bladnanews.com\/fr\/wp-json\/wp\/v2\/comments?post=5485"}],"version-history":[{"count":0,"href":"https:\/\/bladnanews.com\/fr\/wp-json\/wp\/v2\/posts\/5485\/revisions"}],"wp:featuredmedia":[{"embeddable":true,"href":"https:\/\/bladnanews.com\/fr\/wp-json\/wp\/v2\/media\/5484"}],"wp:attachment":[{"href":"https:\/\/bladnanews.com\/fr\/wp-json\/wp\/v2\/media?parent=5485"}],"wp:term":[{"taxonomy":"category","embeddable":true,"href":"https:\/\/bladnanews.com\/fr\/wp-json\/wp\/v2\/categories?post=5485"},{"taxonomy":"post_tag","embeddable":true,"href":"https:\/\/bladnanews.com\/fr\/wp-json\/wp\/v2\/tags?post=5485"}],"curies":[{"name":"wp","href":"https:\/\/api.w.org\/{rel}","templated":true}]}}