{"id":5493,"date":"2026-01-09T13:36:00","date_gmt":"2026-01-09T13:36:00","guid":{"rendered":"https:\/\/bladnanews.com\/hossam-hassan-praises-morocco-regragui-before-ivory-coast-clash\/"},"modified":"2026-01-09T13:36:00","modified_gmt":"2026-01-09T13:36:00","slug":"hossam-hassan-fait-leloge-du-marocain-regragui-avant-le-choc-contre-la-cote-divoire","status":"publish","type":"post","link":"https:\/\/bladnanews.com\/fr\/hossam-hassan-fait-leloge-du-marocain-regragui-avant-le-choc-contre-la-cote-divoire\/","title":{"rendered":"Hossam Hassan fait l'\u00e9loge du Maroc et de Regragui avant le choc contre la C\u00f4te d'Ivoire"},"content":{"rendered":"<p>Le s\u00e9lectionneur de l'\u00c9gypte, Hossam Hassan, a fait l'\u00e9loge du Maroc et de son entra\u00eeneur Walid Regragui avant le quart de finale contre la C\u00f4te d'Ivoire, soulignant que la formation nord-africaine est devenue l'une des \u00e9quipes les plus fortes du continent.<\/p>\n<p>S'exprimant avant le match, Hassan a d\u00e9clar\u00e9 que le Maroc est \u201c une \u00e9quipe respect\u00e9e \u201d et a mis en avant l'identit\u00e9 claire qu'elle a construite sous la direction de Regragui, ajoutant que ses r\u00e9cents r\u00e9sultats t\u00e9moignent du niveau atteint.<\/p>\n<p>Hassan a \u00e9galement soulign\u00e9 le travail de Regragui, affirmant que l'entra\u00eeneur marocain a r\u00e9ussi \u00e0 instaurer un \u00e9quilibre et une stabilit\u00e9 au sein de l'effectif, ce qui se refl\u00e8te dans leurs performances.<\/p>\n<p>Le s\u00e9lectionneur \u00e9gyptien a not\u00e9 que la force du Maroc ne provient pas seulement des talents individuels, mais de la mani\u00e8re dont le groupe joue ensemble et de la discipline dont il fait preuve dans les grands matchs.<\/p>\n<p>Le Maroc affrontera la C\u00f4te d'Ivoire en quart de finale, une rencontre qui s'annonce comme l'un des chocs majeurs de la comp\u00e9tition.<\/p>","protected":false},"excerpt":{"rendered":"<p>Egypt head coach Hossam Hassan praised Morocco and their coach Walid Regragui ahead of the quarter-final against Ivory Coast, stressing [&hellip;]<\/p>\n","protected":false},"author":4,"featured_media":5492,"comment_status":"","ping_status":"open","sticky":false,"template":"","format":"standard","meta":{"googlesitekit_rrm_CAow_uzEDA:productID":"","site-sidebar-layout":"default","site-content-layout":"","ast-site-content-layout":"default","site-content-style":"default","site-sidebar-style":"default","ast-global-header-display":"","ast-banner-title-visibility":"","ast-main-header-display":"","ast-hfb-above-header-display":"","ast-hfb-below-header-display":"","ast-hfb-mobile-header-display":"","site-post-title":"","ast-breadcrumbs-content":"","ast-featured-img":"","footer-sml-layout":"","ast-disable-related-posts":"","theme-transparent-header-meta":"","adv-header-id-meta":"","stick-header-meta":"","header-above-stick-meta":"","header-main-stick-meta":"","header-below-stick-meta":"","astra-migrate-meta-layouts":"default","ast-page-background-enabled":"default","ast-page-background-meta":{"desktop":{"background-color":"var(--ast-global-color-5)","background-image":"","background-repeat":"repeat","background-position":"center center","background-size":"auto","background-attachment":"scroll","background-type":"","background-media":"","overlay-type":"","overlay-color":"","overlay-opacity":"","overlay-gradient":""},"tablet":{"background-color":"","background-image":"","background-repeat":"repeat","background-position":"center center","background-size":"auto","background-attachment":"scroll","background-type":"","background-media":"","overlay-type":"","overlay-color":"","overlay-opacity":"","overlay-gradient":""},"mobile":{"background-color":"","background-image":"","background-repeat":"repeat","background-position":"center center","background-size":"auto","background-attachment":"scroll","background-type":"","background-media":"","overlay-type":"","overlay-color":"","overlay-opacity":"","overlay-gradient":""}},"ast-content-background-meta":{"desktop":{"background-color":"var(--ast-global-color-4)","background-image":"","background-repeat":"repeat","background-position":"center center","background-size":"auto","background-attachment":"scroll","background-type":"","background-media":"","overlay-type":"","overlay-color":"","overlay-opacity":"","overlay-gradient":""},"tablet":{"background-color":"var(--ast-global-color-4)","background-image":"","background-repeat":"repeat","background-position":"center center","background-size":"auto","background-attachment":"scroll","background-type":"","background-media":"","overlay-type":"","overlay-color":"","overlay-opacity":"","overlay-gradient":""},"mobile":{"background-color":"var(--ast-global-color-4)","background-image":"","background-repeat":"repeat","background-position":"center center","background-size":"auto","background-attachment":"scroll","background-type":"","background-media":"","overlay-type":"","overlay-color":"","overlay-opacity":"","overlay-gradient":""}},"footnotes":""},"categories":[1,168],"tags":[],"class_list":["post-5493","post","type-post","status-publish","format-standard","has-post-thumbnail","hentry","category-football-latest-news","category-morocco-national-team"],"yoast_head":"<!-- This site is optimized with the Yoast SEO Premium plugin v26.6 (Yoast SEO v27.4) - https:\/\/yoast.com\/product\/yoast-seo-premium-wordpress\/ -->\n<title>Hossam Hassan praises Morocco, Regragui before Ivory Coast clash - Bladna News<\/title>\n<meta name=\"robots\" content=\"index, follow, max-snippet:-1, max-image-preview:large, max-video-preview:-1\" \/>\n<link rel=\"canonical\" href=\"https:\/\/bladnanews.com\/fr\/hossam-hassan-fait-leloge-du-marocain-regragui-avant-le-choc-contre-la-cote-divoire\/\" \/>\n<meta property=\"og:locale\" content=\"fr_FR\" \/>\n<meta property=\"og:type\" content=\"article\" \/>\n<meta property=\"og:title\" content=\"Hossam Hassan praises Morocco, Regragui before Ivory Coast clash\" \/>\n<meta property=\"og:description\" content=\"Egypt head coach Hossam Hassan praised Morocco and their coach Walid Regragui ahead of the quarter-final against Ivory Coast, stressing [&hellip;]\" \/>\n<meta property=\"og:url\" content=\"https:\/\/bladnanews.com\/fr\/hossam-hassan-fait-leloge-du-marocain-regragui-avant-le-choc-contre-la-cote-divoire\/\" \/>\n<meta property=\"og:site_name\" content=\"Bladna News\" \/>\n<meta property=\"article:published_time\" content=\"2026-01-09T13:36:00+00:00\" \/>\n<meta property=\"og:image\" content=\"https:\/\/bladnanews.com\/wp-content\/uploads\/2025\/12\/freepik__bladna-newscom-moroccan-soccer-homepage-banner-mor__41838.png\" \/>\n\t<meta property=\"og:image:width\" content=\"1312\" \/>\n\t<meta property=\"og:image:height\" content=\"736\" \/>\n\t<meta property=\"og:image:type\" content=\"image\/png\" \/>\n<meta name=\"author\" content=\"Bladna Sports Desk\" \/>\n<meta name=\"twitter:card\" content=\"summary_large_image\" \/>\n<meta name=\"twitter:label1\" content=\"\u00c9crit par\" \/>\n\t<meta name=\"twitter:data1\" content=\"Bladna Sports Desk\" \/>\n\t<meta name=\"twitter:label2\" content=\"Dur\u00e9e de lecture estim\u00e9e\" \/>\n\t<meta name=\"twitter:data2\" content=\"1 minute\" \/>\n<script type=\"application\/ld+json\" class=\"yoast-schema-graph\">{\"@context\":\"https:\\\/\\\/schema.org\",\"@graph\":[{\"@type\":\"Article\",\"@id\":\"https:\\\/\\\/bladnanews.com\\\/hossam-hassan-praises-morocco-regragui-before-ivory-coast-clash\\\/#article\",\"isPartOf\":{\"@id\":\"https:\\\/\\\/bladnanews.com\\\/hossam-hassan-praises-morocco-regragui-before-ivory-coast-clash\\\/\"},\"author\":{\"name\":\"Bladna Sports Desk\",\"@id\":\"https:\\\/\\\/mediumseagreen-eel-531711.hostingersite.com\\\/#\\\/schema\\\/person\\\/6712b38fabe810f7eb8d15ed30d90f1e\"},\"headline\":\"Hossam Hassan praises Morocco, Regragui before Ivory Coast clash\",\"datePublished\":\"2026-01-09T13:36:00+00:00\",\"mainEntityOfPage\":{\"@id\":\"https:\\\/\\\/bladnanews.com\\\/hossam-hassan-praises-morocco-regragui-before-ivory-coast-clash\\\/\"},\"wordCount\":158,\"publisher\":{\"@id\":\"https:\\\/\\\/mediumseagreen-eel-531711.hostingersite.com\\\/#organization\"},\"image\":{\"@id\":\"https:\\\/\\\/bladnanews.com\\\/hossam-hassan-praises-morocco-regragui-before-ivory-coast-clash\\\/#primaryimage\"},\"thumbnailUrl\":\"https:\\\/\\\/bladnanews.com\\\/wp-content\\\/uploads\\\/2026\\\/01\\\/3ZVXMSWA2FEDXE7MZ32HERS3MA_1767965853.webp\",\"articleSection\":[\"Latest News\",\"Morocco National Team\"],\"inLanguage\":\"fr-FR\",\"copyrightYear\":\"2026\",\"copyrightHolder\":{\"@id\":\"https:\\\/\\\/bladnanews.com\\\/fr\\\/#organization\"}},{\"@type\":\"WebPage\",\"@id\":\"https:\\\/\\\/bladnanews.com\\\/hossam-hassan-praises-morocco-regragui-before-ivory-coast-clash\\\/\",\"url\":\"https:\\\/\\\/bladnanews.com\\\/hossam-hassan-praises-morocco-regragui-before-ivory-coast-clash\\\/\",\"name\":\"Hossam Hassan praises Morocco, Regragui before Ivory Coast clash - Bladna News\",\"isPartOf\":{\"@id\":\"https:\\\/\\\/mediumseagreen-eel-531711.hostingersite.com\\\/#website\"},\"primaryImageOfPage\":{\"@id\":\"https:\\\/\\\/bladnanews.com\\\/hossam-hassan-praises-morocco-regragui-before-ivory-coast-clash\\\/#primaryimage\"},\"image\":{\"@id\":\"https:\\\/\\\/bladnanews.com\\\/hossam-hassan-praises-morocco-regragui-before-ivory-coast-clash\\\/#primaryimage\"},\"thumbnailUrl\":\"https:\\\/\\\/bladnanews.com\\\/wp-content\\\/uploads\\\/2026\\\/01\\\/3ZVXMSWA2FEDXE7MZ32HERS3MA_1767965853.webp\",\"datePublished\":\"2026-01-09T13:36:00+00:00\",\"breadcrumb\":{\"@id\":\"https:\\\/\\\/bladnanews.com\\\/hossam-hassan-praises-morocco-regragui-before-ivory-coast-clash\\\/#breadcrumb\"},\"inLanguage\":\"fr-FR\",\"potentialAction\":[{\"@type\":\"ReadAction\",\"target\":[\"https:\\\/\\\/bladnanews.com\\\/hossam-hassan-praises-morocco-regragui-before-ivory-coast-clash\\\/\"]}]},{\"@type\":\"ImageObject\",\"inLanguage\":\"fr-FR\",\"@id\":\"https:\\\/\\\/bladnanews.com\\\/hossam-hassan-praises-morocco-regragui-before-ivory-coast-clash\\\/#primaryimage\",\"url\":\"https:\\\/\\\/bladnanews.com\\\/wp-content\\\/uploads\\\/2026\\\/01\\\/3ZVXMSWA2FEDXE7MZ32HERS3MA_1767965853.webp\",\"contentUrl\":\"https:\\\/\\\/bladnanews.com\\\/wp-content\\\/uploads\\\/2026\\\/01\\\/3ZVXMSWA2FEDXE7MZ32HERS3MA_1767965853.webp\",\"width\":860,\"height\":483,\"caption\":\"Coach seated at a press conference with a red and white backdrop featuring sponsor logos, a football beside him, focusing on Moroccan football discussions.\"},{\"@type\":\"BreadcrumbList\",\"@id\":\"https:\\\/\\\/bladnanews.com\\\/hossam-hassan-praises-morocco-regragui-before-ivory-coast-clash\\\/#breadcrumb\",\"itemListElement\":[{\"@type\":\"ListItem\",\"position\":1,\"name\":\"Home\",\"item\":\"https:\\\/\\\/bladnanews.com\\\/\"},{\"@type\":\"ListItem\",\"position\":2,\"name\":\"Hossam Hassan praises Morocco, Regragui before Ivory Coast clash\"}]},{\"@type\":\"WebSite\",\"@id\":\"https:\\\/\\\/mediumseagreen-eel-531711.hostingersite.com\\\/#website\",\"url\":\"https:\\\/\\\/mediumseagreen-eel-531711.hostingersite.com\\\/\",\"name\":\"Bladna News - Morocco\",\"description\":\"Where Moroccan Football Meets the World\",\"publisher\":{\"@id\":\"https:\\\/\\\/mediumseagreen-eel-531711.hostingersite.com\\\/#organization\"},\"potentialAction\":[{\"@type\":\"SearchAction\",\"target\":{\"@type\":\"EntryPoint\",\"urlTemplate\":\"https:\\\/\\\/mediumseagreen-eel-531711.hostingersite.com\\\/?s={search_term_string}\"},\"query-input\":{\"@type\":\"PropertyValueSpecification\",\"valueRequired\":true,\"valueName\":\"search_term_string\"}}],\"inLanguage\":\"fr-FR\"},{\"@type\":\"Organization\",\"@id\":\"https:\\\/\\\/mediumseagreen-eel-531711.hostingersite.com\\\/#organization\",\"name\":\"Bladna News.com\",\"url\":\"https:\\\/\\\/mediumseagreen-eel-531711.hostingersite.com\\\/\",\"logo\":{\"@type\":\"ImageObject\",\"inLanguage\":\"fr-FR\",\"@id\":\"https:\\\/\\\/mediumseagreen-eel-531711.hostingersite.com\\\/#\\\/schema\\\/logo\\\/image\\\/\",\"url\":\"https:\\\/\\\/bladnanews.com\\\/wp-content\\\/uploads\\\/2025\\\/12\\\/logo-bladnanews-V2-web-black-red.png\",\"contentUrl\":\"https:\\\/\\\/bladnanews.com\\\/wp-content\\\/uploads\\\/2025\\\/12\\\/logo-bladnanews-V2-web-black-red.png\",\"width\":703,\"height\":287,\"caption\":\"Bladna News.com\"},\"image\":{\"@id\":\"https:\\\/\\\/mediumseagreen-eel-531711.hostingersite.com\\\/#\\\/schema\\\/logo\\\/image\\\/\"},\"email\":\"info@bladnanews.com\",\"legalName\":\"Bladna News\"},{\"@type\":\"Person\",\"@id\":\"https:\\\/\\\/mediumseagreen-eel-531711.hostingersite.com\\\/#\\\/schema\\\/person\\\/6712b38fabe810f7eb8d15ed30d90f1e\",\"name\":\"Bladna Sports Desk\",\"url\":\"https:\\\/\\\/bladnanews.com\\\/fr\\\/author\\\/bladna-sports-desk\\\/\"}]}<\/script>\n<!-- \/ Yoast SEO Premium plugin. -->","yoast_head_json":{"title":"Hossam Hassan fait l'\u00e9loge du Maroc et de Regragui avant le choc contre la C\u00f4te d'Ivoire - Bladna News","robots":{"index":"index","follow":"follow","max-snippet":"max-snippet:-1","max-image-preview":"max-image-preview:large","max-video-preview":"max-video-preview:-1"},"canonical":"https:\/\/bladnanews.com\/fr\/hossam-hassan-fait-leloge-du-marocain-regragui-avant-le-choc-contre-la-cote-divoire\/","og_locale":"fr_FR","og_type":"article","og_title":"Hossam Hassan praises Morocco, Regragui before Ivory Coast clash","og_description":"Egypt head coach Hossam Hassan praised Morocco and their coach Walid Regragui ahead of the quarter-final against Ivory Coast, stressing [&hellip;]","og_url":"https:\/\/bladnanews.com\/fr\/hossam-hassan-fait-leloge-du-marocain-regragui-avant-le-choc-contre-la-cote-divoire\/","og_site_name":"Bladna News","article_published_time":"2026-01-09T13:36:00+00:00","og_image":[{"width":1312,"height":736,"url":"https:\/\/bladnanews.com\/wp-content\/uploads\/2025\/12\/freepik__bladna-newscom-moroccan-soccer-homepage-banner-mor__41838.png","type":"image\/png"}],"author":"Bladna Sports Desk","twitter_card":"summary_large_image","twitter_misc":{"\u00c9crit par":"Bladna Sports Desk","Dur\u00e9e de lecture estim\u00e9e":"1 minute"},"schema":{"@context":"https:\/\/schema.org","@graph":[{"@type":"Article","@id":"https:\/\/bladnanews.com\/hossam-hassan-praises-morocco-regragui-before-ivory-coast-clash\/#article","isPartOf":{"@id":"https:\/\/bladnanews.com\/hossam-hassan-praises-morocco-regragui-before-ivory-coast-clash\/"},"author":{"name":"Bladna Sports Desk","@id":"https:\/\/mediumseagreen-eel-531711.hostingersite.com\/#\/schema\/person\/6712b38fabe810f7eb8d15ed30d90f1e"},"headline":"Hossam Hassan praises Morocco, Regragui before Ivory Coast clash","datePublished":"2026-01-09T13:36:00+00:00","mainEntityOfPage":{"@id":"https:\/\/bladnanews.com\/hossam-hassan-praises-morocco-regragui-before-ivory-coast-clash\/"},"wordCount":158,"publisher":{"@id":"https:\/\/mediumseagreen-eel-531711.hostingersite.com\/#organization"},"image":{"@id":"https:\/\/bladnanews.com\/hossam-hassan-praises-morocco-regragui-before-ivory-coast-clash\/#primaryimage"},"thumbnailUrl":"https:\/\/bladnanews.com\/wp-content\/uploads\/2026\/01\/3ZVXMSWA2FEDXE7MZ32HERS3MA_1767965853.webp","articleSection":["Latest News","Morocco National Team"],"inLanguage":"fr-FR","copyrightYear":"2026","copyrightHolder":{"@id":"https:\/\/bladnanews.com\/fr\/#organization"}},{"@type":"WebPage","@id":"https:\/\/bladnanews.com\/hossam-hassan-praises-morocco-regragui-before-ivory-coast-clash\/","url":"https:\/\/bladnanews.com\/hossam-hassan-praises-morocco-regragui-before-ivory-coast-clash\/","name":"Hossam Hassan fait l'\u00e9loge du Maroc et de Regragui avant le choc contre la C\u00f4te d'Ivoire - Bladna News","isPartOf":{"@id":"https:\/\/mediumseagreen-eel-531711.hostingersite.com\/#website"},"primaryImageOfPage":{"@id":"https:\/\/bladnanews.com\/hossam-hassan-praises-morocco-regragui-before-ivory-coast-clash\/#primaryimage"},"image":{"@id":"https:\/\/bladnanews.com\/hossam-hassan-praises-morocco-regragui-before-ivory-coast-clash\/#primaryimage"},"thumbnailUrl":"https:\/\/bladnanews.com\/wp-content\/uploads\/2026\/01\/3ZVXMSWA2FEDXE7MZ32HERS3MA_1767965853.webp","datePublished":"2026-01-09T13:36:00+00:00","breadcrumb":{"@id":"https:\/\/bladnanews.com\/hossam-hassan-praises-morocco-regragui-before-ivory-coast-clash\/#breadcrumb"},"inLanguage":"fr-FR","potentialAction":[{"@type":"ReadAction","target":["https:\/\/bladnanews.com\/hossam-hassan-praises-morocco-regragui-before-ivory-coast-clash\/"]}]},{"@type":"ImageObject","inLanguage":"fr-FR","@id":"https:\/\/bladnanews.com\/hossam-hassan-praises-morocco-regragui-before-ivory-coast-clash\/#primaryimage","url":"https:\/\/bladnanews.com\/wp-content\/uploads\/2026\/01\/3ZVXMSWA2FEDXE7MZ32HERS3MA_1767965853.webp","contentUrl":"https:\/\/bladnanews.com\/wp-content\/uploads\/2026\/01\/3ZVXMSWA2FEDXE7MZ32HERS3MA_1767965853.webp","width":860,"height":483,"caption":"Coach seated at a press conference with a red and white backdrop featuring sponsor logos, a football beside him, focusing on Moroccan football discussions."},{"@type":"BreadcrumbList","@id":"https:\/\/bladnanews.com\/hossam-hassan-praises-morocco-regragui-before-ivory-coast-clash\/#breadcrumb","itemListElement":[{"@type":"ListItem","position":1,"name":"Home","item":"https:\/\/bladnanews.com\/"},{"@type":"ListItem","position":2,"name":"Hossam Hassan praises Morocco, Regragui before Ivory Coast clash"}]},{"@type":"WebSite","@id":"https:\/\/mediumseagreen-eel-531711.hostingersite.com\/#website","url":"https:\/\/mediumseagreen-eel-531711.hostingersite.com\/","name":"Bladna News - Maroc","description":"Quand le football marocain rencontre le monde","publisher":{"@id":"https:\/\/mediumseagreen-eel-531711.hostingersite.com\/#organization"},"potentialAction":[{"@type":"SearchAction","target":{"@type":"EntryPoint","urlTemplate":"https:\/\/mediumseagreen-eel-531711.hostingersite.com\/?s={search_term_string}"},"query-input":{"@type":"PropertyValueSpecification","valueRequired":true,"valueName":"search_term_string"}}],"inLanguage":"fr-FR"},{"@type":"Organization","@id":"https:\/\/mediumseagreen-eel-531711.hostingersite.com\/#organization","name":"Bladna News.com","url":"https:\/\/mediumseagreen-eel-531711.hostingersite.com\/","logo":{"@type":"ImageObject","inLanguage":"fr-FR","@id":"https:\/\/mediumseagreen-eel-531711.hostingersite.com\/#\/schema\/logo\/image\/","url":"https:\/\/bladnanews.com\/wp-content\/uploads\/2025\/12\/logo-bladnanews-V2-web-black-red.png","contentUrl":"https:\/\/bladnanews.com\/wp-content\/uploads\/2025\/12\/logo-bladnanews-V2-web-black-red.png","width":703,"height":287,"caption":"Bladna News.com"},"image":{"@id":"https:\/\/mediumseagreen-eel-531711.hostingersite.com\/#\/schema\/logo\/image\/"},"email":"info@bladnanews.com","legalName":"Bladna News"},{"@type":"Person","@id":"https:\/\/mediumseagreen-eel-531711.hostingersite.com\/#\/schema\/person\/6712b38fabe810f7eb8d15ed30d90f1e","name":"Bladna Sports Desk","url":"https:\/\/bladnanews.com\/fr\/author\/bladna-sports-desk\/"}]}},"_links":{"self":[{"href":"https:\/\/bladnanews.com\/fr\/wp-json\/wp\/v2\/posts\/5493","targetHints":{"allow":["GET"]}}],"collection":[{"href":"https:\/\/bladnanews.com\/fr\/wp-json\/wp\/v2\/posts"}],"about":[{"href":"https:\/\/bladnanews.com\/fr\/wp-json\/wp\/v2\/types\/post"}],"author":[{"embeddable":true,"href":"https:\/\/bladnanews.com\/fr\/wp-json\/wp\/v2\/users\/4"}],"replies":[{"embeddable":true,"href":"https:\/\/bladnanews.com\/fr\/wp-json\/wp\/v2\/comments?post=5493"}],"version-history":[{"count":0,"href":"https:\/\/bladnanews.com\/fr\/wp-json\/wp\/v2\/posts\/5493\/revisions"}],"wp:featuredmedia":[{"embeddable":true,"href":"https:\/\/bladnanews.com\/fr\/wp-json\/wp\/v2\/media\/5492"}],"wp:attachment":[{"href":"https:\/\/bladnanews.com\/fr\/wp-json\/wp\/v2\/media?parent=5493"}],"wp:term":[{"taxonomy":"category","embeddable":true,"href":"https:\/\/bladnanews.com\/fr\/wp-json\/wp\/v2\/categories?post=5493"},{"taxonomy":"post_tag","embeddable":true,"href":"https:\/\/bladnanews.com\/fr\/wp-json\/wp\/v2\/tags?post=5493"}],"curies":[{"name":"wp","href":"https:\/\/api.w.org\/{rel}","templated":true}]}}