{"id":5507,"date":"2026-01-09T13:42:38","date_gmt":"2026-01-09T13:42:38","guid":{"rendered":"https:\/\/bladnanews.com\/aston-villa-agree-10-4m-deal-to-sign-16-year-old-sensation\/"},"modified":"2026-01-09T13:42:38","modified_gmt":"2026-01-09T13:42:38","slug":"aston-villa-conclut-un-accord-de-104-millions-pour-recruter-la-sensation-de-16-ans","status":"publish","type":"post","link":"https:\/\/bladnanews.com\/fr\/aston-villa-conclut-un-accord-de-104-millions-pour-recruter-la-sensation-de-16-ans\/","title":{"rendered":"Aston Villa conclut un accord de 10,4 millions de livres pour recruter la sensation de 16 ans"},"content":{"rendered":"<p>Aston Villa a conclu un accord de 10,4 millions de livres pour recruter la sensation de 16 ans Yasin \u00d6zcan, une op\u00e9ration qualifi\u00e9e de \u201c coup surprise \u201d.<\/p>\n<p>Le jeune d\u00e9fenseur a fortement impressionn\u00e9 en Turquie et s'appr\u00eate d\u00e9sormais \u00e0 faire un grand pas apr\u00e8s qu'Aston Villa s'est rapidement mobilis\u00e9 pour s\u00e9curiser le transfert.<\/p>\n<p>L'accord, d'une valeur de 10,4 millions de livres, verra \u00d6zcan arriver en provenance de Kasimpasa, le club de Premier League ayant devanc\u00e9 la concurrence pour s'attacher les services de l'un des jeunes joueurs les plus en vue du football turc.<\/p>\n<p>Ce transfert est per\u00e7u comme une d\u00e9claration d'intention claire de la part de Villa, qui continue d'investir dans les talents \u00e9mergents pour construire son avenir.<\/p>\n<p>L'arriv\u00e9e d'\u00d6zcan ajoute une nouvelle option jeune au plan de squad d'Unai Emery, le club \u00e9tant d\u00e9termin\u00e9 \u00e0 renforcer son noyau pour les saisons \u00e0 venir.<\/p>","protected":false},"excerpt":{"rendered":"<p>Aston Villa have agreed a \u00a310.4m deal to sign 16-year-old sensation Yasin \u00d6zcan in what has been described as a [&hellip;]<\/p>\n","protected":false},"author":3,"featured_media":5506,"comment_status":"","ping_status":"open","sticky":false,"template":"","format":"standard","meta":{"googlesitekit_rrm_CAow_uzEDA:productID":"","site-sidebar-layout":"default","site-content-layout":"","ast-site-content-layout":"default","site-content-style":"default","site-sidebar-style":"default","ast-global-header-display":"","ast-banner-title-visibility":"","ast-main-header-display":"","ast-hfb-above-header-display":"","ast-hfb-below-header-display":"","ast-hfb-mobile-header-display":"","site-post-title":"","ast-breadcrumbs-content":"","ast-featured-img":"","footer-sml-layout":"","ast-disable-related-posts":"","theme-transparent-header-meta":"","adv-header-id-meta":"","stick-header-meta":"","header-above-stick-meta":"","header-main-stick-meta":"","header-below-stick-meta":"","astra-migrate-meta-layouts":"default","ast-page-background-enabled":"default","ast-page-background-meta":{"desktop":{"background-color":"var(--ast-global-color-5)","background-image":"","background-repeat":"repeat","background-position":"center center","background-size":"auto","background-attachment":"scroll","background-type":"","background-media":"","overlay-type":"","overlay-color":"","overlay-opacity":"","overlay-gradient":""},"tablet":{"background-color":"","background-image":"","background-repeat":"repeat","background-position":"center center","background-size":"auto","background-attachment":"scroll","background-type":"","background-media":"","overlay-type":"","overlay-color":"","overlay-opacity":"","overlay-gradient":""},"mobile":{"background-color":"","background-image":"","background-repeat":"repeat","background-position":"center center","background-size":"auto","background-attachment":"scroll","background-type":"","background-media":"","overlay-type":"","overlay-color":"","overlay-opacity":"","overlay-gradient":""}},"ast-content-background-meta":{"desktop":{"background-color":"var(--ast-global-color-4)","background-image":"","background-repeat":"repeat","background-position":"center center","background-size":"auto","background-attachment":"scroll","background-type":"","background-media":"","overlay-type":"","overlay-color":"","overlay-opacity":"","overlay-gradient":""},"tablet":{"background-color":"var(--ast-global-color-4)","background-image":"","background-repeat":"repeat","background-position":"center center","background-size":"auto","background-attachment":"scroll","background-type":"","background-media":"","overlay-type":"","overlay-color":"","overlay-opacity":"","overlay-gradient":""},"mobile":{"background-color":"var(--ast-global-color-4)","background-image":"","background-repeat":"repeat","background-position":"center center","background-size":"auto","background-attachment":"scroll","background-type":"","background-media":"","overlay-type":"","overlay-color":"","overlay-opacity":"","overlay-gradient":""}},"footnotes":""},"categories":[20,1],"tags":[],"class_list":["post-5507","post","type-post","status-publish","format-standard","has-post-thumbnail","hentry","category-international","category-football-latest-news"],"yoast_head":"<!-- This site is optimized with the Yoast SEO Premium plugin v26.6 (Yoast SEO v27.5) - https:\/\/yoast.com\/product\/yoast-seo-premium-wordpress\/ -->\n<title>Aston Villa agree \u00a310.4m deal to sign 16-year-old sensation - Bladna News<\/title>\n<meta name=\"robots\" content=\"index, follow, max-snippet:-1, max-image-preview:large, max-video-preview:-1\" \/>\n<link rel=\"canonical\" href=\"https:\/\/bladnanews.com\/fr\/aston-villa-conclut-un-accord-de-104-millions-pour-recruter-la-sensation-de-16-ans\/\" \/>\n<meta property=\"og:locale\" content=\"fr_FR\" \/>\n<meta property=\"og:type\" content=\"article\" \/>\n<meta property=\"og:title\" content=\"Aston Villa agree \u00a310.4m deal to sign 16-year-old sensation\" \/>\n<meta property=\"og:description\" content=\"Aston Villa have agreed a \u00a310.4m deal to sign 16-year-old sensation Yasin \u00d6zcan in what has been described as a [&hellip;]\" \/>\n<meta property=\"og:url\" content=\"https:\/\/bladnanews.com\/fr\/aston-villa-conclut-un-accord-de-104-millions-pour-recruter-la-sensation-de-16-ans\/\" \/>\n<meta property=\"og:site_name\" content=\"Bladna News\" \/>\n<meta property=\"article:published_time\" content=\"2026-01-09T13:42:38+00:00\" \/>\n<meta property=\"og:image\" content=\"https:\/\/bladnanews.com\/wp-content\/uploads\/2025\/12\/freepik__bladna-newscom-moroccan-soccer-homepage-banner-mor__41838.png\" \/>\n\t<meta property=\"og:image:width\" content=\"1312\" \/>\n\t<meta property=\"og:image:height\" content=\"736\" \/>\n\t<meta property=\"og:image:type\" content=\"image\/png\" \/>\n<meta name=\"author\" content=\"Bladna News Staff\" \/>\n<meta name=\"twitter:card\" content=\"summary_large_image\" \/>\n<meta name=\"twitter:label1\" content=\"\u00c9crit par\" \/>\n\t<meta name=\"twitter:data1\" content=\"Bladna News Staff\" \/>\n\t<meta name=\"twitter:label2\" content=\"Dur\u00e9e de lecture estim\u00e9e\" \/>\n\t<meta name=\"twitter:data2\" content=\"1 minute\" \/>\n<script type=\"application\/ld+json\" class=\"yoast-schema-graph\">{\"@context\":\"https:\\\/\\\/schema.org\",\"@graph\":[{\"@type\":\"Article\",\"@id\":\"https:\\\/\\\/bladnanews.com\\\/aston-villa-agree-10-4m-deal-to-sign-16-year-old-sensation\\\/#article\",\"isPartOf\":{\"@id\":\"https:\\\/\\\/bladnanews.com\\\/aston-villa-agree-10-4m-deal-to-sign-16-year-old-sensation\\\/\"},\"author\":{\"name\":\"Bladna News Staff\",\"@id\":\"https:\\\/\\\/mediumseagreen-eel-531711.hostingersite.com\\\/#\\\/schema\\\/person\\\/268e18a453ab080ebf76df6ef7845083\"},\"headline\":\"Aston Villa agree \u00a310.4m deal to sign 16-year-old sensation\",\"datePublished\":\"2026-01-09T13:42:38+00:00\",\"mainEntityOfPage\":{\"@id\":\"https:\\\/\\\/bladnanews.com\\\/aston-villa-agree-10-4m-deal-to-sign-16-year-old-sensation\\\/\"},\"wordCount\":141,\"publisher\":{\"@id\":\"https:\\\/\\\/mediumseagreen-eel-531711.hostingersite.com\\\/#organization\"},\"image\":{\"@id\":\"https:\\\/\\\/bladnanews.com\\\/aston-villa-agree-10-4m-deal-to-sign-16-year-old-sensation\\\/#primaryimage\"},\"thumbnailUrl\":\"https:\\\/\\\/bladnanews.com\\\/wp-content\\\/uploads\\\/2026\\\/01\\\/BladnaNews-Aston-Villa-agree-10.4m-deal-to-sign-16-year-old-sensation-2026-01-09T210927.081Z.jpg\",\"articleSection\":[\"International\",\"Latest News\"],\"inLanguage\":\"fr-FR\",\"copyrightYear\":\"2026\",\"copyrightHolder\":{\"@id\":\"https:\\\/\\\/bladnanews.com\\\/fr\\\/#organization\"}},{\"@type\":\"WebPage\",\"@id\":\"https:\\\/\\\/bladnanews.com\\\/aston-villa-agree-10-4m-deal-to-sign-16-year-old-sensation\\\/\",\"url\":\"https:\\\/\\\/bladnanews.com\\\/aston-villa-agree-10-4m-deal-to-sign-16-year-old-sensation\\\/\",\"name\":\"Aston Villa agree \u00a310.4m deal to sign 16-year-old sensation - Bladna News\",\"isPartOf\":{\"@id\":\"https:\\\/\\\/mediumseagreen-eel-531711.hostingersite.com\\\/#website\"},\"primaryImageOfPage\":{\"@id\":\"https:\\\/\\\/bladnanews.com\\\/aston-villa-agree-10-4m-deal-to-sign-16-year-old-sensation\\\/#primaryimage\"},\"image\":{\"@id\":\"https:\\\/\\\/bladnanews.com\\\/aston-villa-agree-10-4m-deal-to-sign-16-year-old-sensation\\\/#primaryimage\"},\"thumbnailUrl\":\"https:\\\/\\\/bladnanews.com\\\/wp-content\\\/uploads\\\/2026\\\/01\\\/BladnaNews-Aston-Villa-agree-10.4m-deal-to-sign-16-year-old-sensation-2026-01-09T210927.081Z.jpg\",\"datePublished\":\"2026-01-09T13:42:38+00:00\",\"breadcrumb\":{\"@id\":\"https:\\\/\\\/bladnanews.com\\\/aston-villa-agree-10-4m-deal-to-sign-16-year-old-sensation\\\/#breadcrumb\"},\"inLanguage\":\"fr-FR\",\"potentialAction\":[{\"@type\":\"ReadAction\",\"target\":[\"https:\\\/\\\/bladnanews.com\\\/aston-villa-agree-10-4m-deal-to-sign-16-year-old-sensation\\\/\"]}]},{\"@type\":\"ImageObject\",\"inLanguage\":\"fr-FR\",\"@id\":\"https:\\\/\\\/bladnanews.com\\\/aston-villa-agree-10-4m-deal-to-sign-16-year-old-sensation\\\/#primaryimage\",\"url\":\"https:\\\/\\\/bladnanews.com\\\/wp-content\\\/uploads\\\/2026\\\/01\\\/BladnaNews-Aston-Villa-agree-10.4m-deal-to-sign-16-year-old-sensation-2026-01-09T210927.081Z.jpg\",\"contentUrl\":\"https:\\\/\\\/bladnanews.com\\\/wp-content\\\/uploads\\\/2026\\\/01\\\/BladnaNews-Aston-Villa-agree-10.4m-deal-to-sign-16-year-old-sensation-2026-01-09T210927.081Z.jpg\",\"width\":2445,\"height\":1375,\"caption\":\"16-year-old England youth player in a white kit with the national team badge, focused on the game with a blurred stadium background.\"},{\"@type\":\"BreadcrumbList\",\"@id\":\"https:\\\/\\\/bladnanews.com\\\/aston-villa-agree-10-4m-deal-to-sign-16-year-old-sensation\\\/#breadcrumb\",\"itemListElement\":[{\"@type\":\"ListItem\",\"position\":1,\"name\":\"Home\",\"item\":\"https:\\\/\\\/bladnanews.com\\\/\"},{\"@type\":\"ListItem\",\"position\":2,\"name\":\"Aston Villa agree \u00a310.4m deal to sign 16-year-old sensation\"}]},{\"@type\":\"WebSite\",\"@id\":\"https:\\\/\\\/mediumseagreen-eel-531711.hostingersite.com\\\/#website\",\"url\":\"https:\\\/\\\/mediumseagreen-eel-531711.hostingersite.com\\\/\",\"name\":\"Bladna News - Morocco\",\"description\":\"Where Moroccan Football Meets the World\",\"publisher\":{\"@id\":\"https:\\\/\\\/mediumseagreen-eel-531711.hostingersite.com\\\/#organization\"},\"potentialAction\":[{\"@type\":\"SearchAction\",\"target\":{\"@type\":\"EntryPoint\",\"urlTemplate\":\"https:\\\/\\\/mediumseagreen-eel-531711.hostingersite.com\\\/?s={search_term_string}\"},\"query-input\":{\"@type\":\"PropertyValueSpecification\",\"valueRequired\":true,\"valueName\":\"search_term_string\"}}],\"inLanguage\":\"fr-FR\"},{\"@type\":\"Organization\",\"@id\":\"https:\\\/\\\/mediumseagreen-eel-531711.hostingersite.com\\\/#organization\",\"name\":\"Bladna News.com\",\"url\":\"https:\\\/\\\/mediumseagreen-eel-531711.hostingersite.com\\\/\",\"logo\":{\"@type\":\"ImageObject\",\"inLanguage\":\"fr-FR\",\"@id\":\"https:\\\/\\\/mediumseagreen-eel-531711.hostingersite.com\\\/#\\\/schema\\\/logo\\\/image\\\/\",\"url\":\"https:\\\/\\\/bladnanews.com\\\/wp-content\\\/uploads\\\/2025\\\/12\\\/logo-bladnanews-V2-web-black-red.png\",\"contentUrl\":\"https:\\\/\\\/bladnanews.com\\\/wp-content\\\/uploads\\\/2025\\\/12\\\/logo-bladnanews-V2-web-black-red.png\",\"width\":703,\"height\":287,\"caption\":\"Bladna News.com\"},\"image\":{\"@id\":\"https:\\\/\\\/mediumseagreen-eel-531711.hostingersite.com\\\/#\\\/schema\\\/logo\\\/image\\\/\"},\"email\":\"info@bladnanews.com\",\"legalName\":\"Bladna News\"},{\"@type\":\"Person\",\"@id\":\"https:\\\/\\\/mediumseagreen-eel-531711.hostingersite.com\\\/#\\\/schema\\\/person\\\/268e18a453ab080ebf76df6ef7845083\",\"name\":\"Bladna News Staff\",\"url\":\"https:\\\/\\\/bladnanews.com\\\/fr\\\/author\\\/bladna-news-staff\\\/\"}]}<\/script>\n<!-- \/ Yoast SEO Premium plugin. -->","yoast_head_json":{"title":"Aston Villa conclut un accord de 10,4 millions de livres pour recruter la sensation de 16 ans - Bladna News","robots":{"index":"index","follow":"follow","max-snippet":"max-snippet:-1","max-image-preview":"max-image-preview:large","max-video-preview":"max-video-preview:-1"},"canonical":"https:\/\/bladnanews.com\/fr\/aston-villa-conclut-un-accord-de-104-millions-pour-recruter-la-sensation-de-16-ans\/","og_locale":"fr_FR","og_type":"article","og_title":"Aston Villa agree \u00a310.4m deal to sign 16-year-old sensation","og_description":"Aston Villa have agreed a \u00a310.4m deal to sign 16-year-old sensation Yasin \u00d6zcan in what has been described as a [&hellip;]","og_url":"https:\/\/bladnanews.com\/fr\/aston-villa-conclut-un-accord-de-104-millions-pour-recruter-la-sensation-de-16-ans\/","og_site_name":"Bladna News","article_published_time":"2026-01-09T13:42:38+00:00","og_image":[{"width":1312,"height":736,"url":"https:\/\/bladnanews.com\/wp-content\/uploads\/2025\/12\/freepik__bladna-newscom-moroccan-soccer-homepage-banner-mor__41838.png","type":"image\/png"}],"author":"Bladna News Staff","twitter_card":"summary_large_image","twitter_misc":{"\u00c9crit par":"Bladna News Staff","Dur\u00e9e de lecture estim\u00e9e":"1 minute"},"schema":{"@context":"https:\/\/schema.org","@graph":[{"@type":"Article","@id":"https:\/\/bladnanews.com\/aston-villa-agree-10-4m-deal-to-sign-16-year-old-sensation\/#article","isPartOf":{"@id":"https:\/\/bladnanews.com\/aston-villa-agree-10-4m-deal-to-sign-16-year-old-sensation\/"},"author":{"name":"Bladna News Staff","@id":"https:\/\/mediumseagreen-eel-531711.hostingersite.com\/#\/schema\/person\/268e18a453ab080ebf76df6ef7845083"},"headline":"Aston Villa agree \u00a310.4m deal to sign 16-year-old sensation","datePublished":"2026-01-09T13:42:38+00:00","mainEntityOfPage":{"@id":"https:\/\/bladnanews.com\/aston-villa-agree-10-4m-deal-to-sign-16-year-old-sensation\/"},"wordCount":141,"publisher":{"@id":"https:\/\/mediumseagreen-eel-531711.hostingersite.com\/#organization"},"image":{"@id":"https:\/\/bladnanews.com\/aston-villa-agree-10-4m-deal-to-sign-16-year-old-sensation\/#primaryimage"},"thumbnailUrl":"https:\/\/bladnanews.com\/wp-content\/uploads\/2026\/01\/BladnaNews-Aston-Villa-agree-10.4m-deal-to-sign-16-year-old-sensation-2026-01-09T210927.081Z.jpg","articleSection":["International","Latest News"],"inLanguage":"fr-FR","copyrightYear":"2026","copyrightHolder":{"@id":"https:\/\/bladnanews.com\/fr\/#organization"}},{"@type":"WebPage","@id":"https:\/\/bladnanews.com\/aston-villa-agree-10-4m-deal-to-sign-16-year-old-sensation\/","url":"https:\/\/bladnanews.com\/aston-villa-agree-10-4m-deal-to-sign-16-year-old-sensation\/","name":"Aston Villa conclut un accord de 10,4 millions de livres pour recruter la sensation de 16 ans - Bladna News","isPartOf":{"@id":"https:\/\/mediumseagreen-eel-531711.hostingersite.com\/#website"},"primaryImageOfPage":{"@id":"https:\/\/bladnanews.com\/aston-villa-agree-10-4m-deal-to-sign-16-year-old-sensation\/#primaryimage"},"image":{"@id":"https:\/\/bladnanews.com\/aston-villa-agree-10-4m-deal-to-sign-16-year-old-sensation\/#primaryimage"},"thumbnailUrl":"https:\/\/bladnanews.com\/wp-content\/uploads\/2026\/01\/BladnaNews-Aston-Villa-agree-10.4m-deal-to-sign-16-year-old-sensation-2026-01-09T210927.081Z.jpg","datePublished":"2026-01-09T13:42:38+00:00","breadcrumb":{"@id":"https:\/\/bladnanews.com\/aston-villa-agree-10-4m-deal-to-sign-16-year-old-sensation\/#breadcrumb"},"inLanguage":"fr-FR","potentialAction":[{"@type":"ReadAction","target":["https:\/\/bladnanews.com\/aston-villa-agree-10-4m-deal-to-sign-16-year-old-sensation\/"]}]},{"@type":"ImageObject","inLanguage":"fr-FR","@id":"https:\/\/bladnanews.com\/aston-villa-agree-10-4m-deal-to-sign-16-year-old-sensation\/#primaryimage","url":"https:\/\/bladnanews.com\/wp-content\/uploads\/2026\/01\/BladnaNews-Aston-Villa-agree-10.4m-deal-to-sign-16-year-old-sensation-2026-01-09T210927.081Z.jpg","contentUrl":"https:\/\/bladnanews.com\/wp-content\/uploads\/2026\/01\/BladnaNews-Aston-Villa-agree-10.4m-deal-to-sign-16-year-old-sensation-2026-01-09T210927.081Z.jpg","width":2445,"height":1375,"caption":"16-year-old England youth player in a white kit with the national team badge, focused on the game with a blurred stadium background."},{"@type":"BreadcrumbList","@id":"https:\/\/bladnanews.com\/aston-villa-agree-10-4m-deal-to-sign-16-year-old-sensation\/#breadcrumb","itemListElement":[{"@type":"ListItem","position":1,"name":"Home","item":"https:\/\/bladnanews.com\/"},{"@type":"ListItem","position":2,"name":"Aston Villa agree \u00a310.4m deal to sign 16-year-old sensation"}]},{"@type":"WebSite","@id":"https:\/\/mediumseagreen-eel-531711.hostingersite.com\/#website","url":"https:\/\/mediumseagreen-eel-531711.hostingersite.com\/","name":"Bladna News - Maroc","description":"Quand le football marocain rencontre le monde","publisher":{"@id":"https:\/\/mediumseagreen-eel-531711.hostingersite.com\/#organization"},"potentialAction":[{"@type":"SearchAction","target":{"@type":"EntryPoint","urlTemplate":"https:\/\/mediumseagreen-eel-531711.hostingersite.com\/?s={search_term_string}"},"query-input":{"@type":"PropertyValueSpecification","valueRequired":true,"valueName":"search_term_string"}}],"inLanguage":"fr-FR"},{"@type":"Organization","@id":"https:\/\/mediumseagreen-eel-531711.hostingersite.com\/#organization","name":"Bladna News.com","url":"https:\/\/mediumseagreen-eel-531711.hostingersite.com\/","logo":{"@type":"ImageObject","inLanguage":"fr-FR","@id":"https:\/\/mediumseagreen-eel-531711.hostingersite.com\/#\/schema\/logo\/image\/","url":"https:\/\/bladnanews.com\/wp-content\/uploads\/2025\/12\/logo-bladnanews-V2-web-black-red.png","contentUrl":"https:\/\/bladnanews.com\/wp-content\/uploads\/2025\/12\/logo-bladnanews-V2-web-black-red.png","width":703,"height":287,"caption":"Bladna News.com"},"image":{"@id":"https:\/\/mediumseagreen-eel-531711.hostingersite.com\/#\/schema\/logo\/image\/"},"email":"info@bladnanews.com","legalName":"Bladna News"},{"@type":"Person","@id":"https:\/\/mediumseagreen-eel-531711.hostingersite.com\/#\/schema\/person\/268e18a453ab080ebf76df6ef7845083","name":"\u00c9quipe r\u00e9dactionnelle de Bladna News","url":"https:\/\/bladnanews.com\/fr\/author\/bladna-news-staff\/"}]}},"_links":{"self":[{"href":"https:\/\/bladnanews.com\/fr\/wp-json\/wp\/v2\/posts\/5507","targetHints":{"allow":["GET"]}}],"collection":[{"href":"https:\/\/bladnanews.com\/fr\/wp-json\/wp\/v2\/posts"}],"about":[{"href":"https:\/\/bladnanews.com\/fr\/wp-json\/wp\/v2\/types\/post"}],"author":[{"embeddable":true,"href":"https:\/\/bladnanews.com\/fr\/wp-json\/wp\/v2\/users\/3"}],"replies":[{"embeddable":true,"href":"https:\/\/bladnanews.com\/fr\/wp-json\/wp\/v2\/comments?post=5507"}],"version-history":[{"count":0,"href":"https:\/\/bladnanews.com\/fr\/wp-json\/wp\/v2\/posts\/5507\/revisions"}],"wp:featuredmedia":[{"embeddable":true,"href":"https:\/\/bladnanews.com\/fr\/wp-json\/wp\/v2\/media\/5506"}],"wp:attachment":[{"href":"https:\/\/bladnanews.com\/fr\/wp-json\/wp\/v2\/media?parent=5507"}],"wp:term":[{"taxonomy":"category","embeddable":true,"href":"https:\/\/bladnanews.com\/fr\/wp-json\/wp\/v2\/categories?post=5507"},{"taxonomy":"post_tag","embeddable":true,"href":"https:\/\/bladnanews.com\/fr\/wp-json\/wp\/v2\/tags?post=5507"}],"curies":[{"name":"wp","href":"https:\/\/api.w.org\/{rel}","templated":true}]}}