{"id":5509,"date":"2026-01-09T14:06:49","date_gmt":"2026-01-09T14:06:49","guid":{"rendered":"https:\/\/bladnanews.com\/revitalised-mohamed-salah-tipped-to-boost-liverpool-push\/"},"modified":"2026-01-09T14:06:49","modified_gmt":"2026-01-09T14:06:49","slug":"mohamed-salah-revitalise-pressenti-pour-renforcer-la-poussee-de-liverpool","status":"publish","type":"post","link":"https:\/\/bladnanews.com\/fr\/mohamed-salah-revitalise-pressenti-pour-renforcer-la-poussee-de-liverpool\/","title":{"rendered":"Mohamed Salah revitalis\u00e9 pressenti pour renforcer la pouss\u00e9e de Liverpool"},"content":{"rendered":"<p>Mohamed Salah a \u00e9t\u00e9 pressenti pour jouer un r\u00f4le d\u00e9cisif pour Liverpool dans la seconde moiti\u00e9 de la saison, l'attaquant \u00e9tant d\u00e9crit comme \u201crevitalis\u00e9\u201d apr\u00e8s son r\u00e9cent retour \u00e0 l'action.<\/p>\n<p>Avec Liverpool qui lutte encore sur plusieurs fronts, l'international \u00e9gyptien devrait avoir un impact majeur alors que la campagne entre dans ses mois cl\u00e9s. Les Reds ont \u00e9t\u00e9 lou\u00e9s pour ce qui a \u00e9t\u00e9 qualifi\u00e9 de \u201ccoup de g\u00e9nie\u201d dans la fa\u00e7on dont ils ont g\u00e9r\u00e9 la r\u00e9cente saga entourant le joueur de 31 ans.<\/p>\n<p>La situation a attir\u00e9 beaucoup d'attention apr\u00e8s que Salah ait montr\u00e9 une frustration claire lors d'un match, d\u00e9clenchant des jours de gros titres et de d\u00e9bats sur sa relation avec l'entra\u00eeneur Jurgen Klopp. Mais l'ambiance a depuis chang\u00e9, avec des suggestions que le duo a maintenant \u201cfait la paix\u201d et a d\u00e9pass\u00e9 le probl\u00e8me.<\/p>\n<p>C'est le point cl\u00e9 qui est maintenant mis en avant : la tension qui mena\u00e7ait bri\u00e8vement de devenir un probl\u00e8me plus important a \u00e9t\u00e9 apais\u00e9e, et Liverpool serait de nouveau en position forte pour b\u00e9n\u00e9ficier de la qualit\u00e9 et de l'exp\u00e9rience de leur meilleur buteur.<\/p>\n<p>L'importance de Salah dans le jeu offensif de Liverpool est bien \u00e9tablie, et l'attente est qu'une version rafra\u00eechie et pleinement concentr\u00e9e de l'ailier aidera \u00e0 propulser l'\u00e9quipe \u00e0 travers la phase d\u00e9cisive de la saison.<\/p>\n<p>Avec la conversation revenant maintenant sur les performances plut\u00f4t que sur les cons\u00e9quences, la gestion de l'\u00e9pisode par Liverpool a \u00e9t\u00e9 salu\u00e9e pour avoir maintenu l'accent sur le football alors qu'ils cherchent \u00e0 cr\u00e9er de l'\u00e9lan dans les semaines \u00e0 venir.<\/p>","protected":false},"excerpt":{"rendered":"<p>Mohamed Salah has been tipped to play a decisive role for Liverpool in the second half of the season, with [&hellip;]<\/p>\n","protected":false},"author":3,"featured_media":5508,"comment_status":"","ping_status":"open","sticky":false,"template":"","format":"standard","meta":{"googlesitekit_rrm_CAow_uzEDA:productID":"","site-sidebar-layout":"default","site-content-layout":"","ast-site-content-layout":"default","site-content-style":"default","site-sidebar-style":"default","ast-global-header-display":"","ast-banner-title-visibility":"","ast-main-header-display":"","ast-hfb-above-header-display":"","ast-hfb-below-header-display":"","ast-hfb-mobile-header-display":"","site-post-title":"","ast-breadcrumbs-content":"","ast-featured-img":"","footer-sml-layout":"","ast-disable-related-posts":"","theme-transparent-header-meta":"","adv-header-id-meta":"","stick-header-meta":"","header-above-stick-meta":"","header-main-stick-meta":"","header-below-stick-meta":"","astra-migrate-meta-layouts":"default","ast-page-background-enabled":"default","ast-page-background-meta":{"desktop":{"background-color":"var(--ast-global-color-5)","background-image":"","background-repeat":"repeat","background-position":"center center","background-size":"auto","background-attachment":"scroll","background-type":"","background-media":"","overlay-type":"","overlay-color":"","overlay-opacity":"","overlay-gradient":""},"tablet":{"background-color":"","background-image":"","background-repeat":"repeat","background-position":"center center","background-size":"auto","background-attachment":"scroll","background-type":"","background-media":"","overlay-type":"","overlay-color":"","overlay-opacity":"","overlay-gradient":""},"mobile":{"background-color":"","background-image":"","background-repeat":"repeat","background-position":"center center","background-size":"auto","background-attachment":"scroll","background-type":"","background-media":"","overlay-type":"","overlay-color":"","overlay-opacity":"","overlay-gradient":""}},"ast-content-background-meta":{"desktop":{"background-color":"var(--ast-global-color-4)","background-image":"","background-repeat":"repeat","background-position":"center center","background-size":"auto","background-attachment":"scroll","background-type":"","background-media":"","overlay-type":"","overlay-color":"","overlay-opacity":"","overlay-gradient":""},"tablet":{"background-color":"var(--ast-global-color-4)","background-image":"","background-repeat":"repeat","background-position":"center center","background-size":"auto","background-attachment":"scroll","background-type":"","background-media":"","overlay-type":"","overlay-color":"","overlay-opacity":"","overlay-gradient":""},"mobile":{"background-color":"var(--ast-global-color-4)","background-image":"","background-repeat":"repeat","background-position":"center center","background-size":"auto","background-attachment":"scroll","background-type":"","background-media":"","overlay-type":"","overlay-color":"","overlay-opacity":"","overlay-gradient":""}},"footnotes":""},"categories":[20,1],"tags":[],"class_list":["post-5509","post","type-post","status-publish","format-standard","has-post-thumbnail","hentry","category-international","category-football-latest-news"],"yoast_head":"<!-- This site is optimized with the Yoast SEO Premium plugin v26.6 (Yoast SEO v27.5) - https:\/\/yoast.com\/product\/yoast-seo-premium-wordpress\/ -->\n<title>Revitalised Mohamed Salah tipped to boost Liverpool push - Bladna News<\/title>\n<meta name=\"robots\" content=\"index, follow, max-snippet:-1, max-image-preview:large, max-video-preview:-1\" \/>\n<link rel=\"canonical\" href=\"https:\/\/bladnanews.com\/fr\/mohamed-salah-revitalise-pressenti-pour-renforcer-la-poussee-de-liverpool\/\" \/>\n<meta property=\"og:locale\" content=\"fr_FR\" \/>\n<meta property=\"og:type\" content=\"article\" \/>\n<meta property=\"og:title\" content=\"Revitalised Mohamed Salah tipped to boost Liverpool push\" \/>\n<meta property=\"og:description\" content=\"Mohamed Salah has been tipped to play a decisive role for Liverpool in the second half of the season, with [&hellip;]\" \/>\n<meta property=\"og:url\" content=\"https:\/\/bladnanews.com\/fr\/mohamed-salah-revitalise-pressenti-pour-renforcer-la-poussee-de-liverpool\/\" \/>\n<meta property=\"og:site_name\" content=\"Bladna News\" \/>\n<meta property=\"article:published_time\" content=\"2026-01-09T14:06:49+00:00\" \/>\n<meta property=\"og:image\" content=\"https:\/\/bladnanews.com\/wp-content\/uploads\/2025\/12\/freepik__bladna-newscom-moroccan-soccer-homepage-banner-mor__41838.png\" \/>\n\t<meta property=\"og:image:width\" content=\"1312\" \/>\n\t<meta property=\"og:image:height\" content=\"736\" \/>\n\t<meta property=\"og:image:type\" content=\"image\/png\" \/>\n<meta name=\"author\" content=\"Bladna News Staff\" \/>\n<meta name=\"twitter:card\" content=\"summary_large_image\" \/>\n<meta name=\"twitter:label1\" content=\"\u00c9crit par\" \/>\n\t<meta name=\"twitter:data1\" content=\"Bladna News Staff\" \/>\n\t<meta name=\"twitter:label2\" content=\"Dur\u00e9e de lecture estim\u00e9e\" \/>\n\t<meta name=\"twitter:data2\" content=\"1 minute\" \/>\n<script type=\"application\/ld+json\" class=\"yoast-schema-graph\">{\"@context\":\"https:\\\/\\\/schema.org\",\"@graph\":[{\"@type\":\"Article\",\"@id\":\"https:\\\/\\\/bladnanews.com\\\/revitalised-mohamed-salah-tipped-to-boost-liverpool-push\\\/#article\",\"isPartOf\":{\"@id\":\"https:\\\/\\\/bladnanews.com\\\/revitalised-mohamed-salah-tipped-to-boost-liverpool-push\\\/\"},\"author\":{\"name\":\"Bladna News Staff\",\"@id\":\"https:\\\/\\\/mediumseagreen-eel-531711.hostingersite.com\\\/#\\\/schema\\\/person\\\/268e18a453ab080ebf76df6ef7845083\"},\"headline\":\"Revitalised Mohamed Salah tipped to boost Liverpool push\",\"datePublished\":\"2026-01-09T14:06:49+00:00\",\"mainEntityOfPage\":{\"@id\":\"https:\\\/\\\/bladnanews.com\\\/revitalised-mohamed-salah-tipped-to-boost-liverpool-push\\\/\"},\"wordCount\":255,\"publisher\":{\"@id\":\"https:\\\/\\\/mediumseagreen-eel-531711.hostingersite.com\\\/#organization\"},\"image\":{\"@id\":\"https:\\\/\\\/bladnanews.com\\\/revitalised-mohamed-salah-tipped-to-boost-liverpool-push\\\/#primaryimage\"},\"thumbnailUrl\":\"https:\\\/\\\/bladnanews.com\\\/wp-content\\\/uploads\\\/2026\\\/01\\\/BladnaNews-Revitalised-Mohamed-Salah-tipped-to-boost-Liverpool-push-2026-01-09T210951.096Z.jpg\",\"articleSection\":[\"International\",\"Latest News\"],\"inLanguage\":\"fr-FR\",\"copyrightYear\":\"2026\",\"copyrightHolder\":{\"@id\":\"https:\\\/\\\/bladnanews.com\\\/fr\\\/#organization\"}},{\"@type\":\"WebPage\",\"@id\":\"https:\\\/\\\/bladnanews.com\\\/revitalised-mohamed-salah-tipped-to-boost-liverpool-push\\\/\",\"url\":\"https:\\\/\\\/bladnanews.com\\\/revitalised-mohamed-salah-tipped-to-boost-liverpool-push\\\/\",\"name\":\"Revitalised Mohamed Salah tipped to boost Liverpool push - Bladna News\",\"isPartOf\":{\"@id\":\"https:\\\/\\\/mediumseagreen-eel-531711.hostingersite.com\\\/#website\"},\"primaryImageOfPage\":{\"@id\":\"https:\\\/\\\/bladnanews.com\\\/revitalised-mohamed-salah-tipped-to-boost-liverpool-push\\\/#primaryimage\"},\"image\":{\"@id\":\"https:\\\/\\\/bladnanews.com\\\/revitalised-mohamed-salah-tipped-to-boost-liverpool-push\\\/#primaryimage\"},\"thumbnailUrl\":\"https:\\\/\\\/bladnanews.com\\\/wp-content\\\/uploads\\\/2026\\\/01\\\/BladnaNews-Revitalised-Mohamed-Salah-tipped-to-boost-Liverpool-push-2026-01-09T210951.096Z.jpg\",\"datePublished\":\"2026-01-09T14:06:49+00:00\",\"breadcrumb\":{\"@id\":\"https:\\\/\\\/bladnanews.com\\\/revitalised-mohamed-salah-tipped-to-boost-liverpool-push\\\/#breadcrumb\"},\"inLanguage\":\"fr-FR\",\"potentialAction\":[{\"@type\":\"ReadAction\",\"target\":[\"https:\\\/\\\/bladnanews.com\\\/revitalised-mohamed-salah-tipped-to-boost-liverpool-push\\\/\"]}]},{\"@type\":\"ImageObject\",\"inLanguage\":\"fr-FR\",\"@id\":\"https:\\\/\\\/bladnanews.com\\\/revitalised-mohamed-salah-tipped-to-boost-liverpool-push\\\/#primaryimage\",\"url\":\"https:\\\/\\\/bladnanews.com\\\/wp-content\\\/uploads\\\/2026\\\/01\\\/BladnaNews-Revitalised-Mohamed-Salah-tipped-to-boost-Liverpool-push-2026-01-09T210951.096Z.jpg\",\"contentUrl\":\"https:\\\/\\\/bladnanews.com\\\/wp-content\\\/uploads\\\/2026\\\/01\\\/BladnaNews-Revitalised-Mohamed-Salah-tipped-to-boost-Liverpool-push-2026-01-09T210951.096Z.jpg\",\"width\":1920,\"height\":1080,\"caption\":\"Mohamed Salah shouting in Liverpool's red kit, exuding passion during a match, embodying the intensity of Premier League football.\"},{\"@type\":\"BreadcrumbList\",\"@id\":\"https:\\\/\\\/bladnanews.com\\\/revitalised-mohamed-salah-tipped-to-boost-liverpool-push\\\/#breadcrumb\",\"itemListElement\":[{\"@type\":\"ListItem\",\"position\":1,\"name\":\"Home\",\"item\":\"https:\\\/\\\/bladnanews.com\\\/\"},{\"@type\":\"ListItem\",\"position\":2,\"name\":\"Revitalised Mohamed Salah tipped to boost Liverpool push\"}]},{\"@type\":\"WebSite\",\"@id\":\"https:\\\/\\\/mediumseagreen-eel-531711.hostingersite.com\\\/#website\",\"url\":\"https:\\\/\\\/mediumseagreen-eel-531711.hostingersite.com\\\/\",\"name\":\"Bladna News - Morocco\",\"description\":\"Where Moroccan Football Meets the World\",\"publisher\":{\"@id\":\"https:\\\/\\\/mediumseagreen-eel-531711.hostingersite.com\\\/#organization\"},\"potentialAction\":[{\"@type\":\"SearchAction\",\"target\":{\"@type\":\"EntryPoint\",\"urlTemplate\":\"https:\\\/\\\/mediumseagreen-eel-531711.hostingersite.com\\\/?s={search_term_string}\"},\"query-input\":{\"@type\":\"PropertyValueSpecification\",\"valueRequired\":true,\"valueName\":\"search_term_string\"}}],\"inLanguage\":\"fr-FR\"},{\"@type\":\"Organization\",\"@id\":\"https:\\\/\\\/mediumseagreen-eel-531711.hostingersite.com\\\/#organization\",\"name\":\"Bladna News.com\",\"url\":\"https:\\\/\\\/mediumseagreen-eel-531711.hostingersite.com\\\/\",\"logo\":{\"@type\":\"ImageObject\",\"inLanguage\":\"fr-FR\",\"@id\":\"https:\\\/\\\/mediumseagreen-eel-531711.hostingersite.com\\\/#\\\/schema\\\/logo\\\/image\\\/\",\"url\":\"https:\\\/\\\/bladnanews.com\\\/wp-content\\\/uploads\\\/2025\\\/12\\\/logo-bladnanews-V2-web-black-red.png\",\"contentUrl\":\"https:\\\/\\\/bladnanews.com\\\/wp-content\\\/uploads\\\/2025\\\/12\\\/logo-bladnanews-V2-web-black-red.png\",\"width\":703,\"height\":287,\"caption\":\"Bladna News.com\"},\"image\":{\"@id\":\"https:\\\/\\\/mediumseagreen-eel-531711.hostingersite.com\\\/#\\\/schema\\\/logo\\\/image\\\/\"},\"email\":\"info@bladnanews.com\",\"legalName\":\"Bladna News\"},{\"@type\":\"Person\",\"@id\":\"https:\\\/\\\/mediumseagreen-eel-531711.hostingersite.com\\\/#\\\/schema\\\/person\\\/268e18a453ab080ebf76df6ef7845083\",\"name\":\"Bladna News Staff\",\"url\":\"https:\\\/\\\/bladnanews.com\\\/fr\\\/author\\\/bladna-news-staff\\\/\"}]}<\/script>\n<!-- \/ Yoast SEO Premium plugin. -->","yoast_head_json":{"title":"Mohamed Salah revitalis\u00e9 pressenti pour renforcer la pouss\u00e9e de Liverpool - Bladna News","robots":{"index":"index","follow":"follow","max-snippet":"max-snippet:-1","max-image-preview":"max-image-preview:large","max-video-preview":"max-video-preview:-1"},"canonical":"https:\/\/bladnanews.com\/fr\/mohamed-salah-revitalise-pressenti-pour-renforcer-la-poussee-de-liverpool\/","og_locale":"fr_FR","og_type":"article","og_title":"Revitalised Mohamed Salah tipped to boost Liverpool push","og_description":"Mohamed Salah has been tipped to play a decisive role for Liverpool in the second half of the season, with [&hellip;]","og_url":"https:\/\/bladnanews.com\/fr\/mohamed-salah-revitalise-pressenti-pour-renforcer-la-poussee-de-liverpool\/","og_site_name":"Bladna News","article_published_time":"2026-01-09T14:06:49+00:00","og_image":[{"width":1312,"height":736,"url":"https:\/\/bladnanews.com\/wp-content\/uploads\/2025\/12\/freepik__bladna-newscom-moroccan-soccer-homepage-banner-mor__41838.png","type":"image\/png"}],"author":"Bladna News Staff","twitter_card":"summary_large_image","twitter_misc":{"\u00c9crit par":"Bladna News Staff","Dur\u00e9e de lecture estim\u00e9e":"1 minute"},"schema":{"@context":"https:\/\/schema.org","@graph":[{"@type":"Article","@id":"https:\/\/bladnanews.com\/revitalised-mohamed-salah-tipped-to-boost-liverpool-push\/#article","isPartOf":{"@id":"https:\/\/bladnanews.com\/revitalised-mohamed-salah-tipped-to-boost-liverpool-push\/"},"author":{"name":"Bladna News Staff","@id":"https:\/\/mediumseagreen-eel-531711.hostingersite.com\/#\/schema\/person\/268e18a453ab080ebf76df6ef7845083"},"headline":"Revitalised Mohamed Salah tipped to boost Liverpool push","datePublished":"2026-01-09T14:06:49+00:00","mainEntityOfPage":{"@id":"https:\/\/bladnanews.com\/revitalised-mohamed-salah-tipped-to-boost-liverpool-push\/"},"wordCount":255,"publisher":{"@id":"https:\/\/mediumseagreen-eel-531711.hostingersite.com\/#organization"},"image":{"@id":"https:\/\/bladnanews.com\/revitalised-mohamed-salah-tipped-to-boost-liverpool-push\/#primaryimage"},"thumbnailUrl":"https:\/\/bladnanews.com\/wp-content\/uploads\/2026\/01\/BladnaNews-Revitalised-Mohamed-Salah-tipped-to-boost-Liverpool-push-2026-01-09T210951.096Z.jpg","articleSection":["International","Latest News"],"inLanguage":"fr-FR","copyrightYear":"2026","copyrightHolder":{"@id":"https:\/\/bladnanews.com\/fr\/#organization"}},{"@type":"WebPage","@id":"https:\/\/bladnanews.com\/revitalised-mohamed-salah-tipped-to-boost-liverpool-push\/","url":"https:\/\/bladnanews.com\/revitalised-mohamed-salah-tipped-to-boost-liverpool-push\/","name":"Mohamed Salah revitalis\u00e9 pressenti pour renforcer la pouss\u00e9e de Liverpool - Bladna News","isPartOf":{"@id":"https:\/\/mediumseagreen-eel-531711.hostingersite.com\/#website"},"primaryImageOfPage":{"@id":"https:\/\/bladnanews.com\/revitalised-mohamed-salah-tipped-to-boost-liverpool-push\/#primaryimage"},"image":{"@id":"https:\/\/bladnanews.com\/revitalised-mohamed-salah-tipped-to-boost-liverpool-push\/#primaryimage"},"thumbnailUrl":"https:\/\/bladnanews.com\/wp-content\/uploads\/2026\/01\/BladnaNews-Revitalised-Mohamed-Salah-tipped-to-boost-Liverpool-push-2026-01-09T210951.096Z.jpg","datePublished":"2026-01-09T14:06:49+00:00","breadcrumb":{"@id":"https:\/\/bladnanews.com\/revitalised-mohamed-salah-tipped-to-boost-liverpool-push\/#breadcrumb"},"inLanguage":"fr-FR","potentialAction":[{"@type":"ReadAction","target":["https:\/\/bladnanews.com\/revitalised-mohamed-salah-tipped-to-boost-liverpool-push\/"]}]},{"@type":"ImageObject","inLanguage":"fr-FR","@id":"https:\/\/bladnanews.com\/revitalised-mohamed-salah-tipped-to-boost-liverpool-push\/#primaryimage","url":"https:\/\/bladnanews.com\/wp-content\/uploads\/2026\/01\/BladnaNews-Revitalised-Mohamed-Salah-tipped-to-boost-Liverpool-push-2026-01-09T210951.096Z.jpg","contentUrl":"https:\/\/bladnanews.com\/wp-content\/uploads\/2026\/01\/BladnaNews-Revitalised-Mohamed-Salah-tipped-to-boost-Liverpool-push-2026-01-09T210951.096Z.jpg","width":1920,"height":1080,"caption":"Mohamed Salah shouting in Liverpool's red kit, exuding passion during a match, embodying the intensity of Premier League football."},{"@type":"BreadcrumbList","@id":"https:\/\/bladnanews.com\/revitalised-mohamed-salah-tipped-to-boost-liverpool-push\/#breadcrumb","itemListElement":[{"@type":"ListItem","position":1,"name":"Home","item":"https:\/\/bladnanews.com\/"},{"@type":"ListItem","position":2,"name":"Revitalised Mohamed Salah tipped to boost Liverpool push"}]},{"@type":"WebSite","@id":"https:\/\/mediumseagreen-eel-531711.hostingersite.com\/#website","url":"https:\/\/mediumseagreen-eel-531711.hostingersite.com\/","name":"Bladna News - Maroc","description":"Quand le football marocain rencontre le monde","publisher":{"@id":"https:\/\/mediumseagreen-eel-531711.hostingersite.com\/#organization"},"potentialAction":[{"@type":"SearchAction","target":{"@type":"EntryPoint","urlTemplate":"https:\/\/mediumseagreen-eel-531711.hostingersite.com\/?s={search_term_string}"},"query-input":{"@type":"PropertyValueSpecification","valueRequired":true,"valueName":"search_term_string"}}],"inLanguage":"fr-FR"},{"@type":"Organization","@id":"https:\/\/mediumseagreen-eel-531711.hostingersite.com\/#organization","name":"Bladna News.com","url":"https:\/\/mediumseagreen-eel-531711.hostingersite.com\/","logo":{"@type":"ImageObject","inLanguage":"fr-FR","@id":"https:\/\/mediumseagreen-eel-531711.hostingersite.com\/#\/schema\/logo\/image\/","url":"https:\/\/bladnanews.com\/wp-content\/uploads\/2025\/12\/logo-bladnanews-V2-web-black-red.png","contentUrl":"https:\/\/bladnanews.com\/wp-content\/uploads\/2025\/12\/logo-bladnanews-V2-web-black-red.png","width":703,"height":287,"caption":"Bladna News.com"},"image":{"@id":"https:\/\/mediumseagreen-eel-531711.hostingersite.com\/#\/schema\/logo\/image\/"},"email":"info@bladnanews.com","legalName":"Bladna News"},{"@type":"Person","@id":"https:\/\/mediumseagreen-eel-531711.hostingersite.com\/#\/schema\/person\/268e18a453ab080ebf76df6ef7845083","name":"\u00c9quipe r\u00e9dactionnelle de Bladna News","url":"https:\/\/bladnanews.com\/fr\/author\/bladna-news-staff\/"}]}},"_links":{"self":[{"href":"https:\/\/bladnanews.com\/fr\/wp-json\/wp\/v2\/posts\/5509","targetHints":{"allow":["GET"]}}],"collection":[{"href":"https:\/\/bladnanews.com\/fr\/wp-json\/wp\/v2\/posts"}],"about":[{"href":"https:\/\/bladnanews.com\/fr\/wp-json\/wp\/v2\/types\/post"}],"author":[{"embeddable":true,"href":"https:\/\/bladnanews.com\/fr\/wp-json\/wp\/v2\/users\/3"}],"replies":[{"embeddable":true,"href":"https:\/\/bladnanews.com\/fr\/wp-json\/wp\/v2\/comments?post=5509"}],"version-history":[{"count":0,"href":"https:\/\/bladnanews.com\/fr\/wp-json\/wp\/v2\/posts\/5509\/revisions"}],"wp:featuredmedia":[{"embeddable":true,"href":"https:\/\/bladnanews.com\/fr\/wp-json\/wp\/v2\/media\/5508"}],"wp:attachment":[{"href":"https:\/\/bladnanews.com\/fr\/wp-json\/wp\/v2\/media?parent=5509"}],"wp:term":[{"taxonomy":"category","embeddable":true,"href":"https:\/\/bladnanews.com\/fr\/wp-json\/wp\/v2\/categories?post=5509"},{"taxonomy":"post_tag","embeddable":true,"href":"https:\/\/bladnanews.com\/fr\/wp-json\/wp\/v2\/tags?post=5509"}],"curies":[{"name":"wp","href":"https:\/\/api.w.org\/{rel}","templated":true}]}}