{"id":5541,"date":"2026-01-09T14:36:20","date_gmt":"2026-01-09T14:36:20","guid":{"rendered":"https:\/\/bladnanews.com\/liverpool-set-federico-chiesa-price-for-juventus-return-in-january\/"},"modified":"2026-01-09T14:36:20","modified_gmt":"2026-01-09T14:36:20","slug":"liverpool-fixe-le-prix-de-federico-chiesa-pour-un-retour-a-la-juventus-en-janvier","status":"publish","type":"post","link":"https:\/\/bladnanews.com\/fr\/liverpool-fixe-le-prix-de-federico-chiesa-pour-un-retour-a-la-juventus-en-janvier\/","title":{"rendered":"Liverpool fixe le prix de Federico Chiesa pour un retour \u00e0 la Juventus en janvier"},"content":{"rendered":"<p>Liverpool a dit \u00e0 la Juventus combien il en co\u00fbterait pour ramener Federico Chiesa \u00e0 Turin lors du mercato de janvier, les Reds \u00e9tant pr\u00eats \u00e0 r\u00e9duire leurs pertes sur l'ailier italien.<\/p>\n<p>Le rapport r\u00e9v\u00e8le que Liverpool serait pr\u00eat \u00e0 laisser Chiesa partir pour environ <strong>25 millions d'euros<\/strong>, malgr\u00e9 le fait de l'avoir sign\u00e9 seulement cet \u00e9t\u00e9 de la Juventus. Le club de Merseyside serait ouvert \u00e0 une vente rapide si la bonne offre arrive.<\/p>\n<p>Chiesa a du mal \u00e0 avoir un grand impact depuis son arriv\u00e9e \u00e0 Anfield, et ses minutes de jeu ont \u00e9t\u00e9 limit\u00e9es. Avec Liverpool gardant un \u0153il attentif sur l'\u00e9quilibre de leur effectif, le club ne devrait pas faire obstacle \u00e0 un accord si la Juventus d\u00e9cide de passer \u00e0 l'action.<\/p>\n<p>La Juventus surveille la situation alors qu'elle examine des options pour renforcer ses ailes. Chiesa reste une figure populaire \u00e0 Turin apr\u00e8s son pr\u00e9c\u00e9dent passage, et un retour a \u00e9t\u00e9 discut\u00e9 alors que le club italien \u00e9value ses plans d'hiver.<\/p>\n<p>Pour Liverpool, \u00e9tablir un prix de vente clair a mis leur position sur la table avant janvier. Tout mouvement d\u00e9pendra de la volont\u00e9 de la Juventus de rencontrer ce montant et d'accepter les conditions, mais les Reds ont maintenant fait savoir ce qu'ils accepteraient pour Chiesa alors que les discussions se poursuivent en coulisses.<\/p>","protected":false},"excerpt":{"rendered":"<p>Liverpool have told Juventus how much it would take to bring Federico Chiesa back to Turin in the January transfer [&hellip;]<\/p>\n","protected":false},"author":3,"featured_media":5540,"comment_status":"","ping_status":"open","sticky":false,"template":"","format":"standard","meta":{"googlesitekit_rrm_CAow_uzEDA:productID":"","site-sidebar-layout":"default","site-content-layout":"","ast-site-content-layout":"default","site-content-style":"default","site-sidebar-style":"default","ast-global-header-display":"","ast-banner-title-visibility":"","ast-main-header-display":"","ast-hfb-above-header-display":"","ast-hfb-below-header-display":"","ast-hfb-mobile-header-display":"","site-post-title":"","ast-breadcrumbs-content":"","ast-featured-img":"","footer-sml-layout":"","ast-disable-related-posts":"","theme-transparent-header-meta":"","adv-header-id-meta":"","stick-header-meta":"","header-above-stick-meta":"","header-main-stick-meta":"","header-below-stick-meta":"","astra-migrate-meta-layouts":"default","ast-page-background-enabled":"default","ast-page-background-meta":{"desktop":{"background-color":"var(--ast-global-color-5)","background-image":"","background-repeat":"repeat","background-position":"center center","background-size":"auto","background-attachment":"scroll","background-type":"","background-media":"","overlay-type":"","overlay-color":"","overlay-opacity":"","overlay-gradient":""},"tablet":{"background-color":"","background-image":"","background-repeat":"repeat","background-position":"center center","background-size":"auto","background-attachment":"scroll","background-type":"","background-media":"","overlay-type":"","overlay-color":"","overlay-opacity":"","overlay-gradient":""},"mobile":{"background-color":"","background-image":"","background-repeat":"repeat","background-position":"center center","background-size":"auto","background-attachment":"scroll","background-type":"","background-media":"","overlay-type":"","overlay-color":"","overlay-opacity":"","overlay-gradient":""}},"ast-content-background-meta":{"desktop":{"background-color":"var(--ast-global-color-4)","background-image":"","background-repeat":"repeat","background-position":"center center","background-size":"auto","background-attachment":"scroll","background-type":"","background-media":"","overlay-type":"","overlay-color":"","overlay-opacity":"","overlay-gradient":""},"tablet":{"background-color":"var(--ast-global-color-4)","background-image":"","background-repeat":"repeat","background-position":"center center","background-size":"auto","background-attachment":"scroll","background-type":"","background-media":"","overlay-type":"","overlay-color":"","overlay-opacity":"","overlay-gradient":""},"mobile":{"background-color":"var(--ast-global-color-4)","background-image":"","background-repeat":"repeat","background-position":"center center","background-size":"auto","background-attachment":"scroll","background-type":"","background-media":"","overlay-type":"","overlay-color":"","overlay-opacity":"","overlay-gradient":""}},"footnotes":""},"categories":[20,1],"tags":[],"class_list":["post-5541","post","type-post","status-publish","format-standard","has-post-thumbnail","hentry","category-international","category-football-latest-news"],"yoast_head":"<!-- This site is optimized with the Yoast SEO Premium plugin v26.6 (Yoast SEO v27.5) - https:\/\/yoast.com\/product\/yoast-seo-premium-wordpress\/ -->\n<title>Liverpool set Federico Chiesa price for Juventus return in January - Bladna News<\/title>\n<meta name=\"robots\" content=\"index, follow, max-snippet:-1, max-image-preview:large, max-video-preview:-1\" \/>\n<link rel=\"canonical\" href=\"https:\/\/bladnanews.com\/fr\/liverpool-fixe-le-prix-de-federico-chiesa-pour-un-retour-a-la-juventus-en-janvier\/\" \/>\n<meta property=\"og:locale\" content=\"fr_FR\" \/>\n<meta property=\"og:type\" content=\"article\" \/>\n<meta property=\"og:title\" content=\"Liverpool set Federico Chiesa price for Juventus return in January\" \/>\n<meta property=\"og:description\" content=\"Liverpool have told Juventus how much it would take to bring Federico Chiesa back to Turin in the January transfer [&hellip;]\" \/>\n<meta property=\"og:url\" content=\"https:\/\/bladnanews.com\/fr\/liverpool-fixe-le-prix-de-federico-chiesa-pour-un-retour-a-la-juventus-en-janvier\/\" \/>\n<meta property=\"og:site_name\" content=\"Bladna News\" \/>\n<meta property=\"article:published_time\" content=\"2026-01-09T14:36:20+00:00\" \/>\n<meta property=\"og:image\" content=\"https:\/\/bladnanews.com\/wp-content\/uploads\/2025\/12\/freepik__bladna-newscom-moroccan-soccer-homepage-banner-mor__41838.png\" \/>\n\t<meta property=\"og:image:width\" content=\"1312\" \/>\n\t<meta property=\"og:image:height\" content=\"736\" \/>\n\t<meta property=\"og:image:type\" content=\"image\/png\" \/>\n<meta name=\"author\" content=\"Bladna News Staff\" \/>\n<meta name=\"twitter:card\" content=\"summary_large_image\" \/>\n<meta name=\"twitter:label1\" content=\"\u00c9crit par\" \/>\n\t<meta name=\"twitter:data1\" content=\"Bladna News Staff\" \/>\n\t<meta name=\"twitter:label2\" content=\"Dur\u00e9e de lecture estim\u00e9e\" \/>\n\t<meta name=\"twitter:data2\" content=\"1 minute\" \/>\n<script type=\"application\/ld+json\" class=\"yoast-schema-graph\">{\"@context\":\"https:\\\/\\\/schema.org\",\"@graph\":[{\"@type\":\"Article\",\"@id\":\"https:\\\/\\\/bladnanews.com\\\/liverpool-set-federico-chiesa-price-for-juventus-return-in-january\\\/#article\",\"isPartOf\":{\"@id\":\"https:\\\/\\\/bladnanews.com\\\/liverpool-set-federico-chiesa-price-for-juventus-return-in-january\\\/\"},\"author\":{\"name\":\"Bladna News Staff\",\"@id\":\"https:\\\/\\\/mediumseagreen-eel-531711.hostingersite.com\\\/#\\\/schema\\\/person\\\/268e18a453ab080ebf76df6ef7845083\"},\"headline\":\"Liverpool set Federico Chiesa price for Juventus return in January\",\"datePublished\":\"2026-01-09T14:36:20+00:00\",\"mainEntityOfPage\":{\"@id\":\"https:\\\/\\\/bladnanews.com\\\/liverpool-set-federico-chiesa-price-for-juventus-return-in-january\\\/\"},\"wordCount\":221,\"publisher\":{\"@id\":\"https:\\\/\\\/mediumseagreen-eel-531711.hostingersite.com\\\/#organization\"},\"image\":{\"@id\":\"https:\\\/\\\/bladnanews.com\\\/liverpool-set-federico-chiesa-price-for-juventus-return-in-january\\\/#primaryimage\"},\"thumbnailUrl\":\"https:\\\/\\\/bladnanews.com\\\/wp-content\\\/uploads\\\/2026\\\/01\\\/BladnaNews-Liverpool-set-Federico-Chiesa-price-for-Juventus-return-in-January-2026-01-10T010930.779Z.jpg\",\"articleSection\":[\"International\",\"Latest News\"],\"inLanguage\":\"fr-FR\",\"copyrightYear\":\"2026\",\"copyrightHolder\":{\"@id\":\"https:\\\/\\\/bladnanews.com\\\/fr\\\/#organization\"}},{\"@type\":\"WebPage\",\"@id\":\"https:\\\/\\\/bladnanews.com\\\/liverpool-set-federico-chiesa-price-for-juventus-return-in-january\\\/\",\"url\":\"https:\\\/\\\/bladnanews.com\\\/liverpool-set-federico-chiesa-price-for-juventus-return-in-january\\\/\",\"name\":\"Liverpool set Federico Chiesa price for Juventus return in January - Bladna News\",\"isPartOf\":{\"@id\":\"https:\\\/\\\/mediumseagreen-eel-531711.hostingersite.com\\\/#website\"},\"primaryImageOfPage\":{\"@id\":\"https:\\\/\\\/bladnanews.com\\\/liverpool-set-federico-chiesa-price-for-juventus-return-in-january\\\/#primaryimage\"},\"image\":{\"@id\":\"https:\\\/\\\/bladnanews.com\\\/liverpool-set-federico-chiesa-price-for-juventus-return-in-january\\\/#primaryimage\"},\"thumbnailUrl\":\"https:\\\/\\\/bladnanews.com\\\/wp-content\\\/uploads\\\/2026\\\/01\\\/BladnaNews-Liverpool-set-Federico-Chiesa-price-for-Juventus-return-in-January-2026-01-10T010930.779Z.jpg\",\"datePublished\":\"2026-01-09T14:36:20+00:00\",\"breadcrumb\":{\"@id\":\"https:\\\/\\\/bladnanews.com\\\/liverpool-set-federico-chiesa-price-for-juventus-return-in-january\\\/#breadcrumb\"},\"inLanguage\":\"fr-FR\",\"potentialAction\":[{\"@type\":\"ReadAction\",\"target\":[\"https:\\\/\\\/bladnanews.com\\\/liverpool-set-federico-chiesa-price-for-juventus-return-in-january\\\/\"]}]},{\"@type\":\"ImageObject\",\"inLanguage\":\"fr-FR\",\"@id\":\"https:\\\/\\\/bladnanews.com\\\/liverpool-set-federico-chiesa-price-for-juventus-return-in-january\\\/#primaryimage\",\"url\":\"https:\\\/\\\/bladnanews.com\\\/wp-content\\\/uploads\\\/2026\\\/01\\\/BladnaNews-Liverpool-set-Federico-Chiesa-price-for-Juventus-return-in-January-2026-01-10T010930.779Z.jpg\",\"contentUrl\":\"https:\\\/\\\/bladnanews.com\\\/wp-content\\\/uploads\\\/2026\\\/01\\\/BladnaNews-Liverpool-set-Federico-Chiesa-price-for-Juventus-return-in-January-2026-01-10T010930.779Z.jpg\",\"width\":2192,\"height\":1233,\"caption\":\"Federico Chiesa sprinting in a Liverpool home kit, featuring prominent red with white stripes and the club logo, showcasing intense focus.\"},{\"@type\":\"BreadcrumbList\",\"@id\":\"https:\\\/\\\/bladnanews.com\\\/liverpool-set-federico-chiesa-price-for-juventus-return-in-january\\\/#breadcrumb\",\"itemListElement\":[{\"@type\":\"ListItem\",\"position\":1,\"name\":\"Home\",\"item\":\"https:\\\/\\\/bladnanews.com\\\/\"},{\"@type\":\"ListItem\",\"position\":2,\"name\":\"Liverpool set Federico Chiesa price for Juventus return in January\"}]},{\"@type\":\"WebSite\",\"@id\":\"https:\\\/\\\/mediumseagreen-eel-531711.hostingersite.com\\\/#website\",\"url\":\"https:\\\/\\\/mediumseagreen-eel-531711.hostingersite.com\\\/\",\"name\":\"Bladna News - Morocco\",\"description\":\"Where Moroccan Football Meets the World\",\"publisher\":{\"@id\":\"https:\\\/\\\/mediumseagreen-eel-531711.hostingersite.com\\\/#organization\"},\"potentialAction\":[{\"@type\":\"SearchAction\",\"target\":{\"@type\":\"EntryPoint\",\"urlTemplate\":\"https:\\\/\\\/mediumseagreen-eel-531711.hostingersite.com\\\/?s={search_term_string}\"},\"query-input\":{\"@type\":\"PropertyValueSpecification\",\"valueRequired\":true,\"valueName\":\"search_term_string\"}}],\"inLanguage\":\"fr-FR\"},{\"@type\":\"Organization\",\"@id\":\"https:\\\/\\\/mediumseagreen-eel-531711.hostingersite.com\\\/#organization\",\"name\":\"Bladna News.com\",\"url\":\"https:\\\/\\\/mediumseagreen-eel-531711.hostingersite.com\\\/\",\"logo\":{\"@type\":\"ImageObject\",\"inLanguage\":\"fr-FR\",\"@id\":\"https:\\\/\\\/mediumseagreen-eel-531711.hostingersite.com\\\/#\\\/schema\\\/logo\\\/image\\\/\",\"url\":\"https:\\\/\\\/bladnanews.com\\\/wp-content\\\/uploads\\\/2025\\\/12\\\/logo-bladnanews-V2-web-black-red.png\",\"contentUrl\":\"https:\\\/\\\/bladnanews.com\\\/wp-content\\\/uploads\\\/2025\\\/12\\\/logo-bladnanews-V2-web-black-red.png\",\"width\":703,\"height\":287,\"caption\":\"Bladna News.com\"},\"image\":{\"@id\":\"https:\\\/\\\/mediumseagreen-eel-531711.hostingersite.com\\\/#\\\/schema\\\/logo\\\/image\\\/\"},\"email\":\"info@bladnanews.com\",\"legalName\":\"Bladna News\"},{\"@type\":\"Person\",\"@id\":\"https:\\\/\\\/mediumseagreen-eel-531711.hostingersite.com\\\/#\\\/schema\\\/person\\\/268e18a453ab080ebf76df6ef7845083\",\"name\":\"Bladna News Staff\",\"url\":\"https:\\\/\\\/bladnanews.com\\\/fr\\\/author\\\/bladna-news-staff\\\/\"}]}<\/script>\n<!-- \/ Yoast SEO Premium plugin. -->","yoast_head_json":{"title":"Liverpool fixe le prix de Federico Chiesa pour un retour \u00e0 la Juventus en janvier - Bladna News","robots":{"index":"index","follow":"follow","max-snippet":"max-snippet:-1","max-image-preview":"max-image-preview:large","max-video-preview":"max-video-preview:-1"},"canonical":"https:\/\/bladnanews.com\/fr\/liverpool-fixe-le-prix-de-federico-chiesa-pour-un-retour-a-la-juventus-en-janvier\/","og_locale":"fr_FR","og_type":"article","og_title":"Liverpool set Federico Chiesa price for Juventus return in January","og_description":"Liverpool have told Juventus how much it would take to bring Federico Chiesa back to Turin in the January transfer [&hellip;]","og_url":"https:\/\/bladnanews.com\/fr\/liverpool-fixe-le-prix-de-federico-chiesa-pour-un-retour-a-la-juventus-en-janvier\/","og_site_name":"Bladna News","article_published_time":"2026-01-09T14:36:20+00:00","og_image":[{"width":1312,"height":736,"url":"https:\/\/bladnanews.com\/wp-content\/uploads\/2025\/12\/freepik__bladna-newscom-moroccan-soccer-homepage-banner-mor__41838.png","type":"image\/png"}],"author":"Bladna News Staff","twitter_card":"summary_large_image","twitter_misc":{"\u00c9crit par":"Bladna News Staff","Dur\u00e9e de lecture estim\u00e9e":"1 minute"},"schema":{"@context":"https:\/\/schema.org","@graph":[{"@type":"Article","@id":"https:\/\/bladnanews.com\/liverpool-set-federico-chiesa-price-for-juventus-return-in-january\/#article","isPartOf":{"@id":"https:\/\/bladnanews.com\/liverpool-set-federico-chiesa-price-for-juventus-return-in-january\/"},"author":{"name":"Bladna News Staff","@id":"https:\/\/mediumseagreen-eel-531711.hostingersite.com\/#\/schema\/person\/268e18a453ab080ebf76df6ef7845083"},"headline":"Liverpool set Federico Chiesa price for Juventus return in January","datePublished":"2026-01-09T14:36:20+00:00","mainEntityOfPage":{"@id":"https:\/\/bladnanews.com\/liverpool-set-federico-chiesa-price-for-juventus-return-in-january\/"},"wordCount":221,"publisher":{"@id":"https:\/\/mediumseagreen-eel-531711.hostingersite.com\/#organization"},"image":{"@id":"https:\/\/bladnanews.com\/liverpool-set-federico-chiesa-price-for-juventus-return-in-january\/#primaryimage"},"thumbnailUrl":"https:\/\/bladnanews.com\/wp-content\/uploads\/2026\/01\/BladnaNews-Liverpool-set-Federico-Chiesa-price-for-Juventus-return-in-January-2026-01-10T010930.779Z.jpg","articleSection":["International","Latest News"],"inLanguage":"fr-FR","copyrightYear":"2026","copyrightHolder":{"@id":"https:\/\/bladnanews.com\/fr\/#organization"}},{"@type":"WebPage","@id":"https:\/\/bladnanews.com\/liverpool-set-federico-chiesa-price-for-juventus-return-in-january\/","url":"https:\/\/bladnanews.com\/liverpool-set-federico-chiesa-price-for-juventus-return-in-january\/","name":"Liverpool fixe le prix de Federico Chiesa pour un retour \u00e0 la Juventus en janvier - Bladna News","isPartOf":{"@id":"https:\/\/mediumseagreen-eel-531711.hostingersite.com\/#website"},"primaryImageOfPage":{"@id":"https:\/\/bladnanews.com\/liverpool-set-federico-chiesa-price-for-juventus-return-in-january\/#primaryimage"},"image":{"@id":"https:\/\/bladnanews.com\/liverpool-set-federico-chiesa-price-for-juventus-return-in-january\/#primaryimage"},"thumbnailUrl":"https:\/\/bladnanews.com\/wp-content\/uploads\/2026\/01\/BladnaNews-Liverpool-set-Federico-Chiesa-price-for-Juventus-return-in-January-2026-01-10T010930.779Z.jpg","datePublished":"2026-01-09T14:36:20+00:00","breadcrumb":{"@id":"https:\/\/bladnanews.com\/liverpool-set-federico-chiesa-price-for-juventus-return-in-january\/#breadcrumb"},"inLanguage":"fr-FR","potentialAction":[{"@type":"ReadAction","target":["https:\/\/bladnanews.com\/liverpool-set-federico-chiesa-price-for-juventus-return-in-january\/"]}]},{"@type":"ImageObject","inLanguage":"fr-FR","@id":"https:\/\/bladnanews.com\/liverpool-set-federico-chiesa-price-for-juventus-return-in-january\/#primaryimage","url":"https:\/\/bladnanews.com\/wp-content\/uploads\/2026\/01\/BladnaNews-Liverpool-set-Federico-Chiesa-price-for-Juventus-return-in-January-2026-01-10T010930.779Z.jpg","contentUrl":"https:\/\/bladnanews.com\/wp-content\/uploads\/2026\/01\/BladnaNews-Liverpool-set-Federico-Chiesa-price-for-Juventus-return-in-January-2026-01-10T010930.779Z.jpg","width":2192,"height":1233,"caption":"Federico Chiesa sprinting in a Liverpool home kit, featuring prominent red with white stripes and the club logo, showcasing intense focus."},{"@type":"BreadcrumbList","@id":"https:\/\/bladnanews.com\/liverpool-set-federico-chiesa-price-for-juventus-return-in-january\/#breadcrumb","itemListElement":[{"@type":"ListItem","position":1,"name":"Home","item":"https:\/\/bladnanews.com\/"},{"@type":"ListItem","position":2,"name":"Liverpool set Federico Chiesa price for Juventus return in January"}]},{"@type":"WebSite","@id":"https:\/\/mediumseagreen-eel-531711.hostingersite.com\/#website","url":"https:\/\/mediumseagreen-eel-531711.hostingersite.com\/","name":"Bladna News - Maroc","description":"Quand le football marocain rencontre le monde","publisher":{"@id":"https:\/\/mediumseagreen-eel-531711.hostingersite.com\/#organization"},"potentialAction":[{"@type":"SearchAction","target":{"@type":"EntryPoint","urlTemplate":"https:\/\/mediumseagreen-eel-531711.hostingersite.com\/?s={search_term_string}"},"query-input":{"@type":"PropertyValueSpecification","valueRequired":true,"valueName":"search_term_string"}}],"inLanguage":"fr-FR"},{"@type":"Organization","@id":"https:\/\/mediumseagreen-eel-531711.hostingersite.com\/#organization","name":"Bladna News.com","url":"https:\/\/mediumseagreen-eel-531711.hostingersite.com\/","logo":{"@type":"ImageObject","inLanguage":"fr-FR","@id":"https:\/\/mediumseagreen-eel-531711.hostingersite.com\/#\/schema\/logo\/image\/","url":"https:\/\/bladnanews.com\/wp-content\/uploads\/2025\/12\/logo-bladnanews-V2-web-black-red.png","contentUrl":"https:\/\/bladnanews.com\/wp-content\/uploads\/2025\/12\/logo-bladnanews-V2-web-black-red.png","width":703,"height":287,"caption":"Bladna News.com"},"image":{"@id":"https:\/\/mediumseagreen-eel-531711.hostingersite.com\/#\/schema\/logo\/image\/"},"email":"info@bladnanews.com","legalName":"Bladna News"},{"@type":"Person","@id":"https:\/\/mediumseagreen-eel-531711.hostingersite.com\/#\/schema\/person\/268e18a453ab080ebf76df6ef7845083","name":"\u00c9quipe r\u00e9dactionnelle de Bladna News","url":"https:\/\/bladnanews.com\/fr\/author\/bladna-news-staff\/"}]}},"_links":{"self":[{"href":"https:\/\/bladnanews.com\/fr\/wp-json\/wp\/v2\/posts\/5541","targetHints":{"allow":["GET"]}}],"collection":[{"href":"https:\/\/bladnanews.com\/fr\/wp-json\/wp\/v2\/posts"}],"about":[{"href":"https:\/\/bladnanews.com\/fr\/wp-json\/wp\/v2\/types\/post"}],"author":[{"embeddable":true,"href":"https:\/\/bladnanews.com\/fr\/wp-json\/wp\/v2\/users\/3"}],"replies":[{"embeddable":true,"href":"https:\/\/bladnanews.com\/fr\/wp-json\/wp\/v2\/comments?post=5541"}],"version-history":[{"count":0,"href":"https:\/\/bladnanews.com\/fr\/wp-json\/wp\/v2\/posts\/5541\/revisions"}],"wp:featuredmedia":[{"embeddable":true,"href":"https:\/\/bladnanews.com\/fr\/wp-json\/wp\/v2\/media\/5540"}],"wp:attachment":[{"href":"https:\/\/bladnanews.com\/fr\/wp-json\/wp\/v2\/media?parent=5541"}],"wp:term":[{"taxonomy":"category","embeddable":true,"href":"https:\/\/bladnanews.com\/fr\/wp-json\/wp\/v2\/categories?post=5541"},{"taxonomy":"post_tag","embeddable":true,"href":"https:\/\/bladnanews.com\/fr\/wp-json\/wp\/v2\/tags?post=5541"}],"curies":[{"name":"wp","href":"https:\/\/api.w.org\/{rel}","templated":true}]}}