{"id":5545,"date":"2026-01-09T15:00:34","date_gmt":"2026-01-09T15:00:34","guid":{"rendered":"https:\/\/bladnanews.com\/van-dijk-defends-liverpool-over-martinelli-incident\/"},"modified":"2026-01-09T15:00:34","modified_gmt":"2026-01-09T15:00:34","slug":"van-dijk-defend-liverpool-concernant-lincident-martinelli","status":"publish","type":"post","link":"https:\/\/bladnanews.com\/fr\/van-dijk-defend-liverpool-concernant-lincident-martinelli\/","title":{"rendered":"Van Dijk d\u00e9fend Liverpool sur l'incident Martinelli"},"content":{"rendered":"<p>Virgil van Dijk a d\u00e9fendu les joueurs de Liverpool apr\u00e8s un incident impliquant l'ailier d'Arsenal Gabriel Martinelli, insistant sur le fait que les tensions \u00e9taient \u00e9lev\u00e9es et que \u201c tout le monde \u00e9tait m\u00e9content \u201d sur le moment.<\/p>\n<p>L'incident est survenu apr\u00e8s que Conor Bradley soit tomb\u00e9 bless\u00e9, Martinelli continuant le jeu plut\u00f4t que de mettre le ballon hors jeu. Cette d\u00e9cision a mis en col\u00e8re les joueurs de Liverpool, Van Dijk et d'autres r\u00e9agissant sur le terrain alors que le diff\u00e9rend s'intensifiait.<\/p>\n<p>En parlant de ce qui s'est pass\u00e9, Van Dijk a clairement fait savoir que Liverpool estimait qu'Arsenal avait montr\u00e9 un manque de respect. \u201c Tout le monde \u00e9tait m\u00e9content \u201d, a d\u00e9clar\u00e9 le capitaine de Liverpool, alors qu'il expliquait pourquoi ses co\u00e9quipiers avaient confront\u00e9 Martinelli apr\u00e8s la blessure de Bradley.<\/p>\n<p>Les commentaires de Van Dijk \u00e9taient une d\u00e9fense ferme de la r\u00e9action du c\u00f4t\u00e9 de Liverpool, soulignant que les joueurs croyaient que la situation aurait d\u00fb \u00eatre g\u00e9r\u00e9e diff\u00e9remment une fois que Bradley \u00e9tait au sol.<\/p>\n<p>La blessure de Bradley \u00e9tait le d\u00e9clencheur cl\u00e9 de la confrontation, et les remarques de Van Dijk ont r\u00e9v\u00e9l\u00e9 \u00e0 quel point l'\u00e9quipe de Liverpool se sentait fortement \u00e0 propos de la d\u00e9cision de continuer \u00e0 jouer \u00e0 ce moment-l\u00e0.<\/p>","protected":false},"excerpt":{"rendered":"<p>Virgil van Dijk has defended Liverpool\u2019s players after a flashpoint involving Arsenal winger Gabriel Martinelli, insisting tensions were high and [&hellip;]<\/p>\n","protected":false},"author":3,"featured_media":5544,"comment_status":"","ping_status":"open","sticky":false,"template":"","format":"standard","meta":{"googlesitekit_rrm_CAow_uzEDA:productID":"","site-sidebar-layout":"default","site-content-layout":"","ast-site-content-layout":"default","site-content-style":"default","site-sidebar-style":"default","ast-global-header-display":"","ast-banner-title-visibility":"","ast-main-header-display":"","ast-hfb-above-header-display":"","ast-hfb-below-header-display":"","ast-hfb-mobile-header-display":"","site-post-title":"","ast-breadcrumbs-content":"","ast-featured-img":"","footer-sml-layout":"","ast-disable-related-posts":"","theme-transparent-header-meta":"","adv-header-id-meta":"","stick-header-meta":"","header-above-stick-meta":"","header-main-stick-meta":"","header-below-stick-meta":"","astra-migrate-meta-layouts":"default","ast-page-background-enabled":"default","ast-page-background-meta":{"desktop":{"background-color":"var(--ast-global-color-5)","background-image":"","background-repeat":"repeat","background-position":"center center","background-size":"auto","background-attachment":"scroll","background-type":"","background-media":"","overlay-type":"","overlay-color":"","overlay-opacity":"","overlay-gradient":""},"tablet":{"background-color":"","background-image":"","background-repeat":"repeat","background-position":"center center","background-size":"auto","background-attachment":"scroll","background-type":"","background-media":"","overlay-type":"","overlay-color":"","overlay-opacity":"","overlay-gradient":""},"mobile":{"background-color":"","background-image":"","background-repeat":"repeat","background-position":"center center","background-size":"auto","background-attachment":"scroll","background-type":"","background-media":"","overlay-type":"","overlay-color":"","overlay-opacity":"","overlay-gradient":""}},"ast-content-background-meta":{"desktop":{"background-color":"var(--ast-global-color-4)","background-image":"","background-repeat":"repeat","background-position":"center center","background-size":"auto","background-attachment":"scroll","background-type":"","background-media":"","overlay-type":"","overlay-color":"","overlay-opacity":"","overlay-gradient":""},"tablet":{"background-color":"var(--ast-global-color-4)","background-image":"","background-repeat":"repeat","background-position":"center center","background-size":"auto","background-attachment":"scroll","background-type":"","background-media":"","overlay-type":"","overlay-color":"","overlay-opacity":"","overlay-gradient":""},"mobile":{"background-color":"var(--ast-global-color-4)","background-image":"","background-repeat":"repeat","background-position":"center center","background-size":"auto","background-attachment":"scroll","background-type":"","background-media":"","overlay-type":"","overlay-color":"","overlay-opacity":"","overlay-gradient":""}},"footnotes":""},"categories":[20,1],"tags":[],"class_list":["post-5545","post","type-post","status-publish","format-standard","has-post-thumbnail","hentry","category-international","category-football-latest-news"],"yoast_head":"<!-- This site is optimized with the Yoast SEO Premium plugin v26.6 (Yoast SEO v27.5) - https:\/\/yoast.com\/product\/yoast-seo-premium-wordpress\/ -->\n<title>Van Dijk defends Liverpool over Martinelli incident - Bladna News<\/title>\n<meta name=\"robots\" content=\"index, follow, max-snippet:-1, max-image-preview:large, max-video-preview:-1\" \/>\n<link rel=\"canonical\" href=\"https:\/\/bladnanews.com\/fr\/van-dijk-defend-liverpool-concernant-lincident-martinelli\/\" \/>\n<meta property=\"og:locale\" content=\"fr_FR\" \/>\n<meta property=\"og:type\" content=\"article\" \/>\n<meta property=\"og:title\" content=\"Van Dijk defends Liverpool over Martinelli incident\" \/>\n<meta property=\"og:description\" content=\"Virgil van Dijk has defended Liverpool\u2019s players after a flashpoint involving Arsenal winger Gabriel Martinelli, insisting tensions were high and [&hellip;]\" \/>\n<meta property=\"og:url\" content=\"https:\/\/bladnanews.com\/fr\/van-dijk-defend-liverpool-concernant-lincident-martinelli\/\" \/>\n<meta property=\"og:site_name\" content=\"Bladna News\" \/>\n<meta property=\"article:published_time\" content=\"2026-01-09T15:00:34+00:00\" \/>\n<meta property=\"og:image\" content=\"https:\/\/bladnanews.com\/wp-content\/uploads\/2025\/12\/freepik__bladna-newscom-moroccan-soccer-homepage-banner-mor__41838.png\" \/>\n\t<meta property=\"og:image:width\" content=\"1312\" \/>\n\t<meta property=\"og:image:height\" content=\"736\" \/>\n\t<meta property=\"og:image:type\" content=\"image\/png\" \/>\n<meta name=\"author\" content=\"Bladna News Staff\" \/>\n<meta name=\"twitter:card\" content=\"summary_large_image\" \/>\n<meta name=\"twitter:label1\" content=\"\u00c9crit par\" \/>\n\t<meta name=\"twitter:data1\" content=\"Bladna News Staff\" \/>\n\t<meta name=\"twitter:label2\" content=\"Dur\u00e9e de lecture estim\u00e9e\" \/>\n\t<meta name=\"twitter:data2\" content=\"1 minute\" \/>\n<script type=\"application\/ld+json\" class=\"yoast-schema-graph\">{\"@context\":\"https:\\\/\\\/schema.org\",\"@graph\":[{\"@type\":\"Article\",\"@id\":\"https:\\\/\\\/bladnanews.com\\\/van-dijk-defends-liverpool-over-martinelli-incident\\\/#article\",\"isPartOf\":{\"@id\":\"https:\\\/\\\/bladnanews.com\\\/van-dijk-defends-liverpool-over-martinelli-incident\\\/\"},\"author\":{\"name\":\"Bladna News Staff\",\"@id\":\"https:\\\/\\\/mediumseagreen-eel-531711.hostingersite.com\\\/#\\\/schema\\\/person\\\/268e18a453ab080ebf76df6ef7845083\"},\"headline\":\"Van Dijk defends Liverpool over Martinelli incident\",\"datePublished\":\"2026-01-09T15:00:34+00:00\",\"mainEntityOfPage\":{\"@id\":\"https:\\\/\\\/bladnanews.com\\\/van-dijk-defends-liverpool-over-martinelli-incident\\\/\"},\"wordCount\":174,\"publisher\":{\"@id\":\"https:\\\/\\\/mediumseagreen-eel-531711.hostingersite.com\\\/#organization\"},\"image\":{\"@id\":\"https:\\\/\\\/bladnanews.com\\\/van-dijk-defends-liverpool-over-martinelli-incident\\\/#primaryimage\"},\"thumbnailUrl\":\"https:\\\/\\\/bladnanews.com\\\/wp-content\\\/uploads\\\/2026\\\/01\\\/BladnaNews-Van-Dijk-defends-Liverpool-over-Martinelli-incident-2026-01-10T011014.560Z.jpg\",\"articleSection\":[\"International\",\"Latest News\"],\"inLanguage\":\"fr-FR\",\"copyrightYear\":\"2026\",\"copyrightHolder\":{\"@id\":\"https:\\\/\\\/bladnanews.com\\\/fr\\\/#organization\"}},{\"@type\":\"WebPage\",\"@id\":\"https:\\\/\\\/bladnanews.com\\\/van-dijk-defends-liverpool-over-martinelli-incident\\\/\",\"url\":\"https:\\\/\\\/bladnanews.com\\\/van-dijk-defends-liverpool-over-martinelli-incident\\\/\",\"name\":\"Van Dijk defends Liverpool over Martinelli incident - Bladna News\",\"isPartOf\":{\"@id\":\"https:\\\/\\\/mediumseagreen-eel-531711.hostingersite.com\\\/#website\"},\"primaryImageOfPage\":{\"@id\":\"https:\\\/\\\/bladnanews.com\\\/van-dijk-defends-liverpool-over-martinelli-incident\\\/#primaryimage\"},\"image\":{\"@id\":\"https:\\\/\\\/bladnanews.com\\\/van-dijk-defends-liverpool-over-martinelli-incident\\\/#primaryimage\"},\"thumbnailUrl\":\"https:\\\/\\\/bladnanews.com\\\/wp-content\\\/uploads\\\/2026\\\/01\\\/BladnaNews-Van-Dijk-defends-Liverpool-over-Martinelli-incident-2026-01-10T011014.560Z.jpg\",\"datePublished\":\"2026-01-09T15:00:34+00:00\",\"breadcrumb\":{\"@id\":\"https:\\\/\\\/bladnanews.com\\\/van-dijk-defends-liverpool-over-martinelli-incident\\\/#breadcrumb\"},\"inLanguage\":\"fr-FR\",\"potentialAction\":[{\"@type\":\"ReadAction\",\"target\":[\"https:\\\/\\\/bladnanews.com\\\/van-dijk-defends-liverpool-over-martinelli-incident\\\/\"]}]},{\"@type\":\"ImageObject\",\"inLanguage\":\"fr-FR\",\"@id\":\"https:\\\/\\\/bladnanews.com\\\/van-dijk-defends-liverpool-over-martinelli-incident\\\/#primaryimage\",\"url\":\"https:\\\/\\\/bladnanews.com\\\/wp-content\\\/uploads\\\/2026\\\/01\\\/BladnaNews-Van-Dijk-defends-Liverpool-over-Martinelli-incident-2026-01-10T011014.560Z.jpg\",\"contentUrl\":\"https:\\\/\\\/bladnanews.com\\\/wp-content\\\/uploads\\\/2026\\\/01\\\/BladnaNews-Van-Dijk-defends-Liverpool-over-Martinelli-incident-2026-01-10T011014.560Z.jpg\",\"width\":1920,\"height\":1080,\"caption\":\"Gabriel Martinelli in Arsenal's red kit faces Virgil van Dijk in Liverpool's cream shirt, both in dynamic football poses.\"},{\"@type\":\"BreadcrumbList\",\"@id\":\"https:\\\/\\\/bladnanews.com\\\/van-dijk-defends-liverpool-over-martinelli-incident\\\/#breadcrumb\",\"itemListElement\":[{\"@type\":\"ListItem\",\"position\":1,\"name\":\"Home\",\"item\":\"https:\\\/\\\/bladnanews.com\\\/\"},{\"@type\":\"ListItem\",\"position\":2,\"name\":\"Van Dijk defends Liverpool over Martinelli incident\"}]},{\"@type\":\"WebSite\",\"@id\":\"https:\\\/\\\/mediumseagreen-eel-531711.hostingersite.com\\\/#website\",\"url\":\"https:\\\/\\\/mediumseagreen-eel-531711.hostingersite.com\\\/\",\"name\":\"Bladna News - Morocco\",\"description\":\"Where Moroccan Football Meets the World\",\"publisher\":{\"@id\":\"https:\\\/\\\/mediumseagreen-eel-531711.hostingersite.com\\\/#organization\"},\"potentialAction\":[{\"@type\":\"SearchAction\",\"target\":{\"@type\":\"EntryPoint\",\"urlTemplate\":\"https:\\\/\\\/mediumseagreen-eel-531711.hostingersite.com\\\/?s={search_term_string}\"},\"query-input\":{\"@type\":\"PropertyValueSpecification\",\"valueRequired\":true,\"valueName\":\"search_term_string\"}}],\"inLanguage\":\"fr-FR\"},{\"@type\":\"Organization\",\"@id\":\"https:\\\/\\\/mediumseagreen-eel-531711.hostingersite.com\\\/#organization\",\"name\":\"Bladna News.com\",\"url\":\"https:\\\/\\\/mediumseagreen-eel-531711.hostingersite.com\\\/\",\"logo\":{\"@type\":\"ImageObject\",\"inLanguage\":\"fr-FR\",\"@id\":\"https:\\\/\\\/mediumseagreen-eel-531711.hostingersite.com\\\/#\\\/schema\\\/logo\\\/image\\\/\",\"url\":\"https:\\\/\\\/bladnanews.com\\\/wp-content\\\/uploads\\\/2025\\\/12\\\/logo-bladnanews-V2-web-black-red.png\",\"contentUrl\":\"https:\\\/\\\/bladnanews.com\\\/wp-content\\\/uploads\\\/2025\\\/12\\\/logo-bladnanews-V2-web-black-red.png\",\"width\":703,\"height\":287,\"caption\":\"Bladna News.com\"},\"image\":{\"@id\":\"https:\\\/\\\/mediumseagreen-eel-531711.hostingersite.com\\\/#\\\/schema\\\/logo\\\/image\\\/\"},\"email\":\"info@bladnanews.com\",\"legalName\":\"Bladna News\"},{\"@type\":\"Person\",\"@id\":\"https:\\\/\\\/mediumseagreen-eel-531711.hostingersite.com\\\/#\\\/schema\\\/person\\\/268e18a453ab080ebf76df6ef7845083\",\"name\":\"Bladna News Staff\",\"url\":\"https:\\\/\\\/bladnanews.com\\\/fr\\\/author\\\/bladna-news-staff\\\/\"}]}<\/script>\n<!-- \/ Yoast SEO Premium plugin. -->","yoast_head_json":{"title":"Van Dijk d\u00e9fend Liverpool sur l'incident Martinelli - Bladna News","robots":{"index":"index","follow":"follow","max-snippet":"max-snippet:-1","max-image-preview":"max-image-preview:large","max-video-preview":"max-video-preview:-1"},"canonical":"https:\/\/bladnanews.com\/fr\/van-dijk-defend-liverpool-concernant-lincident-martinelli\/","og_locale":"fr_FR","og_type":"article","og_title":"Van Dijk defends Liverpool over Martinelli incident","og_description":"Virgil van Dijk has defended Liverpool\u2019s players after a flashpoint involving Arsenal winger Gabriel Martinelli, insisting tensions were high and [&hellip;]","og_url":"https:\/\/bladnanews.com\/fr\/van-dijk-defend-liverpool-concernant-lincident-martinelli\/","og_site_name":"Bladna News","article_published_time":"2026-01-09T15:00:34+00:00","og_image":[{"width":1312,"height":736,"url":"https:\/\/bladnanews.com\/wp-content\/uploads\/2025\/12\/freepik__bladna-newscom-moroccan-soccer-homepage-banner-mor__41838.png","type":"image\/png"}],"author":"Bladna News Staff","twitter_card":"summary_large_image","twitter_misc":{"\u00c9crit par":"Bladna News Staff","Dur\u00e9e de lecture estim\u00e9e":"1 minute"},"schema":{"@context":"https:\/\/schema.org","@graph":[{"@type":"Article","@id":"https:\/\/bladnanews.com\/van-dijk-defends-liverpool-over-martinelli-incident\/#article","isPartOf":{"@id":"https:\/\/bladnanews.com\/van-dijk-defends-liverpool-over-martinelli-incident\/"},"author":{"name":"Bladna News Staff","@id":"https:\/\/mediumseagreen-eel-531711.hostingersite.com\/#\/schema\/person\/268e18a453ab080ebf76df6ef7845083"},"headline":"Van Dijk defends Liverpool over Martinelli incident","datePublished":"2026-01-09T15:00:34+00:00","mainEntityOfPage":{"@id":"https:\/\/bladnanews.com\/van-dijk-defends-liverpool-over-martinelli-incident\/"},"wordCount":174,"publisher":{"@id":"https:\/\/mediumseagreen-eel-531711.hostingersite.com\/#organization"},"image":{"@id":"https:\/\/bladnanews.com\/van-dijk-defends-liverpool-over-martinelli-incident\/#primaryimage"},"thumbnailUrl":"https:\/\/bladnanews.com\/wp-content\/uploads\/2026\/01\/BladnaNews-Van-Dijk-defends-Liverpool-over-Martinelli-incident-2026-01-10T011014.560Z.jpg","articleSection":["International","Latest News"],"inLanguage":"fr-FR","copyrightYear":"2026","copyrightHolder":{"@id":"https:\/\/bladnanews.com\/fr\/#organization"}},{"@type":"WebPage","@id":"https:\/\/bladnanews.com\/van-dijk-defends-liverpool-over-martinelli-incident\/","url":"https:\/\/bladnanews.com\/van-dijk-defends-liverpool-over-martinelli-incident\/","name":"Van Dijk d\u00e9fend Liverpool sur l'incident Martinelli - Bladna News","isPartOf":{"@id":"https:\/\/mediumseagreen-eel-531711.hostingersite.com\/#website"},"primaryImageOfPage":{"@id":"https:\/\/bladnanews.com\/van-dijk-defends-liverpool-over-martinelli-incident\/#primaryimage"},"image":{"@id":"https:\/\/bladnanews.com\/van-dijk-defends-liverpool-over-martinelli-incident\/#primaryimage"},"thumbnailUrl":"https:\/\/bladnanews.com\/wp-content\/uploads\/2026\/01\/BladnaNews-Van-Dijk-defends-Liverpool-over-Martinelli-incident-2026-01-10T011014.560Z.jpg","datePublished":"2026-01-09T15:00:34+00:00","breadcrumb":{"@id":"https:\/\/bladnanews.com\/van-dijk-defends-liverpool-over-martinelli-incident\/#breadcrumb"},"inLanguage":"fr-FR","potentialAction":[{"@type":"ReadAction","target":["https:\/\/bladnanews.com\/van-dijk-defends-liverpool-over-martinelli-incident\/"]}]},{"@type":"ImageObject","inLanguage":"fr-FR","@id":"https:\/\/bladnanews.com\/van-dijk-defends-liverpool-over-martinelli-incident\/#primaryimage","url":"https:\/\/bladnanews.com\/wp-content\/uploads\/2026\/01\/BladnaNews-Van-Dijk-defends-Liverpool-over-Martinelli-incident-2026-01-10T011014.560Z.jpg","contentUrl":"https:\/\/bladnanews.com\/wp-content\/uploads\/2026\/01\/BladnaNews-Van-Dijk-defends-Liverpool-over-Martinelli-incident-2026-01-10T011014.560Z.jpg","width":1920,"height":1080,"caption":"Gabriel Martinelli in Arsenal's red kit faces Virgil van Dijk in Liverpool's cream shirt, both in dynamic football poses."},{"@type":"BreadcrumbList","@id":"https:\/\/bladnanews.com\/van-dijk-defends-liverpool-over-martinelli-incident\/#breadcrumb","itemListElement":[{"@type":"ListItem","position":1,"name":"Home","item":"https:\/\/bladnanews.com\/"},{"@type":"ListItem","position":2,"name":"Van Dijk defends Liverpool over Martinelli incident"}]},{"@type":"WebSite","@id":"https:\/\/mediumseagreen-eel-531711.hostingersite.com\/#website","url":"https:\/\/mediumseagreen-eel-531711.hostingersite.com\/","name":"Bladna News - Maroc","description":"Quand le football marocain rencontre le monde","publisher":{"@id":"https:\/\/mediumseagreen-eel-531711.hostingersite.com\/#organization"},"potentialAction":[{"@type":"SearchAction","target":{"@type":"EntryPoint","urlTemplate":"https:\/\/mediumseagreen-eel-531711.hostingersite.com\/?s={search_term_string}"},"query-input":{"@type":"PropertyValueSpecification","valueRequired":true,"valueName":"search_term_string"}}],"inLanguage":"fr-FR"},{"@type":"Organization","@id":"https:\/\/mediumseagreen-eel-531711.hostingersite.com\/#organization","name":"Bladna News.com","url":"https:\/\/mediumseagreen-eel-531711.hostingersite.com\/","logo":{"@type":"ImageObject","inLanguage":"fr-FR","@id":"https:\/\/mediumseagreen-eel-531711.hostingersite.com\/#\/schema\/logo\/image\/","url":"https:\/\/bladnanews.com\/wp-content\/uploads\/2025\/12\/logo-bladnanews-V2-web-black-red.png","contentUrl":"https:\/\/bladnanews.com\/wp-content\/uploads\/2025\/12\/logo-bladnanews-V2-web-black-red.png","width":703,"height":287,"caption":"Bladna News.com"},"image":{"@id":"https:\/\/mediumseagreen-eel-531711.hostingersite.com\/#\/schema\/logo\/image\/"},"email":"info@bladnanews.com","legalName":"Bladna News"},{"@type":"Person","@id":"https:\/\/mediumseagreen-eel-531711.hostingersite.com\/#\/schema\/person\/268e18a453ab080ebf76df6ef7845083","name":"\u00c9quipe r\u00e9dactionnelle de Bladna News","url":"https:\/\/bladnanews.com\/fr\/author\/bladna-news-staff\/"}]}},"_links":{"self":[{"href":"https:\/\/bladnanews.com\/fr\/wp-json\/wp\/v2\/posts\/5545","targetHints":{"allow":["GET"]}}],"collection":[{"href":"https:\/\/bladnanews.com\/fr\/wp-json\/wp\/v2\/posts"}],"about":[{"href":"https:\/\/bladnanews.com\/fr\/wp-json\/wp\/v2\/types\/post"}],"author":[{"embeddable":true,"href":"https:\/\/bladnanews.com\/fr\/wp-json\/wp\/v2\/users\/3"}],"replies":[{"embeddable":true,"href":"https:\/\/bladnanews.com\/fr\/wp-json\/wp\/v2\/comments?post=5545"}],"version-history":[{"count":0,"href":"https:\/\/bladnanews.com\/fr\/wp-json\/wp\/v2\/posts\/5545\/revisions"}],"wp:featuredmedia":[{"embeddable":true,"href":"https:\/\/bladnanews.com\/fr\/wp-json\/wp\/v2\/media\/5544"}],"wp:attachment":[{"href":"https:\/\/bladnanews.com\/fr\/wp-json\/wp\/v2\/media?parent=5545"}],"wp:term":[{"taxonomy":"category","embeddable":true,"href":"https:\/\/bladnanews.com\/fr\/wp-json\/wp\/v2\/categories?post=5545"},{"taxonomy":"post_tag","embeddable":true,"href":"https:\/\/bladnanews.com\/fr\/wp-json\/wp\/v2\/tags?post=5545"}],"curies":[{"name":"wp","href":"https:\/\/api.w.org\/{rel}","templated":true}]}}