{"id":5547,"date":"2026-01-09T15:31:57","date_gmt":"2026-01-09T15:31:57","guid":{"rendered":"https:\/\/bladnanews.com\/brenden-aaronson-eyes-fa-cup-tie-as-pulisic-faces-fiorentina\/"},"modified":"2026-01-09T15:31:57","modified_gmt":"2026-01-09T15:31:57","slug":"brenden-aaronson-vise-le-match-de-la-coupe-dangleterre-alors-que-pulisic-affronte-la-fiorentina","status":"publish","type":"post","link":"https:\/\/bladnanews.com\/fr\/brenden-aaronson-vise-le-match-de-la-coupe-dangleterre-alors-que-pulisic-affronte-la-fiorentina\/","title":{"rendered":"Brenden Aaronson vise le match de FA Cup alors que Pulisic affronte la Fiorentina"},"content":{"rendered":"<p>Brenden Aaronson cherchera \u00e0 transposer sa forte forme en club \u00e0 une rencontre de FA Cup riche en internationaux am\u00e9ricains ce week-end, tandis que Christian Pulisic et l'AC Milan se pr\u00e9parent \u00e0 un test s\u00e9rieux en Serie A contre la Fiorentina.<\/p>\n<p>Aaronson a \u00e9t\u00e9 l'un des \u00e9l\u00e9ments offensifs cl\u00e9s de Leeds United cette saison et tourne d\u00e9sormais son attention vers la FA Cup, alors que Leeds affronte d'autres Am\u00e9ricains dans un match qui pourrait compter plusieurs titulaires habituels du vivier de l'\u00e9quipe nationale. Avec des places encore \u00e0 prendre avant la prochaine fen\u00eatre internationale am\u00e9ricaine, ce match offre \u00e0 Aaronson une autre tribune prestigieuse pour faire valoir ses arguments.<\/p>\n<p>Ailleurs en Angleterre, d'autres joueurs am\u00e9ricains sont impliqu\u00e9s dans le programme de la FA Cup, plusieurs noms du USMNT \u00e9tant r\u00e9partis dans des clubs encore en lice dans la comp\u00e9tition. Alors que le tournoi atteint un stade o\u00f9 une bonne performance peut inverser la dynamique, le week-end donne un aper\u00e7u utile de la situation de plusieurs joueurs am\u00e9ricains dans leurs clubs respectifs.<\/p>\n<p>En Italie, Pulisic se pr\u00e9pare \u00e0 affronter la Fiorentina tandis que Milan poursuit son effort en Serie A. Pulisic a contribu\u00e9 de mani\u00e8re constante pour Milan et ce d\u00e9placement intervient au milieu d'une p\u00e9riode exigeante, les points \u00e9tant cruciaux alors que les Rossoneri tentent de maintenir le rythme au classement.<\/p>\n<p>Dans le Championship, Patrick Agyemang reste un joueur \u00e0 suivre alors qu'il poursuit son ascension, l'attaquant attirant progressivement l'attention des s\u00e9lectionneurs am\u00e9ricains. Le programme du week-end le place, ainsi que d'autres Am\u00e9ricains en forme, sous les projecteurs alors que la saison de club entre dans ses mois d\u00e9cisifs.<\/p>\n<p>Avec du temps de jeu disponible en FA Cup et des matches de championnat qui se resserrent \u00e0 travers l'Europe, ce tour offre aux joueurs du USMNT une nouvelle occasion de d\u00e9montrer leur forme, leur condition physique et leur impact dans des matches \u00e0 enjeu.<\/p>","protected":false},"excerpt":{"rendered":"<p>Brenden Aaronson will look to take his strong club form into a USMNT-heavy FA Cup meeting this weekend, while Christian [&hellip;]<\/p>\n","protected":false},"author":3,"featured_media":5546,"comment_status":"","ping_status":"open","sticky":false,"template":"","format":"standard","meta":{"googlesitekit_rrm_CAow_uzEDA:productID":"","site-sidebar-layout":"default","site-content-layout":"","ast-site-content-layout":"default","site-content-style":"default","site-sidebar-style":"default","ast-global-header-display":"","ast-banner-title-visibility":"","ast-main-header-display":"","ast-hfb-above-header-display":"","ast-hfb-below-header-display":"","ast-hfb-mobile-header-display":"","site-post-title":"","ast-breadcrumbs-content":"","ast-featured-img":"","footer-sml-layout":"","ast-disable-related-posts":"","theme-transparent-header-meta":"","adv-header-id-meta":"","stick-header-meta":"","header-above-stick-meta":"","header-main-stick-meta":"","header-below-stick-meta":"","astra-migrate-meta-layouts":"default","ast-page-background-enabled":"default","ast-page-background-meta":{"desktop":{"background-color":"var(--ast-global-color-5)","background-image":"","background-repeat":"repeat","background-position":"center center","background-size":"auto","background-attachment":"scroll","background-type":"","background-media":"","overlay-type":"","overlay-color":"","overlay-opacity":"","overlay-gradient":""},"tablet":{"background-color":"","background-image":"","background-repeat":"repeat","background-position":"center center","background-size":"auto","background-attachment":"scroll","background-type":"","background-media":"","overlay-type":"","overlay-color":"","overlay-opacity":"","overlay-gradient":""},"mobile":{"background-color":"","background-image":"","background-repeat":"repeat","background-position":"center center","background-size":"auto","background-attachment":"scroll","background-type":"","background-media":"","overlay-type":"","overlay-color":"","overlay-opacity":"","overlay-gradient":""}},"ast-content-background-meta":{"desktop":{"background-color":"var(--ast-global-color-4)","background-image":"","background-repeat":"repeat","background-position":"center center","background-size":"auto","background-attachment":"scroll","background-type":"","background-media":"","overlay-type":"","overlay-color":"","overlay-opacity":"","overlay-gradient":""},"tablet":{"background-color":"var(--ast-global-color-4)","background-image":"","background-repeat":"repeat","background-position":"center center","background-size":"auto","background-attachment":"scroll","background-type":"","background-media":"","overlay-type":"","overlay-color":"","overlay-opacity":"","overlay-gradient":""},"mobile":{"background-color":"var(--ast-global-color-4)","background-image":"","background-repeat":"repeat","background-position":"center center","background-size":"auto","background-attachment":"scroll","background-type":"","background-media":"","overlay-type":"","overlay-color":"","overlay-opacity":"","overlay-gradient":""}},"footnotes":""},"categories":[20,1],"tags":[],"class_list":["post-5547","post","type-post","status-publish","format-standard","has-post-thumbnail","hentry","category-international","category-football-latest-news"],"yoast_head":"<!-- This site is optimized with the Yoast SEO Premium plugin v26.6 (Yoast SEO v27.5) - https:\/\/yoast.com\/product\/yoast-seo-premium-wordpress\/ -->\n<title>Brenden Aaronson eyes FA Cup tie as Pulisic faces Fiorentina - Bladna News<\/title>\n<meta name=\"robots\" content=\"index, follow, max-snippet:-1, max-image-preview:large, max-video-preview:-1\" \/>\n<link rel=\"canonical\" href=\"https:\/\/bladnanews.com\/fr\/brenden-aaronson-vise-le-match-de-la-coupe-dangleterre-alors-que-pulisic-affronte-la-fiorentina\/\" \/>\n<meta property=\"og:locale\" content=\"fr_FR\" \/>\n<meta property=\"og:type\" content=\"article\" \/>\n<meta property=\"og:title\" content=\"Brenden Aaronson eyes FA Cup tie as Pulisic faces Fiorentina\" \/>\n<meta property=\"og:description\" content=\"Brenden Aaronson will look to take his strong club form into a USMNT-heavy FA Cup meeting this weekend, while Christian [&hellip;]\" \/>\n<meta property=\"og:url\" content=\"https:\/\/bladnanews.com\/fr\/brenden-aaronson-vise-le-match-de-la-coupe-dangleterre-alors-que-pulisic-affronte-la-fiorentina\/\" \/>\n<meta property=\"og:site_name\" content=\"Bladna News\" \/>\n<meta property=\"article:published_time\" content=\"2026-01-09T15:31:57+00:00\" \/>\n<meta property=\"og:image\" content=\"https:\/\/bladnanews.com\/wp-content\/uploads\/2025\/12\/freepik__bladna-newscom-moroccan-soccer-homepage-banner-mor__41838.png\" \/>\n\t<meta property=\"og:image:width\" content=\"1312\" \/>\n\t<meta property=\"og:image:height\" content=\"736\" \/>\n\t<meta property=\"og:image:type\" content=\"image\/png\" \/>\n<meta name=\"author\" content=\"Bladna News Staff\" \/>\n<meta name=\"twitter:card\" content=\"summary_large_image\" \/>\n<meta name=\"twitter:label1\" content=\"\u00c9crit par\" \/>\n\t<meta name=\"twitter:data1\" content=\"Bladna News Staff\" \/>\n\t<meta name=\"twitter:label2\" content=\"Dur\u00e9e de lecture estim\u00e9e\" \/>\n\t<meta name=\"twitter:data2\" content=\"1 minute\" \/>\n<script type=\"application\/ld+json\" class=\"yoast-schema-graph\">{\"@context\":\"https:\\\/\\\/schema.org\",\"@graph\":[{\"@type\":\"Article\",\"@id\":\"https:\\\/\\\/bladnanews.com\\\/brenden-aaronson-eyes-fa-cup-tie-as-pulisic-faces-fiorentina\\\/#article\",\"isPartOf\":{\"@id\":\"https:\\\/\\\/bladnanews.com\\\/brenden-aaronson-eyes-fa-cup-tie-as-pulisic-faces-fiorentina\\\/\"},\"author\":{\"name\":\"Bladna News Staff\",\"@id\":\"https:\\\/\\\/mediumseagreen-eel-531711.hostingersite.com\\\/#\\\/schema\\\/person\\\/268e18a453ab080ebf76df6ef7845083\"},\"headline\":\"Brenden Aaronson eyes FA Cup tie as Pulisic faces Fiorentina\",\"datePublished\":\"2026-01-09T15:31:57+00:00\",\"mainEntityOfPage\":{\"@id\":\"https:\\\/\\\/bladnanews.com\\\/brenden-aaronson-eyes-fa-cup-tie-as-pulisic-faces-fiorentina\\\/\"},\"wordCount\":286,\"publisher\":{\"@id\":\"https:\\\/\\\/mediumseagreen-eel-531711.hostingersite.com\\\/#organization\"},\"image\":{\"@id\":\"https:\\\/\\\/bladnanews.com\\\/brenden-aaronson-eyes-fa-cup-tie-as-pulisic-faces-fiorentina\\\/#primaryimage\"},\"thumbnailUrl\":\"https:\\\/\\\/bladnanews.com\\\/wp-content\\\/uploads\\\/2026\\\/01\\\/BladnaNews-Brenden-Aaronson-eyes-FA-Cup-tie-as-Pulisic-faces-Fiorentina-2026-01-10T011038.229Z.jpg\",\"articleSection\":[\"International\",\"Latest News\"],\"inLanguage\":\"fr-FR\",\"copyrightYear\":\"2026\",\"copyrightHolder\":{\"@id\":\"https:\\\/\\\/bladnanews.com\\\/fr\\\/#organization\"}},{\"@type\":\"WebPage\",\"@id\":\"https:\\\/\\\/bladnanews.com\\\/brenden-aaronson-eyes-fa-cup-tie-as-pulisic-faces-fiorentina\\\/\",\"url\":\"https:\\\/\\\/bladnanews.com\\\/brenden-aaronson-eyes-fa-cup-tie-as-pulisic-faces-fiorentina\\\/\",\"name\":\"Brenden Aaronson eyes FA Cup tie as Pulisic faces Fiorentina - Bladna News\",\"isPartOf\":{\"@id\":\"https:\\\/\\\/mediumseagreen-eel-531711.hostingersite.com\\\/#website\"},\"primaryImageOfPage\":{\"@id\":\"https:\\\/\\\/bladnanews.com\\\/brenden-aaronson-eyes-fa-cup-tie-as-pulisic-faces-fiorentina\\\/#primaryimage\"},\"image\":{\"@id\":\"https:\\\/\\\/bladnanews.com\\\/brenden-aaronson-eyes-fa-cup-tie-as-pulisic-faces-fiorentina\\\/#primaryimage\"},\"thumbnailUrl\":\"https:\\\/\\\/bladnanews.com\\\/wp-content\\\/uploads\\\/2026\\\/01\\\/BladnaNews-Brenden-Aaronson-eyes-FA-Cup-tie-as-Pulisic-faces-Fiorentina-2026-01-10T011038.229Z.jpg\",\"datePublished\":\"2026-01-09T15:31:57+00:00\",\"breadcrumb\":{\"@id\":\"https:\\\/\\\/bladnanews.com\\\/brenden-aaronson-eyes-fa-cup-tie-as-pulisic-faces-fiorentina\\\/#breadcrumb\"},\"inLanguage\":\"fr-FR\",\"potentialAction\":[{\"@type\":\"ReadAction\",\"target\":[\"https:\\\/\\\/bladnanews.com\\\/brenden-aaronson-eyes-fa-cup-tie-as-pulisic-faces-fiorentina\\\/\"]}]},{\"@type\":\"ImageObject\",\"inLanguage\":\"fr-FR\",\"@id\":\"https:\\\/\\\/bladnanews.com\\\/brenden-aaronson-eyes-fa-cup-tie-as-pulisic-faces-fiorentina\\\/#primaryimage\",\"url\":\"https:\\\/\\\/bladnanews.com\\\/wp-content\\\/uploads\\\/2026\\\/01\\\/BladnaNews-Brenden-Aaronson-eyes-FA-Cup-tie-as-Pulisic-faces-Fiorentina-2026-01-10T011038.229Z.jpg\",\"contentUrl\":\"https:\\\/\\\/bladnanews.com\\\/wp-content\\\/uploads\\\/2026\\\/01\\\/BladnaNews-Brenden-Aaronson-eyes-FA-Cup-tie-as-Pulisic-faces-Fiorentina-2026-01-10T011038.229Z.jpg\",\"width\":1920,\"height\":1080,\"caption\":\"Brenden Aaronson in a Leeds United jersey, Christian Pulisic in an AC Milan kit, and a Fulham player, all celebrating against a vibrant, abstract background.\"},{\"@type\":\"BreadcrumbList\",\"@id\":\"https:\\\/\\\/bladnanews.com\\\/brenden-aaronson-eyes-fa-cup-tie-as-pulisic-faces-fiorentina\\\/#breadcrumb\",\"itemListElement\":[{\"@type\":\"ListItem\",\"position\":1,\"name\":\"Home\",\"item\":\"https:\\\/\\\/bladnanews.com\\\/\"},{\"@type\":\"ListItem\",\"position\":2,\"name\":\"Brenden Aaronson eyes FA Cup tie as Pulisic faces Fiorentina\"}]},{\"@type\":\"WebSite\",\"@id\":\"https:\\\/\\\/mediumseagreen-eel-531711.hostingersite.com\\\/#website\",\"url\":\"https:\\\/\\\/mediumseagreen-eel-531711.hostingersite.com\\\/\",\"name\":\"Bladna News - Morocco\",\"description\":\"Where Moroccan Football Meets the World\",\"publisher\":{\"@id\":\"https:\\\/\\\/mediumseagreen-eel-531711.hostingersite.com\\\/#organization\"},\"potentialAction\":[{\"@type\":\"SearchAction\",\"target\":{\"@type\":\"EntryPoint\",\"urlTemplate\":\"https:\\\/\\\/mediumseagreen-eel-531711.hostingersite.com\\\/?s={search_term_string}\"},\"query-input\":{\"@type\":\"PropertyValueSpecification\",\"valueRequired\":true,\"valueName\":\"search_term_string\"}}],\"inLanguage\":\"fr-FR\"},{\"@type\":\"Organization\",\"@id\":\"https:\\\/\\\/mediumseagreen-eel-531711.hostingersite.com\\\/#organization\",\"name\":\"Bladna News.com\",\"url\":\"https:\\\/\\\/mediumseagreen-eel-531711.hostingersite.com\\\/\",\"logo\":{\"@type\":\"ImageObject\",\"inLanguage\":\"fr-FR\",\"@id\":\"https:\\\/\\\/mediumseagreen-eel-531711.hostingersite.com\\\/#\\\/schema\\\/logo\\\/image\\\/\",\"url\":\"https:\\\/\\\/bladnanews.com\\\/wp-content\\\/uploads\\\/2025\\\/12\\\/logo-bladnanews-V2-web-black-red.png\",\"contentUrl\":\"https:\\\/\\\/bladnanews.com\\\/wp-content\\\/uploads\\\/2025\\\/12\\\/logo-bladnanews-V2-web-black-red.png\",\"width\":703,\"height\":287,\"caption\":\"Bladna News.com\"},\"image\":{\"@id\":\"https:\\\/\\\/mediumseagreen-eel-531711.hostingersite.com\\\/#\\\/schema\\\/logo\\\/image\\\/\"},\"email\":\"info@bladnanews.com\",\"legalName\":\"Bladna News\"},{\"@type\":\"Person\",\"@id\":\"https:\\\/\\\/mediumseagreen-eel-531711.hostingersite.com\\\/#\\\/schema\\\/person\\\/268e18a453ab080ebf76df6ef7845083\",\"name\":\"Bladna News Staff\",\"url\":\"https:\\\/\\\/bladnanews.com\\\/fr\\\/author\\\/bladna-news-staff\\\/\"}]}<\/script>\n<!-- \/ Yoast SEO Premium plugin. -->","yoast_head_json":{"title":"Brenden Aaronson vise le match de FA Cup alors que Pulisic affronte la Fiorentina - Bladna News","robots":{"index":"index","follow":"follow","max-snippet":"max-snippet:-1","max-image-preview":"max-image-preview:large","max-video-preview":"max-video-preview:-1"},"canonical":"https:\/\/bladnanews.com\/fr\/brenden-aaronson-vise-le-match-de-la-coupe-dangleterre-alors-que-pulisic-affronte-la-fiorentina\/","og_locale":"fr_FR","og_type":"article","og_title":"Brenden Aaronson eyes FA Cup tie as Pulisic faces Fiorentina","og_description":"Brenden Aaronson will look to take his strong club form into a USMNT-heavy FA Cup meeting this weekend, while Christian [&hellip;]","og_url":"https:\/\/bladnanews.com\/fr\/brenden-aaronson-vise-le-match-de-la-coupe-dangleterre-alors-que-pulisic-affronte-la-fiorentina\/","og_site_name":"Bladna News","article_published_time":"2026-01-09T15:31:57+00:00","og_image":[{"width":1312,"height":736,"url":"https:\/\/bladnanews.com\/wp-content\/uploads\/2025\/12\/freepik__bladna-newscom-moroccan-soccer-homepage-banner-mor__41838.png","type":"image\/png"}],"author":"Bladna News Staff","twitter_card":"summary_large_image","twitter_misc":{"\u00c9crit par":"Bladna News Staff","Dur\u00e9e de lecture estim\u00e9e":"1 minute"},"schema":{"@context":"https:\/\/schema.org","@graph":[{"@type":"Article","@id":"https:\/\/bladnanews.com\/brenden-aaronson-eyes-fa-cup-tie-as-pulisic-faces-fiorentina\/#article","isPartOf":{"@id":"https:\/\/bladnanews.com\/brenden-aaronson-eyes-fa-cup-tie-as-pulisic-faces-fiorentina\/"},"author":{"name":"Bladna News Staff","@id":"https:\/\/mediumseagreen-eel-531711.hostingersite.com\/#\/schema\/person\/268e18a453ab080ebf76df6ef7845083"},"headline":"Brenden Aaronson eyes FA Cup tie as Pulisic faces Fiorentina","datePublished":"2026-01-09T15:31:57+00:00","mainEntityOfPage":{"@id":"https:\/\/bladnanews.com\/brenden-aaronson-eyes-fa-cup-tie-as-pulisic-faces-fiorentina\/"},"wordCount":286,"publisher":{"@id":"https:\/\/mediumseagreen-eel-531711.hostingersite.com\/#organization"},"image":{"@id":"https:\/\/bladnanews.com\/brenden-aaronson-eyes-fa-cup-tie-as-pulisic-faces-fiorentina\/#primaryimage"},"thumbnailUrl":"https:\/\/bladnanews.com\/wp-content\/uploads\/2026\/01\/BladnaNews-Brenden-Aaronson-eyes-FA-Cup-tie-as-Pulisic-faces-Fiorentina-2026-01-10T011038.229Z.jpg","articleSection":["International","Latest News"],"inLanguage":"fr-FR","copyrightYear":"2026","copyrightHolder":{"@id":"https:\/\/bladnanews.com\/fr\/#organization"}},{"@type":"WebPage","@id":"https:\/\/bladnanews.com\/brenden-aaronson-eyes-fa-cup-tie-as-pulisic-faces-fiorentina\/","url":"https:\/\/bladnanews.com\/brenden-aaronson-eyes-fa-cup-tie-as-pulisic-faces-fiorentina\/","name":"Brenden Aaronson vise le match de FA Cup alors que Pulisic affronte la Fiorentina - Bladna News","isPartOf":{"@id":"https:\/\/mediumseagreen-eel-531711.hostingersite.com\/#website"},"primaryImageOfPage":{"@id":"https:\/\/bladnanews.com\/brenden-aaronson-eyes-fa-cup-tie-as-pulisic-faces-fiorentina\/#primaryimage"},"image":{"@id":"https:\/\/bladnanews.com\/brenden-aaronson-eyes-fa-cup-tie-as-pulisic-faces-fiorentina\/#primaryimage"},"thumbnailUrl":"https:\/\/bladnanews.com\/wp-content\/uploads\/2026\/01\/BladnaNews-Brenden-Aaronson-eyes-FA-Cup-tie-as-Pulisic-faces-Fiorentina-2026-01-10T011038.229Z.jpg","datePublished":"2026-01-09T15:31:57+00:00","breadcrumb":{"@id":"https:\/\/bladnanews.com\/brenden-aaronson-eyes-fa-cup-tie-as-pulisic-faces-fiorentina\/#breadcrumb"},"inLanguage":"fr-FR","potentialAction":[{"@type":"ReadAction","target":["https:\/\/bladnanews.com\/brenden-aaronson-eyes-fa-cup-tie-as-pulisic-faces-fiorentina\/"]}]},{"@type":"ImageObject","inLanguage":"fr-FR","@id":"https:\/\/bladnanews.com\/brenden-aaronson-eyes-fa-cup-tie-as-pulisic-faces-fiorentina\/#primaryimage","url":"https:\/\/bladnanews.com\/wp-content\/uploads\/2026\/01\/BladnaNews-Brenden-Aaronson-eyes-FA-Cup-tie-as-Pulisic-faces-Fiorentina-2026-01-10T011038.229Z.jpg","contentUrl":"https:\/\/bladnanews.com\/wp-content\/uploads\/2026\/01\/BladnaNews-Brenden-Aaronson-eyes-FA-Cup-tie-as-Pulisic-faces-Fiorentina-2026-01-10T011038.229Z.jpg","width":1920,"height":1080,"caption":"Brenden Aaronson in a Leeds United jersey, Christian Pulisic in an AC Milan kit, and a Fulham player, all celebrating against a vibrant, abstract background."},{"@type":"BreadcrumbList","@id":"https:\/\/bladnanews.com\/brenden-aaronson-eyes-fa-cup-tie-as-pulisic-faces-fiorentina\/#breadcrumb","itemListElement":[{"@type":"ListItem","position":1,"name":"Home","item":"https:\/\/bladnanews.com\/"},{"@type":"ListItem","position":2,"name":"Brenden Aaronson eyes FA Cup tie as Pulisic faces Fiorentina"}]},{"@type":"WebSite","@id":"https:\/\/mediumseagreen-eel-531711.hostingersite.com\/#website","url":"https:\/\/mediumseagreen-eel-531711.hostingersite.com\/","name":"Bladna News - Maroc","description":"Quand le football marocain rencontre le monde","publisher":{"@id":"https:\/\/mediumseagreen-eel-531711.hostingersite.com\/#organization"},"potentialAction":[{"@type":"SearchAction","target":{"@type":"EntryPoint","urlTemplate":"https:\/\/mediumseagreen-eel-531711.hostingersite.com\/?s={search_term_string}"},"query-input":{"@type":"PropertyValueSpecification","valueRequired":true,"valueName":"search_term_string"}}],"inLanguage":"fr-FR"},{"@type":"Organization","@id":"https:\/\/mediumseagreen-eel-531711.hostingersite.com\/#organization","name":"Bladna News.com","url":"https:\/\/mediumseagreen-eel-531711.hostingersite.com\/","logo":{"@type":"ImageObject","inLanguage":"fr-FR","@id":"https:\/\/mediumseagreen-eel-531711.hostingersite.com\/#\/schema\/logo\/image\/","url":"https:\/\/bladnanews.com\/wp-content\/uploads\/2025\/12\/logo-bladnanews-V2-web-black-red.png","contentUrl":"https:\/\/bladnanews.com\/wp-content\/uploads\/2025\/12\/logo-bladnanews-V2-web-black-red.png","width":703,"height":287,"caption":"Bladna News.com"},"image":{"@id":"https:\/\/mediumseagreen-eel-531711.hostingersite.com\/#\/schema\/logo\/image\/"},"email":"info@bladnanews.com","legalName":"Bladna News"},{"@type":"Person","@id":"https:\/\/mediumseagreen-eel-531711.hostingersite.com\/#\/schema\/person\/268e18a453ab080ebf76df6ef7845083","name":"\u00c9quipe r\u00e9dactionnelle de Bladna News","url":"https:\/\/bladnanews.com\/fr\/author\/bladna-news-staff\/"}]}},"_links":{"self":[{"href":"https:\/\/bladnanews.com\/fr\/wp-json\/wp\/v2\/posts\/5547","targetHints":{"allow":["GET"]}}],"collection":[{"href":"https:\/\/bladnanews.com\/fr\/wp-json\/wp\/v2\/posts"}],"about":[{"href":"https:\/\/bladnanews.com\/fr\/wp-json\/wp\/v2\/types\/post"}],"author":[{"embeddable":true,"href":"https:\/\/bladnanews.com\/fr\/wp-json\/wp\/v2\/users\/3"}],"replies":[{"embeddable":true,"href":"https:\/\/bladnanews.com\/fr\/wp-json\/wp\/v2\/comments?post=5547"}],"version-history":[{"count":0,"href":"https:\/\/bladnanews.com\/fr\/wp-json\/wp\/v2\/posts\/5547\/revisions"}],"wp:featuredmedia":[{"embeddable":true,"href":"https:\/\/bladnanews.com\/fr\/wp-json\/wp\/v2\/media\/5546"}],"wp:attachment":[{"href":"https:\/\/bladnanews.com\/fr\/wp-json\/wp\/v2\/media?parent=5547"}],"wp:term":[{"taxonomy":"category","embeddable":true,"href":"https:\/\/bladnanews.com\/fr\/wp-json\/wp\/v2\/categories?post=5547"},{"taxonomy":"post_tag","embeddable":true,"href":"https:\/\/bladnanews.com\/fr\/wp-json\/wp\/v2\/tags?post=5547"}],"curies":[{"name":"wp","href":"https:\/\/api.w.org\/{rel}","templated":true}]}}