{"id":5569,"date":"2026-01-09T15:40:26","date_gmt":"2026-01-09T15:40:26","guid":{"rendered":"https:\/\/bladnanews.com\/mourinho-ex-assistant-targets-man-utd-after-amorim-sacking\/"},"modified":"2026-01-09T15:40:26","modified_gmt":"2026-01-09T15:40:26","slug":"mourinho-ex-assistant-vise-man-utd-apres-le-licenciement-damorim","status":"publish","type":"post","link":"https:\/\/bladnanews.com\/fr\/mourinho-ex-assistant-vise-man-utd-apres-le-licenciement-damorim\/","title":{"rendered":"L'ancien adjoint de Mourinho vise Manchester United apr\u00e8s le licenciement d'Amorim"},"content":{"rendered":"<p>Ricardo Formosinho, ancien adjoint de Jos\u00e9 Mourinho, semble avoir adress\u00e9 un message cibl\u00e9 \u00e0 Manchester United apr\u00e8s le licenciement de Ruben Amorim.<\/p>\n<p>Amorim a \u00e9t\u00e9 limog\u00e9 et ne continuera pas dans ses fonctions, mettant fin de mani\u00e8re abrupte \u00e0 son mandat. Cette d\u00e9cision a suscit\u00e9 une vague de r\u00e9actions, Formosinho y ajoutant son propre commentaire dans une publication qui a rapidement attir\u00e9 l'attention.<\/p>\n<p>Dans un message partag\u00e9 suite au licenciement, Formosinho a \u00e9crit : <em>\u201c Le visage d'un projet infructueux. \u201d<\/em> Cette remarque a \u00e9t\u00e9 largement interpr\u00e9t\u00e9e comme une pique envers United, compte tenu de l'orientation r\u00e9cente du club et de ses tentatives continues de reconstruction.<\/p>\n<p>Formosinho, qui a travaill\u00e9 en \u00e9troite collaboration avec Mourinho durant sa carri\u00e8re d'entra\u00eeneur, n'a fourni aucune explication suppl\u00e9mentaire avec cette citation, mais le timing de la publication a rendu la cible \u00e9vidente pour de nombreux observateurs.<\/p>\n<p>Cette publication a aliment\u00e9 le d\u00e9bat sur la situation g\u00e9n\u00e9rale d'United, alors que le club est une nouvelle fois confront\u00e9 \u00e0 des interrogations concernant la prise de d\u00e9cision au plus haut niveau et la gestion des nominations majeures.<\/p>","protected":false},"excerpt":{"rendered":"<p>Ricardo Formosinho, a former assistant to Jose Mourinho, appeared to aim a pointed message at Manchester United after Ruben Amorim [&hellip;]<\/p>\n","protected":false},"author":3,"featured_media":5568,"comment_status":"","ping_status":"open","sticky":false,"template":"","format":"standard","meta":{"googlesitekit_rrm_CAow_uzEDA:productID":"","site-sidebar-layout":"default","site-content-layout":"","ast-site-content-layout":"default","site-content-style":"default","site-sidebar-style":"default","ast-global-header-display":"","ast-banner-title-visibility":"","ast-main-header-display":"","ast-hfb-above-header-display":"","ast-hfb-below-header-display":"","ast-hfb-mobile-header-display":"","site-post-title":"","ast-breadcrumbs-content":"","ast-featured-img":"","footer-sml-layout":"","ast-disable-related-posts":"","theme-transparent-header-meta":"","adv-header-id-meta":"","stick-header-meta":"","header-above-stick-meta":"","header-main-stick-meta":"","header-below-stick-meta":"","astra-migrate-meta-layouts":"default","ast-page-background-enabled":"default","ast-page-background-meta":{"desktop":{"background-color":"var(--ast-global-color-5)","background-image":"","background-repeat":"repeat","background-position":"center center","background-size":"auto","background-attachment":"scroll","background-type":"","background-media":"","overlay-type":"","overlay-color":"","overlay-opacity":"","overlay-gradient":""},"tablet":{"background-color":"","background-image":"","background-repeat":"repeat","background-position":"center center","background-size":"auto","background-attachment":"scroll","background-type":"","background-media":"","overlay-type":"","overlay-color":"","overlay-opacity":"","overlay-gradient":""},"mobile":{"background-color":"","background-image":"","background-repeat":"repeat","background-position":"center center","background-size":"auto","background-attachment":"scroll","background-type":"","background-media":"","overlay-type":"","overlay-color":"","overlay-opacity":"","overlay-gradient":""}},"ast-content-background-meta":{"desktop":{"background-color":"var(--ast-global-color-4)","background-image":"","background-repeat":"repeat","background-position":"center center","background-size":"auto","background-attachment":"scroll","background-type":"","background-media":"","overlay-type":"","overlay-color":"","overlay-opacity":"","overlay-gradient":""},"tablet":{"background-color":"var(--ast-global-color-4)","background-image":"","background-repeat":"repeat","background-position":"center center","background-size":"auto","background-attachment":"scroll","background-type":"","background-media":"","overlay-type":"","overlay-color":"","overlay-opacity":"","overlay-gradient":""},"mobile":{"background-color":"var(--ast-global-color-4)","background-image":"","background-repeat":"repeat","background-position":"center center","background-size":"auto","background-attachment":"scroll","background-type":"","background-media":"","overlay-type":"","overlay-color":"","overlay-opacity":"","overlay-gradient":""}},"footnotes":""},"categories":[20,1],"tags":[],"class_list":["post-5569","post","type-post","status-publish","format-standard","has-post-thumbnail","hentry","category-international","category-football-latest-news"],"yoast_head":"<!-- This site is optimized with the Yoast SEO Premium plugin v26.6 (Yoast SEO v27.5) - https:\/\/yoast.com\/product\/yoast-seo-premium-wordpress\/ -->\n<title>Mourinho ex-assistant targets Man Utd after Amorim sacking - Bladna News<\/title>\n<meta name=\"robots\" content=\"index, follow, max-snippet:-1, max-image-preview:large, max-video-preview:-1\" \/>\n<link rel=\"canonical\" href=\"https:\/\/bladnanews.com\/fr\/mourinho-ex-assistant-vise-man-utd-apres-le-licenciement-damorim\/\" \/>\n<meta property=\"og:locale\" content=\"fr_FR\" \/>\n<meta property=\"og:type\" content=\"article\" \/>\n<meta property=\"og:title\" content=\"Mourinho ex-assistant targets Man Utd after Amorim sacking\" \/>\n<meta property=\"og:description\" content=\"Ricardo Formosinho, a former assistant to Jose Mourinho, appeared to aim a pointed message at Manchester United after Ruben Amorim [&hellip;]\" \/>\n<meta property=\"og:url\" content=\"https:\/\/bladnanews.com\/fr\/mourinho-ex-assistant-vise-man-utd-apres-le-licenciement-damorim\/\" \/>\n<meta property=\"og:site_name\" content=\"Bladna News\" \/>\n<meta property=\"article:published_time\" content=\"2026-01-09T15:40:26+00:00\" \/>\n<meta property=\"og:image\" content=\"https:\/\/bladnanews.com\/wp-content\/uploads\/2025\/12\/freepik__bladna-newscom-moroccan-soccer-homepage-banner-mor__41838.png\" \/>\n\t<meta property=\"og:image:width\" content=\"1312\" \/>\n\t<meta property=\"og:image:height\" content=\"736\" \/>\n\t<meta property=\"og:image:type\" content=\"image\/png\" \/>\n<meta name=\"author\" content=\"Bladna News Staff\" \/>\n<meta name=\"twitter:card\" content=\"summary_large_image\" \/>\n<meta name=\"twitter:label1\" content=\"\u00c9crit par\" \/>\n\t<meta name=\"twitter:data1\" content=\"Bladna News Staff\" \/>\n\t<meta name=\"twitter:label2\" content=\"Dur\u00e9e de lecture estim\u00e9e\" \/>\n\t<meta name=\"twitter:data2\" content=\"1 minute\" \/>\n<script type=\"application\/ld+json\" class=\"yoast-schema-graph\">{\"@context\":\"https:\\\/\\\/schema.org\",\"@graph\":[{\"@type\":\"Article\",\"@id\":\"https:\\\/\\\/bladnanews.com\\\/mourinho-ex-assistant-targets-man-utd-after-amorim-sacking\\\/#article\",\"isPartOf\":{\"@id\":\"https:\\\/\\\/bladnanews.com\\\/mourinho-ex-assistant-targets-man-utd-after-amorim-sacking\\\/\"},\"author\":{\"name\":\"Bladna News Staff\",\"@id\":\"https:\\\/\\\/mediumseagreen-eel-531711.hostingersite.com\\\/#\\\/schema\\\/person\\\/268e18a453ab080ebf76df6ef7845083\"},\"headline\":\"Mourinho ex-assistant targets Man Utd after Amorim sacking\",\"datePublished\":\"2026-01-09T15:40:26+00:00\",\"mainEntityOfPage\":{\"@id\":\"https:\\\/\\\/bladnanews.com\\\/mourinho-ex-assistant-targets-man-utd-after-amorim-sacking\\\/\"},\"wordCount\":165,\"publisher\":{\"@id\":\"https:\\\/\\\/mediumseagreen-eel-531711.hostingersite.com\\\/#organization\"},\"image\":{\"@id\":\"https:\\\/\\\/bladnanews.com\\\/mourinho-ex-assistant-targets-man-utd-after-amorim-sacking\\\/#primaryimage\"},\"thumbnailUrl\":\"https:\\\/\\\/bladnanews.com\\\/wp-content\\\/uploads\\\/2026\\\/01\\\/BladnaNews-Mourinho-ex-assistant-targets-Man-Utd-after-Amorim-sacking-2026-01-10T050928.542Z.jpg\",\"articleSection\":[\"International\",\"Latest News\"],\"inLanguage\":\"fr-FR\",\"copyrightYear\":\"2026\",\"copyrightHolder\":{\"@id\":\"https:\\\/\\\/bladnanews.com\\\/fr\\\/#organization\"}},{\"@type\":\"WebPage\",\"@id\":\"https:\\\/\\\/bladnanews.com\\\/mourinho-ex-assistant-targets-man-utd-after-amorim-sacking\\\/\",\"url\":\"https:\\\/\\\/bladnanews.com\\\/mourinho-ex-assistant-targets-man-utd-after-amorim-sacking\\\/\",\"name\":\"Mourinho ex-assistant targets Man Utd after Amorim sacking - Bladna News\",\"isPartOf\":{\"@id\":\"https:\\\/\\\/mediumseagreen-eel-531711.hostingersite.com\\\/#website\"},\"primaryImageOfPage\":{\"@id\":\"https:\\\/\\\/bladnanews.com\\\/mourinho-ex-assistant-targets-man-utd-after-amorim-sacking\\\/#primaryimage\"},\"image\":{\"@id\":\"https:\\\/\\\/bladnanews.com\\\/mourinho-ex-assistant-targets-man-utd-after-amorim-sacking\\\/#primaryimage\"},\"thumbnailUrl\":\"https:\\\/\\\/bladnanews.com\\\/wp-content\\\/uploads\\\/2026\\\/01\\\/BladnaNews-Mourinho-ex-assistant-targets-Man-Utd-after-Amorim-sacking-2026-01-10T050928.542Z.jpg\",\"datePublished\":\"2026-01-09T15:40:26+00:00\",\"breadcrumb\":{\"@id\":\"https:\\\/\\\/bladnanews.com\\\/mourinho-ex-assistant-targets-man-utd-after-amorim-sacking\\\/#breadcrumb\"},\"inLanguage\":\"fr-FR\",\"potentialAction\":[{\"@type\":\"ReadAction\",\"target\":[\"https:\\\/\\\/bladnanews.com\\\/mourinho-ex-assistant-targets-man-utd-after-amorim-sacking\\\/\"]}]},{\"@type\":\"ImageObject\",\"inLanguage\":\"fr-FR\",\"@id\":\"https:\\\/\\\/bladnanews.com\\\/mourinho-ex-assistant-targets-man-utd-after-amorim-sacking\\\/#primaryimage\",\"url\":\"https:\\\/\\\/bladnanews.com\\\/wp-content\\\/uploads\\\/2026\\\/01\\\/BladnaNews-Mourinho-ex-assistant-targets-Man-Utd-after-Amorim-sacking-2026-01-10T050928.542Z.jpg\",\"contentUrl\":\"https:\\\/\\\/bladnanews.com\\\/wp-content\\\/uploads\\\/2026\\\/01\\\/BladnaNews-Mourinho-ex-assistant-targets-Man-Utd-after-Amorim-sacking-2026-01-10T050928.542Z.jpg\",\"width\":832,\"height\":468,\"caption\":\"Former assistant to Mourinho, a man with dark hair and a beard, wearing a parka jacket, looks on pensively from the sidelines.\"},{\"@type\":\"BreadcrumbList\",\"@id\":\"https:\\\/\\\/bladnanews.com\\\/mourinho-ex-assistant-targets-man-utd-after-amorim-sacking\\\/#breadcrumb\",\"itemListElement\":[{\"@type\":\"ListItem\",\"position\":1,\"name\":\"Home\",\"item\":\"https:\\\/\\\/bladnanews.com\\\/\"},{\"@type\":\"ListItem\",\"position\":2,\"name\":\"Mourinho ex-assistant targets Man Utd after Amorim sacking\"}]},{\"@type\":\"WebSite\",\"@id\":\"https:\\\/\\\/mediumseagreen-eel-531711.hostingersite.com\\\/#website\",\"url\":\"https:\\\/\\\/mediumseagreen-eel-531711.hostingersite.com\\\/\",\"name\":\"Bladna News - Morocco\",\"description\":\"Where Moroccan Football Meets the World\",\"publisher\":{\"@id\":\"https:\\\/\\\/mediumseagreen-eel-531711.hostingersite.com\\\/#organization\"},\"potentialAction\":[{\"@type\":\"SearchAction\",\"target\":{\"@type\":\"EntryPoint\",\"urlTemplate\":\"https:\\\/\\\/mediumseagreen-eel-531711.hostingersite.com\\\/?s={search_term_string}\"},\"query-input\":{\"@type\":\"PropertyValueSpecification\",\"valueRequired\":true,\"valueName\":\"search_term_string\"}}],\"inLanguage\":\"fr-FR\"},{\"@type\":\"Organization\",\"@id\":\"https:\\\/\\\/mediumseagreen-eel-531711.hostingersite.com\\\/#organization\",\"name\":\"Bladna News.com\",\"url\":\"https:\\\/\\\/mediumseagreen-eel-531711.hostingersite.com\\\/\",\"logo\":{\"@type\":\"ImageObject\",\"inLanguage\":\"fr-FR\",\"@id\":\"https:\\\/\\\/mediumseagreen-eel-531711.hostingersite.com\\\/#\\\/schema\\\/logo\\\/image\\\/\",\"url\":\"https:\\\/\\\/bladnanews.com\\\/wp-content\\\/uploads\\\/2025\\\/12\\\/logo-bladnanews-V2-web-black-red.png\",\"contentUrl\":\"https:\\\/\\\/bladnanews.com\\\/wp-content\\\/uploads\\\/2025\\\/12\\\/logo-bladnanews-V2-web-black-red.png\",\"width\":703,\"height\":287,\"caption\":\"Bladna News.com\"},\"image\":{\"@id\":\"https:\\\/\\\/mediumseagreen-eel-531711.hostingersite.com\\\/#\\\/schema\\\/logo\\\/image\\\/\"},\"email\":\"info@bladnanews.com\",\"legalName\":\"Bladna News\"},{\"@type\":\"Person\",\"@id\":\"https:\\\/\\\/mediumseagreen-eel-531711.hostingersite.com\\\/#\\\/schema\\\/person\\\/268e18a453ab080ebf76df6ef7845083\",\"name\":\"Bladna News Staff\",\"url\":\"https:\\\/\\\/bladnanews.com\\\/fr\\\/author\\\/bladna-news-staff\\\/\"}]}<\/script>\n<!-- \/ Yoast SEO Premium plugin. -->","yoast_head_json":{"title":"L'ancien adjoint de Mourinho vise Manchester United apr\u00e8s le licenciement d'Amorim - Bladna News","robots":{"index":"index","follow":"follow","max-snippet":"max-snippet:-1","max-image-preview":"max-image-preview:large","max-video-preview":"max-video-preview:-1"},"canonical":"https:\/\/bladnanews.com\/fr\/mourinho-ex-assistant-vise-man-utd-apres-le-licenciement-damorim\/","og_locale":"fr_FR","og_type":"article","og_title":"Mourinho ex-assistant targets Man Utd after Amorim sacking","og_description":"Ricardo Formosinho, a former assistant to Jose Mourinho, appeared to aim a pointed message at Manchester United after Ruben Amorim [&hellip;]","og_url":"https:\/\/bladnanews.com\/fr\/mourinho-ex-assistant-vise-man-utd-apres-le-licenciement-damorim\/","og_site_name":"Bladna News","article_published_time":"2026-01-09T15:40:26+00:00","og_image":[{"width":1312,"height":736,"url":"https:\/\/bladnanews.com\/wp-content\/uploads\/2025\/12\/freepik__bladna-newscom-moroccan-soccer-homepage-banner-mor__41838.png","type":"image\/png"}],"author":"Bladna News Staff","twitter_card":"summary_large_image","twitter_misc":{"\u00c9crit par":"Bladna News Staff","Dur\u00e9e de lecture estim\u00e9e":"1 minute"},"schema":{"@context":"https:\/\/schema.org","@graph":[{"@type":"Article","@id":"https:\/\/bladnanews.com\/mourinho-ex-assistant-targets-man-utd-after-amorim-sacking\/#article","isPartOf":{"@id":"https:\/\/bladnanews.com\/mourinho-ex-assistant-targets-man-utd-after-amorim-sacking\/"},"author":{"name":"Bladna News Staff","@id":"https:\/\/mediumseagreen-eel-531711.hostingersite.com\/#\/schema\/person\/268e18a453ab080ebf76df6ef7845083"},"headline":"Mourinho ex-assistant targets Man Utd after Amorim sacking","datePublished":"2026-01-09T15:40:26+00:00","mainEntityOfPage":{"@id":"https:\/\/bladnanews.com\/mourinho-ex-assistant-targets-man-utd-after-amorim-sacking\/"},"wordCount":165,"publisher":{"@id":"https:\/\/mediumseagreen-eel-531711.hostingersite.com\/#organization"},"image":{"@id":"https:\/\/bladnanews.com\/mourinho-ex-assistant-targets-man-utd-after-amorim-sacking\/#primaryimage"},"thumbnailUrl":"https:\/\/bladnanews.com\/wp-content\/uploads\/2026\/01\/BladnaNews-Mourinho-ex-assistant-targets-Man-Utd-after-Amorim-sacking-2026-01-10T050928.542Z.jpg","articleSection":["International","Latest News"],"inLanguage":"fr-FR","copyrightYear":"2026","copyrightHolder":{"@id":"https:\/\/bladnanews.com\/fr\/#organization"}},{"@type":"WebPage","@id":"https:\/\/bladnanews.com\/mourinho-ex-assistant-targets-man-utd-after-amorim-sacking\/","url":"https:\/\/bladnanews.com\/mourinho-ex-assistant-targets-man-utd-after-amorim-sacking\/","name":"L'ancien adjoint de Mourinho vise Manchester United apr\u00e8s le licenciement d'Amorim - Bladna News","isPartOf":{"@id":"https:\/\/mediumseagreen-eel-531711.hostingersite.com\/#website"},"primaryImageOfPage":{"@id":"https:\/\/bladnanews.com\/mourinho-ex-assistant-targets-man-utd-after-amorim-sacking\/#primaryimage"},"image":{"@id":"https:\/\/bladnanews.com\/mourinho-ex-assistant-targets-man-utd-after-amorim-sacking\/#primaryimage"},"thumbnailUrl":"https:\/\/bladnanews.com\/wp-content\/uploads\/2026\/01\/BladnaNews-Mourinho-ex-assistant-targets-Man-Utd-after-Amorim-sacking-2026-01-10T050928.542Z.jpg","datePublished":"2026-01-09T15:40:26+00:00","breadcrumb":{"@id":"https:\/\/bladnanews.com\/mourinho-ex-assistant-targets-man-utd-after-amorim-sacking\/#breadcrumb"},"inLanguage":"fr-FR","potentialAction":[{"@type":"ReadAction","target":["https:\/\/bladnanews.com\/mourinho-ex-assistant-targets-man-utd-after-amorim-sacking\/"]}]},{"@type":"ImageObject","inLanguage":"fr-FR","@id":"https:\/\/bladnanews.com\/mourinho-ex-assistant-targets-man-utd-after-amorim-sacking\/#primaryimage","url":"https:\/\/bladnanews.com\/wp-content\/uploads\/2026\/01\/BladnaNews-Mourinho-ex-assistant-targets-Man-Utd-after-Amorim-sacking-2026-01-10T050928.542Z.jpg","contentUrl":"https:\/\/bladnanews.com\/wp-content\/uploads\/2026\/01\/BladnaNews-Mourinho-ex-assistant-targets-Man-Utd-after-Amorim-sacking-2026-01-10T050928.542Z.jpg","width":832,"height":468,"caption":"Former assistant to Mourinho, a man with dark hair and a beard, wearing a parka jacket, looks on pensively from the sidelines."},{"@type":"BreadcrumbList","@id":"https:\/\/bladnanews.com\/mourinho-ex-assistant-targets-man-utd-after-amorim-sacking\/#breadcrumb","itemListElement":[{"@type":"ListItem","position":1,"name":"Home","item":"https:\/\/bladnanews.com\/"},{"@type":"ListItem","position":2,"name":"Mourinho ex-assistant targets Man Utd after Amorim sacking"}]},{"@type":"WebSite","@id":"https:\/\/mediumseagreen-eel-531711.hostingersite.com\/#website","url":"https:\/\/mediumseagreen-eel-531711.hostingersite.com\/","name":"Bladna News - Maroc","description":"Quand le football marocain rencontre le monde","publisher":{"@id":"https:\/\/mediumseagreen-eel-531711.hostingersite.com\/#organization"},"potentialAction":[{"@type":"SearchAction","target":{"@type":"EntryPoint","urlTemplate":"https:\/\/mediumseagreen-eel-531711.hostingersite.com\/?s={search_term_string}"},"query-input":{"@type":"PropertyValueSpecification","valueRequired":true,"valueName":"search_term_string"}}],"inLanguage":"fr-FR"},{"@type":"Organization","@id":"https:\/\/mediumseagreen-eel-531711.hostingersite.com\/#organization","name":"Bladna News.com","url":"https:\/\/mediumseagreen-eel-531711.hostingersite.com\/","logo":{"@type":"ImageObject","inLanguage":"fr-FR","@id":"https:\/\/mediumseagreen-eel-531711.hostingersite.com\/#\/schema\/logo\/image\/","url":"https:\/\/bladnanews.com\/wp-content\/uploads\/2025\/12\/logo-bladnanews-V2-web-black-red.png","contentUrl":"https:\/\/bladnanews.com\/wp-content\/uploads\/2025\/12\/logo-bladnanews-V2-web-black-red.png","width":703,"height":287,"caption":"Bladna News.com"},"image":{"@id":"https:\/\/mediumseagreen-eel-531711.hostingersite.com\/#\/schema\/logo\/image\/"},"email":"info@bladnanews.com","legalName":"Bladna News"},{"@type":"Person","@id":"https:\/\/mediumseagreen-eel-531711.hostingersite.com\/#\/schema\/person\/268e18a453ab080ebf76df6ef7845083","name":"\u00c9quipe r\u00e9dactionnelle de Bladna News","url":"https:\/\/bladnanews.com\/fr\/author\/bladna-news-staff\/"}]}},"_links":{"self":[{"href":"https:\/\/bladnanews.com\/fr\/wp-json\/wp\/v2\/posts\/5569","targetHints":{"allow":["GET"]}}],"collection":[{"href":"https:\/\/bladnanews.com\/fr\/wp-json\/wp\/v2\/posts"}],"about":[{"href":"https:\/\/bladnanews.com\/fr\/wp-json\/wp\/v2\/types\/post"}],"author":[{"embeddable":true,"href":"https:\/\/bladnanews.com\/fr\/wp-json\/wp\/v2\/users\/3"}],"replies":[{"embeddable":true,"href":"https:\/\/bladnanews.com\/fr\/wp-json\/wp\/v2\/comments?post=5569"}],"version-history":[{"count":0,"href":"https:\/\/bladnanews.com\/fr\/wp-json\/wp\/v2\/posts\/5569\/revisions"}],"wp:featuredmedia":[{"embeddable":true,"href":"https:\/\/bladnanews.com\/fr\/wp-json\/wp\/v2\/media\/5568"}],"wp:attachment":[{"href":"https:\/\/bladnanews.com\/fr\/wp-json\/wp\/v2\/media?parent=5569"}],"wp:term":[{"taxonomy":"category","embeddable":true,"href":"https:\/\/bladnanews.com\/fr\/wp-json\/wp\/v2\/categories?post=5569"},{"taxonomy":"post_tag","embeddable":true,"href":"https:\/\/bladnanews.com\/fr\/wp-json\/wp\/v2\/tags?post=5569"}],"curies":[{"name":"wp","href":"https:\/\/api.w.org\/{rel}","templated":true}]}}