{"id":5571,"date":"2026-01-09T15:52:44","date_gmt":"2026-01-09T15:52:44","guid":{"rendered":"https:\/\/bladnanews.com\/arsenal-agree-new-five-year-contract-with-bukayo-saka\/"},"modified":"2026-01-09T15:52:44","modified_gmt":"2026-01-09T15:52:44","slug":"arsenal-saccorde-sur-un-nouveau-contrat-de-cinq-ans-avec-bukayo-saka","status":"publish","type":"post","link":"https:\/\/bladnanews.com\/fr\/arsenal-saccorde-sur-un-nouveau-contrat-de-cinq-ans-avec-bukayo-saka\/","title":{"rendered":"Arsenal s'accorde sur un nouveau contrat de cinq ans avec Bukayo Saka"},"content":{"rendered":"<p>Arsenal a conclu un nouveau contrat de cinq ans avec Bukayo Saka, garantissant ainsi l'avenir de leur star form\u00e9e au club gr\u00e2ce \u00e0 des conditions am\u00e9lior\u00e9es.<\/p>\n<p>L'international anglais \u00e9tait en n\u00e9gociations avec le club depuis des mois et un accord vient d'\u00eatre trouv\u00e9. Ce contrat doit maintenir Saka \u00e0 l'Emirates Stadium jusqu'en 2028, l'attaquant \u00e9tant r\u00e9compens\u00e9 pour son importance au sein de l'\u00e9quipe de Mikel Arteta.<\/p>\n<p>Saka, issu du centre de formation d'Arsenal, est devenu l'un des meilleurs joueurs de couloir de Premier League et demeure au c\u0153ur des projets \u00e0 long terme du club, qui cherche \u00e0 capitaliser sur ses r\u00e9cents progr\u00e8s.<\/p>\n<p>Le joueur de 21 ans continue d'offrir des moments d\u00e9cisifs \u00e0 Arsenal, alliant buts et passes d\u00e9cisives \u00e0 des performances r\u00e9guli\u00e8res. Sa forme en fait un \u00e9l\u00e9ment cl\u00e9 tant pour son club que pour sa s\u00e9lection, et Arsenal ont agi pour prot\u00e9ger l'un de leurs actifs les plus pr\u00e9cieux face aux int\u00e9r\u00eats ext\u00e9rieurs.<\/p>\n<p>Cet accord repr\u00e9sente une \u00e9tape majeure pour Arsenal, qui souhaite maintenir son noyau dur, Saka \u00e9tant d\u00e9sormais pr\u00eat \u00e0 consacrer ses ann\u00e9es de pleine maturit\u00e9 au club du nord de Londres.<\/p>","protected":false},"excerpt":{"rendered":"<p>Arsenal have agreed a new five-year contract with Bukayo Saka, securing the future of their homegrown star on improved terms. [&hellip;]<\/p>\n","protected":false},"author":3,"featured_media":5570,"comment_status":"","ping_status":"open","sticky":false,"template":"","format":"standard","meta":{"googlesitekit_rrm_CAow_uzEDA:productID":"","site-sidebar-layout":"default","site-content-layout":"","ast-site-content-layout":"default","site-content-style":"default","site-sidebar-style":"default","ast-global-header-display":"","ast-banner-title-visibility":"","ast-main-header-display":"","ast-hfb-above-header-display":"","ast-hfb-below-header-display":"","ast-hfb-mobile-header-display":"","site-post-title":"","ast-breadcrumbs-content":"","ast-featured-img":"","footer-sml-layout":"","ast-disable-related-posts":"","theme-transparent-header-meta":"","adv-header-id-meta":"","stick-header-meta":"","header-above-stick-meta":"","header-main-stick-meta":"","header-below-stick-meta":"","astra-migrate-meta-layouts":"default","ast-page-background-enabled":"default","ast-page-background-meta":{"desktop":{"background-color":"var(--ast-global-color-5)","background-image":"","background-repeat":"repeat","background-position":"center center","background-size":"auto","background-attachment":"scroll","background-type":"","background-media":"","overlay-type":"","overlay-color":"","overlay-opacity":"","overlay-gradient":""},"tablet":{"background-color":"","background-image":"","background-repeat":"repeat","background-position":"center center","background-size":"auto","background-attachment":"scroll","background-type":"","background-media":"","overlay-type":"","overlay-color":"","overlay-opacity":"","overlay-gradient":""},"mobile":{"background-color":"","background-image":"","background-repeat":"repeat","background-position":"center center","background-size":"auto","background-attachment":"scroll","background-type":"","background-media":"","overlay-type":"","overlay-color":"","overlay-opacity":"","overlay-gradient":""}},"ast-content-background-meta":{"desktop":{"background-color":"var(--ast-global-color-4)","background-image":"","background-repeat":"repeat","background-position":"center center","background-size":"auto","background-attachment":"scroll","background-type":"","background-media":"","overlay-type":"","overlay-color":"","overlay-opacity":"","overlay-gradient":""},"tablet":{"background-color":"var(--ast-global-color-4)","background-image":"","background-repeat":"repeat","background-position":"center center","background-size":"auto","background-attachment":"scroll","background-type":"","background-media":"","overlay-type":"","overlay-color":"","overlay-opacity":"","overlay-gradient":""},"mobile":{"background-color":"var(--ast-global-color-4)","background-image":"","background-repeat":"repeat","background-position":"center center","background-size":"auto","background-attachment":"scroll","background-type":"","background-media":"","overlay-type":"","overlay-color":"","overlay-opacity":"","overlay-gradient":""}},"footnotes":""},"categories":[20,1],"tags":[],"class_list":["post-5571","post","type-post","status-publish","format-standard","has-post-thumbnail","hentry","category-international","category-football-latest-news"],"yoast_head":"<!-- This site is optimized with the Yoast SEO Premium plugin v26.6 (Yoast SEO v27.5) - https:\/\/yoast.com\/product\/yoast-seo-premium-wordpress\/ -->\n<title>Arsenal agree new five-year contract with Bukayo Saka - Bladna News<\/title>\n<meta name=\"robots\" content=\"index, follow, max-snippet:-1, max-image-preview:large, max-video-preview:-1\" \/>\n<link rel=\"canonical\" href=\"https:\/\/bladnanews.com\/fr\/arsenal-saccorde-sur-un-nouveau-contrat-de-cinq-ans-avec-bukayo-saka\/\" \/>\n<meta property=\"og:locale\" content=\"fr_FR\" \/>\n<meta property=\"og:type\" content=\"article\" \/>\n<meta property=\"og:title\" content=\"Arsenal agree new five-year contract with Bukayo Saka\" \/>\n<meta property=\"og:description\" content=\"Arsenal have agreed a new five-year contract with Bukayo Saka, securing the future of their homegrown star on improved terms. [&hellip;]\" \/>\n<meta property=\"og:url\" content=\"https:\/\/bladnanews.com\/fr\/arsenal-saccorde-sur-un-nouveau-contrat-de-cinq-ans-avec-bukayo-saka\/\" \/>\n<meta property=\"og:site_name\" content=\"Bladna News\" \/>\n<meta property=\"article:published_time\" content=\"2026-01-09T15:52:44+00:00\" \/>\n<meta property=\"og:image\" content=\"https:\/\/bladnanews.com\/wp-content\/uploads\/2025\/12\/freepik__bladna-newscom-moroccan-soccer-homepage-banner-mor__41838.png\" \/>\n\t<meta property=\"og:image:width\" content=\"1312\" \/>\n\t<meta property=\"og:image:height\" content=\"736\" \/>\n\t<meta property=\"og:image:type\" content=\"image\/png\" \/>\n<meta name=\"author\" content=\"Bladna News Staff\" \/>\n<meta name=\"twitter:card\" content=\"summary_large_image\" \/>\n<meta name=\"twitter:label1\" content=\"\u00c9crit par\" \/>\n\t<meta name=\"twitter:data1\" content=\"Bladna News Staff\" \/>\n\t<meta name=\"twitter:label2\" content=\"Dur\u00e9e de lecture estim\u00e9e\" \/>\n\t<meta name=\"twitter:data2\" content=\"1 minute\" \/>\n<script type=\"application\/ld+json\" class=\"yoast-schema-graph\">{\"@context\":\"https:\\\/\\\/schema.org\",\"@graph\":[{\"@type\":\"Article\",\"@id\":\"https:\\\/\\\/bladnanews.com\\\/arsenal-agree-new-five-year-contract-with-bukayo-saka\\\/#article\",\"isPartOf\":{\"@id\":\"https:\\\/\\\/bladnanews.com\\\/arsenal-agree-new-five-year-contract-with-bukayo-saka\\\/\"},\"author\":{\"name\":\"Bladna News Staff\",\"@id\":\"https:\\\/\\\/mediumseagreen-eel-531711.hostingersite.com\\\/#\\\/schema\\\/person\\\/268e18a453ab080ebf76df6ef7845083\"},\"headline\":\"Arsenal agree new five-year contract with Bukayo Saka\",\"datePublished\":\"2026-01-09T15:52:44+00:00\",\"mainEntityOfPage\":{\"@id\":\"https:\\\/\\\/bladnanews.com\\\/arsenal-agree-new-five-year-contract-with-bukayo-saka\\\/\"},\"wordCount\":182,\"publisher\":{\"@id\":\"https:\\\/\\\/mediumseagreen-eel-531711.hostingersite.com\\\/#organization\"},\"image\":{\"@id\":\"https:\\\/\\\/bladnanews.com\\\/arsenal-agree-new-five-year-contract-with-bukayo-saka\\\/#primaryimage\"},\"thumbnailUrl\":\"https:\\\/\\\/bladnanews.com\\\/wp-content\\\/uploads\\\/2026\\\/01\\\/BladnaNews-Arsenal-agree-new-five-year-contract-with-Bukayo-Saka-2026-01-10T050944.518Z-scaled.jpg\",\"articleSection\":[\"International\",\"Latest News\"],\"inLanguage\":\"fr-FR\",\"copyrightYear\":\"2026\",\"copyrightHolder\":{\"@id\":\"https:\\\/\\\/bladnanews.com\\\/fr\\\/#organization\"}},{\"@type\":\"WebPage\",\"@id\":\"https:\\\/\\\/bladnanews.com\\\/arsenal-agree-new-five-year-contract-with-bukayo-saka\\\/\",\"url\":\"https:\\\/\\\/bladnanews.com\\\/arsenal-agree-new-five-year-contract-with-bukayo-saka\\\/\",\"name\":\"Arsenal agree new five-year contract with Bukayo Saka - Bladna News\",\"isPartOf\":{\"@id\":\"https:\\\/\\\/mediumseagreen-eel-531711.hostingersite.com\\\/#website\"},\"primaryImageOfPage\":{\"@id\":\"https:\\\/\\\/bladnanews.com\\\/arsenal-agree-new-five-year-contract-with-bukayo-saka\\\/#primaryimage\"},\"image\":{\"@id\":\"https:\\\/\\\/bladnanews.com\\\/arsenal-agree-new-five-year-contract-with-bukayo-saka\\\/#primaryimage\"},\"thumbnailUrl\":\"https:\\\/\\\/bladnanews.com\\\/wp-content\\\/uploads\\\/2026\\\/01\\\/BladnaNews-Arsenal-agree-new-five-year-contract-with-Bukayo-Saka-2026-01-10T050944.518Z-scaled.jpg\",\"datePublished\":\"2026-01-09T15:52:44+00:00\",\"breadcrumb\":{\"@id\":\"https:\\\/\\\/bladnanews.com\\\/arsenal-agree-new-five-year-contract-with-bukayo-saka\\\/#breadcrumb\"},\"inLanguage\":\"fr-FR\",\"potentialAction\":[{\"@type\":\"ReadAction\",\"target\":[\"https:\\\/\\\/bladnanews.com\\\/arsenal-agree-new-five-year-contract-with-bukayo-saka\\\/\"]}]},{\"@type\":\"ImageObject\",\"inLanguage\":\"fr-FR\",\"@id\":\"https:\\\/\\\/bladnanews.com\\\/arsenal-agree-new-five-year-contract-with-bukayo-saka\\\/#primaryimage\",\"url\":\"https:\\\/\\\/bladnanews.com\\\/wp-content\\\/uploads\\\/2026\\\/01\\\/BladnaNews-Arsenal-agree-new-five-year-contract-with-Bukayo-Saka-2026-01-10T050944.518Z-scaled.jpg\",\"contentUrl\":\"https:\\\/\\\/bladnanews.com\\\/wp-content\\\/uploads\\\/2026\\\/01\\\/BladnaNews-Arsenal-agree-new-five-year-contract-with-Bukayo-Saka-2026-01-10T050944.518Z-scaled.jpg\",\"width\":2560,\"height\":1440,\"caption\":\"Bukayo Saka in Arsenal's red and white kit, looking focused with his tongue out, during a match at the Emirates Stadium.\"},{\"@type\":\"BreadcrumbList\",\"@id\":\"https:\\\/\\\/bladnanews.com\\\/arsenal-agree-new-five-year-contract-with-bukayo-saka\\\/#breadcrumb\",\"itemListElement\":[{\"@type\":\"ListItem\",\"position\":1,\"name\":\"Home\",\"item\":\"https:\\\/\\\/bladnanews.com\\\/\"},{\"@type\":\"ListItem\",\"position\":2,\"name\":\"Arsenal agree new five-year contract with Bukayo Saka\"}]},{\"@type\":\"WebSite\",\"@id\":\"https:\\\/\\\/mediumseagreen-eel-531711.hostingersite.com\\\/#website\",\"url\":\"https:\\\/\\\/mediumseagreen-eel-531711.hostingersite.com\\\/\",\"name\":\"Bladna News - Morocco\",\"description\":\"Where Moroccan Football Meets the World\",\"publisher\":{\"@id\":\"https:\\\/\\\/mediumseagreen-eel-531711.hostingersite.com\\\/#organization\"},\"potentialAction\":[{\"@type\":\"SearchAction\",\"target\":{\"@type\":\"EntryPoint\",\"urlTemplate\":\"https:\\\/\\\/mediumseagreen-eel-531711.hostingersite.com\\\/?s={search_term_string}\"},\"query-input\":{\"@type\":\"PropertyValueSpecification\",\"valueRequired\":true,\"valueName\":\"search_term_string\"}}],\"inLanguage\":\"fr-FR\"},{\"@type\":\"Organization\",\"@id\":\"https:\\\/\\\/mediumseagreen-eel-531711.hostingersite.com\\\/#organization\",\"name\":\"Bladna News.com\",\"url\":\"https:\\\/\\\/mediumseagreen-eel-531711.hostingersite.com\\\/\",\"logo\":{\"@type\":\"ImageObject\",\"inLanguage\":\"fr-FR\",\"@id\":\"https:\\\/\\\/mediumseagreen-eel-531711.hostingersite.com\\\/#\\\/schema\\\/logo\\\/image\\\/\",\"url\":\"https:\\\/\\\/bladnanews.com\\\/wp-content\\\/uploads\\\/2025\\\/12\\\/logo-bladnanews-V2-web-black-red.png\",\"contentUrl\":\"https:\\\/\\\/bladnanews.com\\\/wp-content\\\/uploads\\\/2025\\\/12\\\/logo-bladnanews-V2-web-black-red.png\",\"width\":703,\"height\":287,\"caption\":\"Bladna News.com\"},\"image\":{\"@id\":\"https:\\\/\\\/mediumseagreen-eel-531711.hostingersite.com\\\/#\\\/schema\\\/logo\\\/image\\\/\"},\"email\":\"info@bladnanews.com\",\"legalName\":\"Bladna News\"},{\"@type\":\"Person\",\"@id\":\"https:\\\/\\\/mediumseagreen-eel-531711.hostingersite.com\\\/#\\\/schema\\\/person\\\/268e18a453ab080ebf76df6ef7845083\",\"name\":\"Bladna News Staff\",\"url\":\"https:\\\/\\\/bladnanews.com\\\/fr\\\/author\\\/bladna-news-staff\\\/\"}]}<\/script>\n<!-- \/ Yoast SEO Premium plugin. -->","yoast_head_json":{"title":"Arsenal s'accorde sur un nouveau contrat de cinq ans avec Bukayo Saka - Bladna News","robots":{"index":"index","follow":"follow","max-snippet":"max-snippet:-1","max-image-preview":"max-image-preview:large","max-video-preview":"max-video-preview:-1"},"canonical":"https:\/\/bladnanews.com\/fr\/arsenal-saccorde-sur-un-nouveau-contrat-de-cinq-ans-avec-bukayo-saka\/","og_locale":"fr_FR","og_type":"article","og_title":"Arsenal agree new five-year contract with Bukayo Saka","og_description":"Arsenal have agreed a new five-year contract with Bukayo Saka, securing the future of their homegrown star on improved terms. [&hellip;]","og_url":"https:\/\/bladnanews.com\/fr\/arsenal-saccorde-sur-un-nouveau-contrat-de-cinq-ans-avec-bukayo-saka\/","og_site_name":"Bladna News","article_published_time":"2026-01-09T15:52:44+00:00","og_image":[{"width":1312,"height":736,"url":"https:\/\/bladnanews.com\/wp-content\/uploads\/2025\/12\/freepik__bladna-newscom-moroccan-soccer-homepage-banner-mor__41838.png","type":"image\/png"}],"author":"Bladna News Staff","twitter_card":"summary_large_image","twitter_misc":{"\u00c9crit par":"Bladna News Staff","Dur\u00e9e de lecture estim\u00e9e":"1 minute"},"schema":{"@context":"https:\/\/schema.org","@graph":[{"@type":"Article","@id":"https:\/\/bladnanews.com\/arsenal-agree-new-five-year-contract-with-bukayo-saka\/#article","isPartOf":{"@id":"https:\/\/bladnanews.com\/arsenal-agree-new-five-year-contract-with-bukayo-saka\/"},"author":{"name":"Bladna News Staff","@id":"https:\/\/mediumseagreen-eel-531711.hostingersite.com\/#\/schema\/person\/268e18a453ab080ebf76df6ef7845083"},"headline":"Arsenal agree new five-year contract with Bukayo Saka","datePublished":"2026-01-09T15:52:44+00:00","mainEntityOfPage":{"@id":"https:\/\/bladnanews.com\/arsenal-agree-new-five-year-contract-with-bukayo-saka\/"},"wordCount":182,"publisher":{"@id":"https:\/\/mediumseagreen-eel-531711.hostingersite.com\/#organization"},"image":{"@id":"https:\/\/bladnanews.com\/arsenal-agree-new-five-year-contract-with-bukayo-saka\/#primaryimage"},"thumbnailUrl":"https:\/\/bladnanews.com\/wp-content\/uploads\/2026\/01\/BladnaNews-Arsenal-agree-new-five-year-contract-with-Bukayo-Saka-2026-01-10T050944.518Z-scaled.jpg","articleSection":["International","Latest News"],"inLanguage":"fr-FR","copyrightYear":"2026","copyrightHolder":{"@id":"https:\/\/bladnanews.com\/fr\/#organization"}},{"@type":"WebPage","@id":"https:\/\/bladnanews.com\/arsenal-agree-new-five-year-contract-with-bukayo-saka\/","url":"https:\/\/bladnanews.com\/arsenal-agree-new-five-year-contract-with-bukayo-saka\/","name":"Arsenal s'accorde sur un nouveau contrat de cinq ans avec Bukayo Saka - Bladna News","isPartOf":{"@id":"https:\/\/mediumseagreen-eel-531711.hostingersite.com\/#website"},"primaryImageOfPage":{"@id":"https:\/\/bladnanews.com\/arsenal-agree-new-five-year-contract-with-bukayo-saka\/#primaryimage"},"image":{"@id":"https:\/\/bladnanews.com\/arsenal-agree-new-five-year-contract-with-bukayo-saka\/#primaryimage"},"thumbnailUrl":"https:\/\/bladnanews.com\/wp-content\/uploads\/2026\/01\/BladnaNews-Arsenal-agree-new-five-year-contract-with-Bukayo-Saka-2026-01-10T050944.518Z-scaled.jpg","datePublished":"2026-01-09T15:52:44+00:00","breadcrumb":{"@id":"https:\/\/bladnanews.com\/arsenal-agree-new-five-year-contract-with-bukayo-saka\/#breadcrumb"},"inLanguage":"fr-FR","potentialAction":[{"@type":"ReadAction","target":["https:\/\/bladnanews.com\/arsenal-agree-new-five-year-contract-with-bukayo-saka\/"]}]},{"@type":"ImageObject","inLanguage":"fr-FR","@id":"https:\/\/bladnanews.com\/arsenal-agree-new-five-year-contract-with-bukayo-saka\/#primaryimage","url":"https:\/\/bladnanews.com\/wp-content\/uploads\/2026\/01\/BladnaNews-Arsenal-agree-new-five-year-contract-with-Bukayo-Saka-2026-01-10T050944.518Z-scaled.jpg","contentUrl":"https:\/\/bladnanews.com\/wp-content\/uploads\/2026\/01\/BladnaNews-Arsenal-agree-new-five-year-contract-with-Bukayo-Saka-2026-01-10T050944.518Z-scaled.jpg","width":2560,"height":1440,"caption":"Bukayo Saka in Arsenal's red and white kit, looking focused with his tongue out, during a match at the Emirates Stadium."},{"@type":"BreadcrumbList","@id":"https:\/\/bladnanews.com\/arsenal-agree-new-five-year-contract-with-bukayo-saka\/#breadcrumb","itemListElement":[{"@type":"ListItem","position":1,"name":"Home","item":"https:\/\/bladnanews.com\/"},{"@type":"ListItem","position":2,"name":"Arsenal agree new five-year contract with Bukayo Saka"}]},{"@type":"WebSite","@id":"https:\/\/mediumseagreen-eel-531711.hostingersite.com\/#website","url":"https:\/\/mediumseagreen-eel-531711.hostingersite.com\/","name":"Bladna News - Maroc","description":"Quand le football marocain rencontre le monde","publisher":{"@id":"https:\/\/mediumseagreen-eel-531711.hostingersite.com\/#organization"},"potentialAction":[{"@type":"SearchAction","target":{"@type":"EntryPoint","urlTemplate":"https:\/\/mediumseagreen-eel-531711.hostingersite.com\/?s={search_term_string}"},"query-input":{"@type":"PropertyValueSpecification","valueRequired":true,"valueName":"search_term_string"}}],"inLanguage":"fr-FR"},{"@type":"Organization","@id":"https:\/\/mediumseagreen-eel-531711.hostingersite.com\/#organization","name":"Bladna News.com","url":"https:\/\/mediumseagreen-eel-531711.hostingersite.com\/","logo":{"@type":"ImageObject","inLanguage":"fr-FR","@id":"https:\/\/mediumseagreen-eel-531711.hostingersite.com\/#\/schema\/logo\/image\/","url":"https:\/\/bladnanews.com\/wp-content\/uploads\/2025\/12\/logo-bladnanews-V2-web-black-red.png","contentUrl":"https:\/\/bladnanews.com\/wp-content\/uploads\/2025\/12\/logo-bladnanews-V2-web-black-red.png","width":703,"height":287,"caption":"Bladna News.com"},"image":{"@id":"https:\/\/mediumseagreen-eel-531711.hostingersite.com\/#\/schema\/logo\/image\/"},"email":"info@bladnanews.com","legalName":"Bladna News"},{"@type":"Person","@id":"https:\/\/mediumseagreen-eel-531711.hostingersite.com\/#\/schema\/person\/268e18a453ab080ebf76df6ef7845083","name":"\u00c9quipe r\u00e9dactionnelle de Bladna News","url":"https:\/\/bladnanews.com\/fr\/author\/bladna-news-staff\/"}]}},"_links":{"self":[{"href":"https:\/\/bladnanews.com\/fr\/wp-json\/wp\/v2\/posts\/5571","targetHints":{"allow":["GET"]}}],"collection":[{"href":"https:\/\/bladnanews.com\/fr\/wp-json\/wp\/v2\/posts"}],"about":[{"href":"https:\/\/bladnanews.com\/fr\/wp-json\/wp\/v2\/types\/post"}],"author":[{"embeddable":true,"href":"https:\/\/bladnanews.com\/fr\/wp-json\/wp\/v2\/users\/3"}],"replies":[{"embeddable":true,"href":"https:\/\/bladnanews.com\/fr\/wp-json\/wp\/v2\/comments?post=5571"}],"version-history":[{"count":0,"href":"https:\/\/bladnanews.com\/fr\/wp-json\/wp\/v2\/posts\/5571\/revisions"}],"wp:featuredmedia":[{"embeddable":true,"href":"https:\/\/bladnanews.com\/fr\/wp-json\/wp\/v2\/media\/5570"}],"wp:attachment":[{"href":"https:\/\/bladnanews.com\/fr\/wp-json\/wp\/v2\/media?parent=5571"}],"wp:term":[{"taxonomy":"category","embeddable":true,"href":"https:\/\/bladnanews.com\/fr\/wp-json\/wp\/v2\/categories?post=5571"},{"taxonomy":"post_tag","embeddable":true,"href":"https:\/\/bladnanews.com\/fr\/wp-json\/wp\/v2\/tags?post=5571"}],"curies":[{"name":"wp","href":"https:\/\/api.w.org\/{rel}","templated":true}]}}