{"id":5593,"date":"2026-01-09T16:46:07","date_gmt":"2026-01-09T16:46:07","guid":{"rendered":"https:\/\/bladnanews.com\/liam-rosenior-says-he-is-not-arrogant-in-first-chelsea-presser\/"},"modified":"2026-01-09T16:46:07","modified_gmt":"2026-01-09T16:46:07","slug":"liam-rosenior-affirme-quil-nest-pas-arrogant-lors-de-sa-premiere-conference-de-presse-a-chelsea","status":"publish","type":"post","link":"https:\/\/bladnanews.com\/fr\/liam-rosenior-affirme-quil-nest-pas-arrogant-lors-de-sa-premiere-conference-de-presse-a-chelsea\/","title":{"rendered":"Liam Rosenior dit qu'il n'est pas arrogant lors de sa premi\u00e8re conf\u00e9rence de presse \u00e0 Chelsea"},"content":{"rendered":"<p>Liam Rosenior a insist\u00e9 sur le fait qu'il n'\u00e9tait \u201c pas arrogant \u201d lors de sa premi\u00e8re prise de parole face aux m\u00e9dias depuis sa nomination au poste d'entra\u00eeneur principal de Chelsea, tout en affirmant clairement avoir une confiance totale en ses propres capacit\u00e9s.<\/p>\n<p>Lors de sa conf\u00e9rence de presse d'introduction, Rosenior a adopt\u00e9 un ton assur\u00e9 et a repris l'une des d\u00e9clarations les plus c\u00e9l\u00e8bres de l'histoire de Chelsea en soulignant : \u201c Je suis bon dans ce que je fais. \u201d<\/p>\n<p>Le quadrag\u00e9naire, qui vient d'occuper l'un des postes les plus prestigieux du football anglais, a d\u00e9clar\u00e9 comprendre comment ce message pouvait \u00eatre per\u00e7u, mais a rejet\u00e9 toute suggestion selon laquelle il se laisserait griser par la situation.<\/p>\n<p>\u201c Je ne suis pas arrogant \u201d, a d\u00e9clar\u00e9 Rosenior, expliquant que l'\u00e9tat d'esprit n\u00e9cessaire pour diriger un club comme Chelsea exige de la conviction, et non de la suffisance.<\/p>\n<p>Le langage et la mani\u00e8re de s'exprimer de Rosenior ont in\u00e9vitablement suscit\u00e9 des comparaisons avec le premier passage de Jos\u00e9 Mourinho \u00e0 Stamford Bridge, lorsque l'entra\u00eeneur portugais avait fait les gros titres par sa propre introduction audacieuse en Premier League.<\/p>\n<p>Rosenior a \u00e9galement r\u00e9v\u00e9l\u00e9 qu'il \u00e9tait \u00e0 l'aise \u00e0 l'id\u00e9e d'\u00eatre jug\u00e9 sur les r\u00e9sultats et les standards, et qu'il s'attendait \u00e0 apporter clart\u00e9 et autorit\u00e9 \u00e0 son r\u00f4le d\u00e8s le d\u00e9part, en se concentrant r\u00e9solument sur le travail \u00e0 accomplir \u00e0 Stamford Bridge.<\/p>","protected":false},"excerpt":{"rendered":"<p>Liam Rosenior insisted he is \u201cnot arrogant\u201d as he faced the media for the first time since being appointed Chelsea [&hellip;]<\/p>\n","protected":false},"author":3,"featured_media":5592,"comment_status":"","ping_status":"open","sticky":false,"template":"","format":"standard","meta":{"googlesitekit_rrm_CAow_uzEDA:productID":"","site-sidebar-layout":"default","site-content-layout":"","ast-site-content-layout":"default","site-content-style":"default","site-sidebar-style":"default","ast-global-header-display":"","ast-banner-title-visibility":"","ast-main-header-display":"","ast-hfb-above-header-display":"","ast-hfb-below-header-display":"","ast-hfb-mobile-header-display":"","site-post-title":"","ast-breadcrumbs-content":"","ast-featured-img":"","footer-sml-layout":"","ast-disable-related-posts":"","theme-transparent-header-meta":"","adv-header-id-meta":"","stick-header-meta":"","header-above-stick-meta":"","header-main-stick-meta":"","header-below-stick-meta":"","astra-migrate-meta-layouts":"default","ast-page-background-enabled":"default","ast-page-background-meta":{"desktop":{"background-color":"var(--ast-global-color-5)","background-image":"","background-repeat":"repeat","background-position":"center center","background-size":"auto","background-attachment":"scroll","background-type":"","background-media":"","overlay-type":"","overlay-color":"","overlay-opacity":"","overlay-gradient":""},"tablet":{"background-color":"","background-image":"","background-repeat":"repeat","background-position":"center center","background-size":"auto","background-attachment":"scroll","background-type":"","background-media":"","overlay-type":"","overlay-color":"","overlay-opacity":"","overlay-gradient":""},"mobile":{"background-color":"","background-image":"","background-repeat":"repeat","background-position":"center center","background-size":"auto","background-attachment":"scroll","background-type":"","background-media":"","overlay-type":"","overlay-color":"","overlay-opacity":"","overlay-gradient":""}},"ast-content-background-meta":{"desktop":{"background-color":"var(--ast-global-color-4)","background-image":"","background-repeat":"repeat","background-position":"center center","background-size":"auto","background-attachment":"scroll","background-type":"","background-media":"","overlay-type":"","overlay-color":"","overlay-opacity":"","overlay-gradient":""},"tablet":{"background-color":"var(--ast-global-color-4)","background-image":"","background-repeat":"repeat","background-position":"center center","background-size":"auto","background-attachment":"scroll","background-type":"","background-media":"","overlay-type":"","overlay-color":"","overlay-opacity":"","overlay-gradient":""},"mobile":{"background-color":"var(--ast-global-color-4)","background-image":"","background-repeat":"repeat","background-position":"center center","background-size":"auto","background-attachment":"scroll","background-type":"","background-media":"","overlay-type":"","overlay-color":"","overlay-opacity":"","overlay-gradient":""}},"footnotes":""},"categories":[20,1],"tags":[],"class_list":["post-5593","post","type-post","status-publish","format-standard","has-post-thumbnail","hentry","category-international","category-football-latest-news"],"yoast_head":"<!-- This site is optimized with the Yoast SEO Premium plugin v26.6 (Yoast SEO v27.5) - https:\/\/yoast.com\/product\/yoast-seo-premium-wordpress\/ -->\n<title>Liam Rosenior says he is not arrogant in first Chelsea presser - Bladna News<\/title>\n<meta name=\"robots\" content=\"index, follow, max-snippet:-1, max-image-preview:large, max-video-preview:-1\" \/>\n<link rel=\"canonical\" href=\"https:\/\/bladnanews.com\/fr\/liam-rosenior-affirme-quil-nest-pas-arrogant-lors-de-sa-premiere-conference-de-presse-a-chelsea\/\" \/>\n<meta property=\"og:locale\" content=\"fr_FR\" \/>\n<meta property=\"og:type\" content=\"article\" \/>\n<meta property=\"og:title\" content=\"Liam Rosenior says he is not arrogant in first Chelsea presser\" \/>\n<meta property=\"og:description\" content=\"Liam Rosenior insisted he is \u201cnot arrogant\u201d as he faced the media for the first time since being appointed Chelsea [&hellip;]\" \/>\n<meta property=\"og:url\" content=\"https:\/\/bladnanews.com\/fr\/liam-rosenior-affirme-quil-nest-pas-arrogant-lors-de-sa-premiere-conference-de-presse-a-chelsea\/\" \/>\n<meta property=\"og:site_name\" content=\"Bladna News\" \/>\n<meta property=\"article:published_time\" content=\"2026-01-09T16:46:07+00:00\" \/>\n<meta property=\"og:image\" content=\"https:\/\/bladnanews.com\/wp-content\/uploads\/2025\/12\/freepik__bladna-newscom-moroccan-soccer-homepage-banner-mor__41838.png\" \/>\n\t<meta property=\"og:image:width\" content=\"1312\" \/>\n\t<meta property=\"og:image:height\" content=\"736\" \/>\n\t<meta property=\"og:image:type\" content=\"image\/png\" \/>\n<meta name=\"author\" content=\"Bladna News Staff\" \/>\n<meta name=\"twitter:card\" content=\"summary_large_image\" \/>\n<meta name=\"twitter:label1\" content=\"\u00c9crit par\" \/>\n\t<meta name=\"twitter:data1\" content=\"Bladna News Staff\" \/>\n\t<meta name=\"twitter:label2\" content=\"Dur\u00e9e de lecture estim\u00e9e\" \/>\n\t<meta name=\"twitter:data2\" content=\"1 minute\" \/>\n<script type=\"application\/ld+json\" class=\"yoast-schema-graph\">{\"@context\":\"https:\\\/\\\/schema.org\",\"@graph\":[{\"@type\":\"Article\",\"@id\":\"https:\\\/\\\/bladnanews.com\\\/liam-rosenior-says-he-is-not-arrogant-in-first-chelsea-presser\\\/#article\",\"isPartOf\":{\"@id\":\"https:\\\/\\\/bladnanews.com\\\/liam-rosenior-says-he-is-not-arrogant-in-first-chelsea-presser\\\/\"},\"author\":{\"name\":\"Bladna News Staff\",\"@id\":\"https:\\\/\\\/mediumseagreen-eel-531711.hostingersite.com\\\/#\\\/schema\\\/person\\\/268e18a453ab080ebf76df6ef7845083\"},\"headline\":\"Liam Rosenior says he is not arrogant in first Chelsea presser\",\"datePublished\":\"2026-01-09T16:46:07+00:00\",\"mainEntityOfPage\":{\"@id\":\"https:\\\/\\\/bladnanews.com\\\/liam-rosenior-says-he-is-not-arrogant-in-first-chelsea-presser\\\/\"},\"wordCount\":203,\"publisher\":{\"@id\":\"https:\\\/\\\/mediumseagreen-eel-531711.hostingersite.com\\\/#organization\"},\"image\":{\"@id\":\"https:\\\/\\\/bladnanews.com\\\/liam-rosenior-says-he-is-not-arrogant-in-first-chelsea-presser\\\/#primaryimage\"},\"thumbnailUrl\":\"https:\\\/\\\/bladnanews.com\\\/wp-content\\\/uploads\\\/2026\\\/01\\\/BladnaNews-Liam-Rosenior-says-he-is-not-arrogant-in-first-Chelsea-presser-2026-01-10T090928.782Z-scaled.jpg\",\"articleSection\":[\"International\",\"Latest News\"],\"inLanguage\":\"fr-FR\",\"copyrightYear\":\"2026\",\"copyrightHolder\":{\"@id\":\"https:\\\/\\\/bladnanews.com\\\/fr\\\/#organization\"}},{\"@type\":\"WebPage\",\"@id\":\"https:\\\/\\\/bladnanews.com\\\/liam-rosenior-says-he-is-not-arrogant-in-first-chelsea-presser\\\/\",\"url\":\"https:\\\/\\\/bladnanews.com\\\/liam-rosenior-says-he-is-not-arrogant-in-first-chelsea-presser\\\/\",\"name\":\"Liam Rosenior says he is not arrogant in first Chelsea presser - Bladna News\",\"isPartOf\":{\"@id\":\"https:\\\/\\\/mediumseagreen-eel-531711.hostingersite.com\\\/#website\"},\"primaryImageOfPage\":{\"@id\":\"https:\\\/\\\/bladnanews.com\\\/liam-rosenior-says-he-is-not-arrogant-in-first-chelsea-presser\\\/#primaryimage\"},\"image\":{\"@id\":\"https:\\\/\\\/bladnanews.com\\\/liam-rosenior-says-he-is-not-arrogant-in-first-chelsea-presser\\\/#primaryimage\"},\"thumbnailUrl\":\"https:\\\/\\\/bladnanews.com\\\/wp-content\\\/uploads\\\/2026\\\/01\\\/BladnaNews-Liam-Rosenior-says-he-is-not-arrogant-in-first-Chelsea-presser-2026-01-10T090928.782Z-scaled.jpg\",\"datePublished\":\"2026-01-09T16:46:07+00:00\",\"breadcrumb\":{\"@id\":\"https:\\\/\\\/bladnanews.com\\\/liam-rosenior-says-he-is-not-arrogant-in-first-chelsea-presser\\\/#breadcrumb\"},\"inLanguage\":\"fr-FR\",\"potentialAction\":[{\"@type\":\"ReadAction\",\"target\":[\"https:\\\/\\\/bladnanews.com\\\/liam-rosenior-says-he-is-not-arrogant-in-first-chelsea-presser\\\/\"]}]},{\"@type\":\"ImageObject\",\"inLanguage\":\"fr-FR\",\"@id\":\"https:\\\/\\\/bladnanews.com\\\/liam-rosenior-says-he-is-not-arrogant-in-first-chelsea-presser\\\/#primaryimage\",\"url\":\"https:\\\/\\\/bladnanews.com\\\/wp-content\\\/uploads\\\/2026\\\/01\\\/BladnaNews-Liam-Rosenior-says-he-is-not-arrogant-in-first-Chelsea-presser-2026-01-10T090928.782Z-scaled.jpg\",\"contentUrl\":\"https:\\\/\\\/bladnanews.com\\\/wp-content\\\/uploads\\\/2026\\\/01\\\/BladnaNews-Liam-Rosenior-says-he-is-not-arrogant-in-first-Chelsea-presser-2026-01-10T090928.782Z-scaled.jpg\",\"width\":2560,\"height\":1440,\"caption\":\"Liam Rosenior speaking on the phone, wearing glasses and a dark coat, in front of a football goal net.\"},{\"@type\":\"BreadcrumbList\",\"@id\":\"https:\\\/\\\/bladnanews.com\\\/liam-rosenior-says-he-is-not-arrogant-in-first-chelsea-presser\\\/#breadcrumb\",\"itemListElement\":[{\"@type\":\"ListItem\",\"position\":1,\"name\":\"Home\",\"item\":\"https:\\\/\\\/bladnanews.com\\\/\"},{\"@type\":\"ListItem\",\"position\":2,\"name\":\"Liam Rosenior says he is not arrogant in first Chelsea presser\"}]},{\"@type\":\"WebSite\",\"@id\":\"https:\\\/\\\/mediumseagreen-eel-531711.hostingersite.com\\\/#website\",\"url\":\"https:\\\/\\\/mediumseagreen-eel-531711.hostingersite.com\\\/\",\"name\":\"Bladna News - Morocco\",\"description\":\"Where Moroccan Football Meets the World\",\"publisher\":{\"@id\":\"https:\\\/\\\/mediumseagreen-eel-531711.hostingersite.com\\\/#organization\"},\"potentialAction\":[{\"@type\":\"SearchAction\",\"target\":{\"@type\":\"EntryPoint\",\"urlTemplate\":\"https:\\\/\\\/mediumseagreen-eel-531711.hostingersite.com\\\/?s={search_term_string}\"},\"query-input\":{\"@type\":\"PropertyValueSpecification\",\"valueRequired\":true,\"valueName\":\"search_term_string\"}}],\"inLanguage\":\"fr-FR\"},{\"@type\":\"Organization\",\"@id\":\"https:\\\/\\\/mediumseagreen-eel-531711.hostingersite.com\\\/#organization\",\"name\":\"Bladna News.com\",\"url\":\"https:\\\/\\\/mediumseagreen-eel-531711.hostingersite.com\\\/\",\"logo\":{\"@type\":\"ImageObject\",\"inLanguage\":\"fr-FR\",\"@id\":\"https:\\\/\\\/mediumseagreen-eel-531711.hostingersite.com\\\/#\\\/schema\\\/logo\\\/image\\\/\",\"url\":\"https:\\\/\\\/bladnanews.com\\\/wp-content\\\/uploads\\\/2025\\\/12\\\/logo-bladnanews-V2-web-black-red.png\",\"contentUrl\":\"https:\\\/\\\/bladnanews.com\\\/wp-content\\\/uploads\\\/2025\\\/12\\\/logo-bladnanews-V2-web-black-red.png\",\"width\":703,\"height\":287,\"caption\":\"Bladna News.com\"},\"image\":{\"@id\":\"https:\\\/\\\/mediumseagreen-eel-531711.hostingersite.com\\\/#\\\/schema\\\/logo\\\/image\\\/\"},\"email\":\"info@bladnanews.com\",\"legalName\":\"Bladna News\"},{\"@type\":\"Person\",\"@id\":\"https:\\\/\\\/mediumseagreen-eel-531711.hostingersite.com\\\/#\\\/schema\\\/person\\\/268e18a453ab080ebf76df6ef7845083\",\"name\":\"Bladna News Staff\",\"url\":\"https:\\\/\\\/bladnanews.com\\\/fr\\\/author\\\/bladna-news-staff\\\/\"}]}<\/script>\n<!-- \/ Yoast SEO Premium plugin. -->","yoast_head_json":{"title":"Liam Rosenior affirme ne pas \u00eatre arrogant lors de sa premi\u00e8re conf\u00e9rence de presse \u00e0 Chelsea - Bladna News","robots":{"index":"index","follow":"follow","max-snippet":"max-snippet:-1","max-image-preview":"max-image-preview:large","max-video-preview":"max-video-preview:-1"},"canonical":"https:\/\/bladnanews.com\/fr\/liam-rosenior-affirme-quil-nest-pas-arrogant-lors-de-sa-premiere-conference-de-presse-a-chelsea\/","og_locale":"fr_FR","og_type":"article","og_title":"Liam Rosenior says he is not arrogant in first Chelsea presser","og_description":"Liam Rosenior insisted he is \u201cnot arrogant\u201d as he faced the media for the first time since being appointed Chelsea [&hellip;]","og_url":"https:\/\/bladnanews.com\/fr\/liam-rosenior-affirme-quil-nest-pas-arrogant-lors-de-sa-premiere-conference-de-presse-a-chelsea\/","og_site_name":"Bladna News","article_published_time":"2026-01-09T16:46:07+00:00","og_image":[{"width":1312,"height":736,"url":"https:\/\/bladnanews.com\/wp-content\/uploads\/2025\/12\/freepik__bladna-newscom-moroccan-soccer-homepage-banner-mor__41838.png","type":"image\/png"}],"author":"Bladna News Staff","twitter_card":"summary_large_image","twitter_misc":{"\u00c9crit par":"Bladna News Staff","Dur\u00e9e de lecture estim\u00e9e":"1 minute"},"schema":{"@context":"https:\/\/schema.org","@graph":[{"@type":"Article","@id":"https:\/\/bladnanews.com\/liam-rosenior-says-he-is-not-arrogant-in-first-chelsea-presser\/#article","isPartOf":{"@id":"https:\/\/bladnanews.com\/liam-rosenior-says-he-is-not-arrogant-in-first-chelsea-presser\/"},"author":{"name":"Bladna News Staff","@id":"https:\/\/mediumseagreen-eel-531711.hostingersite.com\/#\/schema\/person\/268e18a453ab080ebf76df6ef7845083"},"headline":"Liam Rosenior says he is not arrogant in first Chelsea presser","datePublished":"2026-01-09T16:46:07+00:00","mainEntityOfPage":{"@id":"https:\/\/bladnanews.com\/liam-rosenior-says-he-is-not-arrogant-in-first-chelsea-presser\/"},"wordCount":203,"publisher":{"@id":"https:\/\/mediumseagreen-eel-531711.hostingersite.com\/#organization"},"image":{"@id":"https:\/\/bladnanews.com\/liam-rosenior-says-he-is-not-arrogant-in-first-chelsea-presser\/#primaryimage"},"thumbnailUrl":"https:\/\/bladnanews.com\/wp-content\/uploads\/2026\/01\/BladnaNews-Liam-Rosenior-says-he-is-not-arrogant-in-first-Chelsea-presser-2026-01-10T090928.782Z-scaled.jpg","articleSection":["International","Latest News"],"inLanguage":"fr-FR","copyrightYear":"2026","copyrightHolder":{"@id":"https:\/\/bladnanews.com\/fr\/#organization"}},{"@type":"WebPage","@id":"https:\/\/bladnanews.com\/liam-rosenior-says-he-is-not-arrogant-in-first-chelsea-presser\/","url":"https:\/\/bladnanews.com\/liam-rosenior-says-he-is-not-arrogant-in-first-chelsea-presser\/","name":"Liam Rosenior affirme ne pas \u00eatre arrogant lors de sa premi\u00e8re conf\u00e9rence de presse \u00e0 Chelsea - Bladna News","isPartOf":{"@id":"https:\/\/mediumseagreen-eel-531711.hostingersite.com\/#website"},"primaryImageOfPage":{"@id":"https:\/\/bladnanews.com\/liam-rosenior-says-he-is-not-arrogant-in-first-chelsea-presser\/#primaryimage"},"image":{"@id":"https:\/\/bladnanews.com\/liam-rosenior-says-he-is-not-arrogant-in-first-chelsea-presser\/#primaryimage"},"thumbnailUrl":"https:\/\/bladnanews.com\/wp-content\/uploads\/2026\/01\/BladnaNews-Liam-Rosenior-says-he-is-not-arrogant-in-first-Chelsea-presser-2026-01-10T090928.782Z-scaled.jpg","datePublished":"2026-01-09T16:46:07+00:00","breadcrumb":{"@id":"https:\/\/bladnanews.com\/liam-rosenior-says-he-is-not-arrogant-in-first-chelsea-presser\/#breadcrumb"},"inLanguage":"fr-FR","potentialAction":[{"@type":"ReadAction","target":["https:\/\/bladnanews.com\/liam-rosenior-says-he-is-not-arrogant-in-first-chelsea-presser\/"]}]},{"@type":"ImageObject","inLanguage":"fr-FR","@id":"https:\/\/bladnanews.com\/liam-rosenior-says-he-is-not-arrogant-in-first-chelsea-presser\/#primaryimage","url":"https:\/\/bladnanews.com\/wp-content\/uploads\/2026\/01\/BladnaNews-Liam-Rosenior-says-he-is-not-arrogant-in-first-Chelsea-presser-2026-01-10T090928.782Z-scaled.jpg","contentUrl":"https:\/\/bladnanews.com\/wp-content\/uploads\/2026\/01\/BladnaNews-Liam-Rosenior-says-he-is-not-arrogant-in-first-Chelsea-presser-2026-01-10T090928.782Z-scaled.jpg","width":2560,"height":1440,"caption":"Liam Rosenior speaking on the phone, wearing glasses and a dark coat, in front of a football goal net."},{"@type":"BreadcrumbList","@id":"https:\/\/bladnanews.com\/liam-rosenior-says-he-is-not-arrogant-in-first-chelsea-presser\/#breadcrumb","itemListElement":[{"@type":"ListItem","position":1,"name":"Home","item":"https:\/\/bladnanews.com\/"},{"@type":"ListItem","position":2,"name":"Liam Rosenior says he is not arrogant in first Chelsea presser"}]},{"@type":"WebSite","@id":"https:\/\/mediumseagreen-eel-531711.hostingersite.com\/#website","url":"https:\/\/mediumseagreen-eel-531711.hostingersite.com\/","name":"Bladna News - Maroc","description":"Quand le football marocain rencontre le monde","publisher":{"@id":"https:\/\/mediumseagreen-eel-531711.hostingersite.com\/#organization"},"potentialAction":[{"@type":"SearchAction","target":{"@type":"EntryPoint","urlTemplate":"https:\/\/mediumseagreen-eel-531711.hostingersite.com\/?s={search_term_string}"},"query-input":{"@type":"PropertyValueSpecification","valueRequired":true,"valueName":"search_term_string"}}],"inLanguage":"fr-FR"},{"@type":"Organization","@id":"https:\/\/mediumseagreen-eel-531711.hostingersite.com\/#organization","name":"Bladna News.com","url":"https:\/\/mediumseagreen-eel-531711.hostingersite.com\/","logo":{"@type":"ImageObject","inLanguage":"fr-FR","@id":"https:\/\/mediumseagreen-eel-531711.hostingersite.com\/#\/schema\/logo\/image\/","url":"https:\/\/bladnanews.com\/wp-content\/uploads\/2025\/12\/logo-bladnanews-V2-web-black-red.png","contentUrl":"https:\/\/bladnanews.com\/wp-content\/uploads\/2025\/12\/logo-bladnanews-V2-web-black-red.png","width":703,"height":287,"caption":"Bladna News.com"},"image":{"@id":"https:\/\/mediumseagreen-eel-531711.hostingersite.com\/#\/schema\/logo\/image\/"},"email":"info@bladnanews.com","legalName":"Bladna News"},{"@type":"Person","@id":"https:\/\/mediumseagreen-eel-531711.hostingersite.com\/#\/schema\/person\/268e18a453ab080ebf76df6ef7845083","name":"\u00c9quipe r\u00e9dactionnelle de Bladna News","url":"https:\/\/bladnanews.com\/fr\/author\/bladna-news-staff\/"}]}},"_links":{"self":[{"href":"https:\/\/bladnanews.com\/fr\/wp-json\/wp\/v2\/posts\/5593","targetHints":{"allow":["GET"]}}],"collection":[{"href":"https:\/\/bladnanews.com\/fr\/wp-json\/wp\/v2\/posts"}],"about":[{"href":"https:\/\/bladnanews.com\/fr\/wp-json\/wp\/v2\/types\/post"}],"author":[{"embeddable":true,"href":"https:\/\/bladnanews.com\/fr\/wp-json\/wp\/v2\/users\/3"}],"replies":[{"embeddable":true,"href":"https:\/\/bladnanews.com\/fr\/wp-json\/wp\/v2\/comments?post=5593"}],"version-history":[{"count":0,"href":"https:\/\/bladnanews.com\/fr\/wp-json\/wp\/v2\/posts\/5593\/revisions"}],"wp:featuredmedia":[{"embeddable":true,"href":"https:\/\/bladnanews.com\/fr\/wp-json\/wp\/v2\/media\/5592"}],"wp:attachment":[{"href":"https:\/\/bladnanews.com\/fr\/wp-json\/wp\/v2\/media?parent=5593"}],"wp:term":[{"taxonomy":"category","embeddable":true,"href":"https:\/\/bladnanews.com\/fr\/wp-json\/wp\/v2\/categories?post=5593"},{"taxonomy":"post_tag","embeddable":true,"href":"https:\/\/bladnanews.com\/fr\/wp-json\/wp\/v2\/tags?post=5593"}],"curies":[{"name":"wp","href":"https:\/\/api.w.org\/{rel}","templated":true}]}}