{"id":5597,"date":"2026-01-09T17:14:53","date_gmt":"2026-01-09T17:14:53","guid":{"rendered":"https:\/\/bladnanews.com\/darren-fletcher-hails-man-utd-academy-talent-after-lacey-cameo\/"},"modified":"2026-01-09T17:14:53","modified_gmt":"2026-01-09T17:14:53","slug":"darren-fletcher-salue-le-talent-de-lacademie-de-manchester-united-apres-la-courte-apparition-de-lacey","status":"publish","type":"post","link":"https:\/\/bladnanews.com\/fr\/darren-fletcher-salue-le-talent-de-lacademie-de-manchester-united-apres-la-courte-apparition-de-lacey\/","title":{"rendered":"Darren Fletcher loue le talent de l'acad\u00e9mie de Man Utd apr\u00e8s l'apparition de Lacey"},"content":{"rendered":"<p>Darren Fletcher a salu\u00e9 le \u201c talent exceptionnel \u201d \u00e9mergeant du centre de formation de Manchester United, apr\u00e8s que Shea Lacey a retenu l'attention par une entr\u00e9e en jeu remarqu\u00e9e.<\/p>\n<p>L'ancien milieu de terrain des Red Devils, d\u00e9sormais employ\u00e9 du club, a soulign\u00e9 la qualit\u00e9 du dispositif jeune et a pr\u00e9sent\u00e9 l'impact de Lacey comme un signe suppl\u00e9mentaire du travail accompli \u00e0 Carrington.<\/p>\n<p>Les propos de Fletcher contrastent fortement avec les r\u00e9centes d\u00e9clarations de Ruben Amorim, qui s'\u00e9tait montr\u00e9 sceptique quant au niveau des jeunes joueurs de United.<\/p>\n<p>La prestation de Lacey a rappel\u00e9 \u00e0 point nomm\u00e9 le potentiel du centre de formation, et Fletcher a clairement indiqu\u00e9 qu'il croit en la solidit\u00e9 du parcours propos\u00e9 \u00e0 ceux pr\u00eats \u00e0 saisir leur chance au plus haut niveau.<\/p>","protected":false},"excerpt":{"rendered":"<p>Darren Fletcher has praised the \u201camazing talent\u201d coming through Manchester United\u2019s academy after Shea Lacey caught the eye with an [&hellip;]<\/p>\n","protected":false},"author":3,"featured_media":5596,"comment_status":"","ping_status":"open","sticky":false,"template":"","format":"standard","meta":{"googlesitekit_rrm_CAow_uzEDA:productID":"","site-sidebar-layout":"default","site-content-layout":"","ast-site-content-layout":"default","site-content-style":"default","site-sidebar-style":"default","ast-global-header-display":"","ast-banner-title-visibility":"","ast-main-header-display":"","ast-hfb-above-header-display":"","ast-hfb-below-header-display":"","ast-hfb-mobile-header-display":"","site-post-title":"","ast-breadcrumbs-content":"","ast-featured-img":"","footer-sml-layout":"","ast-disable-related-posts":"","theme-transparent-header-meta":"","adv-header-id-meta":"","stick-header-meta":"","header-above-stick-meta":"","header-main-stick-meta":"","header-below-stick-meta":"","astra-migrate-meta-layouts":"default","ast-page-background-enabled":"default","ast-page-background-meta":{"desktop":{"background-color":"var(--ast-global-color-5)","background-image":"","background-repeat":"repeat","background-position":"center center","background-size":"auto","background-attachment":"scroll","background-type":"","background-media":"","overlay-type":"","overlay-color":"","overlay-opacity":"","overlay-gradient":""},"tablet":{"background-color":"","background-image":"","background-repeat":"repeat","background-position":"center center","background-size":"auto","background-attachment":"scroll","background-type":"","background-media":"","overlay-type":"","overlay-color":"","overlay-opacity":"","overlay-gradient":""},"mobile":{"background-color":"","background-image":"","background-repeat":"repeat","background-position":"center center","background-size":"auto","background-attachment":"scroll","background-type":"","background-media":"","overlay-type":"","overlay-color":"","overlay-opacity":"","overlay-gradient":""}},"ast-content-background-meta":{"desktop":{"background-color":"var(--ast-global-color-4)","background-image":"","background-repeat":"repeat","background-position":"center center","background-size":"auto","background-attachment":"scroll","background-type":"","background-media":"","overlay-type":"","overlay-color":"","overlay-opacity":"","overlay-gradient":""},"tablet":{"background-color":"var(--ast-global-color-4)","background-image":"","background-repeat":"repeat","background-position":"center center","background-size":"auto","background-attachment":"scroll","background-type":"","background-media":"","overlay-type":"","overlay-color":"","overlay-opacity":"","overlay-gradient":""},"mobile":{"background-color":"var(--ast-global-color-4)","background-image":"","background-repeat":"repeat","background-position":"center center","background-size":"auto","background-attachment":"scroll","background-type":"","background-media":"","overlay-type":"","overlay-color":"","overlay-opacity":"","overlay-gradient":""}},"footnotes":""},"categories":[20,1],"tags":[],"class_list":["post-5597","post","type-post","status-publish","format-standard","has-post-thumbnail","hentry","category-international","category-football-latest-news"],"yoast_head":"<!-- This site is optimized with the Yoast SEO Premium plugin v26.6 (Yoast SEO v27.5) - https:\/\/yoast.com\/product\/yoast-seo-premium-wordpress\/ -->\n<title>Darren Fletcher hails Man Utd academy talent after Lacey cameo - Bladna News<\/title>\n<meta name=\"robots\" content=\"index, follow, max-snippet:-1, max-image-preview:large, max-video-preview:-1\" \/>\n<link rel=\"canonical\" href=\"https:\/\/bladnanews.com\/fr\/darren-fletcher-salue-le-talent-de-lacademie-de-manchester-united-apres-la-courte-apparition-de-lacey\/\" \/>\n<meta property=\"og:locale\" content=\"fr_FR\" \/>\n<meta property=\"og:type\" content=\"article\" \/>\n<meta property=\"og:title\" content=\"Darren Fletcher hails Man Utd academy talent after Lacey cameo\" \/>\n<meta property=\"og:description\" content=\"Darren Fletcher has praised the \u201camazing talent\u201d coming through Manchester United\u2019s academy after Shea Lacey caught the eye with an [&hellip;]\" \/>\n<meta property=\"og:url\" content=\"https:\/\/bladnanews.com\/fr\/darren-fletcher-salue-le-talent-de-lacademie-de-manchester-united-apres-la-courte-apparition-de-lacey\/\" \/>\n<meta property=\"og:site_name\" content=\"Bladna News\" \/>\n<meta property=\"article:published_time\" content=\"2026-01-09T17:14:53+00:00\" \/>\n<meta property=\"og:image\" content=\"https:\/\/bladnanews.com\/wp-content\/uploads\/2025\/12\/freepik__bladna-newscom-moroccan-soccer-homepage-banner-mor__41838.png\" \/>\n\t<meta property=\"og:image:width\" content=\"1312\" \/>\n\t<meta property=\"og:image:height\" content=\"736\" \/>\n\t<meta property=\"og:image:type\" content=\"image\/png\" \/>\n<meta name=\"author\" content=\"Bladna News Staff\" \/>\n<meta name=\"twitter:card\" content=\"summary_large_image\" \/>\n<meta name=\"twitter:label1\" content=\"\u00c9crit par\" \/>\n\t<meta name=\"twitter:data1\" content=\"Bladna News Staff\" \/>\n\t<meta name=\"twitter:label2\" content=\"Dur\u00e9e de lecture estim\u00e9e\" \/>\n\t<meta name=\"twitter:data2\" content=\"1 minute\" \/>\n<script type=\"application\/ld+json\" class=\"yoast-schema-graph\">{\"@context\":\"https:\\\/\\\/schema.org\",\"@graph\":[{\"@type\":\"Article\",\"@id\":\"https:\\\/\\\/bladnanews.com\\\/darren-fletcher-hails-man-utd-academy-talent-after-lacey-cameo\\\/#article\",\"isPartOf\":{\"@id\":\"https:\\\/\\\/bladnanews.com\\\/darren-fletcher-hails-man-utd-academy-talent-after-lacey-cameo\\\/\"},\"author\":{\"name\":\"Bladna News Staff\",\"@id\":\"https:\\\/\\\/mediumseagreen-eel-531711.hostingersite.com\\\/#\\\/schema\\\/person\\\/268e18a453ab080ebf76df6ef7845083\"},\"headline\":\"Darren Fletcher hails Man Utd academy talent after Lacey cameo\",\"datePublished\":\"2026-01-09T17:14:53+00:00\",\"mainEntityOfPage\":{\"@id\":\"https:\\\/\\\/bladnanews.com\\\/darren-fletcher-hails-man-utd-academy-talent-after-lacey-cameo\\\/\"},\"wordCount\":124,\"publisher\":{\"@id\":\"https:\\\/\\\/mediumseagreen-eel-531711.hostingersite.com\\\/#organization\"},\"image\":{\"@id\":\"https:\\\/\\\/bladnanews.com\\\/darren-fletcher-hails-man-utd-academy-talent-after-lacey-cameo\\\/#primaryimage\"},\"thumbnailUrl\":\"https:\\\/\\\/bladnanews.com\\\/wp-content\\\/uploads\\\/2026\\\/01\\\/BladnaNews-Darren-Fletcher-hails-Man-Utd-academy-talent-after-Lacey-cameo-2026-01-10T091030.243Z.jpg\",\"articleSection\":[\"International\",\"Latest News\"],\"inLanguage\":\"fr-FR\",\"copyrightYear\":\"2026\",\"copyrightHolder\":{\"@id\":\"https:\\\/\\\/bladnanews.com\\\/fr\\\/#organization\"}},{\"@type\":\"WebPage\",\"@id\":\"https:\\\/\\\/bladnanews.com\\\/darren-fletcher-hails-man-utd-academy-talent-after-lacey-cameo\\\/\",\"url\":\"https:\\\/\\\/bladnanews.com\\\/darren-fletcher-hails-man-utd-academy-talent-after-lacey-cameo\\\/\",\"name\":\"Darren Fletcher hails Man Utd academy talent after Lacey cameo - Bladna News\",\"isPartOf\":{\"@id\":\"https:\\\/\\\/mediumseagreen-eel-531711.hostingersite.com\\\/#website\"},\"primaryImageOfPage\":{\"@id\":\"https:\\\/\\\/bladnanews.com\\\/darren-fletcher-hails-man-utd-academy-talent-after-lacey-cameo\\\/#primaryimage\"},\"image\":{\"@id\":\"https:\\\/\\\/bladnanews.com\\\/darren-fletcher-hails-man-utd-academy-talent-after-lacey-cameo\\\/#primaryimage\"},\"thumbnailUrl\":\"https:\\\/\\\/bladnanews.com\\\/wp-content\\\/uploads\\\/2026\\\/01\\\/BladnaNews-Darren-Fletcher-hails-Man-Utd-academy-talent-after-Lacey-cameo-2026-01-10T091030.243Z.jpg\",\"datePublished\":\"2026-01-09T17:14:53+00:00\",\"breadcrumb\":{\"@id\":\"https:\\\/\\\/bladnanews.com\\\/darren-fletcher-hails-man-utd-academy-talent-after-lacey-cameo\\\/#breadcrumb\"},\"inLanguage\":\"fr-FR\",\"potentialAction\":[{\"@type\":\"ReadAction\",\"target\":[\"https:\\\/\\\/bladnanews.com\\\/darren-fletcher-hails-man-utd-academy-talent-after-lacey-cameo\\\/\"]}]},{\"@type\":\"ImageObject\",\"inLanguage\":\"fr-FR\",\"@id\":\"https:\\\/\\\/bladnanews.com\\\/darren-fletcher-hails-man-utd-academy-talent-after-lacey-cameo\\\/#primaryimage\",\"url\":\"https:\\\/\\\/bladnanews.com\\\/wp-content\\\/uploads\\\/2026\\\/01\\\/BladnaNews-Darren-Fletcher-hails-Man-Utd-academy-talent-after-Lacey-cameo-2026-01-10T091030.243Z.jpg\",\"contentUrl\":\"https:\\\/\\\/bladnanews.com\\\/wp-content\\\/uploads\\\/2026\\\/01\\\/BladnaNews-Darren-Fletcher-hails-Man-Utd-academy-talent-after-Lacey-cameo-2026-01-10T091030.243Z.jpg\",\"width\":1920,\"height\":1080,\"caption\":\"Darren Fletcher gestures positively on the left, while a focused manager in a black coat walks on the right, amid a football match backdrop.\"},{\"@type\":\"BreadcrumbList\",\"@id\":\"https:\\\/\\\/bladnanews.com\\\/darren-fletcher-hails-man-utd-academy-talent-after-lacey-cameo\\\/#breadcrumb\",\"itemListElement\":[{\"@type\":\"ListItem\",\"position\":1,\"name\":\"Home\",\"item\":\"https:\\\/\\\/bladnanews.com\\\/\"},{\"@type\":\"ListItem\",\"position\":2,\"name\":\"Darren Fletcher hails Man Utd academy talent after Lacey cameo\"}]},{\"@type\":\"WebSite\",\"@id\":\"https:\\\/\\\/mediumseagreen-eel-531711.hostingersite.com\\\/#website\",\"url\":\"https:\\\/\\\/mediumseagreen-eel-531711.hostingersite.com\\\/\",\"name\":\"Bladna News - Morocco\",\"description\":\"Where Moroccan Football Meets the World\",\"publisher\":{\"@id\":\"https:\\\/\\\/mediumseagreen-eel-531711.hostingersite.com\\\/#organization\"},\"potentialAction\":[{\"@type\":\"SearchAction\",\"target\":{\"@type\":\"EntryPoint\",\"urlTemplate\":\"https:\\\/\\\/mediumseagreen-eel-531711.hostingersite.com\\\/?s={search_term_string}\"},\"query-input\":{\"@type\":\"PropertyValueSpecification\",\"valueRequired\":true,\"valueName\":\"search_term_string\"}}],\"inLanguage\":\"fr-FR\"},{\"@type\":\"Organization\",\"@id\":\"https:\\\/\\\/mediumseagreen-eel-531711.hostingersite.com\\\/#organization\",\"name\":\"Bladna News.com\",\"url\":\"https:\\\/\\\/mediumseagreen-eel-531711.hostingersite.com\\\/\",\"logo\":{\"@type\":\"ImageObject\",\"inLanguage\":\"fr-FR\",\"@id\":\"https:\\\/\\\/mediumseagreen-eel-531711.hostingersite.com\\\/#\\\/schema\\\/logo\\\/image\\\/\",\"url\":\"https:\\\/\\\/bladnanews.com\\\/wp-content\\\/uploads\\\/2025\\\/12\\\/logo-bladnanews-V2-web-black-red.png\",\"contentUrl\":\"https:\\\/\\\/bladnanews.com\\\/wp-content\\\/uploads\\\/2025\\\/12\\\/logo-bladnanews-V2-web-black-red.png\",\"width\":703,\"height\":287,\"caption\":\"Bladna News.com\"},\"image\":{\"@id\":\"https:\\\/\\\/mediumseagreen-eel-531711.hostingersite.com\\\/#\\\/schema\\\/logo\\\/image\\\/\"},\"email\":\"info@bladnanews.com\",\"legalName\":\"Bladna News\"},{\"@type\":\"Person\",\"@id\":\"https:\\\/\\\/mediumseagreen-eel-531711.hostingersite.com\\\/#\\\/schema\\\/person\\\/268e18a453ab080ebf76df6ef7845083\",\"name\":\"Bladna News Staff\",\"url\":\"https:\\\/\\\/bladnanews.com\\\/fr\\\/author\\\/bladna-news-staff\\\/\"}]}<\/script>\n<!-- \/ Yoast SEO Premium plugin. -->","yoast_head_json":{"title":"Darren Fletcher salue le talent de l'acad\u00e9mie de Manchester United apr\u00e8s l'apparition de Lacey - Bladna News","robots":{"index":"index","follow":"follow","max-snippet":"max-snippet:-1","max-image-preview":"max-image-preview:large","max-video-preview":"max-video-preview:-1"},"canonical":"https:\/\/bladnanews.com\/fr\/darren-fletcher-salue-le-talent-de-lacademie-de-manchester-united-apres-la-courte-apparition-de-lacey\/","og_locale":"fr_FR","og_type":"article","og_title":"Darren Fletcher hails Man Utd academy talent after Lacey cameo","og_description":"Darren Fletcher has praised the \u201camazing talent\u201d coming through Manchester United\u2019s academy after Shea Lacey caught the eye with an [&hellip;]","og_url":"https:\/\/bladnanews.com\/fr\/darren-fletcher-salue-le-talent-de-lacademie-de-manchester-united-apres-la-courte-apparition-de-lacey\/","og_site_name":"Bladna News","article_published_time":"2026-01-09T17:14:53+00:00","og_image":[{"width":1312,"height":736,"url":"https:\/\/bladnanews.com\/wp-content\/uploads\/2025\/12\/freepik__bladna-newscom-moroccan-soccer-homepage-banner-mor__41838.png","type":"image\/png"}],"author":"Bladna News Staff","twitter_card":"summary_large_image","twitter_misc":{"\u00c9crit par":"Bladna News Staff","Dur\u00e9e de lecture estim\u00e9e":"1 minute"},"schema":{"@context":"https:\/\/schema.org","@graph":[{"@type":"Article","@id":"https:\/\/bladnanews.com\/darren-fletcher-hails-man-utd-academy-talent-after-lacey-cameo\/#article","isPartOf":{"@id":"https:\/\/bladnanews.com\/darren-fletcher-hails-man-utd-academy-talent-after-lacey-cameo\/"},"author":{"name":"Bladna News Staff","@id":"https:\/\/mediumseagreen-eel-531711.hostingersite.com\/#\/schema\/person\/268e18a453ab080ebf76df6ef7845083"},"headline":"Darren Fletcher hails Man Utd academy talent after Lacey cameo","datePublished":"2026-01-09T17:14:53+00:00","mainEntityOfPage":{"@id":"https:\/\/bladnanews.com\/darren-fletcher-hails-man-utd-academy-talent-after-lacey-cameo\/"},"wordCount":124,"publisher":{"@id":"https:\/\/mediumseagreen-eel-531711.hostingersite.com\/#organization"},"image":{"@id":"https:\/\/bladnanews.com\/darren-fletcher-hails-man-utd-academy-talent-after-lacey-cameo\/#primaryimage"},"thumbnailUrl":"https:\/\/bladnanews.com\/wp-content\/uploads\/2026\/01\/BladnaNews-Darren-Fletcher-hails-Man-Utd-academy-talent-after-Lacey-cameo-2026-01-10T091030.243Z.jpg","articleSection":["International","Latest News"],"inLanguage":"fr-FR","copyrightYear":"2026","copyrightHolder":{"@id":"https:\/\/bladnanews.com\/fr\/#organization"}},{"@type":"WebPage","@id":"https:\/\/bladnanews.com\/darren-fletcher-hails-man-utd-academy-talent-after-lacey-cameo\/","url":"https:\/\/bladnanews.com\/darren-fletcher-hails-man-utd-academy-talent-after-lacey-cameo\/","name":"Darren Fletcher salue le talent de l'acad\u00e9mie de Manchester United apr\u00e8s l'apparition de Lacey - Bladna News","isPartOf":{"@id":"https:\/\/mediumseagreen-eel-531711.hostingersite.com\/#website"},"primaryImageOfPage":{"@id":"https:\/\/bladnanews.com\/darren-fletcher-hails-man-utd-academy-talent-after-lacey-cameo\/#primaryimage"},"image":{"@id":"https:\/\/bladnanews.com\/darren-fletcher-hails-man-utd-academy-talent-after-lacey-cameo\/#primaryimage"},"thumbnailUrl":"https:\/\/bladnanews.com\/wp-content\/uploads\/2026\/01\/BladnaNews-Darren-Fletcher-hails-Man-Utd-academy-talent-after-Lacey-cameo-2026-01-10T091030.243Z.jpg","datePublished":"2026-01-09T17:14:53+00:00","breadcrumb":{"@id":"https:\/\/bladnanews.com\/darren-fletcher-hails-man-utd-academy-talent-after-lacey-cameo\/#breadcrumb"},"inLanguage":"fr-FR","potentialAction":[{"@type":"ReadAction","target":["https:\/\/bladnanews.com\/darren-fletcher-hails-man-utd-academy-talent-after-lacey-cameo\/"]}]},{"@type":"ImageObject","inLanguage":"fr-FR","@id":"https:\/\/bladnanews.com\/darren-fletcher-hails-man-utd-academy-talent-after-lacey-cameo\/#primaryimage","url":"https:\/\/bladnanews.com\/wp-content\/uploads\/2026\/01\/BladnaNews-Darren-Fletcher-hails-Man-Utd-academy-talent-after-Lacey-cameo-2026-01-10T091030.243Z.jpg","contentUrl":"https:\/\/bladnanews.com\/wp-content\/uploads\/2026\/01\/BladnaNews-Darren-Fletcher-hails-Man-Utd-academy-talent-after-Lacey-cameo-2026-01-10T091030.243Z.jpg","width":1920,"height":1080,"caption":"Darren Fletcher gestures positively on the left, while a focused manager in a black coat walks on the right, amid a football match backdrop."},{"@type":"BreadcrumbList","@id":"https:\/\/bladnanews.com\/darren-fletcher-hails-man-utd-academy-talent-after-lacey-cameo\/#breadcrumb","itemListElement":[{"@type":"ListItem","position":1,"name":"Home","item":"https:\/\/bladnanews.com\/"},{"@type":"ListItem","position":2,"name":"Darren Fletcher hails Man Utd academy talent after Lacey cameo"}]},{"@type":"WebSite","@id":"https:\/\/mediumseagreen-eel-531711.hostingersite.com\/#website","url":"https:\/\/mediumseagreen-eel-531711.hostingersite.com\/","name":"Bladna News - Maroc","description":"Quand le football marocain rencontre le monde","publisher":{"@id":"https:\/\/mediumseagreen-eel-531711.hostingersite.com\/#organization"},"potentialAction":[{"@type":"SearchAction","target":{"@type":"EntryPoint","urlTemplate":"https:\/\/mediumseagreen-eel-531711.hostingersite.com\/?s={search_term_string}"},"query-input":{"@type":"PropertyValueSpecification","valueRequired":true,"valueName":"search_term_string"}}],"inLanguage":"fr-FR"},{"@type":"Organization","@id":"https:\/\/mediumseagreen-eel-531711.hostingersite.com\/#organization","name":"Bladna News.com","url":"https:\/\/mediumseagreen-eel-531711.hostingersite.com\/","logo":{"@type":"ImageObject","inLanguage":"fr-FR","@id":"https:\/\/mediumseagreen-eel-531711.hostingersite.com\/#\/schema\/logo\/image\/","url":"https:\/\/bladnanews.com\/wp-content\/uploads\/2025\/12\/logo-bladnanews-V2-web-black-red.png","contentUrl":"https:\/\/bladnanews.com\/wp-content\/uploads\/2025\/12\/logo-bladnanews-V2-web-black-red.png","width":703,"height":287,"caption":"Bladna News.com"},"image":{"@id":"https:\/\/mediumseagreen-eel-531711.hostingersite.com\/#\/schema\/logo\/image\/"},"email":"info@bladnanews.com","legalName":"Bladna News"},{"@type":"Person","@id":"https:\/\/mediumseagreen-eel-531711.hostingersite.com\/#\/schema\/person\/268e18a453ab080ebf76df6ef7845083","name":"\u00c9quipe r\u00e9dactionnelle de Bladna News","url":"https:\/\/bladnanews.com\/fr\/author\/bladna-news-staff\/"}]}},"_links":{"self":[{"href":"https:\/\/bladnanews.com\/fr\/wp-json\/wp\/v2\/posts\/5597","targetHints":{"allow":["GET"]}}],"collection":[{"href":"https:\/\/bladnanews.com\/fr\/wp-json\/wp\/v2\/posts"}],"about":[{"href":"https:\/\/bladnanews.com\/fr\/wp-json\/wp\/v2\/types\/post"}],"author":[{"embeddable":true,"href":"https:\/\/bladnanews.com\/fr\/wp-json\/wp\/v2\/users\/3"}],"replies":[{"embeddable":true,"href":"https:\/\/bladnanews.com\/fr\/wp-json\/wp\/v2\/comments?post=5597"}],"version-history":[{"count":0,"href":"https:\/\/bladnanews.com\/fr\/wp-json\/wp\/v2\/posts\/5597\/revisions"}],"wp:featuredmedia":[{"embeddable":true,"href":"https:\/\/bladnanews.com\/fr\/wp-json\/wp\/v2\/media\/5596"}],"wp:attachment":[{"href":"https:\/\/bladnanews.com\/fr\/wp-json\/wp\/v2\/media?parent=5597"}],"wp:term":[{"taxonomy":"category","embeddable":true,"href":"https:\/\/bladnanews.com\/fr\/wp-json\/wp\/v2\/categories?post=5597"},{"taxonomy":"post_tag","embeddable":true,"href":"https:\/\/bladnanews.com\/fr\/wp-json\/wp\/v2\/tags?post=5597"}],"curies":[{"name":"wp","href":"https:\/\/api.w.org\/{rel}","templated":true}]}}