{"id":5599,"date":"2026-01-09T17:32:59","date_gmt":"2026-01-09T17:32:59","guid":{"rendered":"https:\/\/bladnanews.com\/arsenal-legend-warns-eberechi-eze-after-arteta-snub\/"},"modified":"2026-01-09T17:32:59","modified_gmt":"2026-01-09T17:32:59","slug":"une-legende-darsenal-met-en-garde-eberechi-eze-apres-le-snobage-darteta","status":"publish","type":"post","link":"https:\/\/bladnanews.com\/fr\/une-legende-darsenal-met-en-garde-eberechi-eze-apres-le-snobage-darteta\/","title":{"rendered":"La l\u00e9gende d'Arsenal avertit Eberechi Eze apr\u00e8s le rejet d'Arteta"},"content":{"rendered":"<p>Une l\u00e9gende d'Arsenal a averti Eberechi Eze que la vie loin de Crystal Palace exigera bien plus de lui, apr\u00e8s le retour du milieu de terrain \u00e0 l'action en Premier League suite \u00e0 un mois d'absence.<\/p>\n<p>Eze a effectu\u00e9 sa premi\u00e8re apparition en championnat depuis quatre semaines ce week-end, mettant fin \u00e0 une p\u00e9riode frustrante sans jouer en comp\u00e9tition. Cela fait suite \u00e0 son \u00e9viction par Mikel Arteta, per\u00e7ue comme un net affront, augmentant la pression sur l'international anglais pour avoir un impact imm\u00e9diat d\u00e8s que l'occasion se pr\u00e9senterait.<\/p>\n<p>S'exprimant apr\u00e8s le retour tant attendu d'Eze, l'ancienne star d'Arsenal a d\u00e9livr\u00e9 un message sans d\u00e9tour, insistant sur le fait que le joueur de 25 ans doit rapidement s'adapter \u00e0 des standards plus \u00e9lev\u00e9s et \u00e0 un examen plus minutieux.<\/p>\n<p><em>\u201c Vous n'\u00eates plus \u00e0 Crystal Palace \u201d,\u201d<\/em> a d\u00e9clar\u00e9 la l\u00e9gende d'Arsenal, soulignant qu'Eze ne peut plus compter sur la seule r\u00e9putation et doit faire preuve de constance \u00e0 chaque fois qu'il foule le terrain.<\/p>\n<p>Cet avertissement intervient \u00e0 un moment cl\u00e9 pour Eze, qui tente de retrouver son rythme et de prouver sa valeur apr\u00e8s ce r\u00e9cent revers. Face \u00e0 une concurrence acharn\u00e9e pour les places et une patience limit\u00e9e, l'ic\u00f4ne d'Arsenal a clairement indiqu\u00e9 que les excuses ne seraient pas accept\u00e9es et qu'Eze doit r\u00e9pondre par des performances.<\/p>\n<p>Eze cherchera d\u00e9sormais \u00e0 capitaliser sur son retour et \u00e0 se replacer dans le cadre des s\u00e9lections dans les semaines \u00e0 venir, sachant que les projecteurs resteront braqu\u00e9s sur lui apr\u00e8s la d\u00e9cision d'Arteta et le message public d'une grande figure d'Arsenal.<\/p>","protected":false},"excerpt":{"rendered":"<p>An Arsenal legend has warned Eberechi Eze that life away from Crystal Palace will demand far more from him after [&hellip;]<\/p>\n","protected":false},"author":3,"featured_media":5598,"comment_status":"","ping_status":"open","sticky":false,"template":"","format":"standard","meta":{"googlesitekit_rrm_CAow_uzEDA:productID":"","site-sidebar-layout":"default","site-content-layout":"","ast-site-content-layout":"default","site-content-style":"default","site-sidebar-style":"default","ast-global-header-display":"","ast-banner-title-visibility":"","ast-main-header-display":"","ast-hfb-above-header-display":"","ast-hfb-below-header-display":"","ast-hfb-mobile-header-display":"","site-post-title":"","ast-breadcrumbs-content":"","ast-featured-img":"","footer-sml-layout":"","ast-disable-related-posts":"","theme-transparent-header-meta":"","adv-header-id-meta":"","stick-header-meta":"","header-above-stick-meta":"","header-main-stick-meta":"","header-below-stick-meta":"","astra-migrate-meta-layouts":"default","ast-page-background-enabled":"default","ast-page-background-meta":{"desktop":{"background-color":"var(--ast-global-color-5)","background-image":"","background-repeat":"repeat","background-position":"center center","background-size":"auto","background-attachment":"scroll","background-type":"","background-media":"","overlay-type":"","overlay-color":"","overlay-opacity":"","overlay-gradient":""},"tablet":{"background-color":"","background-image":"","background-repeat":"repeat","background-position":"center center","background-size":"auto","background-attachment":"scroll","background-type":"","background-media":"","overlay-type":"","overlay-color":"","overlay-opacity":"","overlay-gradient":""},"mobile":{"background-color":"","background-image":"","background-repeat":"repeat","background-position":"center center","background-size":"auto","background-attachment":"scroll","background-type":"","background-media":"","overlay-type":"","overlay-color":"","overlay-opacity":"","overlay-gradient":""}},"ast-content-background-meta":{"desktop":{"background-color":"var(--ast-global-color-4)","background-image":"","background-repeat":"repeat","background-position":"center center","background-size":"auto","background-attachment":"scroll","background-type":"","background-media":"","overlay-type":"","overlay-color":"","overlay-opacity":"","overlay-gradient":""},"tablet":{"background-color":"var(--ast-global-color-4)","background-image":"","background-repeat":"repeat","background-position":"center center","background-size":"auto","background-attachment":"scroll","background-type":"","background-media":"","overlay-type":"","overlay-color":"","overlay-opacity":"","overlay-gradient":""},"mobile":{"background-color":"var(--ast-global-color-4)","background-image":"","background-repeat":"repeat","background-position":"center center","background-size":"auto","background-attachment":"scroll","background-type":"","background-media":"","overlay-type":"","overlay-color":"","overlay-opacity":"","overlay-gradient":""}},"footnotes":""},"categories":[20,1],"tags":[],"class_list":["post-5599","post","type-post","status-publish","format-standard","has-post-thumbnail","hentry","category-international","category-football-latest-news"],"yoast_head":"<!-- This site is optimized with the Yoast SEO Premium plugin v26.6 (Yoast SEO v27.5) - https:\/\/yoast.com\/product\/yoast-seo-premium-wordpress\/ -->\n<title>Arsenal legend warns Eberechi Eze after Arteta snub - Bladna News<\/title>\n<meta name=\"robots\" content=\"index, follow, max-snippet:-1, max-image-preview:large, max-video-preview:-1\" \/>\n<link rel=\"canonical\" href=\"https:\/\/bladnanews.com\/fr\/une-legende-darsenal-met-en-garde-eberechi-eze-apres-le-snobage-darteta\/\" \/>\n<meta property=\"og:locale\" content=\"fr_FR\" \/>\n<meta property=\"og:type\" content=\"article\" \/>\n<meta property=\"og:title\" content=\"Arsenal legend warns Eberechi Eze after Arteta snub\" \/>\n<meta property=\"og:description\" content=\"An Arsenal legend has warned Eberechi Eze that life away from Crystal Palace will demand far more from him after [&hellip;]\" \/>\n<meta property=\"og:url\" content=\"https:\/\/bladnanews.com\/fr\/une-legende-darsenal-met-en-garde-eberechi-eze-apres-le-snobage-darteta\/\" \/>\n<meta property=\"og:site_name\" content=\"Bladna News\" \/>\n<meta property=\"article:published_time\" content=\"2026-01-09T17:32:59+00:00\" \/>\n<meta property=\"og:image\" content=\"https:\/\/bladnanews.com\/wp-content\/uploads\/2025\/12\/freepik__bladna-newscom-moroccan-soccer-homepage-banner-mor__41838.png\" \/>\n\t<meta property=\"og:image:width\" content=\"1312\" \/>\n\t<meta property=\"og:image:height\" content=\"736\" \/>\n\t<meta property=\"og:image:type\" content=\"image\/png\" \/>\n<meta name=\"author\" content=\"Bladna News Staff\" \/>\n<meta name=\"twitter:card\" content=\"summary_large_image\" \/>\n<meta name=\"twitter:label1\" content=\"\u00c9crit par\" \/>\n\t<meta name=\"twitter:data1\" content=\"Bladna News Staff\" \/>\n\t<meta name=\"twitter:label2\" content=\"Dur\u00e9e de lecture estim\u00e9e\" \/>\n\t<meta name=\"twitter:data2\" content=\"1 minute\" \/>\n<script type=\"application\/ld+json\" class=\"yoast-schema-graph\">{\"@context\":\"https:\\\/\\\/schema.org\",\"@graph\":[{\"@type\":\"Article\",\"@id\":\"https:\\\/\\\/bladnanews.com\\\/arsenal-legend-warns-eberechi-eze-after-arteta-snub\\\/#article\",\"isPartOf\":{\"@id\":\"https:\\\/\\\/bladnanews.com\\\/arsenal-legend-warns-eberechi-eze-after-arteta-snub\\\/\"},\"author\":{\"name\":\"Bladna News Staff\",\"@id\":\"https:\\\/\\\/mediumseagreen-eel-531711.hostingersite.com\\\/#\\\/schema\\\/person\\\/268e18a453ab080ebf76df6ef7845083\"},\"headline\":\"Arsenal legend warns Eberechi Eze after Arteta snub\",\"datePublished\":\"2026-01-09T17:32:59+00:00\",\"mainEntityOfPage\":{\"@id\":\"https:\\\/\\\/bladnanews.com\\\/arsenal-legend-warns-eberechi-eze-after-arteta-snub\\\/\"},\"wordCount\":250,\"publisher\":{\"@id\":\"https:\\\/\\\/mediumseagreen-eel-531711.hostingersite.com\\\/#organization\"},\"image\":{\"@id\":\"https:\\\/\\\/bladnanews.com\\\/arsenal-legend-warns-eberechi-eze-after-arteta-snub\\\/#primaryimage\"},\"thumbnailUrl\":\"https:\\\/\\\/bladnanews.com\\\/wp-content\\\/uploads\\\/2026\\\/01\\\/BladnaNews-Arsenal-legend-warns-Eberechi-Eze-after-Arteta-snub-2026-01-10T091053.118Z-scaled.jpg\",\"articleSection\":[\"International\",\"Latest News\"],\"inLanguage\":\"fr-FR\",\"copyrightYear\":\"2026\",\"copyrightHolder\":{\"@id\":\"https:\\\/\\\/bladnanews.com\\\/fr\\\/#organization\"}},{\"@type\":\"WebPage\",\"@id\":\"https:\\\/\\\/bladnanews.com\\\/arsenal-legend-warns-eberechi-eze-after-arteta-snub\\\/\",\"url\":\"https:\\\/\\\/bladnanews.com\\\/arsenal-legend-warns-eberechi-eze-after-arteta-snub\\\/\",\"name\":\"Arsenal legend warns Eberechi Eze after Arteta snub - Bladna News\",\"isPartOf\":{\"@id\":\"https:\\\/\\\/mediumseagreen-eel-531711.hostingersite.com\\\/#website\"},\"primaryImageOfPage\":{\"@id\":\"https:\\\/\\\/bladnanews.com\\\/arsenal-legend-warns-eberechi-eze-after-arteta-snub\\\/#primaryimage\"},\"image\":{\"@id\":\"https:\\\/\\\/bladnanews.com\\\/arsenal-legend-warns-eberechi-eze-after-arteta-snub\\\/#primaryimage\"},\"thumbnailUrl\":\"https:\\\/\\\/bladnanews.com\\\/wp-content\\\/uploads\\\/2026\\\/01\\\/BladnaNews-Arsenal-legend-warns-Eberechi-Eze-after-Arteta-snub-2026-01-10T091053.118Z-scaled.jpg\",\"datePublished\":\"2026-01-09T17:32:59+00:00\",\"breadcrumb\":{\"@id\":\"https:\\\/\\\/bladnanews.com\\\/arsenal-legend-warns-eberechi-eze-after-arteta-snub\\\/#breadcrumb\"},\"inLanguage\":\"fr-FR\",\"potentialAction\":[{\"@type\":\"ReadAction\",\"target\":[\"https:\\\/\\\/bladnanews.com\\\/arsenal-legend-warns-eberechi-eze-after-arteta-snub\\\/\"]}]},{\"@type\":\"ImageObject\",\"inLanguage\":\"fr-FR\",\"@id\":\"https:\\\/\\\/bladnanews.com\\\/arsenal-legend-warns-eberechi-eze-after-arteta-snub\\\/#primaryimage\",\"url\":\"https:\\\/\\\/bladnanews.com\\\/wp-content\\\/uploads\\\/2026\\\/01\\\/BladnaNews-Arsenal-legend-warns-Eberechi-Eze-after-Arteta-snub-2026-01-10T091053.118Z-scaled.jpg\",\"contentUrl\":\"https:\\\/\\\/bladnanews.com\\\/wp-content\\\/uploads\\\/2026\\\/01\\\/BladnaNews-Arsenal-legend-warns-Eberechi-Eze-after-Arteta-snub-2026-01-10T091053.118Z-scaled.jpg\",\"width\":2560,\"height\":1440,\"caption\":\"Eberechi Eze in Arsenal's red and white kit, sticking out his tongue, during a match, with the Carabao Cup badge visible.\"},{\"@type\":\"BreadcrumbList\",\"@id\":\"https:\\\/\\\/bladnanews.com\\\/arsenal-legend-warns-eberechi-eze-after-arteta-snub\\\/#breadcrumb\",\"itemListElement\":[{\"@type\":\"ListItem\",\"position\":1,\"name\":\"Home\",\"item\":\"https:\\\/\\\/bladnanews.com\\\/\"},{\"@type\":\"ListItem\",\"position\":2,\"name\":\"Arsenal legend warns Eberechi Eze after Arteta snub\"}]},{\"@type\":\"WebSite\",\"@id\":\"https:\\\/\\\/mediumseagreen-eel-531711.hostingersite.com\\\/#website\",\"url\":\"https:\\\/\\\/mediumseagreen-eel-531711.hostingersite.com\\\/\",\"name\":\"Bladna News - Morocco\",\"description\":\"Where Moroccan Football Meets the World\",\"publisher\":{\"@id\":\"https:\\\/\\\/mediumseagreen-eel-531711.hostingersite.com\\\/#organization\"},\"potentialAction\":[{\"@type\":\"SearchAction\",\"target\":{\"@type\":\"EntryPoint\",\"urlTemplate\":\"https:\\\/\\\/mediumseagreen-eel-531711.hostingersite.com\\\/?s={search_term_string}\"},\"query-input\":{\"@type\":\"PropertyValueSpecification\",\"valueRequired\":true,\"valueName\":\"search_term_string\"}}],\"inLanguage\":\"fr-FR\"},{\"@type\":\"Organization\",\"@id\":\"https:\\\/\\\/mediumseagreen-eel-531711.hostingersite.com\\\/#organization\",\"name\":\"Bladna News.com\",\"url\":\"https:\\\/\\\/mediumseagreen-eel-531711.hostingersite.com\\\/\",\"logo\":{\"@type\":\"ImageObject\",\"inLanguage\":\"fr-FR\",\"@id\":\"https:\\\/\\\/mediumseagreen-eel-531711.hostingersite.com\\\/#\\\/schema\\\/logo\\\/image\\\/\",\"url\":\"https:\\\/\\\/bladnanews.com\\\/wp-content\\\/uploads\\\/2025\\\/12\\\/logo-bladnanews-V2-web-black-red.png\",\"contentUrl\":\"https:\\\/\\\/bladnanews.com\\\/wp-content\\\/uploads\\\/2025\\\/12\\\/logo-bladnanews-V2-web-black-red.png\",\"width\":703,\"height\":287,\"caption\":\"Bladna News.com\"},\"image\":{\"@id\":\"https:\\\/\\\/mediumseagreen-eel-531711.hostingersite.com\\\/#\\\/schema\\\/logo\\\/image\\\/\"},\"email\":\"info@bladnanews.com\",\"legalName\":\"Bladna News\"},{\"@type\":\"Person\",\"@id\":\"https:\\\/\\\/mediumseagreen-eel-531711.hostingersite.com\\\/#\\\/schema\\\/person\\\/268e18a453ab080ebf76df6ef7845083\",\"name\":\"Bladna News Staff\",\"url\":\"https:\\\/\\\/bladnanews.com\\\/fr\\\/author\\\/bladna-news-staff\\\/\"}]}<\/script>\n<!-- \/ Yoast SEO Premium plugin. -->","yoast_head_json":{"title":"Une l\u00e9gende d'Arsenal met en garde Eberechi Eze apr\u00e8s son \u00e9viction par Arteta - Bladna News","robots":{"index":"index","follow":"follow","max-snippet":"max-snippet:-1","max-image-preview":"max-image-preview:large","max-video-preview":"max-video-preview:-1"},"canonical":"https:\/\/bladnanews.com\/fr\/une-legende-darsenal-met-en-garde-eberechi-eze-apres-le-snobage-darteta\/","og_locale":"fr_FR","og_type":"article","og_title":"Arsenal legend warns Eberechi Eze after Arteta snub","og_description":"An Arsenal legend has warned Eberechi Eze that life away from Crystal Palace will demand far more from him after [&hellip;]","og_url":"https:\/\/bladnanews.com\/fr\/une-legende-darsenal-met-en-garde-eberechi-eze-apres-le-snobage-darteta\/","og_site_name":"Bladna News","article_published_time":"2026-01-09T17:32:59+00:00","og_image":[{"width":1312,"height":736,"url":"https:\/\/bladnanews.com\/wp-content\/uploads\/2025\/12\/freepik__bladna-newscom-moroccan-soccer-homepage-banner-mor__41838.png","type":"image\/png"}],"author":"Bladna News Staff","twitter_card":"summary_large_image","twitter_misc":{"\u00c9crit par":"Bladna News Staff","Dur\u00e9e de lecture estim\u00e9e":"1 minute"},"schema":{"@context":"https:\/\/schema.org","@graph":[{"@type":"Article","@id":"https:\/\/bladnanews.com\/arsenal-legend-warns-eberechi-eze-after-arteta-snub\/#article","isPartOf":{"@id":"https:\/\/bladnanews.com\/arsenal-legend-warns-eberechi-eze-after-arteta-snub\/"},"author":{"name":"Bladna News Staff","@id":"https:\/\/mediumseagreen-eel-531711.hostingersite.com\/#\/schema\/person\/268e18a453ab080ebf76df6ef7845083"},"headline":"Arsenal legend warns Eberechi Eze after Arteta snub","datePublished":"2026-01-09T17:32:59+00:00","mainEntityOfPage":{"@id":"https:\/\/bladnanews.com\/arsenal-legend-warns-eberechi-eze-after-arteta-snub\/"},"wordCount":250,"publisher":{"@id":"https:\/\/mediumseagreen-eel-531711.hostingersite.com\/#organization"},"image":{"@id":"https:\/\/bladnanews.com\/arsenal-legend-warns-eberechi-eze-after-arteta-snub\/#primaryimage"},"thumbnailUrl":"https:\/\/bladnanews.com\/wp-content\/uploads\/2026\/01\/BladnaNews-Arsenal-legend-warns-Eberechi-Eze-after-Arteta-snub-2026-01-10T091053.118Z-scaled.jpg","articleSection":["International","Latest News"],"inLanguage":"fr-FR","copyrightYear":"2026","copyrightHolder":{"@id":"https:\/\/bladnanews.com\/fr\/#organization"}},{"@type":"WebPage","@id":"https:\/\/bladnanews.com\/arsenal-legend-warns-eberechi-eze-after-arteta-snub\/","url":"https:\/\/bladnanews.com\/arsenal-legend-warns-eberechi-eze-after-arteta-snub\/","name":"Une l\u00e9gende d'Arsenal met en garde Eberechi Eze apr\u00e8s son \u00e9viction par Arteta - Bladna News","isPartOf":{"@id":"https:\/\/mediumseagreen-eel-531711.hostingersite.com\/#website"},"primaryImageOfPage":{"@id":"https:\/\/bladnanews.com\/arsenal-legend-warns-eberechi-eze-after-arteta-snub\/#primaryimage"},"image":{"@id":"https:\/\/bladnanews.com\/arsenal-legend-warns-eberechi-eze-after-arteta-snub\/#primaryimage"},"thumbnailUrl":"https:\/\/bladnanews.com\/wp-content\/uploads\/2026\/01\/BladnaNews-Arsenal-legend-warns-Eberechi-Eze-after-Arteta-snub-2026-01-10T091053.118Z-scaled.jpg","datePublished":"2026-01-09T17:32:59+00:00","breadcrumb":{"@id":"https:\/\/bladnanews.com\/arsenal-legend-warns-eberechi-eze-after-arteta-snub\/#breadcrumb"},"inLanguage":"fr-FR","potentialAction":[{"@type":"ReadAction","target":["https:\/\/bladnanews.com\/arsenal-legend-warns-eberechi-eze-after-arteta-snub\/"]}]},{"@type":"ImageObject","inLanguage":"fr-FR","@id":"https:\/\/bladnanews.com\/arsenal-legend-warns-eberechi-eze-after-arteta-snub\/#primaryimage","url":"https:\/\/bladnanews.com\/wp-content\/uploads\/2026\/01\/BladnaNews-Arsenal-legend-warns-Eberechi-Eze-after-Arteta-snub-2026-01-10T091053.118Z-scaled.jpg","contentUrl":"https:\/\/bladnanews.com\/wp-content\/uploads\/2026\/01\/BladnaNews-Arsenal-legend-warns-Eberechi-Eze-after-Arteta-snub-2026-01-10T091053.118Z-scaled.jpg","width":2560,"height":1440,"caption":"Eberechi Eze in Arsenal's red and white kit, sticking out his tongue, during a match, with the Carabao Cup badge visible."},{"@type":"BreadcrumbList","@id":"https:\/\/bladnanews.com\/arsenal-legend-warns-eberechi-eze-after-arteta-snub\/#breadcrumb","itemListElement":[{"@type":"ListItem","position":1,"name":"Home","item":"https:\/\/bladnanews.com\/"},{"@type":"ListItem","position":2,"name":"Arsenal legend warns Eberechi Eze after Arteta snub"}]},{"@type":"WebSite","@id":"https:\/\/mediumseagreen-eel-531711.hostingersite.com\/#website","url":"https:\/\/mediumseagreen-eel-531711.hostingersite.com\/","name":"Bladna News - Maroc","description":"Quand le football marocain rencontre le monde","publisher":{"@id":"https:\/\/mediumseagreen-eel-531711.hostingersite.com\/#organization"},"potentialAction":[{"@type":"SearchAction","target":{"@type":"EntryPoint","urlTemplate":"https:\/\/mediumseagreen-eel-531711.hostingersite.com\/?s={search_term_string}"},"query-input":{"@type":"PropertyValueSpecification","valueRequired":true,"valueName":"search_term_string"}}],"inLanguage":"fr-FR"},{"@type":"Organization","@id":"https:\/\/mediumseagreen-eel-531711.hostingersite.com\/#organization","name":"Bladna News.com","url":"https:\/\/mediumseagreen-eel-531711.hostingersite.com\/","logo":{"@type":"ImageObject","inLanguage":"fr-FR","@id":"https:\/\/mediumseagreen-eel-531711.hostingersite.com\/#\/schema\/logo\/image\/","url":"https:\/\/bladnanews.com\/wp-content\/uploads\/2025\/12\/logo-bladnanews-V2-web-black-red.png","contentUrl":"https:\/\/bladnanews.com\/wp-content\/uploads\/2025\/12\/logo-bladnanews-V2-web-black-red.png","width":703,"height":287,"caption":"Bladna News.com"},"image":{"@id":"https:\/\/mediumseagreen-eel-531711.hostingersite.com\/#\/schema\/logo\/image\/"},"email":"info@bladnanews.com","legalName":"Bladna News"},{"@type":"Person","@id":"https:\/\/mediumseagreen-eel-531711.hostingersite.com\/#\/schema\/person\/268e18a453ab080ebf76df6ef7845083","name":"\u00c9quipe r\u00e9dactionnelle de Bladna News","url":"https:\/\/bladnanews.com\/fr\/author\/bladna-news-staff\/"}]}},"_links":{"self":[{"href":"https:\/\/bladnanews.com\/fr\/wp-json\/wp\/v2\/posts\/5599","targetHints":{"allow":["GET"]}}],"collection":[{"href":"https:\/\/bladnanews.com\/fr\/wp-json\/wp\/v2\/posts"}],"about":[{"href":"https:\/\/bladnanews.com\/fr\/wp-json\/wp\/v2\/types\/post"}],"author":[{"embeddable":true,"href":"https:\/\/bladnanews.com\/fr\/wp-json\/wp\/v2\/users\/3"}],"replies":[{"embeddable":true,"href":"https:\/\/bladnanews.com\/fr\/wp-json\/wp\/v2\/comments?post=5599"}],"version-history":[{"count":0,"href":"https:\/\/bladnanews.com\/fr\/wp-json\/wp\/v2\/posts\/5599\/revisions"}],"wp:featuredmedia":[{"embeddable":true,"href":"https:\/\/bladnanews.com\/fr\/wp-json\/wp\/v2\/media\/5598"}],"wp:attachment":[{"href":"https:\/\/bladnanews.com\/fr\/wp-json\/wp\/v2\/media?parent=5599"}],"wp:term":[{"taxonomy":"category","embeddable":true,"href":"https:\/\/bladnanews.com\/fr\/wp-json\/wp\/v2\/categories?post=5599"},{"taxonomy":"post_tag","embeddable":true,"href":"https:\/\/bladnanews.com\/fr\/wp-json\/wp\/v2\/tags?post=5599"}],"curies":[{"name":"wp","href":"https:\/\/api.w.org\/{rel}","templated":true}]}}