{"id":5619,"date":"2026-01-10T08:48:00","date_gmt":"2026-01-10T08:48:00","guid":{"rendered":"https:\/\/bladnanews.com\/fines-imposed-on-celebrations-of-morocco-win-in-paris\/"},"modified":"2026-01-10T08:48:00","modified_gmt":"2026-01-10T08:48:00","slug":"amendes-infligees-pour-les-celebrations-de-la-victoire-du-maroc-a-paris","status":"publish","type":"post","link":"https:\/\/bladnanews.com\/fr\/amendes-infligees-pour-les-celebrations-de-la-victoire-du-maroc-a-paris\/","title":{"rendered":"La couverture en direct et les mises \u00e0 jour opportunes sont fournies par les cha\u00eenes de t\u00e9l\u00e9vision et les canaux num\u00e9riques, garantissant que les fans du monde entier peuvent suivre leurs \u00e9quipes et joueurs pr\u00e9f\u00e9r\u00e9s."},"content":{"rendered":"<p>Les c\u00e9l\u00e9brations \u00e0 Paris apr\u00e8s la r\u00e9cente victoire du Maroc se sont sold\u00e9es par l'\u00e9mission d'amendes pour plusieurs infractions \u00e0 l'ordre public li\u00e9es aux rassemblements.<\/p>\n<p>Les autorit\u00e9s de la capitale fran\u00e7aise ont inflig\u00e9 des sanctions p\u00e9cuniaires \u00e0 un certain nombre de personnes pour des comportements observ\u00e9s lors des festivit\u00e9s dans les rues apr\u00e8s la victoire des \u201c Lions de l'Atlas \u201d, suite \u00e0 des rassemblements importants dans diff\u00e9rents quartiers de la ville.<\/p>\n<p>Les mesures visaient des actions telles que la perturbation de la circulation, l'usage excessif des avertisseurs sonores, et d'autres infractions constat\u00e9es durant la nuit alors que les supporters descendaient dans la rue pour marquer le r\u00e9sultat.<\/p>\n<p>Cette d\u00e9cision s'inscrit dans le cadre des mesures prises pour limiter les d\u00e9sordres lors des sc\u00e8nes post-match, avec des contr\u00f4les effectu\u00e9s dans plusieurs zones connues pour attirer les supporters apr\u00e8s les grands matchs impliquant le Maroc.<\/p>\n<p>Les c\u00e9l\u00e9brations s'\u00e9taient rapidement propag\u00e9es \u00e0 Paris apr\u00e8s le coup de sifflet final, les supporters agitant des drapeaux, scandant et envahissant les art\u00e8res principales, avant que la situation n'entra\u00eene l'intervention des forces de l'ordre et la distribution d'amendes.<\/p>\n<p>Cette initiative souligne la fermet\u00e9 de l'approche adopt\u00e9e par les autorit\u00e9s locales face \u00e0 ce type de sc\u00e8nes, m\u00eame li\u00e9es \u00e0 des c\u00e9l\u00e9brations sportives, en insistant sur le fait que la joie ne doit pas se transformer en infraction.<\/p>","protected":false},"excerpt":{"rendered":"<p>Celebrations in Paris after Morocco\u2019s recent win have ended with fines being issued for several public order offences linked to [&hellip;]<\/p>\n","protected":false},"author":4,"featured_media":5618,"comment_status":"","ping_status":"open","sticky":false,"template":"","format":"standard","meta":{"googlesitekit_rrm_CAow_uzEDA:productID":"","site-sidebar-layout":"default","site-content-layout":"","ast-site-content-layout":"default","site-content-style":"default","site-sidebar-style":"default","ast-global-header-display":"","ast-banner-title-visibility":"","ast-main-header-display":"","ast-hfb-above-header-display":"","ast-hfb-below-header-display":"","ast-hfb-mobile-header-display":"","site-post-title":"","ast-breadcrumbs-content":"","ast-featured-img":"","footer-sml-layout":"","ast-disable-related-posts":"","theme-transparent-header-meta":"","adv-header-id-meta":"","stick-header-meta":"","header-above-stick-meta":"","header-main-stick-meta":"","header-below-stick-meta":"","astra-migrate-meta-layouts":"default","ast-page-background-enabled":"default","ast-page-background-meta":{"desktop":{"background-color":"var(--ast-global-color-5)","background-image":"","background-repeat":"repeat","background-position":"center center","background-size":"auto","background-attachment":"scroll","background-type":"","background-media":"","overlay-type":"","overlay-color":"","overlay-opacity":"","overlay-gradient":""},"tablet":{"background-color":"","background-image":"","background-repeat":"repeat","background-position":"center center","background-size":"auto","background-attachment":"scroll","background-type":"","background-media":"","overlay-type":"","overlay-color":"","overlay-opacity":"","overlay-gradient":""},"mobile":{"background-color":"","background-image":"","background-repeat":"repeat","background-position":"center center","background-size":"auto","background-attachment":"scroll","background-type":"","background-media":"","overlay-type":"","overlay-color":"","overlay-opacity":"","overlay-gradient":""}},"ast-content-background-meta":{"desktop":{"background-color":"var(--ast-global-color-4)","background-image":"","background-repeat":"repeat","background-position":"center center","background-size":"auto","background-attachment":"scroll","background-type":"","background-media":"","overlay-type":"","overlay-color":"","overlay-opacity":"","overlay-gradient":""},"tablet":{"background-color":"var(--ast-global-color-4)","background-image":"","background-repeat":"repeat","background-position":"center center","background-size":"auto","background-attachment":"scroll","background-type":"","background-media":"","overlay-type":"","overlay-color":"","overlay-opacity":"","overlay-gradient":""},"mobile":{"background-color":"var(--ast-global-color-4)","background-image":"","background-repeat":"repeat","background-position":"center center","background-size":"auto","background-attachment":"scroll","background-type":"","background-media":"","overlay-type":"","overlay-color":"","overlay-opacity":"","overlay-gradient":""}},"footnotes":""},"categories":[1,168],"tags":[],"class_list":["post-5619","post","type-post","status-publish","format-standard","has-post-thumbnail","hentry","category-football-latest-news","category-morocco-national-team"],"yoast_head":"<!-- This site is optimized with the Yoast SEO Premium plugin v26.6 (Yoast SEO v27.4) - https:\/\/yoast.com\/product\/yoast-seo-premium-wordpress\/ -->\n<title>Fines imposed on celebrations of Morocco win in Paris - Bladna News<\/title>\n<meta name=\"robots\" content=\"index, follow, max-snippet:-1, max-image-preview:large, max-video-preview:-1\" \/>\n<link rel=\"canonical\" href=\"https:\/\/bladnanews.com\/fr\/amendes-infligees-pour-les-celebrations-de-la-victoire-du-maroc-a-paris\/\" \/>\n<meta property=\"og:locale\" content=\"fr_FR\" \/>\n<meta property=\"og:type\" content=\"article\" \/>\n<meta property=\"og:title\" content=\"Fines imposed on celebrations of Morocco win in Paris\" \/>\n<meta property=\"og:description\" content=\"Celebrations in Paris after Morocco\u2019s recent win have ended with fines being issued for several public order offences linked to [&hellip;]\" \/>\n<meta property=\"og:url\" content=\"https:\/\/bladnanews.com\/fr\/amendes-infligees-pour-les-celebrations-de-la-victoire-du-maroc-a-paris\/\" \/>\n<meta property=\"og:site_name\" content=\"Bladna News\" \/>\n<meta property=\"article:published_time\" content=\"2026-01-10T08:48:00+00:00\" \/>\n<meta property=\"og:image\" content=\"https:\/\/bladnanews.com\/wp-content\/uploads\/2025\/12\/freepik__bladna-newscom-moroccan-soccer-homepage-banner-mor__41838.png\" \/>\n\t<meta property=\"og:image:width\" content=\"1312\" \/>\n\t<meta property=\"og:image:height\" content=\"736\" \/>\n\t<meta property=\"og:image:type\" content=\"image\/png\" \/>\n<meta name=\"author\" content=\"Bladna Sports Desk\" \/>\n<meta name=\"twitter:card\" content=\"summary_large_image\" \/>\n<meta name=\"twitter:label1\" content=\"\u00c9crit par\" \/>\n\t<meta name=\"twitter:data1\" content=\"Bladna Sports Desk\" \/>\n\t<meta name=\"twitter:label2\" content=\"Dur\u00e9e de lecture estim\u00e9e\" \/>\n\t<meta name=\"twitter:data2\" content=\"1 minute\" \/>\n<script type=\"application\/ld+json\" class=\"yoast-schema-graph\">{\"@context\":\"https:\\\/\\\/schema.org\",\"@graph\":[{\"@type\":\"Article\",\"@id\":\"https:\\\/\\\/bladnanews.com\\\/fines-imposed-on-celebrations-of-morocco-win-in-paris\\\/#article\",\"isPartOf\":{\"@id\":\"https:\\\/\\\/bladnanews.com\\\/fines-imposed-on-celebrations-of-morocco-win-in-paris\\\/\"},\"author\":{\"name\":\"Bladna Sports Desk\",\"@id\":\"https:\\\/\\\/mediumseagreen-eel-531711.hostingersite.com\\\/#\\\/schema\\\/person\\\/6712b38fabe810f7eb8d15ed30d90f1e\"},\"headline\":\"Fines imposed on celebrations of Morocco win in Paris\",\"datePublished\":\"2026-01-10T08:48:00+00:00\",\"mainEntityOfPage\":{\"@id\":\"https:\\\/\\\/bladnanews.com\\\/fines-imposed-on-celebrations-of-morocco-win-in-paris\\\/\"},\"wordCount\":197,\"publisher\":{\"@id\":\"https:\\\/\\\/mediumseagreen-eel-531711.hostingersite.com\\\/#organization\"},\"image\":{\"@id\":\"https:\\\/\\\/bladnanews.com\\\/fines-imposed-on-celebrations-of-morocco-win-in-paris\\\/#primaryimage\"},\"thumbnailUrl\":\"https:\\\/\\\/bladnanews.com\\\/wp-content\\\/uploads\\\/2026\\\/01\\\/e18718b7-5c26-45d7-904a-467125ae130b_1768034952.webp\",\"articleSection\":[\"Latest News\",\"Morocco National Team\"],\"inLanguage\":\"fr-FR\",\"copyrightYear\":\"2026\",\"copyrightHolder\":{\"@id\":\"https:\\\/\\\/bladnanews.com\\\/fr\\\/#organization\"}},{\"@type\":\"WebPage\",\"@id\":\"https:\\\/\\\/bladnanews.com\\\/fines-imposed-on-celebrations-of-morocco-win-in-paris\\\/\",\"url\":\"https:\\\/\\\/bladnanews.com\\\/fines-imposed-on-celebrations-of-morocco-win-in-paris\\\/\",\"name\":\"Fines imposed on celebrations of Morocco win in Paris - Bladna News\",\"isPartOf\":{\"@id\":\"https:\\\/\\\/mediumseagreen-eel-531711.hostingersite.com\\\/#website\"},\"primaryImageOfPage\":{\"@id\":\"https:\\\/\\\/bladnanews.com\\\/fines-imposed-on-celebrations-of-morocco-win-in-paris\\\/#primaryimage\"},\"image\":{\"@id\":\"https:\\\/\\\/bladnanews.com\\\/fines-imposed-on-celebrations-of-morocco-win-in-paris\\\/#primaryimage\"},\"thumbnailUrl\":\"https:\\\/\\\/bladnanews.com\\\/wp-content\\\/uploads\\\/2026\\\/01\\\/e18718b7-5c26-45d7-904a-467125ae130b_1768034952.webp\",\"datePublished\":\"2026-01-10T08:48:00+00:00\",\"breadcrumb\":{\"@id\":\"https:\\\/\\\/bladnanews.com\\\/fines-imposed-on-celebrations-of-morocco-win-in-paris\\\/#breadcrumb\"},\"inLanguage\":\"fr-FR\",\"potentialAction\":[{\"@type\":\"ReadAction\",\"target\":[\"https:\\\/\\\/bladnanews.com\\\/fines-imposed-on-celebrations-of-morocco-win-in-paris\\\/\"]}]},{\"@type\":\"ImageObject\",\"inLanguage\":\"fr-FR\",\"@id\":\"https:\\\/\\\/bladnanews.com\\\/fines-imposed-on-celebrations-of-morocco-win-in-paris\\\/#primaryimage\",\"url\":\"https:\\\/\\\/bladnanews.com\\\/wp-content\\\/uploads\\\/2026\\\/01\\\/e18718b7-5c26-45d7-904a-467125ae130b_1768034952.webp\",\"contentUrl\":\"https:\\\/\\\/bladnanews.com\\\/wp-content\\\/uploads\\\/2026\\\/01\\\/e18718b7-5c26-45d7-904a-467125ae130b_1768034952.webp\",\"width\":860,\"height\":572,\"caption\":\"A supporter wrapped in the Moroccan flag stands facing a line of police in riot gear on a dimly lit street, reflecting tension after a match.\"},{\"@type\":\"BreadcrumbList\",\"@id\":\"https:\\\/\\\/bladnanews.com\\\/fines-imposed-on-celebrations-of-morocco-win-in-paris\\\/#breadcrumb\",\"itemListElement\":[{\"@type\":\"ListItem\",\"position\":1,\"name\":\"Home\",\"item\":\"https:\\\/\\\/bladnanews.com\\\/\"},{\"@type\":\"ListItem\",\"position\":2,\"name\":\"Fines imposed on celebrations of Morocco win in Paris\"}]},{\"@type\":\"WebSite\",\"@id\":\"https:\\\/\\\/mediumseagreen-eel-531711.hostingersite.com\\\/#website\",\"url\":\"https:\\\/\\\/mediumseagreen-eel-531711.hostingersite.com\\\/\",\"name\":\"Bladna News - Morocco\",\"description\":\"Where Moroccan Football Meets the World\",\"publisher\":{\"@id\":\"https:\\\/\\\/mediumseagreen-eel-531711.hostingersite.com\\\/#organization\"},\"potentialAction\":[{\"@type\":\"SearchAction\",\"target\":{\"@type\":\"EntryPoint\",\"urlTemplate\":\"https:\\\/\\\/mediumseagreen-eel-531711.hostingersite.com\\\/?s={search_term_string}\"},\"query-input\":{\"@type\":\"PropertyValueSpecification\",\"valueRequired\":true,\"valueName\":\"search_term_string\"}}],\"inLanguage\":\"fr-FR\"},{\"@type\":\"Organization\",\"@id\":\"https:\\\/\\\/mediumseagreen-eel-531711.hostingersite.com\\\/#organization\",\"name\":\"Bladna News.com\",\"url\":\"https:\\\/\\\/mediumseagreen-eel-531711.hostingersite.com\\\/\",\"logo\":{\"@type\":\"ImageObject\",\"inLanguage\":\"fr-FR\",\"@id\":\"https:\\\/\\\/mediumseagreen-eel-531711.hostingersite.com\\\/#\\\/schema\\\/logo\\\/image\\\/\",\"url\":\"https:\\\/\\\/bladnanews.com\\\/wp-content\\\/uploads\\\/2025\\\/12\\\/logo-bladnanews-V2-web-black-red.png\",\"contentUrl\":\"https:\\\/\\\/bladnanews.com\\\/wp-content\\\/uploads\\\/2025\\\/12\\\/logo-bladnanews-V2-web-black-red.png\",\"width\":703,\"height\":287,\"caption\":\"Bladna News.com\"},\"image\":{\"@id\":\"https:\\\/\\\/mediumseagreen-eel-531711.hostingersite.com\\\/#\\\/schema\\\/logo\\\/image\\\/\"},\"email\":\"info@bladnanews.com\",\"legalName\":\"Bladna News\"},{\"@type\":\"Person\",\"@id\":\"https:\\\/\\\/mediumseagreen-eel-531711.hostingersite.com\\\/#\\\/schema\\\/person\\\/6712b38fabe810f7eb8d15ed30d90f1e\",\"name\":\"Bladna Sports Desk\",\"url\":\"https:\\\/\\\/bladnanews.com\\\/fr\\\/author\\\/bladna-sports-desk\\\/\"}]}<\/script>\n<!-- \/ Yoast SEO Premium plugin. -->","yoast_head_json":{"title":"Amendes inflig\u00e9es pour les c\u00e9l\u00e9brations de la victoire du Maroc \u00e0 Paris - Bladna News","robots":{"index":"index","follow":"follow","max-snippet":"max-snippet:-1","max-image-preview":"max-image-preview:large","max-video-preview":"max-video-preview:-1"},"canonical":"https:\/\/bladnanews.com\/fr\/amendes-infligees-pour-les-celebrations-de-la-victoire-du-maroc-a-paris\/","og_locale":"fr_FR","og_type":"article","og_title":"Fines imposed on celebrations of Morocco win in Paris","og_description":"Celebrations in Paris after Morocco\u2019s recent win have ended with fines being issued for several public order offences linked to [&hellip;]","og_url":"https:\/\/bladnanews.com\/fr\/amendes-infligees-pour-les-celebrations-de-la-victoire-du-maroc-a-paris\/","og_site_name":"Bladna News","article_published_time":"2026-01-10T08:48:00+00:00","og_image":[{"width":1312,"height":736,"url":"https:\/\/bladnanews.com\/wp-content\/uploads\/2025\/12\/freepik__bladna-newscom-moroccan-soccer-homepage-banner-mor__41838.png","type":"image\/png"}],"author":"Bladna Sports Desk","twitter_card":"summary_large_image","twitter_misc":{"\u00c9crit par":"Bladna Sports Desk","Dur\u00e9e de lecture estim\u00e9e":"1 minute"},"schema":{"@context":"https:\/\/schema.org","@graph":[{"@type":"Article","@id":"https:\/\/bladnanews.com\/fines-imposed-on-celebrations-of-morocco-win-in-paris\/#article","isPartOf":{"@id":"https:\/\/bladnanews.com\/fines-imposed-on-celebrations-of-morocco-win-in-paris\/"},"author":{"name":"Bladna Sports Desk","@id":"https:\/\/mediumseagreen-eel-531711.hostingersite.com\/#\/schema\/person\/6712b38fabe810f7eb8d15ed30d90f1e"},"headline":"Fines imposed on celebrations of Morocco win in Paris","datePublished":"2026-01-10T08:48:00+00:00","mainEntityOfPage":{"@id":"https:\/\/bladnanews.com\/fines-imposed-on-celebrations-of-morocco-win-in-paris\/"},"wordCount":197,"publisher":{"@id":"https:\/\/mediumseagreen-eel-531711.hostingersite.com\/#organization"},"image":{"@id":"https:\/\/bladnanews.com\/fines-imposed-on-celebrations-of-morocco-win-in-paris\/#primaryimage"},"thumbnailUrl":"https:\/\/bladnanews.com\/wp-content\/uploads\/2026\/01\/e18718b7-5c26-45d7-904a-467125ae130b_1768034952.webp","articleSection":["Latest News","Morocco National Team"],"inLanguage":"fr-FR","copyrightYear":"2026","copyrightHolder":{"@id":"https:\/\/bladnanews.com\/fr\/#organization"}},{"@type":"WebPage","@id":"https:\/\/bladnanews.com\/fines-imposed-on-celebrations-of-morocco-win-in-paris\/","url":"https:\/\/bladnanews.com\/fines-imposed-on-celebrations-of-morocco-win-in-paris\/","name":"Amendes inflig\u00e9es pour les c\u00e9l\u00e9brations de la victoire du Maroc \u00e0 Paris - Bladna News","isPartOf":{"@id":"https:\/\/mediumseagreen-eel-531711.hostingersite.com\/#website"},"primaryImageOfPage":{"@id":"https:\/\/bladnanews.com\/fines-imposed-on-celebrations-of-morocco-win-in-paris\/#primaryimage"},"image":{"@id":"https:\/\/bladnanews.com\/fines-imposed-on-celebrations-of-morocco-win-in-paris\/#primaryimage"},"thumbnailUrl":"https:\/\/bladnanews.com\/wp-content\/uploads\/2026\/01\/e18718b7-5c26-45d7-904a-467125ae130b_1768034952.webp","datePublished":"2026-01-10T08:48:00+00:00","breadcrumb":{"@id":"https:\/\/bladnanews.com\/fines-imposed-on-celebrations-of-morocco-win-in-paris\/#breadcrumb"},"inLanguage":"fr-FR","potentialAction":[{"@type":"ReadAction","target":["https:\/\/bladnanews.com\/fines-imposed-on-celebrations-of-morocco-win-in-paris\/"]}]},{"@type":"ImageObject","inLanguage":"fr-FR","@id":"https:\/\/bladnanews.com\/fines-imposed-on-celebrations-of-morocco-win-in-paris\/#primaryimage","url":"https:\/\/bladnanews.com\/wp-content\/uploads\/2026\/01\/e18718b7-5c26-45d7-904a-467125ae130b_1768034952.webp","contentUrl":"https:\/\/bladnanews.com\/wp-content\/uploads\/2026\/01\/e18718b7-5c26-45d7-904a-467125ae130b_1768034952.webp","width":860,"height":572,"caption":"A supporter wrapped in the Moroccan flag stands facing a line of police in riot gear on a dimly lit street, reflecting tension after a match."},{"@type":"BreadcrumbList","@id":"https:\/\/bladnanews.com\/fines-imposed-on-celebrations-of-morocco-win-in-paris\/#breadcrumb","itemListElement":[{"@type":"ListItem","position":1,"name":"Home","item":"https:\/\/bladnanews.com\/"},{"@type":"ListItem","position":2,"name":"Fines imposed on celebrations of Morocco win in Paris"}]},{"@type":"WebSite","@id":"https:\/\/mediumseagreen-eel-531711.hostingersite.com\/#website","url":"https:\/\/mediumseagreen-eel-531711.hostingersite.com\/","name":"Bladna News - Maroc","description":"Quand le football marocain rencontre le monde","publisher":{"@id":"https:\/\/mediumseagreen-eel-531711.hostingersite.com\/#organization"},"potentialAction":[{"@type":"SearchAction","target":{"@type":"EntryPoint","urlTemplate":"https:\/\/mediumseagreen-eel-531711.hostingersite.com\/?s={search_term_string}"},"query-input":{"@type":"PropertyValueSpecification","valueRequired":true,"valueName":"search_term_string"}}],"inLanguage":"fr-FR"},{"@type":"Organization","@id":"https:\/\/mediumseagreen-eel-531711.hostingersite.com\/#organization","name":"Bladna News.com","url":"https:\/\/mediumseagreen-eel-531711.hostingersite.com\/","logo":{"@type":"ImageObject","inLanguage":"fr-FR","@id":"https:\/\/mediumseagreen-eel-531711.hostingersite.com\/#\/schema\/logo\/image\/","url":"https:\/\/bladnanews.com\/wp-content\/uploads\/2025\/12\/logo-bladnanews-V2-web-black-red.png","contentUrl":"https:\/\/bladnanews.com\/wp-content\/uploads\/2025\/12\/logo-bladnanews-V2-web-black-red.png","width":703,"height":287,"caption":"Bladna News.com"},"image":{"@id":"https:\/\/mediumseagreen-eel-531711.hostingersite.com\/#\/schema\/logo\/image\/"},"email":"info@bladnanews.com","legalName":"Bladna News"},{"@type":"Person","@id":"https:\/\/mediumseagreen-eel-531711.hostingersite.com\/#\/schema\/person\/6712b38fabe810f7eb8d15ed30d90f1e","name":"Bladna Sports Desk","url":"https:\/\/bladnanews.com\/fr\/author\/bladna-sports-desk\/"}]}},"_links":{"self":[{"href":"https:\/\/bladnanews.com\/fr\/wp-json\/wp\/v2\/posts\/5619","targetHints":{"allow":["GET"]}}],"collection":[{"href":"https:\/\/bladnanews.com\/fr\/wp-json\/wp\/v2\/posts"}],"about":[{"href":"https:\/\/bladnanews.com\/fr\/wp-json\/wp\/v2\/types\/post"}],"author":[{"embeddable":true,"href":"https:\/\/bladnanews.com\/fr\/wp-json\/wp\/v2\/users\/4"}],"replies":[{"embeddable":true,"href":"https:\/\/bladnanews.com\/fr\/wp-json\/wp\/v2\/comments?post=5619"}],"version-history":[{"count":0,"href":"https:\/\/bladnanews.com\/fr\/wp-json\/wp\/v2\/posts\/5619\/revisions"}],"wp:featuredmedia":[{"embeddable":true,"href":"https:\/\/bladnanews.com\/fr\/wp-json\/wp\/v2\/media\/5618"}],"wp:attachment":[{"href":"https:\/\/bladnanews.com\/fr\/wp-json\/wp\/v2\/media?parent=5619"}],"wp:term":[{"taxonomy":"category","embeddable":true,"href":"https:\/\/bladnanews.com\/fr\/wp-json\/wp\/v2\/categories?post=5619"},{"taxonomy":"post_tag","embeddable":true,"href":"https:\/\/bladnanews.com\/fr\/wp-json\/wp\/v2\/tags?post=5619"}],"curies":[{"name":"wp","href":"https:\/\/api.w.org\/{rel}","templated":true}]}}