{"id":5627,"date":"2026-01-09T18:10:16","date_gmt":"2026-01-09T18:10:16","guid":{"rendered":"https:\/\/bladnanews.com\/darren-fletcher-questions-kyle-walker-stamp-var-decision\/"},"modified":"2026-01-09T18:10:16","modified_gmt":"2026-01-09T18:10:16","slug":"darren-fletcher-remet-en-question-la-decision-du-var-concernant-le-tacle-de-kyle-walker","status":"publish","type":"post","link":"https:\/\/bladnanews.com\/fr\/darren-fletcher-remet-en-question-la-decision-du-var-concernant-le-tacle-de-kyle-walker\/","title":{"rendered":"Darren Fletcher remet en question la d\u00e9cision VAR sur le stamp de Kyle Walker"},"content":{"rendered":"<p>L'entra\u00eeneur int\u00e9rimaire de Manchester United, Darren Fletcher, a admis sa surprise que Kyle Walker ait \u00e9chapp\u00e9 \u00e0 un carton rouge apr\u00e8s avoir sembl\u00e9 marcher sur Patrick Dorgu, pointant du doigt l'utilisation de la VAR.<\/p>\n<p>Walker s'est engag\u00e9 dans un duel avec Dorgu lors du dernier match de United et, par la suite, le banc de United a estim\u00e9 que l'incident \u201cn'avait pas l'air glorieux\u201d. Malgr\u00e9 cette r\u00e9action, l'arbitre n'a pas expuls\u00e9 le d\u00e9fenseur de Manchester City et la VAR n'est pas intervenue pour alourdir la sanction.<\/p>\n<p>Fletcher, s'exprimant apr\u00e8s le match, a remis en question l'\u00e9valuation de cet instant et a sugg\u00e9r\u00e9 que la d\u00e9cision ne correspondait pas \u00e0 ce que lui et le staff de United avaient vu depuis la touche.<\/p>\n<p><strong>\u201c\u00c7a n'avait pas l'air glorieux,\u201d<\/strong> a d\u00e9clar\u00e9 Fletcher, en d\u00e9signant le contact sur Dorgu et exprimant sa frustration que la technologie ne semble pas avoir modifi\u00e9 la d\u00e9cision sur le terrain.<\/p>\n<p>L'entra\u00eeneur int\u00e9rimaire de United a \u00e9galement fait une remarque cinglante sur la coh\u00e9rence des arbitrages, laissant entendre que des duels similaires dans d'autres matches avaient produit des r\u00e9sultats diff\u00e9rents, et qu'il \u00e9tait \u201cd\u00e9concert\u00e9\u201d que Walker soit rest\u00e9 sur le terrain.<\/p>\n<p>Cet incident a ajout\u00e9 un nouveau sujet de d\u00e9bat \u00e0 un match d\u00e9j\u00e0 sous surveillance, les commentaires de Fletcher amplifiant les interrogations autour de la VAR et de la gestion des d\u00e9cisions pourtant suppos\u00e9es \u00e9videntes.<\/p>","protected":false},"excerpt":{"rendered":"<p>Manchester United interim coach Darren Fletcher admitted he was surprised Kyle Walker escaped a red card after appearing to stamp [&hellip;]<\/p>\n","protected":false},"author":3,"featured_media":5626,"comment_status":"","ping_status":"open","sticky":false,"template":"","format":"standard","meta":{"googlesitekit_rrm_CAow_uzEDA:productID":"","site-sidebar-layout":"default","site-content-layout":"","ast-site-content-layout":"default","site-content-style":"default","site-sidebar-style":"default","ast-global-header-display":"","ast-banner-title-visibility":"","ast-main-header-display":"","ast-hfb-above-header-display":"","ast-hfb-below-header-display":"","ast-hfb-mobile-header-display":"","site-post-title":"","ast-breadcrumbs-content":"","ast-featured-img":"","footer-sml-layout":"","ast-disable-related-posts":"","theme-transparent-header-meta":"","adv-header-id-meta":"","stick-header-meta":"","header-above-stick-meta":"","header-main-stick-meta":"","header-below-stick-meta":"","astra-migrate-meta-layouts":"default","ast-page-background-enabled":"default","ast-page-background-meta":{"desktop":{"background-color":"var(--ast-global-color-5)","background-image":"","background-repeat":"repeat","background-position":"center center","background-size":"auto","background-attachment":"scroll","background-type":"","background-media":"","overlay-type":"","overlay-color":"","overlay-opacity":"","overlay-gradient":""},"tablet":{"background-color":"","background-image":"","background-repeat":"repeat","background-position":"center center","background-size":"auto","background-attachment":"scroll","background-type":"","background-media":"","overlay-type":"","overlay-color":"","overlay-opacity":"","overlay-gradient":""},"mobile":{"background-color":"","background-image":"","background-repeat":"repeat","background-position":"center center","background-size":"auto","background-attachment":"scroll","background-type":"","background-media":"","overlay-type":"","overlay-color":"","overlay-opacity":"","overlay-gradient":""}},"ast-content-background-meta":{"desktop":{"background-color":"var(--ast-global-color-4)","background-image":"","background-repeat":"repeat","background-position":"center center","background-size":"auto","background-attachment":"scroll","background-type":"","background-media":"","overlay-type":"","overlay-color":"","overlay-opacity":"","overlay-gradient":""},"tablet":{"background-color":"var(--ast-global-color-4)","background-image":"","background-repeat":"repeat","background-position":"center center","background-size":"auto","background-attachment":"scroll","background-type":"","background-media":"","overlay-type":"","overlay-color":"","overlay-opacity":"","overlay-gradient":""},"mobile":{"background-color":"var(--ast-global-color-4)","background-image":"","background-repeat":"repeat","background-position":"center center","background-size":"auto","background-attachment":"scroll","background-type":"","background-media":"","overlay-type":"","overlay-color":"","overlay-opacity":"","overlay-gradient":""}},"footnotes":""},"categories":[20,1],"tags":[],"class_list":["post-5627","post","type-post","status-publish","format-standard","has-post-thumbnail","hentry","category-international","category-football-latest-news"],"yoast_head":"<!-- This site is optimized with the Yoast SEO Premium plugin v26.6 (Yoast SEO v27.5) - https:\/\/yoast.com\/product\/yoast-seo-premium-wordpress\/ -->\n<title>Darren Fletcher questions Kyle Walker stamp VAR decision - Bladna News<\/title>\n<meta name=\"robots\" content=\"index, follow, max-snippet:-1, max-image-preview:large, max-video-preview:-1\" \/>\n<link rel=\"canonical\" href=\"https:\/\/bladnanews.com\/fr\/darren-fletcher-remet-en-question-la-decision-du-var-concernant-le-tacle-de-kyle-walker\/\" \/>\n<meta property=\"og:locale\" content=\"fr_FR\" \/>\n<meta property=\"og:type\" content=\"article\" \/>\n<meta property=\"og:title\" content=\"Darren Fletcher questions Kyle Walker stamp VAR decision\" \/>\n<meta property=\"og:description\" content=\"Manchester United interim coach Darren Fletcher admitted he was surprised Kyle Walker escaped a red card after appearing to stamp [&hellip;]\" \/>\n<meta property=\"og:url\" content=\"https:\/\/bladnanews.com\/fr\/darren-fletcher-remet-en-question-la-decision-du-var-concernant-le-tacle-de-kyle-walker\/\" \/>\n<meta property=\"og:site_name\" content=\"Bladna News\" \/>\n<meta property=\"article:published_time\" content=\"2026-01-09T18:10:16+00:00\" \/>\n<meta property=\"og:image\" content=\"https:\/\/bladnanews.com\/wp-content\/uploads\/2025\/12\/freepik__bladna-newscom-moroccan-soccer-homepage-banner-mor__41838.png\" \/>\n\t<meta property=\"og:image:width\" content=\"1312\" \/>\n\t<meta property=\"og:image:height\" content=\"736\" \/>\n\t<meta property=\"og:image:type\" content=\"image\/png\" \/>\n<meta name=\"author\" content=\"Bladna News Staff\" \/>\n<meta name=\"twitter:card\" content=\"summary_large_image\" \/>\n<meta name=\"twitter:label1\" content=\"\u00c9crit par\" \/>\n\t<meta name=\"twitter:data1\" content=\"Bladna News Staff\" \/>\n\t<meta name=\"twitter:label2\" content=\"Dur\u00e9e de lecture estim\u00e9e\" \/>\n\t<meta name=\"twitter:data2\" content=\"1 minute\" \/>\n<script type=\"application\/ld+json\" class=\"yoast-schema-graph\">{\"@context\":\"https:\\\/\\\/schema.org\",\"@graph\":[{\"@type\":\"Article\",\"@id\":\"https:\\\/\\\/bladnanews.com\\\/darren-fletcher-questions-kyle-walker-stamp-var-decision\\\/#article\",\"isPartOf\":{\"@id\":\"https:\\\/\\\/bladnanews.com\\\/darren-fletcher-questions-kyle-walker-stamp-var-decision\\\/\"},\"author\":{\"name\":\"Bladna News Staff\",\"@id\":\"https:\\\/\\\/mediumseagreen-eel-531711.hostingersite.com\\\/#\\\/schema\\\/person\\\/268e18a453ab080ebf76df6ef7845083\"},\"headline\":\"Darren Fletcher questions Kyle Walker stamp VAR decision\",\"datePublished\":\"2026-01-09T18:10:16+00:00\",\"mainEntityOfPage\":{\"@id\":\"https:\\\/\\\/bladnanews.com\\\/darren-fletcher-questions-kyle-walker-stamp-var-decision\\\/\"},\"wordCount\":205,\"publisher\":{\"@id\":\"https:\\\/\\\/mediumseagreen-eel-531711.hostingersite.com\\\/#organization\"},\"image\":{\"@id\":\"https:\\\/\\\/bladnanews.com\\\/darren-fletcher-questions-kyle-walker-stamp-var-decision\\\/#primaryimage\"},\"thumbnailUrl\":\"https:\\\/\\\/bladnanews.com\\\/wp-content\\\/uploads\\\/2026\\\/01\\\/BladnaNews-Darren-Fletcher-questions-Kyle-Walker-stamp-VAR-decision-2026-01-10T131030.027Z.jpg\",\"articleSection\":[\"International\",\"Latest News\"],\"inLanguage\":\"fr-FR\",\"copyrightYear\":\"2026\",\"copyrightHolder\":{\"@id\":\"https:\\\/\\\/bladnanews.com\\\/fr\\\/#organization\"}},{\"@type\":\"WebPage\",\"@id\":\"https:\\\/\\\/bladnanews.com\\\/darren-fletcher-questions-kyle-walker-stamp-var-decision\\\/\",\"url\":\"https:\\\/\\\/bladnanews.com\\\/darren-fletcher-questions-kyle-walker-stamp-var-decision\\\/\",\"name\":\"Darren Fletcher questions Kyle Walker stamp VAR decision - Bladna News\",\"isPartOf\":{\"@id\":\"https:\\\/\\\/mediumseagreen-eel-531711.hostingersite.com\\\/#website\"},\"primaryImageOfPage\":{\"@id\":\"https:\\\/\\\/bladnanews.com\\\/darren-fletcher-questions-kyle-walker-stamp-var-decision\\\/#primaryimage\"},\"image\":{\"@id\":\"https:\\\/\\\/bladnanews.com\\\/darren-fletcher-questions-kyle-walker-stamp-var-decision\\\/#primaryimage\"},\"thumbnailUrl\":\"https:\\\/\\\/bladnanews.com\\\/wp-content\\\/uploads\\\/2026\\\/01\\\/BladnaNews-Darren-Fletcher-questions-Kyle-Walker-stamp-VAR-decision-2026-01-10T131030.027Z.jpg\",\"datePublished\":\"2026-01-09T18:10:16+00:00\",\"breadcrumb\":{\"@id\":\"https:\\\/\\\/bladnanews.com\\\/darren-fletcher-questions-kyle-walker-stamp-var-decision\\\/#breadcrumb\"},\"inLanguage\":\"fr-FR\",\"potentialAction\":[{\"@type\":\"ReadAction\",\"target\":[\"https:\\\/\\\/bladnanews.com\\\/darren-fletcher-questions-kyle-walker-stamp-var-decision\\\/\"]}]},{\"@type\":\"ImageObject\",\"inLanguage\":\"fr-FR\",\"@id\":\"https:\\\/\\\/bladnanews.com\\\/darren-fletcher-questions-kyle-walker-stamp-var-decision\\\/#primaryimage\",\"url\":\"https:\\\/\\\/bladnanews.com\\\/wp-content\\\/uploads\\\/2026\\\/01\\\/BladnaNews-Darren-Fletcher-questions-Kyle-Walker-stamp-VAR-decision-2026-01-10T131030.027Z.jpg\",\"contentUrl\":\"https:\\\/\\\/bladnanews.com\\\/wp-content\\\/uploads\\\/2026\\\/01\\\/BladnaNews-Darren-Fletcher-questions-Kyle-Walker-stamp-VAR-decision-2026-01-10T131030.027Z.jpg\",\"width\":2064,\"height\":1161,\"caption\":\"Darren Fletcher, wearing a black coat, applauds passionately, with a blurred stadium backdrop, during a football match.\"},{\"@type\":\"BreadcrumbList\",\"@id\":\"https:\\\/\\\/bladnanews.com\\\/darren-fletcher-questions-kyle-walker-stamp-var-decision\\\/#breadcrumb\",\"itemListElement\":[{\"@type\":\"ListItem\",\"position\":1,\"name\":\"Home\",\"item\":\"https:\\\/\\\/bladnanews.com\\\/\"},{\"@type\":\"ListItem\",\"position\":2,\"name\":\"Darren Fletcher questions Kyle Walker stamp VAR decision\"}]},{\"@type\":\"WebSite\",\"@id\":\"https:\\\/\\\/mediumseagreen-eel-531711.hostingersite.com\\\/#website\",\"url\":\"https:\\\/\\\/mediumseagreen-eel-531711.hostingersite.com\\\/\",\"name\":\"Bladna News - Morocco\",\"description\":\"Where Moroccan Football Meets the World\",\"publisher\":{\"@id\":\"https:\\\/\\\/mediumseagreen-eel-531711.hostingersite.com\\\/#organization\"},\"potentialAction\":[{\"@type\":\"SearchAction\",\"target\":{\"@type\":\"EntryPoint\",\"urlTemplate\":\"https:\\\/\\\/mediumseagreen-eel-531711.hostingersite.com\\\/?s={search_term_string}\"},\"query-input\":{\"@type\":\"PropertyValueSpecification\",\"valueRequired\":true,\"valueName\":\"search_term_string\"}}],\"inLanguage\":\"fr-FR\"},{\"@type\":\"Organization\",\"@id\":\"https:\\\/\\\/mediumseagreen-eel-531711.hostingersite.com\\\/#organization\",\"name\":\"Bladna News.com\",\"url\":\"https:\\\/\\\/mediumseagreen-eel-531711.hostingersite.com\\\/\",\"logo\":{\"@type\":\"ImageObject\",\"inLanguage\":\"fr-FR\",\"@id\":\"https:\\\/\\\/mediumseagreen-eel-531711.hostingersite.com\\\/#\\\/schema\\\/logo\\\/image\\\/\",\"url\":\"https:\\\/\\\/bladnanews.com\\\/wp-content\\\/uploads\\\/2025\\\/12\\\/logo-bladnanews-V2-web-black-red.png\",\"contentUrl\":\"https:\\\/\\\/bladnanews.com\\\/wp-content\\\/uploads\\\/2025\\\/12\\\/logo-bladnanews-V2-web-black-red.png\",\"width\":703,\"height\":287,\"caption\":\"Bladna News.com\"},\"image\":{\"@id\":\"https:\\\/\\\/mediumseagreen-eel-531711.hostingersite.com\\\/#\\\/schema\\\/logo\\\/image\\\/\"},\"email\":\"info@bladnanews.com\",\"legalName\":\"Bladna News\"},{\"@type\":\"Person\",\"@id\":\"https:\\\/\\\/mediumseagreen-eel-531711.hostingersite.com\\\/#\\\/schema\\\/person\\\/268e18a453ab080ebf76df6ef7845083\",\"name\":\"Bladna News Staff\",\"url\":\"https:\\\/\\\/bladnanews.com\\\/fr\\\/author\\\/bladna-news-staff\\\/\"}]}<\/script>\n<!-- \/ Yoast SEO Premium plugin. -->","yoast_head_json":{"title":"Darren Fletcher remet en question la d\u00e9cision du VAR concernant le tacle de Kyle Walker - Bladna News","robots":{"index":"index","follow":"follow","max-snippet":"max-snippet:-1","max-image-preview":"max-image-preview:large","max-video-preview":"max-video-preview:-1"},"canonical":"https:\/\/bladnanews.com\/fr\/darren-fletcher-remet-en-question-la-decision-du-var-concernant-le-tacle-de-kyle-walker\/","og_locale":"fr_FR","og_type":"article","og_title":"Darren Fletcher questions Kyle Walker stamp VAR decision","og_description":"Manchester United interim coach Darren Fletcher admitted he was surprised Kyle Walker escaped a red card after appearing to stamp [&hellip;]","og_url":"https:\/\/bladnanews.com\/fr\/darren-fletcher-remet-en-question-la-decision-du-var-concernant-le-tacle-de-kyle-walker\/","og_site_name":"Bladna News","article_published_time":"2026-01-09T18:10:16+00:00","og_image":[{"width":1312,"height":736,"url":"https:\/\/bladnanews.com\/wp-content\/uploads\/2025\/12\/freepik__bladna-newscom-moroccan-soccer-homepage-banner-mor__41838.png","type":"image\/png"}],"author":"Bladna News Staff","twitter_card":"summary_large_image","twitter_misc":{"\u00c9crit par":"Bladna News Staff","Dur\u00e9e de lecture estim\u00e9e":"1 minute"},"schema":{"@context":"https:\/\/schema.org","@graph":[{"@type":"Article","@id":"https:\/\/bladnanews.com\/darren-fletcher-questions-kyle-walker-stamp-var-decision\/#article","isPartOf":{"@id":"https:\/\/bladnanews.com\/darren-fletcher-questions-kyle-walker-stamp-var-decision\/"},"author":{"name":"Bladna News Staff","@id":"https:\/\/mediumseagreen-eel-531711.hostingersite.com\/#\/schema\/person\/268e18a453ab080ebf76df6ef7845083"},"headline":"Darren Fletcher questions Kyle Walker stamp VAR decision","datePublished":"2026-01-09T18:10:16+00:00","mainEntityOfPage":{"@id":"https:\/\/bladnanews.com\/darren-fletcher-questions-kyle-walker-stamp-var-decision\/"},"wordCount":205,"publisher":{"@id":"https:\/\/mediumseagreen-eel-531711.hostingersite.com\/#organization"},"image":{"@id":"https:\/\/bladnanews.com\/darren-fletcher-questions-kyle-walker-stamp-var-decision\/#primaryimage"},"thumbnailUrl":"https:\/\/bladnanews.com\/wp-content\/uploads\/2026\/01\/BladnaNews-Darren-Fletcher-questions-Kyle-Walker-stamp-VAR-decision-2026-01-10T131030.027Z.jpg","articleSection":["International","Latest News"],"inLanguage":"fr-FR","copyrightYear":"2026","copyrightHolder":{"@id":"https:\/\/bladnanews.com\/fr\/#organization"}},{"@type":"WebPage","@id":"https:\/\/bladnanews.com\/darren-fletcher-questions-kyle-walker-stamp-var-decision\/","url":"https:\/\/bladnanews.com\/darren-fletcher-questions-kyle-walker-stamp-var-decision\/","name":"Darren Fletcher remet en question la d\u00e9cision du VAR concernant le tacle de Kyle Walker - Bladna News","isPartOf":{"@id":"https:\/\/mediumseagreen-eel-531711.hostingersite.com\/#website"},"primaryImageOfPage":{"@id":"https:\/\/bladnanews.com\/darren-fletcher-questions-kyle-walker-stamp-var-decision\/#primaryimage"},"image":{"@id":"https:\/\/bladnanews.com\/darren-fletcher-questions-kyle-walker-stamp-var-decision\/#primaryimage"},"thumbnailUrl":"https:\/\/bladnanews.com\/wp-content\/uploads\/2026\/01\/BladnaNews-Darren-Fletcher-questions-Kyle-Walker-stamp-VAR-decision-2026-01-10T131030.027Z.jpg","datePublished":"2026-01-09T18:10:16+00:00","breadcrumb":{"@id":"https:\/\/bladnanews.com\/darren-fletcher-questions-kyle-walker-stamp-var-decision\/#breadcrumb"},"inLanguage":"fr-FR","potentialAction":[{"@type":"ReadAction","target":["https:\/\/bladnanews.com\/darren-fletcher-questions-kyle-walker-stamp-var-decision\/"]}]},{"@type":"ImageObject","inLanguage":"fr-FR","@id":"https:\/\/bladnanews.com\/darren-fletcher-questions-kyle-walker-stamp-var-decision\/#primaryimage","url":"https:\/\/bladnanews.com\/wp-content\/uploads\/2026\/01\/BladnaNews-Darren-Fletcher-questions-Kyle-Walker-stamp-VAR-decision-2026-01-10T131030.027Z.jpg","contentUrl":"https:\/\/bladnanews.com\/wp-content\/uploads\/2026\/01\/BladnaNews-Darren-Fletcher-questions-Kyle-Walker-stamp-VAR-decision-2026-01-10T131030.027Z.jpg","width":2064,"height":1161,"caption":"Darren Fletcher, wearing a black coat, applauds passionately, with a blurred stadium backdrop, during a football match."},{"@type":"BreadcrumbList","@id":"https:\/\/bladnanews.com\/darren-fletcher-questions-kyle-walker-stamp-var-decision\/#breadcrumb","itemListElement":[{"@type":"ListItem","position":1,"name":"Home","item":"https:\/\/bladnanews.com\/"},{"@type":"ListItem","position":2,"name":"Darren Fletcher questions Kyle Walker stamp VAR decision"}]},{"@type":"WebSite","@id":"https:\/\/mediumseagreen-eel-531711.hostingersite.com\/#website","url":"https:\/\/mediumseagreen-eel-531711.hostingersite.com\/","name":"Bladna News - Maroc","description":"Quand le football marocain rencontre le monde","publisher":{"@id":"https:\/\/mediumseagreen-eel-531711.hostingersite.com\/#organization"},"potentialAction":[{"@type":"SearchAction","target":{"@type":"EntryPoint","urlTemplate":"https:\/\/mediumseagreen-eel-531711.hostingersite.com\/?s={search_term_string}"},"query-input":{"@type":"PropertyValueSpecification","valueRequired":true,"valueName":"search_term_string"}}],"inLanguage":"fr-FR"},{"@type":"Organization","@id":"https:\/\/mediumseagreen-eel-531711.hostingersite.com\/#organization","name":"Bladna News.com","url":"https:\/\/mediumseagreen-eel-531711.hostingersite.com\/","logo":{"@type":"ImageObject","inLanguage":"fr-FR","@id":"https:\/\/mediumseagreen-eel-531711.hostingersite.com\/#\/schema\/logo\/image\/","url":"https:\/\/bladnanews.com\/wp-content\/uploads\/2025\/12\/logo-bladnanews-V2-web-black-red.png","contentUrl":"https:\/\/bladnanews.com\/wp-content\/uploads\/2025\/12\/logo-bladnanews-V2-web-black-red.png","width":703,"height":287,"caption":"Bladna News.com"},"image":{"@id":"https:\/\/mediumseagreen-eel-531711.hostingersite.com\/#\/schema\/logo\/image\/"},"email":"info@bladnanews.com","legalName":"Bladna News"},{"@type":"Person","@id":"https:\/\/mediumseagreen-eel-531711.hostingersite.com\/#\/schema\/person\/268e18a453ab080ebf76df6ef7845083","name":"\u00c9quipe r\u00e9dactionnelle de Bladna News","url":"https:\/\/bladnanews.com\/fr\/author\/bladna-news-staff\/"}]}},"_links":{"self":[{"href":"https:\/\/bladnanews.com\/fr\/wp-json\/wp\/v2\/posts\/5627","targetHints":{"allow":["GET"]}}],"collection":[{"href":"https:\/\/bladnanews.com\/fr\/wp-json\/wp\/v2\/posts"}],"about":[{"href":"https:\/\/bladnanews.com\/fr\/wp-json\/wp\/v2\/types\/post"}],"author":[{"embeddable":true,"href":"https:\/\/bladnanews.com\/fr\/wp-json\/wp\/v2\/users\/3"}],"replies":[{"embeddable":true,"href":"https:\/\/bladnanews.com\/fr\/wp-json\/wp\/v2\/comments?post=5627"}],"version-history":[{"count":0,"href":"https:\/\/bladnanews.com\/fr\/wp-json\/wp\/v2\/posts\/5627\/revisions"}],"wp:featuredmedia":[{"embeddable":true,"href":"https:\/\/bladnanews.com\/fr\/wp-json\/wp\/v2\/media\/5626"}],"wp:attachment":[{"href":"https:\/\/bladnanews.com\/fr\/wp-json\/wp\/v2\/media?parent=5627"}],"wp:term":[{"taxonomy":"category","embeddable":true,"href":"https:\/\/bladnanews.com\/fr\/wp-json\/wp\/v2\/categories?post=5627"},{"taxonomy":"post_tag","embeddable":true,"href":"https:\/\/bladnanews.com\/fr\/wp-json\/wp\/v2\/tags?post=5627"}],"curies":[{"name":"wp","href":"https:\/\/api.w.org\/{rel}","templated":true}]}}