{"id":5637,"date":"2026-01-10T10:10:00","date_gmt":"2026-01-10T10:10:00","guid":{"rendered":"https:\/\/bladnanews.com\/moroccos-afcon-bid-hailed-as-a-global-model-under-study\/"},"modified":"2026-01-10T10:10:00","modified_gmt":"2026-01-10T10:10:00","slug":"la-candidature-du-maroc-pour-la-can-saluee-comme-un-modele-mondial-en-etude","status":"publish","type":"post","link":"https:\/\/bladnanews.com\/fr\/la-candidature-du-maroc-pour-la-can-saluee-comme-un-modele-mondial-en-etude\/","title":{"rendered":"L'offre du Maroc pour la CAN salu\u00e9e comme un mod\u00e8le mondial \u00e0 l'\u00e9tude"},"content":{"rendered":"<p>La volont\u00e9 du Maroc d'accueillir la Coupe d'Afrique des Nations va au-del\u00e0 du sport et est d\u00e9sormais pr\u00e9sent\u00e9e comme un mod\u00e8le mondial \u00e0 l'\u00e9tude, selon un rapport international.<\/p>\n<p>Le rapport a d\u00e9clar\u00e9 que \u201cCAN Maroc\u201d est devenu un cas qui suscite un int\u00e9r\u00eat bien au-del\u00e0 des cercles du football, car la mani\u00e8re dont le projet est g\u00e9r\u00e9 est consid\u00e9r\u00e9e comme un exemple de planification et d'organisation.<\/p>\n<p>Il a ajout\u00e9 que le mod\u00e8le est examin\u00e9 en pr\u00e9sence d'une d\u00e9l\u00e9gation du FBI, soulignant l'ampleur de l'attention port\u00e9e au travail effectu\u00e9.<\/p>\n<p>Le rapport s'est concentr\u00e9 sur l'impact plus large des pr\u00e9paratifs du Maroc, expliquant que ce qui a commenc\u00e9 comme une candidature sportive a \u00e9volu\u00e9 en un projet national plus vaste bas\u00e9 sur une planification claire, une forte coordination et une infrastructure moderne.<\/p>\n<p>Au-del\u00e0 des travaux de stade, le m\u00eame document a soulign\u00e9 des am\u00e9liorations li\u00e9es aux transports, \u00e0 l'hospitalit\u00e9 et aux services, affirmant que l'effort global est suivi comme une r\u00e9f\u00e9rence pour les grands \u00e9v\u00e9nements.<\/p>\n<p>Dans le m\u00eame contexte, le rapport international a soulign\u00e9 que l'approche du Maroc est d\u00e9sormais consid\u00e9r\u00e9e comme un cadre organis\u00e9 capable de fixer des normes, avec \u201cCAN Maroc\u201d n'\u00e9tant plus trait\u00e9 uniquement comme un dossier de football, mais comme un mod\u00e8le complet \u00e9tudi\u00e9 au niveau international.<\/p>","protected":false},"excerpt":{"rendered":"<p>Morocco\u2019s push to host the Africa Cup of Nations has gone beyond sport and is now being presented as a [&hellip;]<\/p>\n","protected":false},"author":4,"featured_media":5636,"comment_status":"","ping_status":"open","sticky":false,"template":"","format":"standard","meta":{"googlesitekit_rrm_CAow_uzEDA:productID":"","site-sidebar-layout":"default","site-content-layout":"","ast-site-content-layout":"default","site-content-style":"default","site-sidebar-style":"default","ast-global-header-display":"","ast-banner-title-visibility":"","ast-main-header-display":"","ast-hfb-above-header-display":"","ast-hfb-below-header-display":"","ast-hfb-mobile-header-display":"","site-post-title":"","ast-breadcrumbs-content":"","ast-featured-img":"","footer-sml-layout":"","ast-disable-related-posts":"","theme-transparent-header-meta":"","adv-header-id-meta":"","stick-header-meta":"","header-above-stick-meta":"","header-main-stick-meta":"","header-below-stick-meta":"","astra-migrate-meta-layouts":"default","ast-page-background-enabled":"default","ast-page-background-meta":{"desktop":{"background-color":"var(--ast-global-color-5)","background-image":"","background-repeat":"repeat","background-position":"center center","background-size":"auto","background-attachment":"scroll","background-type":"","background-media":"","overlay-type":"","overlay-color":"","overlay-opacity":"","overlay-gradient":""},"tablet":{"background-color":"","background-image":"","background-repeat":"repeat","background-position":"center center","background-size":"auto","background-attachment":"scroll","background-type":"","background-media":"","overlay-type":"","overlay-color":"","overlay-opacity":"","overlay-gradient":""},"mobile":{"background-color":"","background-image":"","background-repeat":"repeat","background-position":"center center","background-size":"auto","background-attachment":"scroll","background-type":"","background-media":"","overlay-type":"","overlay-color":"","overlay-opacity":"","overlay-gradient":""}},"ast-content-background-meta":{"desktop":{"background-color":"var(--ast-global-color-4)","background-image":"","background-repeat":"repeat","background-position":"center center","background-size":"auto","background-attachment":"scroll","background-type":"","background-media":"","overlay-type":"","overlay-color":"","overlay-opacity":"","overlay-gradient":""},"tablet":{"background-color":"var(--ast-global-color-4)","background-image":"","background-repeat":"repeat","background-position":"center center","background-size":"auto","background-attachment":"scroll","background-type":"","background-media":"","overlay-type":"","overlay-color":"","overlay-opacity":"","overlay-gradient":""},"mobile":{"background-color":"var(--ast-global-color-4)","background-image":"","background-repeat":"repeat","background-position":"center center","background-size":"auto","background-attachment":"scroll","background-type":"","background-media":"","overlay-type":"","overlay-color":"","overlay-opacity":"","overlay-gradient":""}},"footnotes":""},"categories":[1,168],"tags":[],"class_list":["post-5637","post","type-post","status-publish","format-standard","has-post-thumbnail","hentry","category-football-latest-news","category-morocco-national-team"],"yoast_head":"<!-- This site is optimized with the Yoast SEO Premium plugin v26.6 (Yoast SEO v27.4) - https:\/\/yoast.com\/product\/yoast-seo-premium-wordpress\/ -->\n<title>Morocco\u2019s AFCON bid hailed as a global model under study - Bladna News<\/title>\n<meta name=\"robots\" content=\"index, follow, max-snippet:-1, max-image-preview:large, max-video-preview:-1\" \/>\n<link rel=\"canonical\" href=\"https:\/\/bladnanews.com\/fr\/la-candidature-du-maroc-pour-la-can-saluee-comme-un-modele-mondial-en-etude\/\" \/>\n<meta property=\"og:locale\" content=\"fr_FR\" \/>\n<meta property=\"og:type\" content=\"article\" \/>\n<meta property=\"og:title\" content=\"Morocco\u2019s AFCON bid hailed as a global model under study\" \/>\n<meta property=\"og:description\" content=\"Morocco\u2019s push to host the Africa Cup of Nations has gone beyond sport and is now being presented as a [&hellip;]\" \/>\n<meta property=\"og:url\" content=\"https:\/\/bladnanews.com\/fr\/la-candidature-du-maroc-pour-la-can-saluee-comme-un-modele-mondial-en-etude\/\" \/>\n<meta property=\"og:site_name\" content=\"Bladna News\" \/>\n<meta property=\"article:published_time\" content=\"2026-01-10T10:10:00+00:00\" \/>\n<meta property=\"og:image\" content=\"https:\/\/bladnanews.com\/wp-content\/uploads\/2025\/12\/freepik__bladna-newscom-moroccan-soccer-homepage-banner-mor__41838.png\" \/>\n\t<meta property=\"og:image:width\" content=\"1312\" \/>\n\t<meta property=\"og:image:height\" content=\"736\" \/>\n\t<meta property=\"og:image:type\" content=\"image\/png\" \/>\n<meta name=\"author\" content=\"Bladna Sports Desk\" \/>\n<meta name=\"twitter:card\" content=\"summary_large_image\" \/>\n<meta name=\"twitter:label1\" content=\"\u00c9crit par\" \/>\n\t<meta name=\"twitter:data1\" content=\"Bladna Sports Desk\" \/>\n\t<meta name=\"twitter:label2\" content=\"Dur\u00e9e de lecture estim\u00e9e\" \/>\n\t<meta name=\"twitter:data2\" content=\"1 minute\" \/>\n<script type=\"application\/ld+json\" class=\"yoast-schema-graph\">{\"@context\":\"https:\\\/\\\/schema.org\",\"@graph\":[{\"@type\":\"Article\",\"@id\":\"https:\\\/\\\/bladnanews.com\\\/moroccos-afcon-bid-hailed-as-a-global-model-under-study\\\/#article\",\"isPartOf\":{\"@id\":\"https:\\\/\\\/bladnanews.com\\\/moroccos-afcon-bid-hailed-as-a-global-model-under-study\\\/\"},\"author\":{\"name\":\"Bladna Sports Desk\",\"@id\":\"https:\\\/\\\/mediumseagreen-eel-531711.hostingersite.com\\\/#\\\/schema\\\/person\\\/6712b38fabe810f7eb8d15ed30d90f1e\"},\"headline\":\"Morocco\u2019s AFCON bid hailed as a global model under study\",\"datePublished\":\"2026-01-10T10:10:00+00:00\",\"mainEntityOfPage\":{\"@id\":\"https:\\\/\\\/bladnanews.com\\\/moroccos-afcon-bid-hailed-as-a-global-model-under-study\\\/\"},\"wordCount\":207,\"publisher\":{\"@id\":\"https:\\\/\\\/mediumseagreen-eel-531711.hostingersite.com\\\/#organization\"},\"image\":{\"@id\":\"https:\\\/\\\/bladnanews.com\\\/moroccos-afcon-bid-hailed-as-a-global-model-under-study\\\/#primaryimage\"},\"thumbnailUrl\":\"https:\\\/\\\/bladnanews.com\\\/wp-content\\\/uploads\\\/2026\\\/01\\\/Capture-decran-2026-01-10-a-11.11.28_1768039920.webp\",\"articleSection\":[\"Latest News\",\"Morocco National Team\"],\"inLanguage\":\"fr-FR\",\"copyrightYear\":\"2026\",\"copyrightHolder\":{\"@id\":\"https:\\\/\\\/bladnanews.com\\\/fr\\\/#organization\"}},{\"@type\":\"WebPage\",\"@id\":\"https:\\\/\\\/bladnanews.com\\\/moroccos-afcon-bid-hailed-as-a-global-model-under-study\\\/\",\"url\":\"https:\\\/\\\/bladnanews.com\\\/moroccos-afcon-bid-hailed-as-a-global-model-under-study\\\/\",\"name\":\"Morocco\u2019s AFCON bid hailed as a global model under study - Bladna News\",\"isPartOf\":{\"@id\":\"https:\\\/\\\/mediumseagreen-eel-531711.hostingersite.com\\\/#website\"},\"primaryImageOfPage\":{\"@id\":\"https:\\\/\\\/bladnanews.com\\\/moroccos-afcon-bid-hailed-as-a-global-model-under-study\\\/#primaryimage\"},\"image\":{\"@id\":\"https:\\\/\\\/bladnanews.com\\\/moroccos-afcon-bid-hailed-as-a-global-model-under-study\\\/#primaryimage\"},\"thumbnailUrl\":\"https:\\\/\\\/bladnanews.com\\\/wp-content\\\/uploads\\\/2026\\\/01\\\/Capture-decran-2026-01-10-a-11.11.28_1768039920.webp\",\"datePublished\":\"2026-01-10T10:10:00+00:00\",\"breadcrumb\":{\"@id\":\"https:\\\/\\\/bladnanews.com\\\/moroccos-afcon-bid-hailed-as-a-global-model-under-study\\\/#breadcrumb\"},\"inLanguage\":\"fr-FR\",\"potentialAction\":[{\"@type\":\"ReadAction\",\"target\":[\"https:\\\/\\\/bladnanews.com\\\/moroccos-afcon-bid-hailed-as-a-global-model-under-study\\\/\"]}]},{\"@type\":\"ImageObject\",\"inLanguage\":\"fr-FR\",\"@id\":\"https:\\\/\\\/bladnanews.com\\\/moroccos-afcon-bid-hailed-as-a-global-model-under-study\\\/#primaryimage\",\"url\":\"https:\\\/\\\/bladnanews.com\\\/wp-content\\\/uploads\\\/2026\\\/01\\\/Capture-decran-2026-01-10-a-11.11.28_1768039920.webp\",\"contentUrl\":\"https:\\\/\\\/bladnanews.com\\\/wp-content\\\/uploads\\\/2026\\\/01\\\/Capture-decran-2026-01-10-a-11.11.28_1768039920.webp\",\"width\":860,\"height\":489,\"caption\":\"Achraf Hakimi celebrates in Morocco kit alongside Donald Trump, with a presenter discussing themes of learning from Africa, set against a vibrant backdrop.\"},{\"@type\":\"BreadcrumbList\",\"@id\":\"https:\\\/\\\/bladnanews.com\\\/moroccos-afcon-bid-hailed-as-a-global-model-under-study\\\/#breadcrumb\",\"itemListElement\":[{\"@type\":\"ListItem\",\"position\":1,\"name\":\"Home\",\"item\":\"https:\\\/\\\/bladnanews.com\\\/\"},{\"@type\":\"ListItem\",\"position\":2,\"name\":\"Morocco\u2019s AFCON bid hailed as a global model under study\"}]},{\"@type\":\"WebSite\",\"@id\":\"https:\\\/\\\/mediumseagreen-eel-531711.hostingersite.com\\\/#website\",\"url\":\"https:\\\/\\\/mediumseagreen-eel-531711.hostingersite.com\\\/\",\"name\":\"Bladna News - Morocco\",\"description\":\"Where Moroccan Football Meets the World\",\"publisher\":{\"@id\":\"https:\\\/\\\/mediumseagreen-eel-531711.hostingersite.com\\\/#organization\"},\"potentialAction\":[{\"@type\":\"SearchAction\",\"target\":{\"@type\":\"EntryPoint\",\"urlTemplate\":\"https:\\\/\\\/mediumseagreen-eel-531711.hostingersite.com\\\/?s={search_term_string}\"},\"query-input\":{\"@type\":\"PropertyValueSpecification\",\"valueRequired\":true,\"valueName\":\"search_term_string\"}}],\"inLanguage\":\"fr-FR\"},{\"@type\":\"Organization\",\"@id\":\"https:\\\/\\\/mediumseagreen-eel-531711.hostingersite.com\\\/#organization\",\"name\":\"Bladna News.com\",\"url\":\"https:\\\/\\\/mediumseagreen-eel-531711.hostingersite.com\\\/\",\"logo\":{\"@type\":\"ImageObject\",\"inLanguage\":\"fr-FR\",\"@id\":\"https:\\\/\\\/mediumseagreen-eel-531711.hostingersite.com\\\/#\\\/schema\\\/logo\\\/image\\\/\",\"url\":\"https:\\\/\\\/bladnanews.com\\\/wp-content\\\/uploads\\\/2025\\\/12\\\/logo-bladnanews-V2-web-black-red.png\",\"contentUrl\":\"https:\\\/\\\/bladnanews.com\\\/wp-content\\\/uploads\\\/2025\\\/12\\\/logo-bladnanews-V2-web-black-red.png\",\"width\":703,\"height\":287,\"caption\":\"Bladna News.com\"},\"image\":{\"@id\":\"https:\\\/\\\/mediumseagreen-eel-531711.hostingersite.com\\\/#\\\/schema\\\/logo\\\/image\\\/\"},\"email\":\"info@bladnanews.com\",\"legalName\":\"Bladna News\"},{\"@type\":\"Person\",\"@id\":\"https:\\\/\\\/mediumseagreen-eel-531711.hostingersite.com\\\/#\\\/schema\\\/person\\\/6712b38fabe810f7eb8d15ed30d90f1e\",\"name\":\"Bladna Sports Desk\",\"url\":\"https:\\\/\\\/bladnanews.com\\\/fr\\\/author\\\/bladna-sports-desk\\\/\"}]}<\/script>\n<!-- \/ Yoast SEO Premium plugin. -->","yoast_head_json":{"title":"La candidature du Maroc pour la CAN salu\u00e9e comme un mod\u00e8le mondial \u00e0 l'\u00e9tude - Bladna News","robots":{"index":"index","follow":"follow","max-snippet":"max-snippet:-1","max-image-preview":"max-image-preview:large","max-video-preview":"max-video-preview:-1"},"canonical":"https:\/\/bladnanews.com\/fr\/la-candidature-du-maroc-pour-la-can-saluee-comme-un-modele-mondial-en-etude\/","og_locale":"fr_FR","og_type":"article","og_title":"Morocco\u2019s AFCON bid hailed as a global model under study","og_description":"Morocco\u2019s push to host the Africa Cup of Nations has gone beyond sport and is now being presented as a [&hellip;]","og_url":"https:\/\/bladnanews.com\/fr\/la-candidature-du-maroc-pour-la-can-saluee-comme-un-modele-mondial-en-etude\/","og_site_name":"Bladna News","article_published_time":"2026-01-10T10:10:00+00:00","og_image":[{"width":1312,"height":736,"url":"https:\/\/bladnanews.com\/wp-content\/uploads\/2025\/12\/freepik__bladna-newscom-moroccan-soccer-homepage-banner-mor__41838.png","type":"image\/png"}],"author":"Bladna Sports Desk","twitter_card":"summary_large_image","twitter_misc":{"\u00c9crit par":"Bladna Sports Desk","Dur\u00e9e de lecture estim\u00e9e":"1 minute"},"schema":{"@context":"https:\/\/schema.org","@graph":[{"@type":"Article","@id":"https:\/\/bladnanews.com\/moroccos-afcon-bid-hailed-as-a-global-model-under-study\/#article","isPartOf":{"@id":"https:\/\/bladnanews.com\/moroccos-afcon-bid-hailed-as-a-global-model-under-study\/"},"author":{"name":"Bladna Sports Desk","@id":"https:\/\/mediumseagreen-eel-531711.hostingersite.com\/#\/schema\/person\/6712b38fabe810f7eb8d15ed30d90f1e"},"headline":"Morocco\u2019s AFCON bid hailed as a global model under study","datePublished":"2026-01-10T10:10:00+00:00","mainEntityOfPage":{"@id":"https:\/\/bladnanews.com\/moroccos-afcon-bid-hailed-as-a-global-model-under-study\/"},"wordCount":207,"publisher":{"@id":"https:\/\/mediumseagreen-eel-531711.hostingersite.com\/#organization"},"image":{"@id":"https:\/\/bladnanews.com\/moroccos-afcon-bid-hailed-as-a-global-model-under-study\/#primaryimage"},"thumbnailUrl":"https:\/\/bladnanews.com\/wp-content\/uploads\/2026\/01\/Capture-decran-2026-01-10-a-11.11.28_1768039920.webp","articleSection":["Latest News","Morocco National Team"],"inLanguage":"fr-FR","copyrightYear":"2026","copyrightHolder":{"@id":"https:\/\/bladnanews.com\/fr\/#organization"}},{"@type":"WebPage","@id":"https:\/\/bladnanews.com\/moroccos-afcon-bid-hailed-as-a-global-model-under-study\/","url":"https:\/\/bladnanews.com\/moroccos-afcon-bid-hailed-as-a-global-model-under-study\/","name":"La candidature du Maroc pour la CAN salu\u00e9e comme un mod\u00e8le mondial \u00e0 l'\u00e9tude - Bladna News","isPartOf":{"@id":"https:\/\/mediumseagreen-eel-531711.hostingersite.com\/#website"},"primaryImageOfPage":{"@id":"https:\/\/bladnanews.com\/moroccos-afcon-bid-hailed-as-a-global-model-under-study\/#primaryimage"},"image":{"@id":"https:\/\/bladnanews.com\/moroccos-afcon-bid-hailed-as-a-global-model-under-study\/#primaryimage"},"thumbnailUrl":"https:\/\/bladnanews.com\/wp-content\/uploads\/2026\/01\/Capture-decran-2026-01-10-a-11.11.28_1768039920.webp","datePublished":"2026-01-10T10:10:00+00:00","breadcrumb":{"@id":"https:\/\/bladnanews.com\/moroccos-afcon-bid-hailed-as-a-global-model-under-study\/#breadcrumb"},"inLanguage":"fr-FR","potentialAction":[{"@type":"ReadAction","target":["https:\/\/bladnanews.com\/moroccos-afcon-bid-hailed-as-a-global-model-under-study\/"]}]},{"@type":"ImageObject","inLanguage":"fr-FR","@id":"https:\/\/bladnanews.com\/moroccos-afcon-bid-hailed-as-a-global-model-under-study\/#primaryimage","url":"https:\/\/bladnanews.com\/wp-content\/uploads\/2026\/01\/Capture-decran-2026-01-10-a-11.11.28_1768039920.webp","contentUrl":"https:\/\/bladnanews.com\/wp-content\/uploads\/2026\/01\/Capture-decran-2026-01-10-a-11.11.28_1768039920.webp","width":860,"height":489,"caption":"Achraf Hakimi celebrates in Morocco kit alongside Donald Trump, with a presenter discussing themes of learning from Africa, set against a vibrant backdrop."},{"@type":"BreadcrumbList","@id":"https:\/\/bladnanews.com\/moroccos-afcon-bid-hailed-as-a-global-model-under-study\/#breadcrumb","itemListElement":[{"@type":"ListItem","position":1,"name":"Home","item":"https:\/\/bladnanews.com\/"},{"@type":"ListItem","position":2,"name":"Morocco\u2019s AFCON bid hailed as a global model under study"}]},{"@type":"WebSite","@id":"https:\/\/mediumseagreen-eel-531711.hostingersite.com\/#website","url":"https:\/\/mediumseagreen-eel-531711.hostingersite.com\/","name":"Bladna News - Maroc","description":"Quand le football marocain rencontre le monde","publisher":{"@id":"https:\/\/mediumseagreen-eel-531711.hostingersite.com\/#organization"},"potentialAction":[{"@type":"SearchAction","target":{"@type":"EntryPoint","urlTemplate":"https:\/\/mediumseagreen-eel-531711.hostingersite.com\/?s={search_term_string}"},"query-input":{"@type":"PropertyValueSpecification","valueRequired":true,"valueName":"search_term_string"}}],"inLanguage":"fr-FR"},{"@type":"Organization","@id":"https:\/\/mediumseagreen-eel-531711.hostingersite.com\/#organization","name":"Bladna News.com","url":"https:\/\/mediumseagreen-eel-531711.hostingersite.com\/","logo":{"@type":"ImageObject","inLanguage":"fr-FR","@id":"https:\/\/mediumseagreen-eel-531711.hostingersite.com\/#\/schema\/logo\/image\/","url":"https:\/\/bladnanews.com\/wp-content\/uploads\/2025\/12\/logo-bladnanews-V2-web-black-red.png","contentUrl":"https:\/\/bladnanews.com\/wp-content\/uploads\/2025\/12\/logo-bladnanews-V2-web-black-red.png","width":703,"height":287,"caption":"Bladna News.com"},"image":{"@id":"https:\/\/mediumseagreen-eel-531711.hostingersite.com\/#\/schema\/logo\/image\/"},"email":"info@bladnanews.com","legalName":"Bladna News"},{"@type":"Person","@id":"https:\/\/mediumseagreen-eel-531711.hostingersite.com\/#\/schema\/person\/6712b38fabe810f7eb8d15ed30d90f1e","name":"Bladna Sports Desk","url":"https:\/\/bladnanews.com\/fr\/author\/bladna-sports-desk\/"}]}},"_links":{"self":[{"href":"https:\/\/bladnanews.com\/fr\/wp-json\/wp\/v2\/posts\/5637","targetHints":{"allow":["GET"]}}],"collection":[{"href":"https:\/\/bladnanews.com\/fr\/wp-json\/wp\/v2\/posts"}],"about":[{"href":"https:\/\/bladnanews.com\/fr\/wp-json\/wp\/v2\/types\/post"}],"author":[{"embeddable":true,"href":"https:\/\/bladnanews.com\/fr\/wp-json\/wp\/v2\/users\/4"}],"replies":[{"embeddable":true,"href":"https:\/\/bladnanews.com\/fr\/wp-json\/wp\/v2\/comments?post=5637"}],"version-history":[{"count":0,"href":"https:\/\/bladnanews.com\/fr\/wp-json\/wp\/v2\/posts\/5637\/revisions"}],"wp:featuredmedia":[{"embeddable":true,"href":"https:\/\/bladnanews.com\/fr\/wp-json\/wp\/v2\/media\/5636"}],"wp:attachment":[{"href":"https:\/\/bladnanews.com\/fr\/wp-json\/wp\/v2\/media?parent=5637"}],"wp:term":[{"taxonomy":"category","embeddable":true,"href":"https:\/\/bladnanews.com\/fr\/wp-json\/wp\/v2\/categories?post=5637"},{"taxonomy":"post_tag","embeddable":true,"href":"https:\/\/bladnanews.com\/fr\/wp-json\/wp\/v2\/tags?post=5637"}],"curies":[{"name":"wp","href":"https:\/\/api.w.org\/{rel}","templated":true}]}}