{"id":5639,"date":"2026-01-10T10:28:00","date_gmt":"2026-01-10T10:28:00","guid":{"rendered":"https:\/\/bladnanews.com\/brahim-diaz-shines-at-afcon-amid-real-madrid-uncertainty\/"},"modified":"2026-01-10T10:28:00","modified_gmt":"2026-01-10T10:28:00","slug":"brahim-diaz-brille-a-la-can-au-milieu-de-lincertitude-du-real-madrid","status":"publish","type":"post","link":"https:\/\/bladnanews.com\/fr\/brahim-diaz-brille-a-la-can-au-milieu-de-lincertitude-du-real-madrid\/","title":{"rendered":"Brahim Diaz brille \u00e0 la CAN au milieu de l'incertitude au Real Madrid"},"content":{"rendered":"<p>En C\u00f4te d'Ivoire, Brahim Diaz a attir\u00e9 l'attention avec ses performances solides lors de la Coupe d'Afrique des Nations, \u00e0 un moment o\u00f9 les questions sur son futur r\u00f4le au Real Madrid se multiplient.<\/p>\n<p>L'international marocain a \u00e9t\u00e9 l'un des noms marquants de la course de son \u00e9quipe nationale, montrant de la personnalit\u00e9 dans les grands moments et offrant des buts et un impact clair dans le dernier tiers. Sa forme a aliment\u00e9 le d\u00e9bat en Espagne sur la possibilit\u00e9 que ce tournoi change la fa\u00e7on dont il est per\u00e7u une fois qu'il retournera au Santiago Bernabeu.<\/p>\n<p>Malgr\u00e9 son talent, Diaz s'est souvent retrouv\u00e9 sur la touche \u00e0 Madrid, avec des minutes qui viennent par vagues et sa place jamais totalement s\u00e9curis\u00e9e. Cette situation est devenue encore plus compliqu\u00e9e avec l'arriv\u00e9e de Xabi Alonso pour diriger le projet, car le statut du joueur dans les nouveaux plans reste flou.<\/p>\n<p>La CAN, cependant, a offert \u00e0 Diaz la sc\u00e8ne parfaite pour r\u00e9pondre sur le terrain. Il a jou\u00e9 avec confiance, rapidit\u00e9 et prise de d\u00e9cision aiguis\u00e9e, et sa contribution a \u00e9t\u00e9 centrale dans le jeu offensif du Maroc tout au long de la comp\u00e9tition.<\/p>\n<p>Avec le tournoi qui se poursuit, la \u201ctemp\u00eate Brahim\u201d est devenue un sujet de conversation : un joueur qui brille \u00e0 un niveau continental peut-il revenir au football de club et enfin mettre fin \u00e0 une p\u00e9riode d'oubli ? C'est la question qui plane maintenant sur ses prochaines \u00e9tapes, alors que ses performances avec le Maroc continuent de remettre son nom sous les projecteurs.<\/p>","protected":false},"excerpt":{"rendered":"<p>In Ivory Coast, Brahim Diaz has turned heads with his strong displays at the Africa Cup of Nations, at a [&hellip;]<\/p>\n","protected":false},"author":4,"featured_media":5638,"comment_status":"","ping_status":"open","sticky":false,"template":"","format":"standard","meta":{"googlesitekit_rrm_CAow_uzEDA:productID":"","site-sidebar-layout":"default","site-content-layout":"","ast-site-content-layout":"default","site-content-style":"default","site-sidebar-style":"default","ast-global-header-display":"","ast-banner-title-visibility":"","ast-main-header-display":"","ast-hfb-above-header-display":"","ast-hfb-below-header-display":"","ast-hfb-mobile-header-display":"","site-post-title":"","ast-breadcrumbs-content":"","ast-featured-img":"","footer-sml-layout":"","ast-disable-related-posts":"","theme-transparent-header-meta":"","adv-header-id-meta":"","stick-header-meta":"","header-above-stick-meta":"","header-main-stick-meta":"","header-below-stick-meta":"","astra-migrate-meta-layouts":"default","ast-page-background-enabled":"default","ast-page-background-meta":{"desktop":{"background-color":"var(--ast-global-color-5)","background-image":"","background-repeat":"repeat","background-position":"center center","background-size":"auto","background-attachment":"scroll","background-type":"","background-media":"","overlay-type":"","overlay-color":"","overlay-opacity":"","overlay-gradient":""},"tablet":{"background-color":"","background-image":"","background-repeat":"repeat","background-position":"center center","background-size":"auto","background-attachment":"scroll","background-type":"","background-media":"","overlay-type":"","overlay-color":"","overlay-opacity":"","overlay-gradient":""},"mobile":{"background-color":"","background-image":"","background-repeat":"repeat","background-position":"center center","background-size":"auto","background-attachment":"scroll","background-type":"","background-media":"","overlay-type":"","overlay-color":"","overlay-opacity":"","overlay-gradient":""}},"ast-content-background-meta":{"desktop":{"background-color":"var(--ast-global-color-4)","background-image":"","background-repeat":"repeat","background-position":"center center","background-size":"auto","background-attachment":"scroll","background-type":"","background-media":"","overlay-type":"","overlay-color":"","overlay-opacity":"","overlay-gradient":""},"tablet":{"background-color":"var(--ast-global-color-4)","background-image":"","background-repeat":"repeat","background-position":"center center","background-size":"auto","background-attachment":"scroll","background-type":"","background-media":"","overlay-type":"","overlay-color":"","overlay-opacity":"","overlay-gradient":""},"mobile":{"background-color":"var(--ast-global-color-4)","background-image":"","background-repeat":"repeat","background-position":"center center","background-size":"auto","background-attachment":"scroll","background-type":"","background-media":"","overlay-type":"","overlay-color":"","overlay-opacity":"","overlay-gradient":""}},"footnotes":""},"categories":[1,168],"tags":[],"class_list":["post-5639","post","type-post","status-publish","format-standard","has-post-thumbnail","hentry","category-football-latest-news","category-morocco-national-team"],"yoast_head":"<!-- This site is optimized with the Yoast SEO Premium plugin v26.6 (Yoast SEO v27.4) - https:\/\/yoast.com\/product\/yoast-seo-premium-wordpress\/ -->\n<title>Brahim Diaz shines at AFCON amid Real Madrid uncertainty - Bladna News<\/title>\n<meta name=\"robots\" content=\"index, follow, max-snippet:-1, max-image-preview:large, max-video-preview:-1\" \/>\n<link rel=\"canonical\" href=\"https:\/\/bladnanews.com\/fr\/brahim-diaz-brille-a-la-can-au-milieu-de-lincertitude-du-real-madrid\/\" \/>\n<meta property=\"og:locale\" content=\"fr_FR\" \/>\n<meta property=\"og:type\" content=\"article\" \/>\n<meta property=\"og:title\" content=\"Brahim Diaz shines at AFCON amid Real Madrid uncertainty\" \/>\n<meta property=\"og:description\" content=\"In Ivory Coast, Brahim Diaz has turned heads with his strong displays at the Africa Cup of Nations, at a [&hellip;]\" \/>\n<meta property=\"og:url\" content=\"https:\/\/bladnanews.com\/fr\/brahim-diaz-brille-a-la-can-au-milieu-de-lincertitude-du-real-madrid\/\" \/>\n<meta property=\"og:site_name\" content=\"Bladna News\" \/>\n<meta property=\"article:published_time\" content=\"2026-01-10T10:28:00+00:00\" \/>\n<meta property=\"og:image\" content=\"https:\/\/bladnanews.com\/wp-content\/uploads\/2025\/12\/freepik__bladna-newscom-moroccan-soccer-homepage-banner-mor__41838.png\" \/>\n\t<meta property=\"og:image:width\" content=\"1312\" \/>\n\t<meta property=\"og:image:height\" content=\"736\" \/>\n\t<meta property=\"og:image:type\" content=\"image\/png\" \/>\n<meta name=\"author\" content=\"Bladna Sports Desk\" \/>\n<meta name=\"twitter:card\" content=\"summary_large_image\" \/>\n<meta name=\"twitter:label1\" content=\"\u00c9crit par\" \/>\n\t<meta name=\"twitter:data1\" content=\"Bladna Sports Desk\" \/>\n\t<meta name=\"twitter:label2\" content=\"Dur\u00e9e de lecture estim\u00e9e\" \/>\n\t<meta name=\"twitter:data2\" content=\"1 minute\" \/>\n<script type=\"application\/ld+json\" class=\"yoast-schema-graph\">{\"@context\":\"https:\\\/\\\/schema.org\",\"@graph\":[{\"@type\":\"Article\",\"@id\":\"https:\\\/\\\/bladnanews.com\\\/brahim-diaz-shines-at-afcon-amid-real-madrid-uncertainty\\\/#article\",\"isPartOf\":{\"@id\":\"https:\\\/\\\/bladnanews.com\\\/brahim-diaz-shines-at-afcon-amid-real-madrid-uncertainty\\\/\"},\"author\":{\"name\":\"Bladna Sports Desk\",\"@id\":\"https:\\\/\\\/mediumseagreen-eel-531711.hostingersite.com\\\/#\\\/schema\\\/person\\\/6712b38fabe810f7eb8d15ed30d90f1e\"},\"headline\":\"Brahim Diaz shines at AFCON amid Real Madrid uncertainty\",\"datePublished\":\"2026-01-10T10:28:00+00:00\",\"mainEntityOfPage\":{\"@id\":\"https:\\\/\\\/bladnanews.com\\\/brahim-diaz-shines-at-afcon-amid-real-madrid-uncertainty\\\/\"},\"wordCount\":242,\"publisher\":{\"@id\":\"https:\\\/\\\/mediumseagreen-eel-531711.hostingersite.com\\\/#organization\"},\"image\":{\"@id\":\"https:\\\/\\\/bladnanews.com\\\/brahim-diaz-shines-at-afcon-amid-real-madrid-uncertainty\\\/#primaryimage\"},\"thumbnailUrl\":\"https:\\\/\\\/bladnanews.com\\\/wp-content\\\/uploads\\\/2026\\\/01\\\/Capture-decran-2026-01-10-a-11.35.11_1768041338.webp\",\"articleSection\":[\"Latest News\",\"Morocco National Team\"],\"inLanguage\":\"fr-FR\",\"copyrightYear\":\"2026\",\"copyrightHolder\":{\"@id\":\"https:\\\/\\\/bladnanews.com\\\/fr\\\/#organization\"}},{\"@type\":\"WebPage\",\"@id\":\"https:\\\/\\\/bladnanews.com\\\/brahim-diaz-shines-at-afcon-amid-real-madrid-uncertainty\\\/\",\"url\":\"https:\\\/\\\/bladnanews.com\\\/brahim-diaz-shines-at-afcon-amid-real-madrid-uncertainty\\\/\",\"name\":\"Brahim Diaz shines at AFCON amid Real Madrid uncertainty - Bladna News\",\"isPartOf\":{\"@id\":\"https:\\\/\\\/mediumseagreen-eel-531711.hostingersite.com\\\/#website\"},\"primaryImageOfPage\":{\"@id\":\"https:\\\/\\\/bladnanews.com\\\/brahim-diaz-shines-at-afcon-amid-real-madrid-uncertainty\\\/#primaryimage\"},\"image\":{\"@id\":\"https:\\\/\\\/bladnanews.com\\\/brahim-diaz-shines-at-afcon-amid-real-madrid-uncertainty\\\/#primaryimage\"},\"thumbnailUrl\":\"https:\\\/\\\/bladnanews.com\\\/wp-content\\\/uploads\\\/2026\\\/01\\\/Capture-decran-2026-01-10-a-11.35.11_1768041338.webp\",\"datePublished\":\"2026-01-10T10:28:00+00:00\",\"breadcrumb\":{\"@id\":\"https:\\\/\\\/bladnanews.com\\\/brahim-diaz-shines-at-afcon-amid-real-madrid-uncertainty\\\/#breadcrumb\"},\"inLanguage\":\"fr-FR\",\"potentialAction\":[{\"@type\":\"ReadAction\",\"target\":[\"https:\\\/\\\/bladnanews.com\\\/brahim-diaz-shines-at-afcon-amid-real-madrid-uncertainty\\\/\"]}]},{\"@type\":\"ImageObject\",\"inLanguage\":\"fr-FR\",\"@id\":\"https:\\\/\\\/bladnanews.com\\\/brahim-diaz-shines-at-afcon-amid-real-madrid-uncertainty\\\/#primaryimage\",\"url\":\"https:\\\/\\\/bladnanews.com\\\/wp-content\\\/uploads\\\/2026\\\/01\\\/Capture-decran-2026-01-10-a-11.35.11_1768041338.webp\",\"contentUrl\":\"https:\\\/\\\/bladnanews.com\\\/wp-content\\\/uploads\\\/2026\\\/01\\\/Capture-decran-2026-01-10-a-11.35.11_1768041338.webp\",\"width\":860,\"height\":752,\"caption\":\"Moroccan player celebrating in a white kit with green and red details, while a smiling coach observes from the side during a match.\"},{\"@type\":\"BreadcrumbList\",\"@id\":\"https:\\\/\\\/bladnanews.com\\\/brahim-diaz-shines-at-afcon-amid-real-madrid-uncertainty\\\/#breadcrumb\",\"itemListElement\":[{\"@type\":\"ListItem\",\"position\":1,\"name\":\"Home\",\"item\":\"https:\\\/\\\/bladnanews.com\\\/\"},{\"@type\":\"ListItem\",\"position\":2,\"name\":\"Brahim Diaz shines at AFCON amid Real Madrid uncertainty\"}]},{\"@type\":\"WebSite\",\"@id\":\"https:\\\/\\\/mediumseagreen-eel-531711.hostingersite.com\\\/#website\",\"url\":\"https:\\\/\\\/mediumseagreen-eel-531711.hostingersite.com\\\/\",\"name\":\"Bladna News - Morocco\",\"description\":\"Where Moroccan Football Meets the World\",\"publisher\":{\"@id\":\"https:\\\/\\\/mediumseagreen-eel-531711.hostingersite.com\\\/#organization\"},\"potentialAction\":[{\"@type\":\"SearchAction\",\"target\":{\"@type\":\"EntryPoint\",\"urlTemplate\":\"https:\\\/\\\/mediumseagreen-eel-531711.hostingersite.com\\\/?s={search_term_string}\"},\"query-input\":{\"@type\":\"PropertyValueSpecification\",\"valueRequired\":true,\"valueName\":\"search_term_string\"}}],\"inLanguage\":\"fr-FR\"},{\"@type\":\"Organization\",\"@id\":\"https:\\\/\\\/mediumseagreen-eel-531711.hostingersite.com\\\/#organization\",\"name\":\"Bladna News.com\",\"url\":\"https:\\\/\\\/mediumseagreen-eel-531711.hostingersite.com\\\/\",\"logo\":{\"@type\":\"ImageObject\",\"inLanguage\":\"fr-FR\",\"@id\":\"https:\\\/\\\/mediumseagreen-eel-531711.hostingersite.com\\\/#\\\/schema\\\/logo\\\/image\\\/\",\"url\":\"https:\\\/\\\/bladnanews.com\\\/wp-content\\\/uploads\\\/2025\\\/12\\\/logo-bladnanews-V2-web-black-red.png\",\"contentUrl\":\"https:\\\/\\\/bladnanews.com\\\/wp-content\\\/uploads\\\/2025\\\/12\\\/logo-bladnanews-V2-web-black-red.png\",\"width\":703,\"height\":287,\"caption\":\"Bladna News.com\"},\"image\":{\"@id\":\"https:\\\/\\\/mediumseagreen-eel-531711.hostingersite.com\\\/#\\\/schema\\\/logo\\\/image\\\/\"},\"email\":\"info@bladnanews.com\",\"legalName\":\"Bladna News\"},{\"@type\":\"Person\",\"@id\":\"https:\\\/\\\/mediumseagreen-eel-531711.hostingersite.com\\\/#\\\/schema\\\/person\\\/6712b38fabe810f7eb8d15ed30d90f1e\",\"name\":\"Bladna Sports Desk\",\"url\":\"https:\\\/\\\/bladnanews.com\\\/fr\\\/author\\\/bladna-sports-desk\\\/\"}]}<\/script>\n<!-- \/ Yoast SEO Premium plugin. -->","yoast_head_json":{"title":"Brahim Diaz brille \u00e0 la CAN au milieu de l'incertitude du Real Madrid - Bladna News","robots":{"index":"index","follow":"follow","max-snippet":"max-snippet:-1","max-image-preview":"max-image-preview:large","max-video-preview":"max-video-preview:-1"},"canonical":"https:\/\/bladnanews.com\/fr\/brahim-diaz-brille-a-la-can-au-milieu-de-lincertitude-du-real-madrid\/","og_locale":"fr_FR","og_type":"article","og_title":"Brahim Diaz shines at AFCON amid Real Madrid uncertainty","og_description":"In Ivory Coast, Brahim Diaz has turned heads with his strong displays at the Africa Cup of Nations, at a [&hellip;]","og_url":"https:\/\/bladnanews.com\/fr\/brahim-diaz-brille-a-la-can-au-milieu-de-lincertitude-du-real-madrid\/","og_site_name":"Bladna News","article_published_time":"2026-01-10T10:28:00+00:00","og_image":[{"width":1312,"height":736,"url":"https:\/\/bladnanews.com\/wp-content\/uploads\/2025\/12\/freepik__bladna-newscom-moroccan-soccer-homepage-banner-mor__41838.png","type":"image\/png"}],"author":"Bladna Sports Desk","twitter_card":"summary_large_image","twitter_misc":{"\u00c9crit par":"Bladna Sports Desk","Dur\u00e9e de lecture estim\u00e9e":"1 minute"},"schema":{"@context":"https:\/\/schema.org","@graph":[{"@type":"Article","@id":"https:\/\/bladnanews.com\/brahim-diaz-shines-at-afcon-amid-real-madrid-uncertainty\/#article","isPartOf":{"@id":"https:\/\/bladnanews.com\/brahim-diaz-shines-at-afcon-amid-real-madrid-uncertainty\/"},"author":{"name":"Bladna Sports Desk","@id":"https:\/\/mediumseagreen-eel-531711.hostingersite.com\/#\/schema\/person\/6712b38fabe810f7eb8d15ed30d90f1e"},"headline":"Brahim Diaz shines at AFCON amid Real Madrid uncertainty","datePublished":"2026-01-10T10:28:00+00:00","mainEntityOfPage":{"@id":"https:\/\/bladnanews.com\/brahim-diaz-shines-at-afcon-amid-real-madrid-uncertainty\/"},"wordCount":242,"publisher":{"@id":"https:\/\/mediumseagreen-eel-531711.hostingersite.com\/#organization"},"image":{"@id":"https:\/\/bladnanews.com\/brahim-diaz-shines-at-afcon-amid-real-madrid-uncertainty\/#primaryimage"},"thumbnailUrl":"https:\/\/bladnanews.com\/wp-content\/uploads\/2026\/01\/Capture-decran-2026-01-10-a-11.35.11_1768041338.webp","articleSection":["Latest News","Morocco National Team"],"inLanguage":"fr-FR","copyrightYear":"2026","copyrightHolder":{"@id":"https:\/\/bladnanews.com\/fr\/#organization"}},{"@type":"WebPage","@id":"https:\/\/bladnanews.com\/brahim-diaz-shines-at-afcon-amid-real-madrid-uncertainty\/","url":"https:\/\/bladnanews.com\/brahim-diaz-shines-at-afcon-amid-real-madrid-uncertainty\/","name":"Brahim Diaz brille \u00e0 la CAN au milieu de l'incertitude du Real Madrid - Bladna News","isPartOf":{"@id":"https:\/\/mediumseagreen-eel-531711.hostingersite.com\/#website"},"primaryImageOfPage":{"@id":"https:\/\/bladnanews.com\/brahim-diaz-shines-at-afcon-amid-real-madrid-uncertainty\/#primaryimage"},"image":{"@id":"https:\/\/bladnanews.com\/brahim-diaz-shines-at-afcon-amid-real-madrid-uncertainty\/#primaryimage"},"thumbnailUrl":"https:\/\/bladnanews.com\/wp-content\/uploads\/2026\/01\/Capture-decran-2026-01-10-a-11.35.11_1768041338.webp","datePublished":"2026-01-10T10:28:00+00:00","breadcrumb":{"@id":"https:\/\/bladnanews.com\/brahim-diaz-shines-at-afcon-amid-real-madrid-uncertainty\/#breadcrumb"},"inLanguage":"fr-FR","potentialAction":[{"@type":"ReadAction","target":["https:\/\/bladnanews.com\/brahim-diaz-shines-at-afcon-amid-real-madrid-uncertainty\/"]}]},{"@type":"ImageObject","inLanguage":"fr-FR","@id":"https:\/\/bladnanews.com\/brahim-diaz-shines-at-afcon-amid-real-madrid-uncertainty\/#primaryimage","url":"https:\/\/bladnanews.com\/wp-content\/uploads\/2026\/01\/Capture-decran-2026-01-10-a-11.35.11_1768041338.webp","contentUrl":"https:\/\/bladnanews.com\/wp-content\/uploads\/2026\/01\/Capture-decran-2026-01-10-a-11.35.11_1768041338.webp","width":860,"height":752,"caption":"Moroccan player celebrating in a white kit with green and red details, while a smiling coach observes from the side during a match."},{"@type":"BreadcrumbList","@id":"https:\/\/bladnanews.com\/brahim-diaz-shines-at-afcon-amid-real-madrid-uncertainty\/#breadcrumb","itemListElement":[{"@type":"ListItem","position":1,"name":"Home","item":"https:\/\/bladnanews.com\/"},{"@type":"ListItem","position":2,"name":"Brahim Diaz shines at AFCON amid Real Madrid uncertainty"}]},{"@type":"WebSite","@id":"https:\/\/mediumseagreen-eel-531711.hostingersite.com\/#website","url":"https:\/\/mediumseagreen-eel-531711.hostingersite.com\/","name":"Bladna News - Maroc","description":"Quand le football marocain rencontre le monde","publisher":{"@id":"https:\/\/mediumseagreen-eel-531711.hostingersite.com\/#organization"},"potentialAction":[{"@type":"SearchAction","target":{"@type":"EntryPoint","urlTemplate":"https:\/\/mediumseagreen-eel-531711.hostingersite.com\/?s={search_term_string}"},"query-input":{"@type":"PropertyValueSpecification","valueRequired":true,"valueName":"search_term_string"}}],"inLanguage":"fr-FR"},{"@type":"Organization","@id":"https:\/\/mediumseagreen-eel-531711.hostingersite.com\/#organization","name":"Bladna News.com","url":"https:\/\/mediumseagreen-eel-531711.hostingersite.com\/","logo":{"@type":"ImageObject","inLanguage":"fr-FR","@id":"https:\/\/mediumseagreen-eel-531711.hostingersite.com\/#\/schema\/logo\/image\/","url":"https:\/\/bladnanews.com\/wp-content\/uploads\/2025\/12\/logo-bladnanews-V2-web-black-red.png","contentUrl":"https:\/\/bladnanews.com\/wp-content\/uploads\/2025\/12\/logo-bladnanews-V2-web-black-red.png","width":703,"height":287,"caption":"Bladna News.com"},"image":{"@id":"https:\/\/mediumseagreen-eel-531711.hostingersite.com\/#\/schema\/logo\/image\/"},"email":"info@bladnanews.com","legalName":"Bladna News"},{"@type":"Person","@id":"https:\/\/mediumseagreen-eel-531711.hostingersite.com\/#\/schema\/person\/6712b38fabe810f7eb8d15ed30d90f1e","name":"Bladna Sports Desk","url":"https:\/\/bladnanews.com\/fr\/author\/bladna-sports-desk\/"}]}},"_links":{"self":[{"href":"https:\/\/bladnanews.com\/fr\/wp-json\/wp\/v2\/posts\/5639","targetHints":{"allow":["GET"]}}],"collection":[{"href":"https:\/\/bladnanews.com\/fr\/wp-json\/wp\/v2\/posts"}],"about":[{"href":"https:\/\/bladnanews.com\/fr\/wp-json\/wp\/v2\/types\/post"}],"author":[{"embeddable":true,"href":"https:\/\/bladnanews.com\/fr\/wp-json\/wp\/v2\/users\/4"}],"replies":[{"embeddable":true,"href":"https:\/\/bladnanews.com\/fr\/wp-json\/wp\/v2\/comments?post=5639"}],"version-history":[{"count":0,"href":"https:\/\/bladnanews.com\/fr\/wp-json\/wp\/v2\/posts\/5639\/revisions"}],"wp:featuredmedia":[{"embeddable":true,"href":"https:\/\/bladnanews.com\/fr\/wp-json\/wp\/v2\/media\/5638"}],"wp:attachment":[{"href":"https:\/\/bladnanews.com\/fr\/wp-json\/wp\/v2\/media?parent=5639"}],"wp:term":[{"taxonomy":"category","embeddable":true,"href":"https:\/\/bladnanews.com\/fr\/wp-json\/wp\/v2\/categories?post=5639"},{"taxonomy":"post_tag","embeddable":true,"href":"https:\/\/bladnanews.com\/fr\/wp-json\/wp\/v2\/tags?post=5639"}],"curies":[{"name":"wp","href":"https:\/\/api.w.org\/{rel}","templated":true}]}}