{"id":5641,"date":"2026-01-10T10:59:22","date_gmt":"2026-01-10T10:59:22","guid":{"rendered":"https:\/\/bladnanews.com\/brahim-diaz-rises-from-real-madrid-bench-to-morocco-hero\/"},"modified":"2026-01-10T10:59:22","modified_gmt":"2026-01-10T10:59:22","slug":"brahim-diaz-passe-du-banc-du-real-madrid-a-heros-du-maroc","status":"publish","type":"post","link":"https:\/\/bladnanews.com\/fr\/brahim-diaz-passe-du-banc-du-real-madrid-a-heros-du-maroc\/","title":{"rendered":"Brahim Diaz passe du banc du Real Madrid \u00e0 h\u00e9ros du Maroc"},"content":{"rendered":"<p>Brahim Diaz est devenu l'une des stars les plus appr\u00e9ci\u00e9es du Maroc apr\u00e8s une p\u00e9riode de temps de jeu limit\u00e9 au Real Madrid, d\u00e9montrant une nouvelle fois que son impact ne d\u00e9pend pas du fait d'\u00eatre titulaire.<\/p>\n<p>Le milieu offensif a pass\u00e9 de longues p\u00e9riodes de la saison \u00e0 entrer en jeu depuis le banc \u00e0 Madrid, souvent utilis\u00e9 comme une option de fin de match pour changer le cours des rencontres. Malgr\u00e9 cela, il a conserv\u00e9 sa vivacit\u00e9 et sa confiance, une forme qu'il a ensuite report\u00e9e sous le maillot national.<\/p>\n<p>L'image de Diaz a rapidement pris de l'ampleur avec le Maroc, o\u00f9 ses performances et ses moments d\u00e9cisifs en ont fait un favori des supporters. Son \u00e9nergie entre les lignes, ses pivots rapides et sa capacit\u00e9 \u00e0 cr\u00e9er des occasions ont offert \u00e0 l'\u00e9quipe un atout suppl\u00e9mentaire dans le dernier tiers du terrain.<\/p>\n<p>L'aspect le plus frappant de l'histoire de Diaz est la rapidit\u00e9 avec laquelle il est pass\u00e9 du statut de joueur de rotation au Bernab\u00e9u \u00e0 celui de titulaire incontournable pour le Maroc, conqu\u00e9rant les supporters en peu de temps et endossant un r\u00f4le de leader en s\u00e9lection.<\/p>\n<p>Pour Diaz, ce parcours a consist\u00e9 \u00e0 saisir chaque opportunit\u00e9 \u2014 qu'elle se pr\u00e9sente en fin de match avec le Real Madrid ou sur la sc\u00e8ne internationale avec le Maroc \u2014 et \u00e0 la transformer en une performance marquante.<\/p>","protected":false},"excerpt":{"rendered":"<p>Brahim Diaz has turned into one of Morocco\u2019s most loved stars after a period of limited minutes at Real Madrid, [&hellip;]<\/p>\n","protected":false},"author":4,"featured_media":5640,"comment_status":"","ping_status":"open","sticky":false,"template":"","format":"standard","meta":{"googlesitekit_rrm_CAow_uzEDA:productID":"","site-sidebar-layout":"default","site-content-layout":"","ast-site-content-layout":"default","site-content-style":"default","site-sidebar-style":"default","ast-global-header-display":"","ast-banner-title-visibility":"","ast-main-header-display":"","ast-hfb-above-header-display":"","ast-hfb-below-header-display":"","ast-hfb-mobile-header-display":"","site-post-title":"","ast-breadcrumbs-content":"","ast-featured-img":"","footer-sml-layout":"","ast-disable-related-posts":"","theme-transparent-header-meta":"","adv-header-id-meta":"","stick-header-meta":"","header-above-stick-meta":"","header-main-stick-meta":"","header-below-stick-meta":"","astra-migrate-meta-layouts":"default","ast-page-background-enabled":"default","ast-page-background-meta":{"desktop":{"background-color":"var(--ast-global-color-5)","background-image":"","background-repeat":"repeat","background-position":"center center","background-size":"auto","background-attachment":"scroll","background-type":"","background-media":"","overlay-type":"","overlay-color":"","overlay-opacity":"","overlay-gradient":""},"tablet":{"background-color":"","background-image":"","background-repeat":"repeat","background-position":"center center","background-size":"auto","background-attachment":"scroll","background-type":"","background-media":"","overlay-type":"","overlay-color":"","overlay-opacity":"","overlay-gradient":""},"mobile":{"background-color":"","background-image":"","background-repeat":"repeat","background-position":"center center","background-size":"auto","background-attachment":"scroll","background-type":"","background-media":"","overlay-type":"","overlay-color":"","overlay-opacity":"","overlay-gradient":""}},"ast-content-background-meta":{"desktop":{"background-color":"var(--ast-global-color-4)","background-image":"","background-repeat":"repeat","background-position":"center center","background-size":"auto","background-attachment":"scroll","background-type":"","background-media":"","overlay-type":"","overlay-color":"","overlay-opacity":"","overlay-gradient":""},"tablet":{"background-color":"var(--ast-global-color-4)","background-image":"","background-repeat":"repeat","background-position":"center center","background-size":"auto","background-attachment":"scroll","background-type":"","background-media":"","overlay-type":"","overlay-color":"","overlay-opacity":"","overlay-gradient":""},"mobile":{"background-color":"var(--ast-global-color-4)","background-image":"","background-repeat":"repeat","background-position":"center center","background-size":"auto","background-attachment":"scroll","background-type":"","background-media":"","overlay-type":"","overlay-color":"","overlay-opacity":"","overlay-gradient":""}},"footnotes":""},"categories":[1,168],"tags":[],"class_list":["post-5641","post","type-post","status-publish","format-standard","has-post-thumbnail","hentry","category-football-latest-news","category-morocco-national-team"],"yoast_head":"<!-- This site is optimized with the Yoast SEO Premium plugin v26.6 (Yoast SEO v27.4) - https:\/\/yoast.com\/product\/yoast-seo-premium-wordpress\/ -->\n<title>Brahim Diaz rises from Real Madrid bench to Morocco hero - Bladna News<\/title>\n<meta name=\"robots\" content=\"index, follow, max-snippet:-1, max-image-preview:large, max-video-preview:-1\" \/>\n<link rel=\"canonical\" href=\"https:\/\/bladnanews.com\/fr\/brahim-diaz-passe-du-banc-du-real-madrid-a-heros-du-maroc\/\" \/>\n<meta property=\"og:locale\" content=\"fr_FR\" \/>\n<meta property=\"og:type\" content=\"article\" \/>\n<meta property=\"og:title\" content=\"Brahim Diaz rises from Real Madrid bench to Morocco hero\" \/>\n<meta property=\"og:description\" content=\"Brahim Diaz has turned into one of Morocco\u2019s most loved stars after a period of limited minutes at Real Madrid, [&hellip;]\" \/>\n<meta property=\"og:url\" content=\"https:\/\/bladnanews.com\/fr\/brahim-diaz-passe-du-banc-du-real-madrid-a-heros-du-maroc\/\" \/>\n<meta property=\"og:site_name\" content=\"Bladna News\" \/>\n<meta property=\"article:published_time\" content=\"2026-01-10T10:59:22+00:00\" \/>\n<meta property=\"og:image\" content=\"https:\/\/bladnanews.com\/wp-content\/uploads\/2025\/12\/freepik__bladna-newscom-moroccan-soccer-homepage-banner-mor__41838.png\" \/>\n\t<meta property=\"og:image:width\" content=\"1312\" \/>\n\t<meta property=\"og:image:height\" content=\"736\" \/>\n\t<meta property=\"og:image:type\" content=\"image\/png\" \/>\n<meta name=\"author\" content=\"Bladna Sports Desk\" \/>\n<meta name=\"twitter:card\" content=\"summary_large_image\" \/>\n<meta name=\"twitter:label1\" content=\"\u00c9crit par\" \/>\n\t<meta name=\"twitter:data1\" content=\"Bladna Sports Desk\" \/>\n\t<meta name=\"twitter:label2\" content=\"Dur\u00e9e de lecture estim\u00e9e\" \/>\n\t<meta name=\"twitter:data2\" content=\"1 minute\" \/>\n<script type=\"application\/ld+json\" class=\"yoast-schema-graph\">{\"@context\":\"https:\\\/\\\/schema.org\",\"@graph\":[{\"@type\":\"Article\",\"@id\":\"https:\\\/\\\/bladnanews.com\\\/brahim-diaz-rises-from-real-madrid-bench-to-morocco-hero\\\/#article\",\"isPartOf\":{\"@id\":\"https:\\\/\\\/bladnanews.com\\\/brahim-diaz-rises-from-real-madrid-bench-to-morocco-hero\\\/\"},\"author\":{\"name\":\"Bladna Sports Desk\",\"@id\":\"https:\\\/\\\/mediumseagreen-eel-531711.hostingersite.com\\\/#\\\/schema\\\/person\\\/6712b38fabe810f7eb8d15ed30d90f1e\"},\"headline\":\"Brahim Diaz rises from Real Madrid bench to Morocco hero\",\"datePublished\":\"2026-01-10T10:59:22+00:00\",\"mainEntityOfPage\":{\"@id\":\"https:\\\/\\\/bladnanews.com\\\/brahim-diaz-rises-from-real-madrid-bench-to-morocco-hero\\\/\"},\"wordCount\":201,\"publisher\":{\"@id\":\"https:\\\/\\\/mediumseagreen-eel-531711.hostingersite.com\\\/#organization\"},\"image\":{\"@id\":\"https:\\\/\\\/bladnanews.com\\\/brahim-diaz-rises-from-real-madrid-bench-to-morocco-hero\\\/#primaryimage\"},\"thumbnailUrl\":\"https:\\\/\\\/bladnanews.com\\\/wp-content\\\/uploads\\\/2026\\\/01\\\/23122520Guest20and20Moroccos20forward20.jpg\",\"articleSection\":[\"Latest News\",\"Morocco National Team\"],\"inLanguage\":\"fr-FR\",\"copyrightYear\":\"2026\",\"copyrightHolder\":{\"@id\":\"https:\\\/\\\/bladnanews.com\\\/fr\\\/#organization\"}},{\"@type\":\"WebPage\",\"@id\":\"https:\\\/\\\/bladnanews.com\\\/brahim-diaz-rises-from-real-madrid-bench-to-morocco-hero\\\/\",\"url\":\"https:\\\/\\\/bladnanews.com\\\/brahim-diaz-rises-from-real-madrid-bench-to-morocco-hero\\\/\",\"name\":\"Brahim Diaz rises from Real Madrid bench to Morocco hero - Bladna News\",\"isPartOf\":{\"@id\":\"https:\\\/\\\/mediumseagreen-eel-531711.hostingersite.com\\\/#website\"},\"primaryImageOfPage\":{\"@id\":\"https:\\\/\\\/bladnanews.com\\\/brahim-diaz-rises-from-real-madrid-bench-to-morocco-hero\\\/#primaryimage\"},\"image\":{\"@id\":\"https:\\\/\\\/bladnanews.com\\\/brahim-diaz-rises-from-real-madrid-bench-to-morocco-hero\\\/#primaryimage\"},\"thumbnailUrl\":\"https:\\\/\\\/bladnanews.com\\\/wp-content\\\/uploads\\\/2026\\\/01\\\/23122520Guest20and20Moroccos20forward20.jpg\",\"datePublished\":\"2026-01-10T10:59:22+00:00\",\"breadcrumb\":{\"@id\":\"https:\\\/\\\/bladnanews.com\\\/brahim-diaz-rises-from-real-madrid-bench-to-morocco-hero\\\/#breadcrumb\"},\"inLanguage\":\"fr-FR\",\"potentialAction\":[{\"@type\":\"ReadAction\",\"target\":[\"https:\\\/\\\/bladnanews.com\\\/brahim-diaz-rises-from-real-madrid-bench-to-morocco-hero\\\/\"]}]},{\"@type\":\"ImageObject\",\"inLanguage\":\"fr-FR\",\"@id\":\"https:\\\/\\\/bladnanews.com\\\/brahim-diaz-rises-from-real-madrid-bench-to-morocco-hero\\\/#primaryimage\",\"url\":\"https:\\\/\\\/bladnanews.com\\\/wp-content\\\/uploads\\\/2026\\\/01\\\/23122520Guest20and20Moroccos20forward20.jpg\",\"contentUrl\":\"https:\\\/\\\/bladnanews.com\\\/wp-content\\\/uploads\\\/2026\\\/01\\\/23122520Guest20and20Moroccos20forward20.jpg\",\"width\":1920,\"height\":1080,\"caption\":\"Moroccan forward celebrates with a raised fist in a vibrant red and green kit, amidst an enthusiastic crowd during a match.\"},{\"@type\":\"BreadcrumbList\",\"@id\":\"https:\\\/\\\/bladnanews.com\\\/brahim-diaz-rises-from-real-madrid-bench-to-morocco-hero\\\/#breadcrumb\",\"itemListElement\":[{\"@type\":\"ListItem\",\"position\":1,\"name\":\"Home\",\"item\":\"https:\\\/\\\/bladnanews.com\\\/\"},{\"@type\":\"ListItem\",\"position\":2,\"name\":\"Brahim Diaz rises from Real Madrid bench to Morocco hero\"}]},{\"@type\":\"WebSite\",\"@id\":\"https:\\\/\\\/mediumseagreen-eel-531711.hostingersite.com\\\/#website\",\"url\":\"https:\\\/\\\/mediumseagreen-eel-531711.hostingersite.com\\\/\",\"name\":\"Bladna News - Morocco\",\"description\":\"Where Moroccan Football Meets the World\",\"publisher\":{\"@id\":\"https:\\\/\\\/mediumseagreen-eel-531711.hostingersite.com\\\/#organization\"},\"potentialAction\":[{\"@type\":\"SearchAction\",\"target\":{\"@type\":\"EntryPoint\",\"urlTemplate\":\"https:\\\/\\\/mediumseagreen-eel-531711.hostingersite.com\\\/?s={search_term_string}\"},\"query-input\":{\"@type\":\"PropertyValueSpecification\",\"valueRequired\":true,\"valueName\":\"search_term_string\"}}],\"inLanguage\":\"fr-FR\"},{\"@type\":\"Organization\",\"@id\":\"https:\\\/\\\/mediumseagreen-eel-531711.hostingersite.com\\\/#organization\",\"name\":\"Bladna News.com\",\"url\":\"https:\\\/\\\/mediumseagreen-eel-531711.hostingersite.com\\\/\",\"logo\":{\"@type\":\"ImageObject\",\"inLanguage\":\"fr-FR\",\"@id\":\"https:\\\/\\\/mediumseagreen-eel-531711.hostingersite.com\\\/#\\\/schema\\\/logo\\\/image\\\/\",\"url\":\"https:\\\/\\\/bladnanews.com\\\/wp-content\\\/uploads\\\/2025\\\/12\\\/logo-bladnanews-V2-web-black-red.png\",\"contentUrl\":\"https:\\\/\\\/bladnanews.com\\\/wp-content\\\/uploads\\\/2025\\\/12\\\/logo-bladnanews-V2-web-black-red.png\",\"width\":703,\"height\":287,\"caption\":\"Bladna News.com\"},\"image\":{\"@id\":\"https:\\\/\\\/mediumseagreen-eel-531711.hostingersite.com\\\/#\\\/schema\\\/logo\\\/image\\\/\"},\"email\":\"info@bladnanews.com\",\"legalName\":\"Bladna News\"},{\"@type\":\"Person\",\"@id\":\"https:\\\/\\\/mediumseagreen-eel-531711.hostingersite.com\\\/#\\\/schema\\\/person\\\/6712b38fabe810f7eb8d15ed30d90f1e\",\"name\":\"Bladna Sports Desk\",\"url\":\"https:\\\/\\\/bladnanews.com\\\/fr\\\/author\\\/bladna-sports-desk\\\/\"}]}<\/script>\n<!-- \/ Yoast SEO Premium plugin. -->","yoast_head_json":{"title":"Brahim Diaz passe du banc du Real Madrid au statut de h\u00e9ros marocain - Bladna News","robots":{"index":"index","follow":"follow","max-snippet":"max-snippet:-1","max-image-preview":"max-image-preview:large","max-video-preview":"max-video-preview:-1"},"canonical":"https:\/\/bladnanews.com\/fr\/brahim-diaz-passe-du-banc-du-real-madrid-a-heros-du-maroc\/","og_locale":"fr_FR","og_type":"article","og_title":"Brahim Diaz rises from Real Madrid bench to Morocco hero","og_description":"Brahim Diaz has turned into one of Morocco\u2019s most loved stars after a period of limited minutes at Real Madrid, [&hellip;]","og_url":"https:\/\/bladnanews.com\/fr\/brahim-diaz-passe-du-banc-du-real-madrid-a-heros-du-maroc\/","og_site_name":"Bladna News","article_published_time":"2026-01-10T10:59:22+00:00","og_image":[{"width":1312,"height":736,"url":"https:\/\/bladnanews.com\/wp-content\/uploads\/2025\/12\/freepik__bladna-newscom-moroccan-soccer-homepage-banner-mor__41838.png","type":"image\/png"}],"author":"Bladna Sports Desk","twitter_card":"summary_large_image","twitter_misc":{"\u00c9crit par":"Bladna Sports Desk","Dur\u00e9e de lecture estim\u00e9e":"1 minute"},"schema":{"@context":"https:\/\/schema.org","@graph":[{"@type":"Article","@id":"https:\/\/bladnanews.com\/brahim-diaz-rises-from-real-madrid-bench-to-morocco-hero\/#article","isPartOf":{"@id":"https:\/\/bladnanews.com\/brahim-diaz-rises-from-real-madrid-bench-to-morocco-hero\/"},"author":{"name":"Bladna Sports Desk","@id":"https:\/\/mediumseagreen-eel-531711.hostingersite.com\/#\/schema\/person\/6712b38fabe810f7eb8d15ed30d90f1e"},"headline":"Brahim Diaz rises from Real Madrid bench to Morocco hero","datePublished":"2026-01-10T10:59:22+00:00","mainEntityOfPage":{"@id":"https:\/\/bladnanews.com\/brahim-diaz-rises-from-real-madrid-bench-to-morocco-hero\/"},"wordCount":201,"publisher":{"@id":"https:\/\/mediumseagreen-eel-531711.hostingersite.com\/#organization"},"image":{"@id":"https:\/\/bladnanews.com\/brahim-diaz-rises-from-real-madrid-bench-to-morocco-hero\/#primaryimage"},"thumbnailUrl":"https:\/\/bladnanews.com\/wp-content\/uploads\/2026\/01\/23122520Guest20and20Moroccos20forward20.jpg","articleSection":["Latest News","Morocco National Team"],"inLanguage":"fr-FR","copyrightYear":"2026","copyrightHolder":{"@id":"https:\/\/bladnanews.com\/fr\/#organization"}},{"@type":"WebPage","@id":"https:\/\/bladnanews.com\/brahim-diaz-rises-from-real-madrid-bench-to-morocco-hero\/","url":"https:\/\/bladnanews.com\/brahim-diaz-rises-from-real-madrid-bench-to-morocco-hero\/","name":"Brahim Diaz passe du banc du Real Madrid au statut de h\u00e9ros marocain - Bladna News","isPartOf":{"@id":"https:\/\/mediumseagreen-eel-531711.hostingersite.com\/#website"},"primaryImageOfPage":{"@id":"https:\/\/bladnanews.com\/brahim-diaz-rises-from-real-madrid-bench-to-morocco-hero\/#primaryimage"},"image":{"@id":"https:\/\/bladnanews.com\/brahim-diaz-rises-from-real-madrid-bench-to-morocco-hero\/#primaryimage"},"thumbnailUrl":"https:\/\/bladnanews.com\/wp-content\/uploads\/2026\/01\/23122520Guest20and20Moroccos20forward20.jpg","datePublished":"2026-01-10T10:59:22+00:00","breadcrumb":{"@id":"https:\/\/bladnanews.com\/brahim-diaz-rises-from-real-madrid-bench-to-morocco-hero\/#breadcrumb"},"inLanguage":"fr-FR","potentialAction":[{"@type":"ReadAction","target":["https:\/\/bladnanews.com\/brahim-diaz-rises-from-real-madrid-bench-to-morocco-hero\/"]}]},{"@type":"ImageObject","inLanguage":"fr-FR","@id":"https:\/\/bladnanews.com\/brahim-diaz-rises-from-real-madrid-bench-to-morocco-hero\/#primaryimage","url":"https:\/\/bladnanews.com\/wp-content\/uploads\/2026\/01\/23122520Guest20and20Moroccos20forward20.jpg","contentUrl":"https:\/\/bladnanews.com\/wp-content\/uploads\/2026\/01\/23122520Guest20and20Moroccos20forward20.jpg","width":1920,"height":1080,"caption":"Moroccan forward celebrates with a raised fist in a vibrant red and green kit, amidst an enthusiastic crowd during a match."},{"@type":"BreadcrumbList","@id":"https:\/\/bladnanews.com\/brahim-diaz-rises-from-real-madrid-bench-to-morocco-hero\/#breadcrumb","itemListElement":[{"@type":"ListItem","position":1,"name":"Home","item":"https:\/\/bladnanews.com\/"},{"@type":"ListItem","position":2,"name":"Brahim Diaz rises from Real Madrid bench to Morocco hero"}]},{"@type":"WebSite","@id":"https:\/\/mediumseagreen-eel-531711.hostingersite.com\/#website","url":"https:\/\/mediumseagreen-eel-531711.hostingersite.com\/","name":"Bladna News - Maroc","description":"Quand le football marocain rencontre le monde","publisher":{"@id":"https:\/\/mediumseagreen-eel-531711.hostingersite.com\/#organization"},"potentialAction":[{"@type":"SearchAction","target":{"@type":"EntryPoint","urlTemplate":"https:\/\/mediumseagreen-eel-531711.hostingersite.com\/?s={search_term_string}"},"query-input":{"@type":"PropertyValueSpecification","valueRequired":true,"valueName":"search_term_string"}}],"inLanguage":"fr-FR"},{"@type":"Organization","@id":"https:\/\/mediumseagreen-eel-531711.hostingersite.com\/#organization","name":"Bladna News.com","url":"https:\/\/mediumseagreen-eel-531711.hostingersite.com\/","logo":{"@type":"ImageObject","inLanguage":"fr-FR","@id":"https:\/\/mediumseagreen-eel-531711.hostingersite.com\/#\/schema\/logo\/image\/","url":"https:\/\/bladnanews.com\/wp-content\/uploads\/2025\/12\/logo-bladnanews-V2-web-black-red.png","contentUrl":"https:\/\/bladnanews.com\/wp-content\/uploads\/2025\/12\/logo-bladnanews-V2-web-black-red.png","width":703,"height":287,"caption":"Bladna News.com"},"image":{"@id":"https:\/\/mediumseagreen-eel-531711.hostingersite.com\/#\/schema\/logo\/image\/"},"email":"info@bladnanews.com","legalName":"Bladna News"},{"@type":"Person","@id":"https:\/\/mediumseagreen-eel-531711.hostingersite.com\/#\/schema\/person\/6712b38fabe810f7eb8d15ed30d90f1e","name":"Bladna Sports Desk","url":"https:\/\/bladnanews.com\/fr\/author\/bladna-sports-desk\/"}]}},"_links":{"self":[{"href":"https:\/\/bladnanews.com\/fr\/wp-json\/wp\/v2\/posts\/5641","targetHints":{"allow":["GET"]}}],"collection":[{"href":"https:\/\/bladnanews.com\/fr\/wp-json\/wp\/v2\/posts"}],"about":[{"href":"https:\/\/bladnanews.com\/fr\/wp-json\/wp\/v2\/types\/post"}],"author":[{"embeddable":true,"href":"https:\/\/bladnanews.com\/fr\/wp-json\/wp\/v2\/users\/4"}],"replies":[{"embeddable":true,"href":"https:\/\/bladnanews.com\/fr\/wp-json\/wp\/v2\/comments?post=5641"}],"version-history":[{"count":0,"href":"https:\/\/bladnanews.com\/fr\/wp-json\/wp\/v2\/posts\/5641\/revisions"}],"wp:featuredmedia":[{"embeddable":true,"href":"https:\/\/bladnanews.com\/fr\/wp-json\/wp\/v2\/media\/5640"}],"wp:attachment":[{"href":"https:\/\/bladnanews.com\/fr\/wp-json\/wp\/v2\/media?parent=5641"}],"wp:term":[{"taxonomy":"category","embeddable":true,"href":"https:\/\/bladnanews.com\/fr\/wp-json\/wp\/v2\/categories?post=5641"},{"taxonomy":"post_tag","embeddable":true,"href":"https:\/\/bladnanews.com\/fr\/wp-json\/wp\/v2\/tags?post=5641"}],"curies":[{"name":"wp","href":"https:\/\/api.w.org\/{rel}","templated":true}]}}