{"id":5645,"date":"2026-01-10T11:03:00","date_gmt":"2026-01-10T11:03:00","guid":{"rendered":"https:\/\/bladnanews.com\/regragui-rejects-claims-of-referee-bias-for-morocco\/"},"modified":"2026-01-10T11:03:00","modified_gmt":"2026-01-10T11:03:00","slug":"regragui-rejette-les-allegations-de-partialite-de-larbitre-pour-le-maroc","status":"publish","type":"post","link":"https:\/\/bladnanews.com\/fr\/regragui-rejette-les-allegations-de-partialite-de-larbitre-pour-le-maroc\/","title":{"rendered":"Regragui rejette les all\u00e9gations de partialit\u00e9 des arbitres pour le Maroc."},"content":{"rendered":"<p>L'entra\u00eeneur national du Maroc, Walid Regragui, a fermement rejet\u00e9 les accusations selon lesquelles les d\u00e9cisions arbitrales favorisent l'\u00e9quipe nationale, affirmant que de telles all\u00e9gations visent \u00e0 saper les Lions de l'Atlas chaque fois qu'ils r\u00e9ussissent.<\/p>\n<p>Regragui a r\u00e9pondu aux discussions autour du \u201cbiais des arbitres\u201d en utilisant une expression claire : <strong>\u201cQuand on veut tuer un chien, on dit qu'il a la rage.\u201d<\/strong> Il a expliqu\u00e9 que ce type de critique appara\u00eet lorsque le Maroc obtient des r\u00e9sultats, et qu'il est utilis\u00e9 pour cr\u00e9er des doutes autour du travail de l'\u00e9quipe.<\/p>\n<p>L'entra\u00eeneur a soulign\u00e9 que le Maroc se concentre uniquement sur ce qu'il peut contr\u00f4ler sur le terrain, insistant sur le fait que les joueurs et le personnel travaillent dur et ne comptent pas sur des facteurs ext\u00e9rieurs. Il a ajout\u00e9 que les arbitres peuvent faire des erreurs comme tout le monde, mais transformer chaque d\u00e9cision en conspiration est injuste.<\/p>\n<p>Regragui a \u00e9galement soulign\u00e9 que le Maroc a, \u00e0 certains moments, \u00e9t\u00e9 du mauvais c\u00f4t\u00e9 des d\u00e9cisions, mais que l'\u00e9quipe n'a pas cherch\u00e9 d'excuses. Au lieu de cela, a-t-il dit, le groupe reste engag\u00e9 \u00e0 s'am\u00e9liorer et \u00e0 poursuivre ses progr\u00e8s avec calme et responsabilit\u00e9.<\/p>\n<p>Ses commentaires interviennent alors que le Maroc continue d'attirer l'attention lors des matchs r\u00e9cents, avec un d\u00e9bat croissant dans certains cercles sur les d\u00e9cisions arbitrales. Regragui a clairement indiqu\u00e9 que la seule r\u00e9ponse, \u00e0 son avis, est de continuer \u00e0 gagner et de laisser les performances parler d'elles-m\u00eames.<\/p>","protected":false},"excerpt":{"rendered":"<p>Morocco head coach Walid Regragui has firmly rejected accusations that refereeing decisions favor the national team, saying such claims are [&hellip;]<\/p>\n","protected":false},"author":4,"featured_media":5644,"comment_status":"","ping_status":"open","sticky":false,"template":"","format":"standard","meta":{"googlesitekit_rrm_CAow_uzEDA:productID":"","site-sidebar-layout":"default","site-content-layout":"","ast-site-content-layout":"default","site-content-style":"default","site-sidebar-style":"default","ast-global-header-display":"","ast-banner-title-visibility":"","ast-main-header-display":"","ast-hfb-above-header-display":"","ast-hfb-below-header-display":"","ast-hfb-mobile-header-display":"","site-post-title":"","ast-breadcrumbs-content":"","ast-featured-img":"","footer-sml-layout":"","ast-disable-related-posts":"","theme-transparent-header-meta":"","adv-header-id-meta":"","stick-header-meta":"","header-above-stick-meta":"","header-main-stick-meta":"","header-below-stick-meta":"","astra-migrate-meta-layouts":"default","ast-page-background-enabled":"default","ast-page-background-meta":{"desktop":{"background-color":"var(--ast-global-color-5)","background-image":"","background-repeat":"repeat","background-position":"center center","background-size":"auto","background-attachment":"scroll","background-type":"","background-media":"","overlay-type":"","overlay-color":"","overlay-opacity":"","overlay-gradient":""},"tablet":{"background-color":"","background-image":"","background-repeat":"repeat","background-position":"center center","background-size":"auto","background-attachment":"scroll","background-type":"","background-media":"","overlay-type":"","overlay-color":"","overlay-opacity":"","overlay-gradient":""},"mobile":{"background-color":"","background-image":"","background-repeat":"repeat","background-position":"center center","background-size":"auto","background-attachment":"scroll","background-type":"","background-media":"","overlay-type":"","overlay-color":"","overlay-opacity":"","overlay-gradient":""}},"ast-content-background-meta":{"desktop":{"background-color":"var(--ast-global-color-4)","background-image":"","background-repeat":"repeat","background-position":"center center","background-size":"auto","background-attachment":"scroll","background-type":"","background-media":"","overlay-type":"","overlay-color":"","overlay-opacity":"","overlay-gradient":""},"tablet":{"background-color":"var(--ast-global-color-4)","background-image":"","background-repeat":"repeat","background-position":"center center","background-size":"auto","background-attachment":"scroll","background-type":"","background-media":"","overlay-type":"","overlay-color":"","overlay-opacity":"","overlay-gradient":""},"mobile":{"background-color":"var(--ast-global-color-4)","background-image":"","background-repeat":"repeat","background-position":"center center","background-size":"auto","background-attachment":"scroll","background-type":"","background-media":"","overlay-type":"","overlay-color":"","overlay-opacity":"","overlay-gradient":""}},"footnotes":""},"categories":[1,168],"tags":[],"class_list":["post-5645","post","type-post","status-publish","format-standard","has-post-thumbnail","hentry","category-football-latest-news","category-morocco-national-team"],"yoast_head":"<!-- This site is optimized with the Yoast SEO Premium plugin v26.6 (Yoast SEO v27.4) - https:\/\/yoast.com\/product\/yoast-seo-premium-wordpress\/ -->\n<title>Regragui rejects claims of referee bias for Morocco - Bladna News<\/title>\n<meta name=\"robots\" content=\"index, follow, max-snippet:-1, max-image-preview:large, max-video-preview:-1\" \/>\n<link rel=\"canonical\" href=\"https:\/\/bladnanews.com\/fr\/regragui-rejette-les-allegations-de-partialite-de-larbitre-pour-le-maroc\/\" \/>\n<meta property=\"og:locale\" content=\"fr_FR\" \/>\n<meta property=\"og:type\" content=\"article\" \/>\n<meta property=\"og:title\" content=\"Regragui rejects claims of referee bias for Morocco\" \/>\n<meta property=\"og:description\" content=\"Morocco head coach Walid Regragui has firmly rejected accusations that refereeing decisions favor the national team, saying such claims are [&hellip;]\" \/>\n<meta property=\"og:url\" content=\"https:\/\/bladnanews.com\/fr\/regragui-rejette-les-allegations-de-partialite-de-larbitre-pour-le-maroc\/\" \/>\n<meta property=\"og:site_name\" content=\"Bladna News\" \/>\n<meta property=\"article:published_time\" content=\"2026-01-10T11:03:00+00:00\" \/>\n<meta property=\"og:image\" content=\"https:\/\/bladnanews.com\/wp-content\/uploads\/2025\/12\/freepik__bladna-newscom-moroccan-soccer-homepage-banner-mor__41838.png\" \/>\n\t<meta property=\"og:image:width\" content=\"1312\" \/>\n\t<meta property=\"og:image:height\" content=\"736\" \/>\n\t<meta property=\"og:image:type\" content=\"image\/png\" \/>\n<meta name=\"author\" content=\"Bladna Sports Desk\" \/>\n<meta name=\"twitter:card\" content=\"summary_large_image\" \/>\n<meta name=\"twitter:label1\" content=\"\u00c9crit par\" \/>\n\t<meta name=\"twitter:data1\" content=\"Bladna Sports Desk\" \/>\n\t<meta name=\"twitter:label2\" content=\"Dur\u00e9e de lecture estim\u00e9e\" \/>\n\t<meta name=\"twitter:data2\" content=\"1 minute\" \/>\n<script type=\"application\/ld+json\" class=\"yoast-schema-graph\">{\"@context\":\"https:\\\/\\\/schema.org\",\"@graph\":[{\"@type\":\"Article\",\"@id\":\"https:\\\/\\\/bladnanews.com\\\/regragui-rejects-claims-of-referee-bias-for-morocco\\\/#article\",\"isPartOf\":{\"@id\":\"https:\\\/\\\/bladnanews.com\\\/regragui-rejects-claims-of-referee-bias-for-morocco\\\/\"},\"author\":{\"name\":\"Bladna Sports Desk\",\"@id\":\"https:\\\/\\\/mediumseagreen-eel-531711.hostingersite.com\\\/#\\\/schema\\\/person\\\/6712b38fabe810f7eb8d15ed30d90f1e\"},\"headline\":\"Regragui rejects claims of referee bias for Morocco\",\"datePublished\":\"2026-01-10T11:03:00+00:00\",\"mainEntityOfPage\":{\"@id\":\"https:\\\/\\\/bladnanews.com\\\/regragui-rejects-claims-of-referee-bias-for-morocco\\\/\"},\"wordCount\":221,\"publisher\":{\"@id\":\"https:\\\/\\\/mediumseagreen-eel-531711.hostingersite.com\\\/#organization\"},\"image\":{\"@id\":\"https:\\\/\\\/bladnanews.com\\\/regragui-rejects-claims-of-referee-bias-for-morocco\\\/#primaryimage\"},\"thumbnailUrl\":\"https:\\\/\\\/bladnanews.com\\\/wp-content\\\/uploads\\\/2026\\\/01\\\/ff1c7e0d-3887-4ed7-bfc1-57136a815da7_1768043067.webp\",\"articleSection\":[\"Latest News\",\"Morocco National Team\"],\"inLanguage\":\"fr-FR\",\"copyrightYear\":\"2026\",\"copyrightHolder\":{\"@id\":\"https:\\\/\\\/bladnanews.com\\\/fr\\\/#organization\"}},{\"@type\":\"WebPage\",\"@id\":\"https:\\\/\\\/bladnanews.com\\\/regragui-rejects-claims-of-referee-bias-for-morocco\\\/\",\"url\":\"https:\\\/\\\/bladnanews.com\\\/regragui-rejects-claims-of-referee-bias-for-morocco\\\/\",\"name\":\"Regragui rejects claims of referee bias for Morocco - Bladna News\",\"isPartOf\":{\"@id\":\"https:\\\/\\\/mediumseagreen-eel-531711.hostingersite.com\\\/#website\"},\"primaryImageOfPage\":{\"@id\":\"https:\\\/\\\/bladnanews.com\\\/regragui-rejects-claims-of-referee-bias-for-morocco\\\/#primaryimage\"},\"image\":{\"@id\":\"https:\\\/\\\/bladnanews.com\\\/regragui-rejects-claims-of-referee-bias-for-morocco\\\/#primaryimage\"},\"thumbnailUrl\":\"https:\\\/\\\/bladnanews.com\\\/wp-content\\\/uploads\\\/2026\\\/01\\\/ff1c7e0d-3887-4ed7-bfc1-57136a815da7_1768043067.webp\",\"datePublished\":\"2026-01-10T11:03:00+00:00\",\"breadcrumb\":{\"@id\":\"https:\\\/\\\/bladnanews.com\\\/regragui-rejects-claims-of-referee-bias-for-morocco\\\/#breadcrumb\"},\"inLanguage\":\"fr-FR\",\"potentialAction\":[{\"@type\":\"ReadAction\",\"target\":[\"https:\\\/\\\/bladnanews.com\\\/regragui-rejects-claims-of-referee-bias-for-morocco\\\/\"]}]},{\"@type\":\"ImageObject\",\"inLanguage\":\"fr-FR\",\"@id\":\"https:\\\/\\\/bladnanews.com\\\/regragui-rejects-claims-of-referee-bias-for-morocco\\\/#primaryimage\",\"url\":\"https:\\\/\\\/bladnanews.com\\\/wp-content\\\/uploads\\\/2026\\\/01\\\/ff1c7e0d-3887-4ed7-bfc1-57136a815da7_1768043067.webp\",\"contentUrl\":\"https:\\\/\\\/bladnanews.com\\\/wp-content\\\/uploads\\\/2026\\\/01\\\/ff1c7e0d-3887-4ed7-bfc1-57136a815da7_1768043067.webp\",\"width\":860,\"height\":655,\"caption\":\"Morocco's football coach speaks at a press conference, with a decorated AFCON ball and team badge visible on the table.\"},{\"@type\":\"BreadcrumbList\",\"@id\":\"https:\\\/\\\/bladnanews.com\\\/regragui-rejects-claims-of-referee-bias-for-morocco\\\/#breadcrumb\",\"itemListElement\":[{\"@type\":\"ListItem\",\"position\":1,\"name\":\"Home\",\"item\":\"https:\\\/\\\/bladnanews.com\\\/\"},{\"@type\":\"ListItem\",\"position\":2,\"name\":\"Regragui rejects claims of referee bias for Morocco\"}]},{\"@type\":\"WebSite\",\"@id\":\"https:\\\/\\\/mediumseagreen-eel-531711.hostingersite.com\\\/#website\",\"url\":\"https:\\\/\\\/mediumseagreen-eel-531711.hostingersite.com\\\/\",\"name\":\"Bladna News - Morocco\",\"description\":\"Where Moroccan Football Meets the World\",\"publisher\":{\"@id\":\"https:\\\/\\\/mediumseagreen-eel-531711.hostingersite.com\\\/#organization\"},\"potentialAction\":[{\"@type\":\"SearchAction\",\"target\":{\"@type\":\"EntryPoint\",\"urlTemplate\":\"https:\\\/\\\/mediumseagreen-eel-531711.hostingersite.com\\\/?s={search_term_string}\"},\"query-input\":{\"@type\":\"PropertyValueSpecification\",\"valueRequired\":true,\"valueName\":\"search_term_string\"}}],\"inLanguage\":\"fr-FR\"},{\"@type\":\"Organization\",\"@id\":\"https:\\\/\\\/mediumseagreen-eel-531711.hostingersite.com\\\/#organization\",\"name\":\"Bladna News.com\",\"url\":\"https:\\\/\\\/mediumseagreen-eel-531711.hostingersite.com\\\/\",\"logo\":{\"@type\":\"ImageObject\",\"inLanguage\":\"fr-FR\",\"@id\":\"https:\\\/\\\/mediumseagreen-eel-531711.hostingersite.com\\\/#\\\/schema\\\/logo\\\/image\\\/\",\"url\":\"https:\\\/\\\/bladnanews.com\\\/wp-content\\\/uploads\\\/2025\\\/12\\\/logo-bladnanews-V2-web-black-red.png\",\"contentUrl\":\"https:\\\/\\\/bladnanews.com\\\/wp-content\\\/uploads\\\/2025\\\/12\\\/logo-bladnanews-V2-web-black-red.png\",\"width\":703,\"height\":287,\"caption\":\"Bladna News.com\"},\"image\":{\"@id\":\"https:\\\/\\\/mediumseagreen-eel-531711.hostingersite.com\\\/#\\\/schema\\\/logo\\\/image\\\/\"},\"email\":\"info@bladnanews.com\",\"legalName\":\"Bladna News\"},{\"@type\":\"Person\",\"@id\":\"https:\\\/\\\/mediumseagreen-eel-531711.hostingersite.com\\\/#\\\/schema\\\/person\\\/6712b38fabe810f7eb8d15ed30d90f1e\",\"name\":\"Bladna Sports Desk\",\"url\":\"https:\\\/\\\/bladnanews.com\\\/fr\\\/author\\\/bladna-sports-desk\\\/\"}]}<\/script>\n<!-- \/ Yoast SEO Premium plugin. -->","yoast_head_json":{"title":"Regragui rejette les all\u00e9gations de partialit\u00e9 de l'arbitre pour le Maroc - Bladna News","robots":{"index":"index","follow":"follow","max-snippet":"max-snippet:-1","max-image-preview":"max-image-preview:large","max-video-preview":"max-video-preview:-1"},"canonical":"https:\/\/bladnanews.com\/fr\/regragui-rejette-les-allegations-de-partialite-de-larbitre-pour-le-maroc\/","og_locale":"fr_FR","og_type":"article","og_title":"Regragui rejects claims of referee bias for Morocco","og_description":"Morocco head coach Walid Regragui has firmly rejected accusations that refereeing decisions favor the national team, saying such claims are [&hellip;]","og_url":"https:\/\/bladnanews.com\/fr\/regragui-rejette-les-allegations-de-partialite-de-larbitre-pour-le-maroc\/","og_site_name":"Bladna News","article_published_time":"2026-01-10T11:03:00+00:00","og_image":[{"width":1312,"height":736,"url":"https:\/\/bladnanews.com\/wp-content\/uploads\/2025\/12\/freepik__bladna-newscom-moroccan-soccer-homepage-banner-mor__41838.png","type":"image\/png"}],"author":"Bladna Sports Desk","twitter_card":"summary_large_image","twitter_misc":{"\u00c9crit par":"Bladna Sports Desk","Dur\u00e9e de lecture estim\u00e9e":"1 minute"},"schema":{"@context":"https:\/\/schema.org","@graph":[{"@type":"Article","@id":"https:\/\/bladnanews.com\/regragui-rejects-claims-of-referee-bias-for-morocco\/#article","isPartOf":{"@id":"https:\/\/bladnanews.com\/regragui-rejects-claims-of-referee-bias-for-morocco\/"},"author":{"name":"Bladna Sports Desk","@id":"https:\/\/mediumseagreen-eel-531711.hostingersite.com\/#\/schema\/person\/6712b38fabe810f7eb8d15ed30d90f1e"},"headline":"Regragui rejects claims of referee bias for Morocco","datePublished":"2026-01-10T11:03:00+00:00","mainEntityOfPage":{"@id":"https:\/\/bladnanews.com\/regragui-rejects-claims-of-referee-bias-for-morocco\/"},"wordCount":221,"publisher":{"@id":"https:\/\/mediumseagreen-eel-531711.hostingersite.com\/#organization"},"image":{"@id":"https:\/\/bladnanews.com\/regragui-rejects-claims-of-referee-bias-for-morocco\/#primaryimage"},"thumbnailUrl":"https:\/\/bladnanews.com\/wp-content\/uploads\/2026\/01\/ff1c7e0d-3887-4ed7-bfc1-57136a815da7_1768043067.webp","articleSection":["Latest News","Morocco National Team"],"inLanguage":"fr-FR","copyrightYear":"2026","copyrightHolder":{"@id":"https:\/\/bladnanews.com\/fr\/#organization"}},{"@type":"WebPage","@id":"https:\/\/bladnanews.com\/regragui-rejects-claims-of-referee-bias-for-morocco\/","url":"https:\/\/bladnanews.com\/regragui-rejects-claims-of-referee-bias-for-morocco\/","name":"Regragui rejette les all\u00e9gations de partialit\u00e9 de l'arbitre pour le Maroc - Bladna News","isPartOf":{"@id":"https:\/\/mediumseagreen-eel-531711.hostingersite.com\/#website"},"primaryImageOfPage":{"@id":"https:\/\/bladnanews.com\/regragui-rejects-claims-of-referee-bias-for-morocco\/#primaryimage"},"image":{"@id":"https:\/\/bladnanews.com\/regragui-rejects-claims-of-referee-bias-for-morocco\/#primaryimage"},"thumbnailUrl":"https:\/\/bladnanews.com\/wp-content\/uploads\/2026\/01\/ff1c7e0d-3887-4ed7-bfc1-57136a815da7_1768043067.webp","datePublished":"2026-01-10T11:03:00+00:00","breadcrumb":{"@id":"https:\/\/bladnanews.com\/regragui-rejects-claims-of-referee-bias-for-morocco\/#breadcrumb"},"inLanguage":"fr-FR","potentialAction":[{"@type":"ReadAction","target":["https:\/\/bladnanews.com\/regragui-rejects-claims-of-referee-bias-for-morocco\/"]}]},{"@type":"ImageObject","inLanguage":"fr-FR","@id":"https:\/\/bladnanews.com\/regragui-rejects-claims-of-referee-bias-for-morocco\/#primaryimage","url":"https:\/\/bladnanews.com\/wp-content\/uploads\/2026\/01\/ff1c7e0d-3887-4ed7-bfc1-57136a815da7_1768043067.webp","contentUrl":"https:\/\/bladnanews.com\/wp-content\/uploads\/2026\/01\/ff1c7e0d-3887-4ed7-bfc1-57136a815da7_1768043067.webp","width":860,"height":655,"caption":"Morocco's football coach speaks at a press conference, with a decorated AFCON ball and team badge visible on the table."},{"@type":"BreadcrumbList","@id":"https:\/\/bladnanews.com\/regragui-rejects-claims-of-referee-bias-for-morocco\/#breadcrumb","itemListElement":[{"@type":"ListItem","position":1,"name":"Home","item":"https:\/\/bladnanews.com\/"},{"@type":"ListItem","position":2,"name":"Regragui rejects claims of referee bias for Morocco"}]},{"@type":"WebSite","@id":"https:\/\/mediumseagreen-eel-531711.hostingersite.com\/#website","url":"https:\/\/mediumseagreen-eel-531711.hostingersite.com\/","name":"Bladna News - Maroc","description":"Quand le football marocain rencontre le monde","publisher":{"@id":"https:\/\/mediumseagreen-eel-531711.hostingersite.com\/#organization"},"potentialAction":[{"@type":"SearchAction","target":{"@type":"EntryPoint","urlTemplate":"https:\/\/mediumseagreen-eel-531711.hostingersite.com\/?s={search_term_string}"},"query-input":{"@type":"PropertyValueSpecification","valueRequired":true,"valueName":"search_term_string"}}],"inLanguage":"fr-FR"},{"@type":"Organization","@id":"https:\/\/mediumseagreen-eel-531711.hostingersite.com\/#organization","name":"Bladna News.com","url":"https:\/\/mediumseagreen-eel-531711.hostingersite.com\/","logo":{"@type":"ImageObject","inLanguage":"fr-FR","@id":"https:\/\/mediumseagreen-eel-531711.hostingersite.com\/#\/schema\/logo\/image\/","url":"https:\/\/bladnanews.com\/wp-content\/uploads\/2025\/12\/logo-bladnanews-V2-web-black-red.png","contentUrl":"https:\/\/bladnanews.com\/wp-content\/uploads\/2025\/12\/logo-bladnanews-V2-web-black-red.png","width":703,"height":287,"caption":"Bladna News.com"},"image":{"@id":"https:\/\/mediumseagreen-eel-531711.hostingersite.com\/#\/schema\/logo\/image\/"},"email":"info@bladnanews.com","legalName":"Bladna News"},{"@type":"Person","@id":"https:\/\/mediumseagreen-eel-531711.hostingersite.com\/#\/schema\/person\/6712b38fabe810f7eb8d15ed30d90f1e","name":"Bladna Sports Desk","url":"https:\/\/bladnanews.com\/fr\/author\/bladna-sports-desk\/"}]}},"_links":{"self":[{"href":"https:\/\/bladnanews.com\/fr\/wp-json\/wp\/v2\/posts\/5645","targetHints":{"allow":["GET"]}}],"collection":[{"href":"https:\/\/bladnanews.com\/fr\/wp-json\/wp\/v2\/posts"}],"about":[{"href":"https:\/\/bladnanews.com\/fr\/wp-json\/wp\/v2\/types\/post"}],"author":[{"embeddable":true,"href":"https:\/\/bladnanews.com\/fr\/wp-json\/wp\/v2\/users\/4"}],"replies":[{"embeddable":true,"href":"https:\/\/bladnanews.com\/fr\/wp-json\/wp\/v2\/comments?post=5645"}],"version-history":[{"count":0,"href":"https:\/\/bladnanews.com\/fr\/wp-json\/wp\/v2\/posts\/5645\/revisions"}],"wp:featuredmedia":[{"embeddable":true,"href":"https:\/\/bladnanews.com\/fr\/wp-json\/wp\/v2\/media\/5644"}],"wp:attachment":[{"href":"https:\/\/bladnanews.com\/fr\/wp-json\/wp\/v2\/media?parent=5645"}],"wp:term":[{"taxonomy":"category","embeddable":true,"href":"https:\/\/bladnanews.com\/fr\/wp-json\/wp\/v2\/categories?post=5645"},{"taxonomy":"post_tag","embeddable":true,"href":"https:\/\/bladnanews.com\/fr\/wp-json\/wp\/v2\/tags?post=5645"}],"curies":[{"name":"wp","href":"https:\/\/api.w.org\/{rel}","templated":true}]}}