{"id":5647,"date":"2026-01-09T20:44:04","date_gmt":"2026-01-09T20:44:04","guid":{"rendered":"https:\/\/bladnanews.com\/alan-shearer-warns-man-utd-over-ole-gunnar-solskjaer-return\/"},"modified":"2026-01-09T20:44:04","modified_gmt":"2026-01-09T20:44:04","slug":"alan-shearer-met-en-garde-manchester-united-contre-le-retour-dole-gunnar-solskjaer","status":"publish","type":"post","link":"https:\/\/bladnanews.com\/fr\/alan-shearer-met-en-garde-manchester-united-contre-le-retour-dole-gunnar-solskjaer\/","title":{"rendered":"Alan Shearer met en garde Manchester United contre le retour d'Ole Gunnar Solskjaer"},"content":{"rendered":"<p>Alan Shearer a mis en garde Manchester United en l'exhortant \u00e0 \u00eatre \u201c vraiment prudent \u201d, alors que des rumeurs lient Ole Gunnar Solskjaer \u00e0 un retour int\u00e9rimaire \u00e0 Old Trafford.<\/p>\n<p>L'ancien attaquant de United serait en lice pour un r\u00f4le \u00e0 court terme, tandis que le club p\u00e8se ses prochaines \u00e9tapes. Solskjaer, qui a d\u00e9j\u00e0 entra\u00een\u00e9 United, est \u00e9voqu\u00e9 comme une option potentielle pour stabiliser l'\u00e9quipe temporairement.<\/p>\n<p>\u00c9voquant la perspective d'un retour de Solskjaer, Shearer a exprim\u00e9 clairement ses sentiments et a remis en question la logique d'une telle d\u00e9cision.<\/p>\n<p><strong>\u201c Ce serait une nomination vraiment \u00e9trange \u201d,\u201d<\/strong> a d\u00e9clar\u00e9 Shearer, exhortant United \u00e0 r\u00e9fl\u00e9chir attentivement avant de prendre toute d\u00e9cision susceptible d'avoir des cons\u00e9quences \u00e0 long terme.<\/p>\n<p>La mise en garde de Shearer intervient alors que Solskjaer, selon les rapports, postulerait pour un retour int\u00e9rimaire, United \u00e9tant li\u00e9 \u00e0 plusieurs possibilit\u00e9s tout en r\u00e9fl\u00e9chissant \u00e0 la direction \u00e0 prendre.<\/p>\n<p>United n'a encore fait aucune annonce officielle, mais Shearer estime que le club doit \u00eatre prudent quant au message qu'un choix int\u00e9rimaire enverrait et \u00e0 l'impact que cela pourrait avoir sur le plan global.<\/p>","protected":false},"excerpt":{"rendered":"<p>Alan Shearer has warned Manchester United to be \u201creally careful\u201d amid reports linking Ole Gunnar Solskjaer with an interim return [&hellip;]<\/p>\n","protected":false},"author":3,"featured_media":5646,"comment_status":"","ping_status":"open","sticky":false,"template":"","format":"standard","meta":{"googlesitekit_rrm_CAow_uzEDA:productID":"","site-sidebar-layout":"default","site-content-layout":"","ast-site-content-layout":"default","site-content-style":"default","site-sidebar-style":"default","ast-global-header-display":"","ast-banner-title-visibility":"","ast-main-header-display":"","ast-hfb-above-header-display":"","ast-hfb-below-header-display":"","ast-hfb-mobile-header-display":"","site-post-title":"","ast-breadcrumbs-content":"","ast-featured-img":"","footer-sml-layout":"","ast-disable-related-posts":"","theme-transparent-header-meta":"","adv-header-id-meta":"","stick-header-meta":"","header-above-stick-meta":"","header-main-stick-meta":"","header-below-stick-meta":"","astra-migrate-meta-layouts":"default","ast-page-background-enabled":"default","ast-page-background-meta":{"desktop":{"background-color":"var(--ast-global-color-5)","background-image":"","background-repeat":"repeat","background-position":"center center","background-size":"auto","background-attachment":"scroll","background-type":"","background-media":"","overlay-type":"","overlay-color":"","overlay-opacity":"","overlay-gradient":""},"tablet":{"background-color":"","background-image":"","background-repeat":"repeat","background-position":"center center","background-size":"auto","background-attachment":"scroll","background-type":"","background-media":"","overlay-type":"","overlay-color":"","overlay-opacity":"","overlay-gradient":""},"mobile":{"background-color":"","background-image":"","background-repeat":"repeat","background-position":"center center","background-size":"auto","background-attachment":"scroll","background-type":"","background-media":"","overlay-type":"","overlay-color":"","overlay-opacity":"","overlay-gradient":""}},"ast-content-background-meta":{"desktop":{"background-color":"var(--ast-global-color-4)","background-image":"","background-repeat":"repeat","background-position":"center center","background-size":"auto","background-attachment":"scroll","background-type":"","background-media":"","overlay-type":"","overlay-color":"","overlay-opacity":"","overlay-gradient":""},"tablet":{"background-color":"var(--ast-global-color-4)","background-image":"","background-repeat":"repeat","background-position":"center center","background-size":"auto","background-attachment":"scroll","background-type":"","background-media":"","overlay-type":"","overlay-color":"","overlay-opacity":"","overlay-gradient":""},"mobile":{"background-color":"var(--ast-global-color-4)","background-image":"","background-repeat":"repeat","background-position":"center center","background-size":"auto","background-attachment":"scroll","background-type":"","background-media":"","overlay-type":"","overlay-color":"","overlay-opacity":"","overlay-gradient":""}},"footnotes":""},"categories":[20,1],"tags":[],"class_list":["post-5647","post","type-post","status-publish","format-standard","has-post-thumbnail","hentry","category-international","category-football-latest-news"],"yoast_head":"<!-- This site is optimized with the Yoast SEO Premium plugin v26.6 (Yoast SEO v27.5) - https:\/\/yoast.com\/product\/yoast-seo-premium-wordpress\/ -->\n<title>Alan Shearer warns Man Utd over Ole Gunnar Solskjaer return - Bladna News<\/title>\n<meta name=\"robots\" content=\"index, follow, max-snippet:-1, max-image-preview:large, max-video-preview:-1\" \/>\n<link rel=\"canonical\" href=\"https:\/\/bladnanews.com\/fr\/alan-shearer-met-en-garde-manchester-united-contre-le-retour-dole-gunnar-solskjaer\/\" \/>\n<meta property=\"og:locale\" content=\"fr_FR\" \/>\n<meta property=\"og:type\" content=\"article\" \/>\n<meta property=\"og:title\" content=\"Alan Shearer warns Man Utd over Ole Gunnar Solskjaer return\" \/>\n<meta property=\"og:description\" content=\"Alan Shearer has warned Manchester United to be \u201creally careful\u201d amid reports linking Ole Gunnar Solskjaer with an interim return [&hellip;]\" \/>\n<meta property=\"og:url\" content=\"https:\/\/bladnanews.com\/fr\/alan-shearer-met-en-garde-manchester-united-contre-le-retour-dole-gunnar-solskjaer\/\" \/>\n<meta property=\"og:site_name\" content=\"Bladna News\" \/>\n<meta property=\"article:published_time\" content=\"2026-01-09T20:44:04+00:00\" \/>\n<meta property=\"og:image\" content=\"https:\/\/bladnanews.com\/wp-content\/uploads\/2025\/12\/freepik__bladna-newscom-moroccan-soccer-homepage-banner-mor__41838.png\" \/>\n\t<meta property=\"og:image:width\" content=\"1312\" \/>\n\t<meta property=\"og:image:height\" content=\"736\" \/>\n\t<meta property=\"og:image:type\" content=\"image\/png\" \/>\n<meta name=\"author\" content=\"Bladna News Staff\" \/>\n<meta name=\"twitter:card\" content=\"summary_large_image\" \/>\n<meta name=\"twitter:label1\" content=\"\u00c9crit par\" \/>\n\t<meta name=\"twitter:data1\" content=\"Bladna News Staff\" \/>\n\t<meta name=\"twitter:label2\" content=\"Dur\u00e9e de lecture estim\u00e9e\" \/>\n\t<meta name=\"twitter:data2\" content=\"1 minute\" \/>\n<script type=\"application\/ld+json\" class=\"yoast-schema-graph\">{\"@context\":\"https:\\\/\\\/schema.org\",\"@graph\":[{\"@type\":\"Article\",\"@id\":\"https:\\\/\\\/bladnanews.com\\\/alan-shearer-warns-man-utd-over-ole-gunnar-solskjaer-return\\\/#article\",\"isPartOf\":{\"@id\":\"https:\\\/\\\/bladnanews.com\\\/alan-shearer-warns-man-utd-over-ole-gunnar-solskjaer-return\\\/\"},\"author\":{\"name\":\"Bladna News Staff\",\"@id\":\"https:\\\/\\\/mediumseagreen-eel-531711.hostingersite.com\\\/#\\\/schema\\\/person\\\/268e18a453ab080ebf76df6ef7845083\"},\"headline\":\"Alan Shearer warns Man Utd over Ole Gunnar Solskjaer return\",\"datePublished\":\"2026-01-09T20:44:04+00:00\",\"mainEntityOfPage\":{\"@id\":\"https:\\\/\\\/bladnanews.com\\\/alan-shearer-warns-man-utd-over-ole-gunnar-solskjaer-return\\\/\"},\"wordCount\":179,\"publisher\":{\"@id\":\"https:\\\/\\\/mediumseagreen-eel-531711.hostingersite.com\\\/#organization\"},\"image\":{\"@id\":\"https:\\\/\\\/bladnanews.com\\\/alan-shearer-warns-man-utd-over-ole-gunnar-solskjaer-return\\\/#primaryimage\"},\"thumbnailUrl\":\"https:\\\/\\\/bladnanews.com\\\/wp-content\\\/uploads\\\/2026\\\/01\\\/BladnaNews-Alan-Shearer-warns-Man-Utd-over-Ole-Gunnar-Solskjaer-return-2026-01-10T170927.655Z.jpg\",\"articleSection\":[\"International\",\"Latest News\"],\"inLanguage\":\"fr-FR\",\"copyrightYear\":\"2026\",\"copyrightHolder\":{\"@id\":\"https:\\\/\\\/bladnanews.com\\\/fr\\\/#organization\"}},{\"@type\":\"WebPage\",\"@id\":\"https:\\\/\\\/bladnanews.com\\\/alan-shearer-warns-man-utd-over-ole-gunnar-solskjaer-return\\\/\",\"url\":\"https:\\\/\\\/bladnanews.com\\\/alan-shearer-warns-man-utd-over-ole-gunnar-solskjaer-return\\\/\",\"name\":\"Alan Shearer warns Man Utd over Ole Gunnar Solskjaer return - Bladna News\",\"isPartOf\":{\"@id\":\"https:\\\/\\\/mediumseagreen-eel-531711.hostingersite.com\\\/#website\"},\"primaryImageOfPage\":{\"@id\":\"https:\\\/\\\/bladnanews.com\\\/alan-shearer-warns-man-utd-over-ole-gunnar-solskjaer-return\\\/#primaryimage\"},\"image\":{\"@id\":\"https:\\\/\\\/bladnanews.com\\\/alan-shearer-warns-man-utd-over-ole-gunnar-solskjaer-return\\\/#primaryimage\"},\"thumbnailUrl\":\"https:\\\/\\\/bladnanews.com\\\/wp-content\\\/uploads\\\/2026\\\/01\\\/BladnaNews-Alan-Shearer-warns-Man-Utd-over-Ole-Gunnar-Solskjaer-return-2026-01-10T170927.655Z.jpg\",\"datePublished\":\"2026-01-09T20:44:04+00:00\",\"breadcrumb\":{\"@id\":\"https:\\\/\\\/bladnanews.com\\\/alan-shearer-warns-man-utd-over-ole-gunnar-solskjaer-return\\\/#breadcrumb\"},\"inLanguage\":\"fr-FR\",\"potentialAction\":[{\"@type\":\"ReadAction\",\"target\":[\"https:\\\/\\\/bladnanews.com\\\/alan-shearer-warns-man-utd-over-ole-gunnar-solskjaer-return\\\/\"]}]},{\"@type\":\"ImageObject\",\"inLanguage\":\"fr-FR\",\"@id\":\"https:\\\/\\\/bladnanews.com\\\/alan-shearer-warns-man-utd-over-ole-gunnar-solskjaer-return\\\/#primaryimage\",\"url\":\"https:\\\/\\\/bladnanews.com\\\/wp-content\\\/uploads\\\/2026\\\/01\\\/BladnaNews-Alan-Shearer-warns-Man-Utd-over-Ole-Gunnar-Solskjaer-return-2026-01-10T170927.655Z.jpg\",\"contentUrl\":\"https:\\\/\\\/bladnanews.com\\\/wp-content\\\/uploads\\\/2026\\\/01\\\/BladnaNews-Alan-Shearer-warns-Man-Utd-over-Ole-Gunnar-Solskjaer-return-2026-01-10T170927.655Z.jpg\",\"width\":1920,\"height\":1080,\"caption\":\"Ole Gunnar Solskjaer, wearing a Manchester United tracksuit, gestures with a concerned expression during a match. Background includes a blurred football goal.\"},{\"@type\":\"BreadcrumbList\",\"@id\":\"https:\\\/\\\/bladnanews.com\\\/alan-shearer-warns-man-utd-over-ole-gunnar-solskjaer-return\\\/#breadcrumb\",\"itemListElement\":[{\"@type\":\"ListItem\",\"position\":1,\"name\":\"Home\",\"item\":\"https:\\\/\\\/bladnanews.com\\\/\"},{\"@type\":\"ListItem\",\"position\":2,\"name\":\"Alan Shearer warns Man Utd over Ole Gunnar Solskjaer return\"}]},{\"@type\":\"WebSite\",\"@id\":\"https:\\\/\\\/mediumseagreen-eel-531711.hostingersite.com\\\/#website\",\"url\":\"https:\\\/\\\/mediumseagreen-eel-531711.hostingersite.com\\\/\",\"name\":\"Bladna News - Morocco\",\"description\":\"Where Moroccan Football Meets the World\",\"publisher\":{\"@id\":\"https:\\\/\\\/mediumseagreen-eel-531711.hostingersite.com\\\/#organization\"},\"potentialAction\":[{\"@type\":\"SearchAction\",\"target\":{\"@type\":\"EntryPoint\",\"urlTemplate\":\"https:\\\/\\\/mediumseagreen-eel-531711.hostingersite.com\\\/?s={search_term_string}\"},\"query-input\":{\"@type\":\"PropertyValueSpecification\",\"valueRequired\":true,\"valueName\":\"search_term_string\"}}],\"inLanguage\":\"fr-FR\"},{\"@type\":\"Organization\",\"@id\":\"https:\\\/\\\/mediumseagreen-eel-531711.hostingersite.com\\\/#organization\",\"name\":\"Bladna News.com\",\"url\":\"https:\\\/\\\/mediumseagreen-eel-531711.hostingersite.com\\\/\",\"logo\":{\"@type\":\"ImageObject\",\"inLanguage\":\"fr-FR\",\"@id\":\"https:\\\/\\\/mediumseagreen-eel-531711.hostingersite.com\\\/#\\\/schema\\\/logo\\\/image\\\/\",\"url\":\"https:\\\/\\\/bladnanews.com\\\/wp-content\\\/uploads\\\/2025\\\/12\\\/logo-bladnanews-V2-web-black-red.png\",\"contentUrl\":\"https:\\\/\\\/bladnanews.com\\\/wp-content\\\/uploads\\\/2025\\\/12\\\/logo-bladnanews-V2-web-black-red.png\",\"width\":703,\"height\":287,\"caption\":\"Bladna News.com\"},\"image\":{\"@id\":\"https:\\\/\\\/mediumseagreen-eel-531711.hostingersite.com\\\/#\\\/schema\\\/logo\\\/image\\\/\"},\"email\":\"info@bladnanews.com\",\"legalName\":\"Bladna News\"},{\"@type\":\"Person\",\"@id\":\"https:\\\/\\\/mediumseagreen-eel-531711.hostingersite.com\\\/#\\\/schema\\\/person\\\/268e18a453ab080ebf76df6ef7845083\",\"name\":\"Bladna News Staff\",\"url\":\"https:\\\/\\\/bladnanews.com\\\/fr\\\/author\\\/bladna-news-staff\\\/\"}]}<\/script>\n<!-- \/ Yoast SEO Premium plugin. -->","yoast_head_json":{"title":"Alan Shearer met en garde Manchester United contre le retour d'Ole Gunnar Solskjaer - Bladna News","robots":{"index":"index","follow":"follow","max-snippet":"max-snippet:-1","max-image-preview":"max-image-preview:large","max-video-preview":"max-video-preview:-1"},"canonical":"https:\/\/bladnanews.com\/fr\/alan-shearer-met-en-garde-manchester-united-contre-le-retour-dole-gunnar-solskjaer\/","og_locale":"fr_FR","og_type":"article","og_title":"Alan Shearer warns Man Utd over Ole Gunnar Solskjaer return","og_description":"Alan Shearer has warned Manchester United to be \u201creally careful\u201d amid reports linking Ole Gunnar Solskjaer with an interim return [&hellip;]","og_url":"https:\/\/bladnanews.com\/fr\/alan-shearer-met-en-garde-manchester-united-contre-le-retour-dole-gunnar-solskjaer\/","og_site_name":"Bladna News","article_published_time":"2026-01-09T20:44:04+00:00","og_image":[{"width":1312,"height":736,"url":"https:\/\/bladnanews.com\/wp-content\/uploads\/2025\/12\/freepik__bladna-newscom-moroccan-soccer-homepage-banner-mor__41838.png","type":"image\/png"}],"author":"Bladna News Staff","twitter_card":"summary_large_image","twitter_misc":{"\u00c9crit par":"Bladna News Staff","Dur\u00e9e de lecture estim\u00e9e":"1 minute"},"schema":{"@context":"https:\/\/schema.org","@graph":[{"@type":"Article","@id":"https:\/\/bladnanews.com\/alan-shearer-warns-man-utd-over-ole-gunnar-solskjaer-return\/#article","isPartOf":{"@id":"https:\/\/bladnanews.com\/alan-shearer-warns-man-utd-over-ole-gunnar-solskjaer-return\/"},"author":{"name":"Bladna News Staff","@id":"https:\/\/mediumseagreen-eel-531711.hostingersite.com\/#\/schema\/person\/268e18a453ab080ebf76df6ef7845083"},"headline":"Alan Shearer warns Man Utd over Ole Gunnar Solskjaer return","datePublished":"2026-01-09T20:44:04+00:00","mainEntityOfPage":{"@id":"https:\/\/bladnanews.com\/alan-shearer-warns-man-utd-over-ole-gunnar-solskjaer-return\/"},"wordCount":179,"publisher":{"@id":"https:\/\/mediumseagreen-eel-531711.hostingersite.com\/#organization"},"image":{"@id":"https:\/\/bladnanews.com\/alan-shearer-warns-man-utd-over-ole-gunnar-solskjaer-return\/#primaryimage"},"thumbnailUrl":"https:\/\/bladnanews.com\/wp-content\/uploads\/2026\/01\/BladnaNews-Alan-Shearer-warns-Man-Utd-over-Ole-Gunnar-Solskjaer-return-2026-01-10T170927.655Z.jpg","articleSection":["International","Latest News"],"inLanguage":"fr-FR","copyrightYear":"2026","copyrightHolder":{"@id":"https:\/\/bladnanews.com\/fr\/#organization"}},{"@type":"WebPage","@id":"https:\/\/bladnanews.com\/alan-shearer-warns-man-utd-over-ole-gunnar-solskjaer-return\/","url":"https:\/\/bladnanews.com\/alan-shearer-warns-man-utd-over-ole-gunnar-solskjaer-return\/","name":"Alan Shearer met en garde Manchester United contre le retour d'Ole Gunnar Solskjaer - Bladna News","isPartOf":{"@id":"https:\/\/mediumseagreen-eel-531711.hostingersite.com\/#website"},"primaryImageOfPage":{"@id":"https:\/\/bladnanews.com\/alan-shearer-warns-man-utd-over-ole-gunnar-solskjaer-return\/#primaryimage"},"image":{"@id":"https:\/\/bladnanews.com\/alan-shearer-warns-man-utd-over-ole-gunnar-solskjaer-return\/#primaryimage"},"thumbnailUrl":"https:\/\/bladnanews.com\/wp-content\/uploads\/2026\/01\/BladnaNews-Alan-Shearer-warns-Man-Utd-over-Ole-Gunnar-Solskjaer-return-2026-01-10T170927.655Z.jpg","datePublished":"2026-01-09T20:44:04+00:00","breadcrumb":{"@id":"https:\/\/bladnanews.com\/alan-shearer-warns-man-utd-over-ole-gunnar-solskjaer-return\/#breadcrumb"},"inLanguage":"fr-FR","potentialAction":[{"@type":"ReadAction","target":["https:\/\/bladnanews.com\/alan-shearer-warns-man-utd-over-ole-gunnar-solskjaer-return\/"]}]},{"@type":"ImageObject","inLanguage":"fr-FR","@id":"https:\/\/bladnanews.com\/alan-shearer-warns-man-utd-over-ole-gunnar-solskjaer-return\/#primaryimage","url":"https:\/\/bladnanews.com\/wp-content\/uploads\/2026\/01\/BladnaNews-Alan-Shearer-warns-Man-Utd-over-Ole-Gunnar-Solskjaer-return-2026-01-10T170927.655Z.jpg","contentUrl":"https:\/\/bladnanews.com\/wp-content\/uploads\/2026\/01\/BladnaNews-Alan-Shearer-warns-Man-Utd-over-Ole-Gunnar-Solskjaer-return-2026-01-10T170927.655Z.jpg","width":1920,"height":1080,"caption":"Ole Gunnar Solskjaer, wearing a Manchester United tracksuit, gestures with a concerned expression during a match. Background includes a blurred football goal."},{"@type":"BreadcrumbList","@id":"https:\/\/bladnanews.com\/alan-shearer-warns-man-utd-over-ole-gunnar-solskjaer-return\/#breadcrumb","itemListElement":[{"@type":"ListItem","position":1,"name":"Home","item":"https:\/\/bladnanews.com\/"},{"@type":"ListItem","position":2,"name":"Alan Shearer warns Man Utd over Ole Gunnar Solskjaer return"}]},{"@type":"WebSite","@id":"https:\/\/mediumseagreen-eel-531711.hostingersite.com\/#website","url":"https:\/\/mediumseagreen-eel-531711.hostingersite.com\/","name":"Bladna News - Maroc","description":"Quand le football marocain rencontre le monde","publisher":{"@id":"https:\/\/mediumseagreen-eel-531711.hostingersite.com\/#organization"},"potentialAction":[{"@type":"SearchAction","target":{"@type":"EntryPoint","urlTemplate":"https:\/\/mediumseagreen-eel-531711.hostingersite.com\/?s={search_term_string}"},"query-input":{"@type":"PropertyValueSpecification","valueRequired":true,"valueName":"search_term_string"}}],"inLanguage":"fr-FR"},{"@type":"Organization","@id":"https:\/\/mediumseagreen-eel-531711.hostingersite.com\/#organization","name":"Bladna News.com","url":"https:\/\/mediumseagreen-eel-531711.hostingersite.com\/","logo":{"@type":"ImageObject","inLanguage":"fr-FR","@id":"https:\/\/mediumseagreen-eel-531711.hostingersite.com\/#\/schema\/logo\/image\/","url":"https:\/\/bladnanews.com\/wp-content\/uploads\/2025\/12\/logo-bladnanews-V2-web-black-red.png","contentUrl":"https:\/\/bladnanews.com\/wp-content\/uploads\/2025\/12\/logo-bladnanews-V2-web-black-red.png","width":703,"height":287,"caption":"Bladna News.com"},"image":{"@id":"https:\/\/mediumseagreen-eel-531711.hostingersite.com\/#\/schema\/logo\/image\/"},"email":"info@bladnanews.com","legalName":"Bladna News"},{"@type":"Person","@id":"https:\/\/mediumseagreen-eel-531711.hostingersite.com\/#\/schema\/person\/268e18a453ab080ebf76df6ef7845083","name":"\u00c9quipe r\u00e9dactionnelle de Bladna News","url":"https:\/\/bladnanews.com\/fr\/author\/bladna-news-staff\/"}]}},"_links":{"self":[{"href":"https:\/\/bladnanews.com\/fr\/wp-json\/wp\/v2\/posts\/5647","targetHints":{"allow":["GET"]}}],"collection":[{"href":"https:\/\/bladnanews.com\/fr\/wp-json\/wp\/v2\/posts"}],"about":[{"href":"https:\/\/bladnanews.com\/fr\/wp-json\/wp\/v2\/types\/post"}],"author":[{"embeddable":true,"href":"https:\/\/bladnanews.com\/fr\/wp-json\/wp\/v2\/users\/3"}],"replies":[{"embeddable":true,"href":"https:\/\/bladnanews.com\/fr\/wp-json\/wp\/v2\/comments?post=5647"}],"version-history":[{"count":0,"href":"https:\/\/bladnanews.com\/fr\/wp-json\/wp\/v2\/posts\/5647\/revisions"}],"wp:featuredmedia":[{"embeddable":true,"href":"https:\/\/bladnanews.com\/fr\/wp-json\/wp\/v2\/media\/5646"}],"wp:attachment":[{"href":"https:\/\/bladnanews.com\/fr\/wp-json\/wp\/v2\/media?parent=5647"}],"wp:term":[{"taxonomy":"category","embeddable":true,"href":"https:\/\/bladnanews.com\/fr\/wp-json\/wp\/v2\/categories?post=5647"},{"taxonomy":"post_tag","embeddable":true,"href":"https:\/\/bladnanews.com\/fr\/wp-json\/wp\/v2\/tags?post=5647"}],"curies":[{"name":"wp","href":"https:\/\/api.w.org\/{rel}","templated":true}]}}