{"id":5649,"date":"2026-01-09T21:00:18","date_gmt":"2026-01-09T21:00:18","guid":{"rendered":"https:\/\/bladnanews.com\/aston-villa-line-up-conor-gallagher-move-for-january\/"},"modified":"2026-01-09T21:00:18","modified_gmt":"2026-01-09T21:00:18","slug":"aston-villa-prepare-le-transfert-de-conor-gallagher-pour-janvier","status":"publish","type":"post","link":"https:\/\/bladnanews.com\/fr\/aston-villa-prepare-le-transfert-de-conor-gallagher-pour-janvier\/","title":{"rendered":"Aston Villa pr\u00e9pare le transfert de Conor Gallagher pour janvier"},"content":{"rendered":"<p>Aston Villa pr\u00e9pare une offre pour Conor Gallagher, alors qu'Unai Emery cherche \u00e0 renforcer son effectif en janvier.<\/p>\n<p>Villa a connu une saison impressionnante et s'est hiss\u00e9e dans la course au titre de Premier League, ce qui pousse le club \u00e0 planifier des renforts \u00e0 l'ouverture du mercato.<\/p>\n<p>Le milieu de terrain anglais figure sur la liste des cibles de Villa pour la nouvelle ann\u00e9e, Emery souhaitant ajouter plus d'\u00e9nergie et de profondeur au centre du terrain pour la deuxi\u00e8me partie de saison.<\/p>\n<p>Gallagher a \u00e9t\u00e9 un \u00e9l\u00e9ment cl\u00e9 \u00e0 Chelsea et reste tr\u00e8s appr\u00e9ci\u00e9 pour son engagement et sa capacit\u00e9 de pressing, mais Villa \u00e9tudie la faisabilit\u00e9 d'un accord en janvier afin de maintenir son \u00e9lan.<\/p>\n<p>Emery a d\u00e9j\u00e0 clairement indiqu\u00e9 ces derniers mois qu'il souhaitait am\u00e9liorer le groupe si possible, et l'\u00e9quipe de recrutement de Villa pr\u00e9pare des options pour les aider \u00e0 maintenir leur solide forme en championnat.<\/p>\n<p>L'ascension de Villa est l'une des histoires marquantes de la saison, et le club estime qu'une qualit\u00e9 suppl\u00e9mentaire pourrait \u00eatre cruciale \u00e0 mesure que le calendrier se densifie et que la pression monte dans les diff\u00e9rentes comp\u00e9titions.<\/p>\n<p>Toute \u00e9ventuelle op\u00e9ration d\u00e9pendra de la position de Chelsea et des conditions impliqu\u00e9es, mais Villa garde Gallagher fermement \u00e0 l'esprit alors qu'elle envisage ses prochaines \u00e9tapes avant le mercato de janvier.<\/p>","protected":false},"excerpt":{"rendered":"<p>Aston Villa are lining up a move for Conor Gallagher as Unai Emery looks to strengthen his squad in January. [&hellip;]<\/p>\n","protected":false},"author":3,"featured_media":5648,"comment_status":"","ping_status":"open","sticky":false,"template":"","format":"standard","meta":{"googlesitekit_rrm_CAow_uzEDA:productID":"","site-sidebar-layout":"default","site-content-layout":"","ast-site-content-layout":"default","site-content-style":"default","site-sidebar-style":"default","ast-global-header-display":"","ast-banner-title-visibility":"","ast-main-header-display":"","ast-hfb-above-header-display":"","ast-hfb-below-header-display":"","ast-hfb-mobile-header-display":"","site-post-title":"","ast-breadcrumbs-content":"","ast-featured-img":"","footer-sml-layout":"","ast-disable-related-posts":"","theme-transparent-header-meta":"","adv-header-id-meta":"","stick-header-meta":"","header-above-stick-meta":"","header-main-stick-meta":"","header-below-stick-meta":"","astra-migrate-meta-layouts":"default","ast-page-background-enabled":"default","ast-page-background-meta":{"desktop":{"background-color":"var(--ast-global-color-5)","background-image":"","background-repeat":"repeat","background-position":"center center","background-size":"auto","background-attachment":"scroll","background-type":"","background-media":"","overlay-type":"","overlay-color":"","overlay-opacity":"","overlay-gradient":""},"tablet":{"background-color":"","background-image":"","background-repeat":"repeat","background-position":"center center","background-size":"auto","background-attachment":"scroll","background-type":"","background-media":"","overlay-type":"","overlay-color":"","overlay-opacity":"","overlay-gradient":""},"mobile":{"background-color":"","background-image":"","background-repeat":"repeat","background-position":"center center","background-size":"auto","background-attachment":"scroll","background-type":"","background-media":"","overlay-type":"","overlay-color":"","overlay-opacity":"","overlay-gradient":""}},"ast-content-background-meta":{"desktop":{"background-color":"var(--ast-global-color-4)","background-image":"","background-repeat":"repeat","background-position":"center center","background-size":"auto","background-attachment":"scroll","background-type":"","background-media":"","overlay-type":"","overlay-color":"","overlay-opacity":"","overlay-gradient":""},"tablet":{"background-color":"var(--ast-global-color-4)","background-image":"","background-repeat":"repeat","background-position":"center center","background-size":"auto","background-attachment":"scroll","background-type":"","background-media":"","overlay-type":"","overlay-color":"","overlay-opacity":"","overlay-gradient":""},"mobile":{"background-color":"var(--ast-global-color-4)","background-image":"","background-repeat":"repeat","background-position":"center center","background-size":"auto","background-attachment":"scroll","background-type":"","background-media":"","overlay-type":"","overlay-color":"","overlay-opacity":"","overlay-gradient":""}},"footnotes":""},"categories":[20,1],"tags":[],"class_list":["post-5649","post","type-post","status-publish","format-standard","has-post-thumbnail","hentry","category-international","category-football-latest-news"],"yoast_head":"<!-- This site is optimized with the Yoast SEO Premium plugin v26.6 (Yoast SEO v27.5) - https:\/\/yoast.com\/product\/yoast-seo-premium-wordpress\/ -->\n<title>Aston Villa line up Conor Gallagher move for January - Bladna News<\/title>\n<meta name=\"robots\" content=\"index, follow, max-snippet:-1, max-image-preview:large, max-video-preview:-1\" \/>\n<link rel=\"canonical\" href=\"https:\/\/bladnanews.com\/fr\/aston-villa-prepare-le-transfert-de-conor-gallagher-pour-janvier\/\" \/>\n<meta property=\"og:locale\" content=\"fr_FR\" \/>\n<meta property=\"og:type\" content=\"article\" \/>\n<meta property=\"og:title\" content=\"Aston Villa line up Conor Gallagher move for January\" \/>\n<meta property=\"og:description\" content=\"Aston Villa are lining up a move for Conor Gallagher as Unai Emery looks to strengthen his squad in January. [&hellip;]\" \/>\n<meta property=\"og:url\" content=\"https:\/\/bladnanews.com\/fr\/aston-villa-prepare-le-transfert-de-conor-gallagher-pour-janvier\/\" \/>\n<meta property=\"og:site_name\" content=\"Bladna News\" \/>\n<meta property=\"article:published_time\" content=\"2026-01-09T21:00:18+00:00\" \/>\n<meta property=\"og:image\" content=\"https:\/\/bladnanews.com\/wp-content\/uploads\/2025\/12\/freepik__bladna-newscom-moroccan-soccer-homepage-banner-mor__41838.png\" \/>\n\t<meta property=\"og:image:width\" content=\"1312\" \/>\n\t<meta property=\"og:image:height\" content=\"736\" \/>\n\t<meta property=\"og:image:type\" content=\"image\/png\" \/>\n<meta name=\"author\" content=\"Bladna News Staff\" \/>\n<meta name=\"twitter:card\" content=\"summary_large_image\" \/>\n<meta name=\"twitter:label1\" content=\"\u00c9crit par\" \/>\n\t<meta name=\"twitter:data1\" content=\"Bladna News Staff\" \/>\n\t<meta name=\"twitter:label2\" content=\"Dur\u00e9e de lecture estim\u00e9e\" \/>\n\t<meta name=\"twitter:data2\" content=\"1 minute\" \/>\n<script type=\"application\/ld+json\" class=\"yoast-schema-graph\">{\"@context\":\"https:\\\/\\\/schema.org\",\"@graph\":[{\"@type\":\"Article\",\"@id\":\"https:\\\/\\\/bladnanews.com\\\/aston-villa-line-up-conor-gallagher-move-for-january\\\/#article\",\"isPartOf\":{\"@id\":\"https:\\\/\\\/bladnanews.com\\\/aston-villa-line-up-conor-gallagher-move-for-january\\\/\"},\"author\":{\"name\":\"Bladna News Staff\",\"@id\":\"https:\\\/\\\/mediumseagreen-eel-531711.hostingersite.com\\\/#\\\/schema\\\/person\\\/268e18a453ab080ebf76df6ef7845083\"},\"headline\":\"Aston Villa line up Conor Gallagher move for January\",\"datePublished\":\"2026-01-09T21:00:18+00:00\",\"mainEntityOfPage\":{\"@id\":\"https:\\\/\\\/bladnanews.com\\\/aston-villa-line-up-conor-gallagher-move-for-january\\\/\"},\"wordCount\":230,\"publisher\":{\"@id\":\"https:\\\/\\\/mediumseagreen-eel-531711.hostingersite.com\\\/#organization\"},\"image\":{\"@id\":\"https:\\\/\\\/bladnanews.com\\\/aston-villa-line-up-conor-gallagher-move-for-january\\\/#primaryimage\"},\"thumbnailUrl\":\"https:\\\/\\\/bladnanews.com\\\/wp-content\\\/uploads\\\/2026\\\/01\\\/BladnaNews-Aston-Villa-line-up-Conor-Gallagher-move-for-January-2026-01-10T170953.995Z.jpg\",\"articleSection\":[\"International\",\"Latest News\"],\"inLanguage\":\"fr-FR\",\"copyrightYear\":\"2026\",\"copyrightHolder\":{\"@id\":\"https:\\\/\\\/bladnanews.com\\\/fr\\\/#organization\"}},{\"@type\":\"WebPage\",\"@id\":\"https:\\\/\\\/bladnanews.com\\\/aston-villa-line-up-conor-gallagher-move-for-january\\\/\",\"url\":\"https:\\\/\\\/bladnanews.com\\\/aston-villa-line-up-conor-gallagher-move-for-january\\\/\",\"name\":\"Aston Villa line up Conor Gallagher move for January - Bladna News\",\"isPartOf\":{\"@id\":\"https:\\\/\\\/mediumseagreen-eel-531711.hostingersite.com\\\/#website\"},\"primaryImageOfPage\":{\"@id\":\"https:\\\/\\\/bladnanews.com\\\/aston-villa-line-up-conor-gallagher-move-for-january\\\/#primaryimage\"},\"image\":{\"@id\":\"https:\\\/\\\/bladnanews.com\\\/aston-villa-line-up-conor-gallagher-move-for-january\\\/#primaryimage\"},\"thumbnailUrl\":\"https:\\\/\\\/bladnanews.com\\\/wp-content\\\/uploads\\\/2026\\\/01\\\/BladnaNews-Aston-Villa-line-up-Conor-Gallagher-move-for-January-2026-01-10T170953.995Z.jpg\",\"datePublished\":\"2026-01-09T21:00:18+00:00\",\"breadcrumb\":{\"@id\":\"https:\\\/\\\/bladnanews.com\\\/aston-villa-line-up-conor-gallagher-move-for-january\\\/#breadcrumb\"},\"inLanguage\":\"fr-FR\",\"potentialAction\":[{\"@type\":\"ReadAction\",\"target\":[\"https:\\\/\\\/bladnanews.com\\\/aston-villa-line-up-conor-gallagher-move-for-january\\\/\"]}]},{\"@type\":\"ImageObject\",\"inLanguage\":\"fr-FR\",\"@id\":\"https:\\\/\\\/bladnanews.com\\\/aston-villa-line-up-conor-gallagher-move-for-january\\\/#primaryimage\",\"url\":\"https:\\\/\\\/bladnanews.com\\\/wp-content\\\/uploads\\\/2026\\\/01\\\/BladnaNews-Aston-Villa-line-up-Conor-Gallagher-move-for-January-2026-01-10T170953.995Z.jpg\",\"contentUrl\":\"https:\\\/\\\/bladnanews.com\\\/wp-content\\\/uploads\\\/2026\\\/01\\\/BladnaNews-Aston-Villa-line-up-Conor-Gallagher-move-for-January-2026-01-10T170953.995Z.jpg\",\"width\":2320,\"height\":1305,\"caption\":\"Conor Gallagher in Atl\u00e9tico Madrid's red and white striped kit, actively playing during a match, with fans in the background.\"},{\"@type\":\"BreadcrumbList\",\"@id\":\"https:\\\/\\\/bladnanews.com\\\/aston-villa-line-up-conor-gallagher-move-for-january\\\/#breadcrumb\",\"itemListElement\":[{\"@type\":\"ListItem\",\"position\":1,\"name\":\"Home\",\"item\":\"https:\\\/\\\/bladnanews.com\\\/\"},{\"@type\":\"ListItem\",\"position\":2,\"name\":\"Aston Villa line up Conor Gallagher move for January\"}]},{\"@type\":\"WebSite\",\"@id\":\"https:\\\/\\\/mediumseagreen-eel-531711.hostingersite.com\\\/#website\",\"url\":\"https:\\\/\\\/mediumseagreen-eel-531711.hostingersite.com\\\/\",\"name\":\"Bladna News - Morocco\",\"description\":\"Where Moroccan Football Meets the World\",\"publisher\":{\"@id\":\"https:\\\/\\\/mediumseagreen-eel-531711.hostingersite.com\\\/#organization\"},\"potentialAction\":[{\"@type\":\"SearchAction\",\"target\":{\"@type\":\"EntryPoint\",\"urlTemplate\":\"https:\\\/\\\/mediumseagreen-eel-531711.hostingersite.com\\\/?s={search_term_string}\"},\"query-input\":{\"@type\":\"PropertyValueSpecification\",\"valueRequired\":true,\"valueName\":\"search_term_string\"}}],\"inLanguage\":\"fr-FR\"},{\"@type\":\"Organization\",\"@id\":\"https:\\\/\\\/mediumseagreen-eel-531711.hostingersite.com\\\/#organization\",\"name\":\"Bladna News.com\",\"url\":\"https:\\\/\\\/mediumseagreen-eel-531711.hostingersite.com\\\/\",\"logo\":{\"@type\":\"ImageObject\",\"inLanguage\":\"fr-FR\",\"@id\":\"https:\\\/\\\/mediumseagreen-eel-531711.hostingersite.com\\\/#\\\/schema\\\/logo\\\/image\\\/\",\"url\":\"https:\\\/\\\/bladnanews.com\\\/wp-content\\\/uploads\\\/2025\\\/12\\\/logo-bladnanews-V2-web-black-red.png\",\"contentUrl\":\"https:\\\/\\\/bladnanews.com\\\/wp-content\\\/uploads\\\/2025\\\/12\\\/logo-bladnanews-V2-web-black-red.png\",\"width\":703,\"height\":287,\"caption\":\"Bladna News.com\"},\"image\":{\"@id\":\"https:\\\/\\\/mediumseagreen-eel-531711.hostingersite.com\\\/#\\\/schema\\\/logo\\\/image\\\/\"},\"email\":\"info@bladnanews.com\",\"legalName\":\"Bladna News\"},{\"@type\":\"Person\",\"@id\":\"https:\\\/\\\/mediumseagreen-eel-531711.hostingersite.com\\\/#\\\/schema\\\/person\\\/268e18a453ab080ebf76df6ef7845083\",\"name\":\"Bladna News Staff\",\"url\":\"https:\\\/\\\/bladnanews.com\\\/fr\\\/author\\\/bladna-news-staff\\\/\"}]}<\/script>\n<!-- \/ Yoast SEO Premium plugin. -->","yoast_head_json":{"title":"Aston Villa pr\u00e9pare le transfert de Conor Gallagher pour janvier - Bladna News","robots":{"index":"index","follow":"follow","max-snippet":"max-snippet:-1","max-image-preview":"max-image-preview:large","max-video-preview":"max-video-preview:-1"},"canonical":"https:\/\/bladnanews.com\/fr\/aston-villa-prepare-le-transfert-de-conor-gallagher-pour-janvier\/","og_locale":"fr_FR","og_type":"article","og_title":"Aston Villa line up Conor Gallagher move for January","og_description":"Aston Villa are lining up a move for Conor Gallagher as Unai Emery looks to strengthen his squad in January. [&hellip;]","og_url":"https:\/\/bladnanews.com\/fr\/aston-villa-prepare-le-transfert-de-conor-gallagher-pour-janvier\/","og_site_name":"Bladna News","article_published_time":"2026-01-09T21:00:18+00:00","og_image":[{"width":1312,"height":736,"url":"https:\/\/bladnanews.com\/wp-content\/uploads\/2025\/12\/freepik__bladna-newscom-moroccan-soccer-homepage-banner-mor__41838.png","type":"image\/png"}],"author":"Bladna News Staff","twitter_card":"summary_large_image","twitter_misc":{"\u00c9crit par":"Bladna News Staff","Dur\u00e9e de lecture estim\u00e9e":"1 minute"},"schema":{"@context":"https:\/\/schema.org","@graph":[{"@type":"Article","@id":"https:\/\/bladnanews.com\/aston-villa-line-up-conor-gallagher-move-for-january\/#article","isPartOf":{"@id":"https:\/\/bladnanews.com\/aston-villa-line-up-conor-gallagher-move-for-january\/"},"author":{"name":"Bladna News Staff","@id":"https:\/\/mediumseagreen-eel-531711.hostingersite.com\/#\/schema\/person\/268e18a453ab080ebf76df6ef7845083"},"headline":"Aston Villa line up Conor Gallagher move for January","datePublished":"2026-01-09T21:00:18+00:00","mainEntityOfPage":{"@id":"https:\/\/bladnanews.com\/aston-villa-line-up-conor-gallagher-move-for-january\/"},"wordCount":230,"publisher":{"@id":"https:\/\/mediumseagreen-eel-531711.hostingersite.com\/#organization"},"image":{"@id":"https:\/\/bladnanews.com\/aston-villa-line-up-conor-gallagher-move-for-january\/#primaryimage"},"thumbnailUrl":"https:\/\/bladnanews.com\/wp-content\/uploads\/2026\/01\/BladnaNews-Aston-Villa-line-up-Conor-Gallagher-move-for-January-2026-01-10T170953.995Z.jpg","articleSection":["International","Latest News"],"inLanguage":"fr-FR","copyrightYear":"2026","copyrightHolder":{"@id":"https:\/\/bladnanews.com\/fr\/#organization"}},{"@type":"WebPage","@id":"https:\/\/bladnanews.com\/aston-villa-line-up-conor-gallagher-move-for-january\/","url":"https:\/\/bladnanews.com\/aston-villa-line-up-conor-gallagher-move-for-january\/","name":"Aston Villa pr\u00e9pare le transfert de Conor Gallagher pour janvier - Bladna News","isPartOf":{"@id":"https:\/\/mediumseagreen-eel-531711.hostingersite.com\/#website"},"primaryImageOfPage":{"@id":"https:\/\/bladnanews.com\/aston-villa-line-up-conor-gallagher-move-for-january\/#primaryimage"},"image":{"@id":"https:\/\/bladnanews.com\/aston-villa-line-up-conor-gallagher-move-for-january\/#primaryimage"},"thumbnailUrl":"https:\/\/bladnanews.com\/wp-content\/uploads\/2026\/01\/BladnaNews-Aston-Villa-line-up-Conor-Gallagher-move-for-January-2026-01-10T170953.995Z.jpg","datePublished":"2026-01-09T21:00:18+00:00","breadcrumb":{"@id":"https:\/\/bladnanews.com\/aston-villa-line-up-conor-gallagher-move-for-january\/#breadcrumb"},"inLanguage":"fr-FR","potentialAction":[{"@type":"ReadAction","target":["https:\/\/bladnanews.com\/aston-villa-line-up-conor-gallagher-move-for-january\/"]}]},{"@type":"ImageObject","inLanguage":"fr-FR","@id":"https:\/\/bladnanews.com\/aston-villa-line-up-conor-gallagher-move-for-january\/#primaryimage","url":"https:\/\/bladnanews.com\/wp-content\/uploads\/2026\/01\/BladnaNews-Aston-Villa-line-up-Conor-Gallagher-move-for-January-2026-01-10T170953.995Z.jpg","contentUrl":"https:\/\/bladnanews.com\/wp-content\/uploads\/2026\/01\/BladnaNews-Aston-Villa-line-up-Conor-Gallagher-move-for-January-2026-01-10T170953.995Z.jpg","width":2320,"height":1305,"caption":"Conor Gallagher in Atl\u00e9tico Madrid's red and white striped kit, actively playing during a match, with fans in the background."},{"@type":"BreadcrumbList","@id":"https:\/\/bladnanews.com\/aston-villa-line-up-conor-gallagher-move-for-january\/#breadcrumb","itemListElement":[{"@type":"ListItem","position":1,"name":"Home","item":"https:\/\/bladnanews.com\/"},{"@type":"ListItem","position":2,"name":"Aston Villa line up Conor Gallagher move for January"}]},{"@type":"WebSite","@id":"https:\/\/mediumseagreen-eel-531711.hostingersite.com\/#website","url":"https:\/\/mediumseagreen-eel-531711.hostingersite.com\/","name":"Bladna News - Maroc","description":"Quand le football marocain rencontre le monde","publisher":{"@id":"https:\/\/mediumseagreen-eel-531711.hostingersite.com\/#organization"},"potentialAction":[{"@type":"SearchAction","target":{"@type":"EntryPoint","urlTemplate":"https:\/\/mediumseagreen-eel-531711.hostingersite.com\/?s={search_term_string}"},"query-input":{"@type":"PropertyValueSpecification","valueRequired":true,"valueName":"search_term_string"}}],"inLanguage":"fr-FR"},{"@type":"Organization","@id":"https:\/\/mediumseagreen-eel-531711.hostingersite.com\/#organization","name":"Bladna News.com","url":"https:\/\/mediumseagreen-eel-531711.hostingersite.com\/","logo":{"@type":"ImageObject","inLanguage":"fr-FR","@id":"https:\/\/mediumseagreen-eel-531711.hostingersite.com\/#\/schema\/logo\/image\/","url":"https:\/\/bladnanews.com\/wp-content\/uploads\/2025\/12\/logo-bladnanews-V2-web-black-red.png","contentUrl":"https:\/\/bladnanews.com\/wp-content\/uploads\/2025\/12\/logo-bladnanews-V2-web-black-red.png","width":703,"height":287,"caption":"Bladna News.com"},"image":{"@id":"https:\/\/mediumseagreen-eel-531711.hostingersite.com\/#\/schema\/logo\/image\/"},"email":"info@bladnanews.com","legalName":"Bladna News"},{"@type":"Person","@id":"https:\/\/mediumseagreen-eel-531711.hostingersite.com\/#\/schema\/person\/268e18a453ab080ebf76df6ef7845083","name":"\u00c9quipe r\u00e9dactionnelle de Bladna News","url":"https:\/\/bladnanews.com\/fr\/author\/bladna-news-staff\/"}]}},"_links":{"self":[{"href":"https:\/\/bladnanews.com\/fr\/wp-json\/wp\/v2\/posts\/5649","targetHints":{"allow":["GET"]}}],"collection":[{"href":"https:\/\/bladnanews.com\/fr\/wp-json\/wp\/v2\/posts"}],"about":[{"href":"https:\/\/bladnanews.com\/fr\/wp-json\/wp\/v2\/types\/post"}],"author":[{"embeddable":true,"href":"https:\/\/bladnanews.com\/fr\/wp-json\/wp\/v2\/users\/3"}],"replies":[{"embeddable":true,"href":"https:\/\/bladnanews.com\/fr\/wp-json\/wp\/v2\/comments?post=5649"}],"version-history":[{"count":0,"href":"https:\/\/bladnanews.com\/fr\/wp-json\/wp\/v2\/posts\/5649\/revisions"}],"wp:featuredmedia":[{"embeddable":true,"href":"https:\/\/bladnanews.com\/fr\/wp-json\/wp\/v2\/media\/5648"}],"wp:attachment":[{"href":"https:\/\/bladnanews.com\/fr\/wp-json\/wp\/v2\/media?parent=5649"}],"wp:term":[{"taxonomy":"category","embeddable":true,"href":"https:\/\/bladnanews.com\/fr\/wp-json\/wp\/v2\/categories?post=5649"},{"taxonomy":"post_tag","embeddable":true,"href":"https:\/\/bladnanews.com\/fr\/wp-json\/wp\/v2\/tags?post=5649"}],"curies":[{"name":"wp","href":"https:\/\/api.w.org\/{rel}","templated":true}]}}