{"id":5661,"date":"2026-01-10T13:44:00","date_gmt":"2026-01-10T13:44:00","guid":{"rendered":"https:\/\/bladnanews.com\/french-journalist-questions-morocco-win-and-afcon-integrity\/"},"modified":"2026-01-10T13:44:00","modified_gmt":"2026-01-10T13:44:00","slug":"un-journaliste-francais-remet-en-question-la-victoire-du-maroc-et-lintegrite-de-la-can","status":"publish","type":"post","link":"https:\/\/bladnanews.com\/fr\/un-journaliste-francais-remet-en-question-la-victoire-du-maroc-et-lintegrite-de-la-can\/","title":{"rendered":"Un journaliste fran\u00e7ais remet en question la victoire du Maroc et l'int\u00e9grit\u00e9 de la CAN."},"content":{"rendered":"<p>Une nouvelle controverse a frapp\u00e9 la Coupe d'Afrique des Nations apr\u00e8s que le journaliste fran\u00e7ais Daniel Riolo a fait des remarques que de nombreux fans du Maroc ont qualifi\u00e9es de provocatrices, remettant en question la victoire de l'\u00e9quipe nationale et mettant en doute l'int\u00e9grit\u00e9 du tournoi.<\/p>\n<p>S'exprimant sur l'\u00e9mission de radio fran\u00e7aise <em>Apr\u00e8s le pied<\/em> sur RMC, Riolo a sugg\u00e9r\u00e9 que la victoire du Maroc \u201csoul\u00e8ve des questions\u201d, et est all\u00e9 plus loin en insinuant que la CAN n'est pas g\u00e9r\u00e9e avec les m\u00eames normes que les grandes comp\u00e9titions europ\u00e9ennes.<\/p>\n<p>Ses commentaires se sont rapidement r\u00e9pandus sur les r\u00e9seaux sociaux, d\u00e9clenchant une vague de col\u00e8re parmi les supporters marocains et les observateurs qui ont vu ces d\u00e9clarations comme une attaque contre la cr\u00e9dibilit\u00e9 de l'\u00e9quipe nationale marocaine et sur l'\u00e9quit\u00e9 de l'\u00e9v\u00e9nement phare de la Conf\u00e9d\u00e9ration africaine de football.<\/p>\n<p>L'intervention de Riolo a \u00e9t\u00e9 qualifi\u00e9e par ses d\u00e9tracteurs de irrespectueuse, non seulement envers le Maroc mais envers toutes les \u00e9quipes africaines participant \u00e0 la comp\u00e9tition, alors que le d\u00e9bat est pass\u00e9 d'une simple discussion de match \u00e0 un argument plus large sur l'image et la gouvernance du tournoi.<\/p>\n<p>Les remarques ont \u00e9galement raviv\u00e9 des frustrations de longue date parmi les amateurs de football africain, qui affirment que la CAN est souvent jug\u00e9e \u00e0 travers des st\u00e9r\u00e9otypes plut\u00f4t que la r\u00e9alit\u00e9 sur le terrain, surtout lorsque les r\u00e9sultats ne correspondent pas aux attentes de certains commentateurs europ\u00e9ens.<\/p>\n<p>Alors que la r\u00e9action continue de cro\u00eetre, l'\u00e9pisode a une fois de plus mis en lumi\u00e8re la sensibilit\u00e9 entourant les commentaires ext\u00e9rieurs sur le football africain et l'importance que de nombreux fans accordent \u00e0 la d\u00e9fense de la cr\u00e9dibilit\u00e9 de la CAN et des performances de ses \u00e9quipes, y compris le Maroc.<\/p>","protected":false},"excerpt":{"rendered":"<p>A fresh controversy has hit the Africa Cup of Nations after French journalist Daniel Riolo made remarks that many Morocco [&hellip;]<\/p>\n","protected":false},"author":4,"featured_media":5660,"comment_status":"","ping_status":"open","sticky":false,"template":"","format":"standard","meta":{"googlesitekit_rrm_CAow_uzEDA:productID":"","site-sidebar-layout":"default","site-content-layout":"","ast-site-content-layout":"default","site-content-style":"default","site-sidebar-style":"default","ast-global-header-display":"","ast-banner-title-visibility":"","ast-main-header-display":"","ast-hfb-above-header-display":"","ast-hfb-below-header-display":"","ast-hfb-mobile-header-display":"","site-post-title":"","ast-breadcrumbs-content":"","ast-featured-img":"","footer-sml-layout":"","ast-disable-related-posts":"","theme-transparent-header-meta":"","adv-header-id-meta":"","stick-header-meta":"","header-above-stick-meta":"","header-main-stick-meta":"","header-below-stick-meta":"","astra-migrate-meta-layouts":"default","ast-page-background-enabled":"default","ast-page-background-meta":{"desktop":{"background-color":"var(--ast-global-color-5)","background-image":"","background-repeat":"repeat","background-position":"center center","background-size":"auto","background-attachment":"scroll","background-type":"","background-media":"","overlay-type":"","overlay-color":"","overlay-opacity":"","overlay-gradient":""},"tablet":{"background-color":"","background-image":"","background-repeat":"repeat","background-position":"center center","background-size":"auto","background-attachment":"scroll","background-type":"","background-media":"","overlay-type":"","overlay-color":"","overlay-opacity":"","overlay-gradient":""},"mobile":{"background-color":"","background-image":"","background-repeat":"repeat","background-position":"center center","background-size":"auto","background-attachment":"scroll","background-type":"","background-media":"","overlay-type":"","overlay-color":"","overlay-opacity":"","overlay-gradient":""}},"ast-content-background-meta":{"desktop":{"background-color":"var(--ast-global-color-4)","background-image":"","background-repeat":"repeat","background-position":"center center","background-size":"auto","background-attachment":"scroll","background-type":"","background-media":"","overlay-type":"","overlay-color":"","overlay-opacity":"","overlay-gradient":""},"tablet":{"background-color":"var(--ast-global-color-4)","background-image":"","background-repeat":"repeat","background-position":"center center","background-size":"auto","background-attachment":"scroll","background-type":"","background-media":"","overlay-type":"","overlay-color":"","overlay-opacity":"","overlay-gradient":""},"mobile":{"background-color":"var(--ast-global-color-4)","background-image":"","background-repeat":"repeat","background-position":"center center","background-size":"auto","background-attachment":"scroll","background-type":"","background-media":"","overlay-type":"","overlay-color":"","overlay-opacity":"","overlay-gradient":""}},"footnotes":""},"categories":[1,168],"tags":[],"class_list":["post-5661","post","type-post","status-publish","format-standard","has-post-thumbnail","hentry","category-football-latest-news","category-morocco-national-team"],"yoast_head":"<!-- This site is optimized with the Yoast SEO Premium plugin v26.6 (Yoast SEO v27.4) - https:\/\/yoast.com\/product\/yoast-seo-premium-wordpress\/ -->\n<title>French journalist questions Morocco win and AFCON integrity - Bladna News<\/title>\n<meta name=\"robots\" content=\"index, follow, max-snippet:-1, max-image-preview:large, max-video-preview:-1\" \/>\n<link rel=\"canonical\" href=\"https:\/\/bladnanews.com\/fr\/un-journaliste-francais-remet-en-question-la-victoire-du-maroc-et-lintegrite-de-la-can\/\" \/>\n<meta property=\"og:locale\" content=\"fr_FR\" \/>\n<meta property=\"og:type\" content=\"article\" \/>\n<meta property=\"og:title\" content=\"French journalist questions Morocco win and AFCON integrity\" \/>\n<meta property=\"og:description\" content=\"A fresh controversy has hit the Africa Cup of Nations after French journalist Daniel Riolo made remarks that many Morocco [&hellip;]\" \/>\n<meta property=\"og:url\" content=\"https:\/\/bladnanews.com\/fr\/un-journaliste-francais-remet-en-question-la-victoire-du-maroc-et-lintegrite-de-la-can\/\" \/>\n<meta property=\"og:site_name\" content=\"Bladna News\" \/>\n<meta property=\"article:published_time\" content=\"2026-01-10T13:44:00+00:00\" \/>\n<meta property=\"og:image\" content=\"https:\/\/bladnanews.com\/wp-content\/uploads\/2025\/12\/freepik__bladna-newscom-moroccan-soccer-homepage-banner-mor__41838.png\" \/>\n\t<meta property=\"og:image:width\" content=\"1312\" \/>\n\t<meta property=\"og:image:height\" content=\"736\" \/>\n\t<meta property=\"og:image:type\" content=\"image\/png\" \/>\n<meta name=\"author\" content=\"Bladna Sports Desk\" \/>\n<meta name=\"twitter:card\" content=\"summary_large_image\" \/>\n<meta name=\"twitter:label1\" content=\"\u00c9crit par\" \/>\n\t<meta name=\"twitter:data1\" content=\"Bladna Sports Desk\" \/>\n\t<meta name=\"twitter:label2\" content=\"Dur\u00e9e de lecture estim\u00e9e\" \/>\n\t<meta name=\"twitter:data2\" content=\"1 minute\" \/>\n<script type=\"application\/ld+json\" class=\"yoast-schema-graph\">{\"@context\":\"https:\\\/\\\/schema.org\",\"@graph\":[{\"@type\":\"Article\",\"@id\":\"https:\\\/\\\/bladnanews.com\\\/french-journalist-questions-morocco-win-and-afcon-integrity\\\/#article\",\"isPartOf\":{\"@id\":\"https:\\\/\\\/bladnanews.com\\\/french-journalist-questions-morocco-win-and-afcon-integrity\\\/\"},\"author\":{\"name\":\"Bladna Sports Desk\",\"@id\":\"https:\\\/\\\/mediumseagreen-eel-531711.hostingersite.com\\\/#\\\/schema\\\/person\\\/6712b38fabe810f7eb8d15ed30d90f1e\"},\"headline\":\"French journalist questions Morocco win and AFCON integrity\",\"datePublished\":\"2026-01-10T13:44:00+00:00\",\"mainEntityOfPage\":{\"@id\":\"https:\\\/\\\/bladnanews.com\\\/french-journalist-questions-morocco-win-and-afcon-integrity\\\/\"},\"wordCount\":253,\"publisher\":{\"@id\":\"https:\\\/\\\/mediumseagreen-eel-531711.hostingersite.com\\\/#organization\"},\"image\":{\"@id\":\"https:\\\/\\\/bladnanews.com\\\/french-journalist-questions-morocco-win-and-afcon-integrity\\\/#primaryimage\"},\"thumbnailUrl\":\"https:\\\/\\\/bladnanews.com\\\/wp-content\\\/uploads\\\/2026\\\/01\\\/maroc-1_1768052673.webp\",\"articleSection\":[\"Latest News\",\"Morocco National Team\"],\"inLanguage\":\"fr-FR\",\"copyrightYear\":\"2026\",\"copyrightHolder\":{\"@id\":\"https:\\\/\\\/bladnanews.com\\\/fr\\\/#organization\"}},{\"@type\":\"WebPage\",\"@id\":\"https:\\\/\\\/bladnanews.com\\\/french-journalist-questions-morocco-win-and-afcon-integrity\\\/\",\"url\":\"https:\\\/\\\/bladnanews.com\\\/french-journalist-questions-morocco-win-and-afcon-integrity\\\/\",\"name\":\"French journalist questions Morocco win and AFCON integrity - Bladna News\",\"isPartOf\":{\"@id\":\"https:\\\/\\\/mediumseagreen-eel-531711.hostingersite.com\\\/#website\"},\"primaryImageOfPage\":{\"@id\":\"https:\\\/\\\/bladnanews.com\\\/french-journalist-questions-morocco-win-and-afcon-integrity\\\/#primaryimage\"},\"image\":{\"@id\":\"https:\\\/\\\/bladnanews.com\\\/french-journalist-questions-morocco-win-and-afcon-integrity\\\/#primaryimage\"},\"thumbnailUrl\":\"https:\\\/\\\/bladnanews.com\\\/wp-content\\\/uploads\\\/2026\\\/01\\\/maroc-1_1768052673.webp\",\"datePublished\":\"2026-01-10T13:44:00+00:00\",\"breadcrumb\":{\"@id\":\"https:\\\/\\\/bladnanews.com\\\/french-journalist-questions-morocco-win-and-afcon-integrity\\\/#breadcrumb\"},\"inLanguage\":\"fr-FR\",\"potentialAction\":[{\"@type\":\"ReadAction\",\"target\":[\"https:\\\/\\\/bladnanews.com\\\/french-journalist-questions-morocco-win-and-afcon-integrity\\\/\"]}]},{\"@type\":\"ImageObject\",\"inLanguage\":\"fr-FR\",\"@id\":\"https:\\\/\\\/bladnanews.com\\\/french-journalist-questions-morocco-win-and-afcon-integrity\\\/#primaryimage\",\"url\":\"https:\\\/\\\/bladnanews.com\\\/wp-content\\\/uploads\\\/2026\\\/01\\\/maroc-1_1768052673.webp\",\"contentUrl\":\"https:\\\/\\\/bladnanews.com\\\/wp-content\\\/uploads\\\/2026\\\/01\\\/maroc-1_1768052673.webp\",\"width\":860,\"height\":487,\"caption\":\"Moroccan players celebrating a goal in vibrant red and green kits, alongside a football analyst passionately discussing the match.\"},{\"@type\":\"BreadcrumbList\",\"@id\":\"https:\\\/\\\/bladnanews.com\\\/french-journalist-questions-morocco-win-and-afcon-integrity\\\/#breadcrumb\",\"itemListElement\":[{\"@type\":\"ListItem\",\"position\":1,\"name\":\"Home\",\"item\":\"https:\\\/\\\/bladnanews.com\\\/\"},{\"@type\":\"ListItem\",\"position\":2,\"name\":\"French journalist questions Morocco win and AFCON integrity\"}]},{\"@type\":\"WebSite\",\"@id\":\"https:\\\/\\\/mediumseagreen-eel-531711.hostingersite.com\\\/#website\",\"url\":\"https:\\\/\\\/mediumseagreen-eel-531711.hostingersite.com\\\/\",\"name\":\"Bladna News - Morocco\",\"description\":\"Where Moroccan Football Meets the World\",\"publisher\":{\"@id\":\"https:\\\/\\\/mediumseagreen-eel-531711.hostingersite.com\\\/#organization\"},\"potentialAction\":[{\"@type\":\"SearchAction\",\"target\":{\"@type\":\"EntryPoint\",\"urlTemplate\":\"https:\\\/\\\/mediumseagreen-eel-531711.hostingersite.com\\\/?s={search_term_string}\"},\"query-input\":{\"@type\":\"PropertyValueSpecification\",\"valueRequired\":true,\"valueName\":\"search_term_string\"}}],\"inLanguage\":\"fr-FR\"},{\"@type\":\"Organization\",\"@id\":\"https:\\\/\\\/mediumseagreen-eel-531711.hostingersite.com\\\/#organization\",\"name\":\"Bladna News.com\",\"url\":\"https:\\\/\\\/mediumseagreen-eel-531711.hostingersite.com\\\/\",\"logo\":{\"@type\":\"ImageObject\",\"inLanguage\":\"fr-FR\",\"@id\":\"https:\\\/\\\/mediumseagreen-eel-531711.hostingersite.com\\\/#\\\/schema\\\/logo\\\/image\\\/\",\"url\":\"https:\\\/\\\/bladnanews.com\\\/wp-content\\\/uploads\\\/2025\\\/12\\\/logo-bladnanews-V2-web-black-red.png\",\"contentUrl\":\"https:\\\/\\\/bladnanews.com\\\/wp-content\\\/uploads\\\/2025\\\/12\\\/logo-bladnanews-V2-web-black-red.png\",\"width\":703,\"height\":287,\"caption\":\"Bladna News.com\"},\"image\":{\"@id\":\"https:\\\/\\\/mediumseagreen-eel-531711.hostingersite.com\\\/#\\\/schema\\\/logo\\\/image\\\/\"},\"email\":\"info@bladnanews.com\",\"legalName\":\"Bladna News\"},{\"@type\":\"Person\",\"@id\":\"https:\\\/\\\/mediumseagreen-eel-531711.hostingersite.com\\\/#\\\/schema\\\/person\\\/6712b38fabe810f7eb8d15ed30d90f1e\",\"name\":\"Bladna Sports Desk\",\"url\":\"https:\\\/\\\/bladnanews.com\\\/fr\\\/author\\\/bladna-sports-desk\\\/\"}]}<\/script>\n<!-- \/ Yoast SEO Premium plugin. -->","yoast_head_json":{"title":"Le journaliste fran\u00e7ais remet en question la victoire du Maroc et l'int\u00e9grit\u00e9 de la CAN - Bladna News","robots":{"index":"index","follow":"follow","max-snippet":"max-snippet:-1","max-image-preview":"max-image-preview:large","max-video-preview":"max-video-preview:-1"},"canonical":"https:\/\/bladnanews.com\/fr\/un-journaliste-francais-remet-en-question-la-victoire-du-maroc-et-lintegrite-de-la-can\/","og_locale":"fr_FR","og_type":"article","og_title":"French journalist questions Morocco win and AFCON integrity","og_description":"A fresh controversy has hit the Africa Cup of Nations after French journalist Daniel Riolo made remarks that many Morocco [&hellip;]","og_url":"https:\/\/bladnanews.com\/fr\/un-journaliste-francais-remet-en-question-la-victoire-du-maroc-et-lintegrite-de-la-can\/","og_site_name":"Bladna News","article_published_time":"2026-01-10T13:44:00+00:00","og_image":[{"width":1312,"height":736,"url":"https:\/\/bladnanews.com\/wp-content\/uploads\/2025\/12\/freepik__bladna-newscom-moroccan-soccer-homepage-banner-mor__41838.png","type":"image\/png"}],"author":"Bladna Sports Desk","twitter_card":"summary_large_image","twitter_misc":{"\u00c9crit par":"Bladna Sports Desk","Dur\u00e9e de lecture estim\u00e9e":"1 minute"},"schema":{"@context":"https:\/\/schema.org","@graph":[{"@type":"Article","@id":"https:\/\/bladnanews.com\/french-journalist-questions-morocco-win-and-afcon-integrity\/#article","isPartOf":{"@id":"https:\/\/bladnanews.com\/french-journalist-questions-morocco-win-and-afcon-integrity\/"},"author":{"name":"Bladna Sports Desk","@id":"https:\/\/mediumseagreen-eel-531711.hostingersite.com\/#\/schema\/person\/6712b38fabe810f7eb8d15ed30d90f1e"},"headline":"French journalist questions Morocco win and AFCON integrity","datePublished":"2026-01-10T13:44:00+00:00","mainEntityOfPage":{"@id":"https:\/\/bladnanews.com\/french-journalist-questions-morocco-win-and-afcon-integrity\/"},"wordCount":253,"publisher":{"@id":"https:\/\/mediumseagreen-eel-531711.hostingersite.com\/#organization"},"image":{"@id":"https:\/\/bladnanews.com\/french-journalist-questions-morocco-win-and-afcon-integrity\/#primaryimage"},"thumbnailUrl":"https:\/\/bladnanews.com\/wp-content\/uploads\/2026\/01\/maroc-1_1768052673.webp","articleSection":["Latest News","Morocco National Team"],"inLanguage":"fr-FR","copyrightYear":"2026","copyrightHolder":{"@id":"https:\/\/bladnanews.com\/fr\/#organization"}},{"@type":"WebPage","@id":"https:\/\/bladnanews.com\/french-journalist-questions-morocco-win-and-afcon-integrity\/","url":"https:\/\/bladnanews.com\/french-journalist-questions-morocco-win-and-afcon-integrity\/","name":"Le journaliste fran\u00e7ais remet en question la victoire du Maroc et l'int\u00e9grit\u00e9 de la CAN - Bladna News","isPartOf":{"@id":"https:\/\/mediumseagreen-eel-531711.hostingersite.com\/#website"},"primaryImageOfPage":{"@id":"https:\/\/bladnanews.com\/french-journalist-questions-morocco-win-and-afcon-integrity\/#primaryimage"},"image":{"@id":"https:\/\/bladnanews.com\/french-journalist-questions-morocco-win-and-afcon-integrity\/#primaryimage"},"thumbnailUrl":"https:\/\/bladnanews.com\/wp-content\/uploads\/2026\/01\/maroc-1_1768052673.webp","datePublished":"2026-01-10T13:44:00+00:00","breadcrumb":{"@id":"https:\/\/bladnanews.com\/french-journalist-questions-morocco-win-and-afcon-integrity\/#breadcrumb"},"inLanguage":"fr-FR","potentialAction":[{"@type":"ReadAction","target":["https:\/\/bladnanews.com\/french-journalist-questions-morocco-win-and-afcon-integrity\/"]}]},{"@type":"ImageObject","inLanguage":"fr-FR","@id":"https:\/\/bladnanews.com\/french-journalist-questions-morocco-win-and-afcon-integrity\/#primaryimage","url":"https:\/\/bladnanews.com\/wp-content\/uploads\/2026\/01\/maroc-1_1768052673.webp","contentUrl":"https:\/\/bladnanews.com\/wp-content\/uploads\/2026\/01\/maroc-1_1768052673.webp","width":860,"height":487,"caption":"Moroccan players celebrating a goal in vibrant red and green kits, alongside a football analyst passionately discussing the match."},{"@type":"BreadcrumbList","@id":"https:\/\/bladnanews.com\/french-journalist-questions-morocco-win-and-afcon-integrity\/#breadcrumb","itemListElement":[{"@type":"ListItem","position":1,"name":"Home","item":"https:\/\/bladnanews.com\/"},{"@type":"ListItem","position":2,"name":"French journalist questions Morocco win and AFCON integrity"}]},{"@type":"WebSite","@id":"https:\/\/mediumseagreen-eel-531711.hostingersite.com\/#website","url":"https:\/\/mediumseagreen-eel-531711.hostingersite.com\/","name":"Bladna News - Maroc","description":"Quand le football marocain rencontre le monde","publisher":{"@id":"https:\/\/mediumseagreen-eel-531711.hostingersite.com\/#organization"},"potentialAction":[{"@type":"SearchAction","target":{"@type":"EntryPoint","urlTemplate":"https:\/\/mediumseagreen-eel-531711.hostingersite.com\/?s={search_term_string}"},"query-input":{"@type":"PropertyValueSpecification","valueRequired":true,"valueName":"search_term_string"}}],"inLanguage":"fr-FR"},{"@type":"Organization","@id":"https:\/\/mediumseagreen-eel-531711.hostingersite.com\/#organization","name":"Bladna News.com","url":"https:\/\/mediumseagreen-eel-531711.hostingersite.com\/","logo":{"@type":"ImageObject","inLanguage":"fr-FR","@id":"https:\/\/mediumseagreen-eel-531711.hostingersite.com\/#\/schema\/logo\/image\/","url":"https:\/\/bladnanews.com\/wp-content\/uploads\/2025\/12\/logo-bladnanews-V2-web-black-red.png","contentUrl":"https:\/\/bladnanews.com\/wp-content\/uploads\/2025\/12\/logo-bladnanews-V2-web-black-red.png","width":703,"height":287,"caption":"Bladna News.com"},"image":{"@id":"https:\/\/mediumseagreen-eel-531711.hostingersite.com\/#\/schema\/logo\/image\/"},"email":"info@bladnanews.com","legalName":"Bladna News"},{"@type":"Person","@id":"https:\/\/mediumseagreen-eel-531711.hostingersite.com\/#\/schema\/person\/6712b38fabe810f7eb8d15ed30d90f1e","name":"Bladna Sports Desk","url":"https:\/\/bladnanews.com\/fr\/author\/bladna-sports-desk\/"}]}},"_links":{"self":[{"href":"https:\/\/bladnanews.com\/fr\/wp-json\/wp\/v2\/posts\/5661","targetHints":{"allow":["GET"]}}],"collection":[{"href":"https:\/\/bladnanews.com\/fr\/wp-json\/wp\/v2\/posts"}],"about":[{"href":"https:\/\/bladnanews.com\/fr\/wp-json\/wp\/v2\/types\/post"}],"author":[{"embeddable":true,"href":"https:\/\/bladnanews.com\/fr\/wp-json\/wp\/v2\/users\/4"}],"replies":[{"embeddable":true,"href":"https:\/\/bladnanews.com\/fr\/wp-json\/wp\/v2\/comments?post=5661"}],"version-history":[{"count":0,"href":"https:\/\/bladnanews.com\/fr\/wp-json\/wp\/v2\/posts\/5661\/revisions"}],"wp:featuredmedia":[{"embeddable":true,"href":"https:\/\/bladnanews.com\/fr\/wp-json\/wp\/v2\/media\/5660"}],"wp:attachment":[{"href":"https:\/\/bladnanews.com\/fr\/wp-json\/wp\/v2\/media?parent=5661"}],"wp:term":[{"taxonomy":"category","embeddable":true,"href":"https:\/\/bladnanews.com\/fr\/wp-json\/wp\/v2\/categories?post=5661"},{"taxonomy":"post_tag","embeddable":true,"href":"https:\/\/bladnanews.com\/fr\/wp-json\/wp\/v2\/tags?post=5661"}],"curies":[{"name":"wp","href":"https:\/\/api.w.org\/{rel}","templated":true}]}}