{"id":5669,"date":"2026-01-10T17:24:41","date_gmt":"2026-01-10T17:24:41","guid":{"rendered":"https:\/\/bladnanews.com\/bono-inspires-morocco-to-shine-in-africa-cup-of-nations\/"},"modified":"2026-01-10T17:24:41","modified_gmt":"2026-01-10T17:24:41","slug":"bono-inspire-le-maroc-a-briller-a-la-coupe-dafrique-des-nations","status":"publish","type":"post","link":"https:\/\/bladnanews.com\/fr\/bono-inspire-le-maroc-a-briller-a-la-coupe-dafrique-des-nations\/","title":{"rendered":"Bono inspire le Maroc \u00e0 briller lors de la Coupe d'Afrique des Nations"},"content":{"rendered":"<p>Le Maroc a maintenu sa campagne en Coupe d'Afrique des Nations sur les rails gr\u00e2ce \u00e0 une d\u00e9monstration assur\u00e9e, port\u00e9e par son gardien de but <strong>Yassine Bounou<\/strong>, qui a une nouvelle fois fait la diff\u00e9rence au moment d\u00e9cisif.<\/p>\n<p>La pr\u00e9sence de Bounou a apport\u00e9 de la s\u00e9r\u00e9nit\u00e9 \u00e0 l'arri\u00e8re au Maroc, l'\u00e9quipe ayant ma\u00eetris\u00e9 de longues phases de jeu et bien g\u00e9r\u00e9 les moments cl\u00e9s, d\u00e9montrant l'\u00e9quilibre qui a fa\u00e7onn\u00e9 sa r\u00e9cente s\u00e9rie dans la comp\u00e9tition.<\/p>\n<p>Le match a suivi un sch\u00e9ma clair : le Maroc cherchait \u00e0 construire patiemment et \u00e0 exploiter les couloirs, tandis que l'adversaire tentait de r\u00e9pliquer par des transitions rapides. Face \u00e0 la pression, Bounou est rest\u00e9 solide, r\u00e9alisant des arr\u00eats cruciaux pour pr\u00e9server son \u00e9quipe.<\/p>\n<p>L'approche marocaine est rest\u00e9e stable apr\u00e8s la mi-temps, l'\u00e9quipe conservant sa structure et limitant les occasions nettes, m\u00eame lorsque le rythme s'est acc\u00e9l\u00e9r\u00e9 et que le jeu s'est ouvert en fin de rencontre.<\/p>\n<p>En fin de compte, l'organisation du Maroc et l'assurance de Bounou ont fait la diff\u00e9rence, soulignant la confiance grandissante de l'\u00e9quipe dans la poursuite de son parcours en Coupe d'Afrique des Nations.<\/p>","protected":false},"excerpt":{"rendered":"<p>Morocco kept their Africa Cup of Nations campaign on track with a confident display, driven by goalkeeper Yassine Bounou, who [&hellip;]<\/p>\n","protected":false},"author":4,"featured_media":5668,"comment_status":"","ping_status":"open","sticky":false,"template":"","format":"standard","meta":{"googlesitekit_rrm_CAow_uzEDA:productID":"","site-sidebar-layout":"default","site-content-layout":"","ast-site-content-layout":"default","site-content-style":"default","site-sidebar-style":"default","ast-global-header-display":"","ast-banner-title-visibility":"","ast-main-header-display":"","ast-hfb-above-header-display":"","ast-hfb-below-header-display":"","ast-hfb-mobile-header-display":"","site-post-title":"","ast-breadcrumbs-content":"","ast-featured-img":"","footer-sml-layout":"","ast-disable-related-posts":"","theme-transparent-header-meta":"","adv-header-id-meta":"","stick-header-meta":"","header-above-stick-meta":"","header-main-stick-meta":"","header-below-stick-meta":"","astra-migrate-meta-layouts":"default","ast-page-background-enabled":"default","ast-page-background-meta":{"desktop":{"background-color":"var(--ast-global-color-5)","background-image":"","background-repeat":"repeat","background-position":"center center","background-size":"auto","background-attachment":"scroll","background-type":"","background-media":"","overlay-type":"","overlay-color":"","overlay-opacity":"","overlay-gradient":""},"tablet":{"background-color":"","background-image":"","background-repeat":"repeat","background-position":"center center","background-size":"auto","background-attachment":"scroll","background-type":"","background-media":"","overlay-type":"","overlay-color":"","overlay-opacity":"","overlay-gradient":""},"mobile":{"background-color":"","background-image":"","background-repeat":"repeat","background-position":"center center","background-size":"auto","background-attachment":"scroll","background-type":"","background-media":"","overlay-type":"","overlay-color":"","overlay-opacity":"","overlay-gradient":""}},"ast-content-background-meta":{"desktop":{"background-color":"var(--ast-global-color-4)","background-image":"","background-repeat":"repeat","background-position":"center center","background-size":"auto","background-attachment":"scroll","background-type":"","background-media":"","overlay-type":"","overlay-color":"","overlay-opacity":"","overlay-gradient":""},"tablet":{"background-color":"var(--ast-global-color-4)","background-image":"","background-repeat":"repeat","background-position":"center center","background-size":"auto","background-attachment":"scroll","background-type":"","background-media":"","overlay-type":"","overlay-color":"","overlay-opacity":"","overlay-gradient":""},"mobile":{"background-color":"var(--ast-global-color-4)","background-image":"","background-repeat":"repeat","background-position":"center center","background-size":"auto","background-attachment":"scroll","background-type":"","background-media":"","overlay-type":"","overlay-color":"","overlay-opacity":"","overlay-gradient":""}},"footnotes":""},"categories":[1,168],"tags":[],"class_list":["post-5669","post","type-post","status-publish","format-standard","has-post-thumbnail","hentry","category-football-latest-news","category-morocco-national-team"],"yoast_head":"<!-- This site is optimized with the Yoast SEO Premium plugin v26.6 (Yoast SEO v27.4) - https:\/\/yoast.com\/product\/yoast-seo-premium-wordpress\/ -->\n<title>Bono inspires Morocco to shine in Africa Cup of Nations - Bladna News<\/title>\n<meta name=\"robots\" content=\"index, follow, max-snippet:-1, max-image-preview:large, max-video-preview:-1\" \/>\n<link rel=\"canonical\" href=\"https:\/\/bladnanews.com\/fr\/bono-inspire-le-maroc-a-briller-a-la-coupe-dafrique-des-nations\/\" \/>\n<meta property=\"og:locale\" content=\"fr_FR\" \/>\n<meta property=\"og:type\" content=\"article\" \/>\n<meta property=\"og:title\" content=\"Bono inspires Morocco to shine in Africa Cup of Nations\" \/>\n<meta property=\"og:description\" content=\"Morocco kept their Africa Cup of Nations campaign on track with a confident display, driven by goalkeeper Yassine Bounou, who [&hellip;]\" \/>\n<meta property=\"og:url\" content=\"https:\/\/bladnanews.com\/fr\/bono-inspire-le-maroc-a-briller-a-la-coupe-dafrique-des-nations\/\" \/>\n<meta property=\"og:site_name\" content=\"Bladna News\" \/>\n<meta property=\"article:published_time\" content=\"2026-01-10T17:24:41+00:00\" \/>\n<meta property=\"og:image\" content=\"https:\/\/bladnanews.com\/wp-content\/uploads\/2025\/12\/freepik__bladna-newscom-moroccan-soccer-homepage-banner-mor__41838.png\" \/>\n\t<meta property=\"og:image:width\" content=\"1312\" \/>\n\t<meta property=\"og:image:height\" content=\"736\" \/>\n\t<meta property=\"og:image:type\" content=\"image\/png\" \/>\n<meta name=\"author\" content=\"Bladna Sports Desk\" \/>\n<meta name=\"twitter:card\" content=\"summary_large_image\" \/>\n<meta name=\"twitter:label1\" content=\"\u00c9crit par\" \/>\n\t<meta name=\"twitter:data1\" content=\"Bladna Sports Desk\" \/>\n\t<meta name=\"twitter:label2\" content=\"Dur\u00e9e de lecture estim\u00e9e\" \/>\n\t<meta name=\"twitter:data2\" content=\"1 minute\" \/>\n<script type=\"application\/ld+json\" class=\"yoast-schema-graph\">{\"@context\":\"https:\\\/\\\/schema.org\",\"@graph\":[{\"@type\":\"Article\",\"@id\":\"https:\\\/\\\/bladnanews.com\\\/bono-inspires-morocco-to-shine-in-africa-cup-of-nations\\\/#article\",\"isPartOf\":{\"@id\":\"https:\\\/\\\/bladnanews.com\\\/bono-inspires-morocco-to-shine-in-africa-cup-of-nations\\\/\"},\"author\":{\"name\":\"Bladna Sports Desk\",\"@id\":\"https:\\\/\\\/mediumseagreen-eel-531711.hostingersite.com\\\/#\\\/schema\\\/person\\\/6712b38fabe810f7eb8d15ed30d90f1e\"},\"headline\":\"Bono inspires Morocco to shine in Africa Cup of Nations\",\"datePublished\":\"2026-01-10T17:24:41+00:00\",\"mainEntityOfPage\":{\"@id\":\"https:\\\/\\\/bladnanews.com\\\/bono-inspires-morocco-to-shine-in-africa-cup-of-nations\\\/\"},\"wordCount\":173,\"publisher\":{\"@id\":\"https:\\\/\\\/mediumseagreen-eel-531711.hostingersite.com\\\/#organization\"},\"image\":{\"@id\":\"https:\\\/\\\/bladnanews.com\\\/bono-inspires-morocco-to-shine-in-africa-cup-of-nations\\\/#primaryimage\"},\"thumbnailUrl\":\"https:\\\/\\\/bladnanews.com\\\/wp-content\\\/uploads\\\/2026\\\/01\\\/GettyImages-2254852893.jpg-scaled.jpg\",\"articleSection\":[\"Latest News\",\"Morocco National Team\"],\"inLanguage\":\"fr-FR\",\"copyrightYear\":\"2026\",\"copyrightHolder\":{\"@id\":\"https:\\\/\\\/bladnanews.com\\\/fr\\\/#organization\"}},{\"@type\":\"WebPage\",\"@id\":\"https:\\\/\\\/bladnanews.com\\\/bono-inspires-morocco-to-shine-in-africa-cup-of-nations\\\/\",\"url\":\"https:\\\/\\\/bladnanews.com\\\/bono-inspires-morocco-to-shine-in-africa-cup-of-nations\\\/\",\"name\":\"Bono inspires Morocco to shine in Africa Cup of Nations - Bladna News\",\"isPartOf\":{\"@id\":\"https:\\\/\\\/mediumseagreen-eel-531711.hostingersite.com\\\/#website\"},\"primaryImageOfPage\":{\"@id\":\"https:\\\/\\\/bladnanews.com\\\/bono-inspires-morocco-to-shine-in-africa-cup-of-nations\\\/#primaryimage\"},\"image\":{\"@id\":\"https:\\\/\\\/bladnanews.com\\\/bono-inspires-morocco-to-shine-in-africa-cup-of-nations\\\/#primaryimage\"},\"thumbnailUrl\":\"https:\\\/\\\/bladnanews.com\\\/wp-content\\\/uploads\\\/2026\\\/01\\\/GettyImages-2254852893.jpg-scaled.jpg\",\"datePublished\":\"2026-01-10T17:24:41+00:00\",\"breadcrumb\":{\"@id\":\"https:\\\/\\\/bladnanews.com\\\/bono-inspires-morocco-to-shine-in-africa-cup-of-nations\\\/#breadcrumb\"},\"inLanguage\":\"fr-FR\",\"potentialAction\":[{\"@type\":\"ReadAction\",\"target\":[\"https:\\\/\\\/bladnanews.com\\\/bono-inspires-morocco-to-shine-in-africa-cup-of-nations\\\/\"]}]},{\"@type\":\"ImageObject\",\"inLanguage\":\"fr-FR\",\"@id\":\"https:\\\/\\\/bladnanews.com\\\/bono-inspires-morocco-to-shine-in-africa-cup-of-nations\\\/#primaryimage\",\"url\":\"https:\\\/\\\/bladnanews.com\\\/wp-content\\\/uploads\\\/2026\\\/01\\\/GettyImages-2254852893.jpg-scaled.jpg\",\"contentUrl\":\"https:\\\/\\\/bladnanews.com\\\/wp-content\\\/uploads\\\/2026\\\/01\\\/GettyImages-2254852893.jpg-scaled.jpg\",\"width\":2560,\"height\":1440,\"caption\":\"Morocco players Aguerd, Hakimi, and their goalkeeper share a moment post-match in red and white kits, reflecting camaraderie on the pitch.\"},{\"@type\":\"BreadcrumbList\",\"@id\":\"https:\\\/\\\/bladnanews.com\\\/bono-inspires-morocco-to-shine-in-africa-cup-of-nations\\\/#breadcrumb\",\"itemListElement\":[{\"@type\":\"ListItem\",\"position\":1,\"name\":\"Home\",\"item\":\"https:\\\/\\\/bladnanews.com\\\/\"},{\"@type\":\"ListItem\",\"position\":2,\"name\":\"Bono inspires Morocco to shine in Africa Cup of Nations\"}]},{\"@type\":\"WebSite\",\"@id\":\"https:\\\/\\\/mediumseagreen-eel-531711.hostingersite.com\\\/#website\",\"url\":\"https:\\\/\\\/mediumseagreen-eel-531711.hostingersite.com\\\/\",\"name\":\"Bladna News - Morocco\",\"description\":\"Where Moroccan Football Meets the World\",\"publisher\":{\"@id\":\"https:\\\/\\\/mediumseagreen-eel-531711.hostingersite.com\\\/#organization\"},\"potentialAction\":[{\"@type\":\"SearchAction\",\"target\":{\"@type\":\"EntryPoint\",\"urlTemplate\":\"https:\\\/\\\/mediumseagreen-eel-531711.hostingersite.com\\\/?s={search_term_string}\"},\"query-input\":{\"@type\":\"PropertyValueSpecification\",\"valueRequired\":true,\"valueName\":\"search_term_string\"}}],\"inLanguage\":\"fr-FR\"},{\"@type\":\"Organization\",\"@id\":\"https:\\\/\\\/mediumseagreen-eel-531711.hostingersite.com\\\/#organization\",\"name\":\"Bladna News.com\",\"url\":\"https:\\\/\\\/mediumseagreen-eel-531711.hostingersite.com\\\/\",\"logo\":{\"@type\":\"ImageObject\",\"inLanguage\":\"fr-FR\",\"@id\":\"https:\\\/\\\/mediumseagreen-eel-531711.hostingersite.com\\\/#\\\/schema\\\/logo\\\/image\\\/\",\"url\":\"https:\\\/\\\/bladnanews.com\\\/wp-content\\\/uploads\\\/2025\\\/12\\\/logo-bladnanews-V2-web-black-red.png\",\"contentUrl\":\"https:\\\/\\\/bladnanews.com\\\/wp-content\\\/uploads\\\/2025\\\/12\\\/logo-bladnanews-V2-web-black-red.png\",\"width\":703,\"height\":287,\"caption\":\"Bladna News.com\"},\"image\":{\"@id\":\"https:\\\/\\\/mediumseagreen-eel-531711.hostingersite.com\\\/#\\\/schema\\\/logo\\\/image\\\/\"},\"email\":\"info@bladnanews.com\",\"legalName\":\"Bladna News\"},{\"@type\":\"Person\",\"@id\":\"https:\\\/\\\/mediumseagreen-eel-531711.hostingersite.com\\\/#\\\/schema\\\/person\\\/6712b38fabe810f7eb8d15ed30d90f1e\",\"name\":\"Bladna Sports Desk\",\"url\":\"https:\\\/\\\/bladnanews.com\\\/fr\\\/author\\\/bladna-sports-desk\\\/\"}]}<\/script>\n<!-- \/ Yoast SEO Premium plugin. -->","yoast_head_json":{"title":"Bono inspire le Maroc \u00e0 briller \u00e0 la Coupe d'Afrique des Nations - Bladna News","robots":{"index":"index","follow":"follow","max-snippet":"max-snippet:-1","max-image-preview":"max-image-preview:large","max-video-preview":"max-video-preview:-1"},"canonical":"https:\/\/bladnanews.com\/fr\/bono-inspire-le-maroc-a-briller-a-la-coupe-dafrique-des-nations\/","og_locale":"fr_FR","og_type":"article","og_title":"Bono inspires Morocco to shine in Africa Cup of Nations","og_description":"Morocco kept their Africa Cup of Nations campaign on track with a confident display, driven by goalkeeper Yassine Bounou, who [&hellip;]","og_url":"https:\/\/bladnanews.com\/fr\/bono-inspire-le-maroc-a-briller-a-la-coupe-dafrique-des-nations\/","og_site_name":"Bladna News","article_published_time":"2026-01-10T17:24:41+00:00","og_image":[{"width":1312,"height":736,"url":"https:\/\/bladnanews.com\/wp-content\/uploads\/2025\/12\/freepik__bladna-newscom-moroccan-soccer-homepage-banner-mor__41838.png","type":"image\/png"}],"author":"Bladna Sports Desk","twitter_card":"summary_large_image","twitter_misc":{"\u00c9crit par":"Bladna Sports Desk","Dur\u00e9e de lecture estim\u00e9e":"1 minute"},"schema":{"@context":"https:\/\/schema.org","@graph":[{"@type":"Article","@id":"https:\/\/bladnanews.com\/bono-inspires-morocco-to-shine-in-africa-cup-of-nations\/#article","isPartOf":{"@id":"https:\/\/bladnanews.com\/bono-inspires-morocco-to-shine-in-africa-cup-of-nations\/"},"author":{"name":"Bladna Sports Desk","@id":"https:\/\/mediumseagreen-eel-531711.hostingersite.com\/#\/schema\/person\/6712b38fabe810f7eb8d15ed30d90f1e"},"headline":"Bono inspires Morocco to shine in Africa Cup of Nations","datePublished":"2026-01-10T17:24:41+00:00","mainEntityOfPage":{"@id":"https:\/\/bladnanews.com\/bono-inspires-morocco-to-shine-in-africa-cup-of-nations\/"},"wordCount":173,"publisher":{"@id":"https:\/\/mediumseagreen-eel-531711.hostingersite.com\/#organization"},"image":{"@id":"https:\/\/bladnanews.com\/bono-inspires-morocco-to-shine-in-africa-cup-of-nations\/#primaryimage"},"thumbnailUrl":"https:\/\/bladnanews.com\/wp-content\/uploads\/2026\/01\/GettyImages-2254852893.jpg-scaled.jpg","articleSection":["Latest News","Morocco National Team"],"inLanguage":"fr-FR","copyrightYear":"2026","copyrightHolder":{"@id":"https:\/\/bladnanews.com\/fr\/#organization"}},{"@type":"WebPage","@id":"https:\/\/bladnanews.com\/bono-inspires-morocco-to-shine-in-africa-cup-of-nations\/","url":"https:\/\/bladnanews.com\/bono-inspires-morocco-to-shine-in-africa-cup-of-nations\/","name":"Bono inspire le Maroc \u00e0 briller \u00e0 la Coupe d'Afrique des Nations - Bladna News","isPartOf":{"@id":"https:\/\/mediumseagreen-eel-531711.hostingersite.com\/#website"},"primaryImageOfPage":{"@id":"https:\/\/bladnanews.com\/bono-inspires-morocco-to-shine-in-africa-cup-of-nations\/#primaryimage"},"image":{"@id":"https:\/\/bladnanews.com\/bono-inspires-morocco-to-shine-in-africa-cup-of-nations\/#primaryimage"},"thumbnailUrl":"https:\/\/bladnanews.com\/wp-content\/uploads\/2026\/01\/GettyImages-2254852893.jpg-scaled.jpg","datePublished":"2026-01-10T17:24:41+00:00","breadcrumb":{"@id":"https:\/\/bladnanews.com\/bono-inspires-morocco-to-shine-in-africa-cup-of-nations\/#breadcrumb"},"inLanguage":"fr-FR","potentialAction":[{"@type":"ReadAction","target":["https:\/\/bladnanews.com\/bono-inspires-morocco-to-shine-in-africa-cup-of-nations\/"]}]},{"@type":"ImageObject","inLanguage":"fr-FR","@id":"https:\/\/bladnanews.com\/bono-inspires-morocco-to-shine-in-africa-cup-of-nations\/#primaryimage","url":"https:\/\/bladnanews.com\/wp-content\/uploads\/2026\/01\/GettyImages-2254852893.jpg-scaled.jpg","contentUrl":"https:\/\/bladnanews.com\/wp-content\/uploads\/2026\/01\/GettyImages-2254852893.jpg-scaled.jpg","width":2560,"height":1440,"caption":"Morocco players Aguerd, Hakimi, and their goalkeeper share a moment post-match in red and white kits, reflecting camaraderie on the pitch."},{"@type":"BreadcrumbList","@id":"https:\/\/bladnanews.com\/bono-inspires-morocco-to-shine-in-africa-cup-of-nations\/#breadcrumb","itemListElement":[{"@type":"ListItem","position":1,"name":"Home","item":"https:\/\/bladnanews.com\/"},{"@type":"ListItem","position":2,"name":"Bono inspires Morocco to shine in Africa Cup of Nations"}]},{"@type":"WebSite","@id":"https:\/\/mediumseagreen-eel-531711.hostingersite.com\/#website","url":"https:\/\/mediumseagreen-eel-531711.hostingersite.com\/","name":"Bladna News - Maroc","description":"Quand le football marocain rencontre le monde","publisher":{"@id":"https:\/\/mediumseagreen-eel-531711.hostingersite.com\/#organization"},"potentialAction":[{"@type":"SearchAction","target":{"@type":"EntryPoint","urlTemplate":"https:\/\/mediumseagreen-eel-531711.hostingersite.com\/?s={search_term_string}"},"query-input":{"@type":"PropertyValueSpecification","valueRequired":true,"valueName":"search_term_string"}}],"inLanguage":"fr-FR"},{"@type":"Organization","@id":"https:\/\/mediumseagreen-eel-531711.hostingersite.com\/#organization","name":"Bladna News.com","url":"https:\/\/mediumseagreen-eel-531711.hostingersite.com\/","logo":{"@type":"ImageObject","inLanguage":"fr-FR","@id":"https:\/\/mediumseagreen-eel-531711.hostingersite.com\/#\/schema\/logo\/image\/","url":"https:\/\/bladnanews.com\/wp-content\/uploads\/2025\/12\/logo-bladnanews-V2-web-black-red.png","contentUrl":"https:\/\/bladnanews.com\/wp-content\/uploads\/2025\/12\/logo-bladnanews-V2-web-black-red.png","width":703,"height":287,"caption":"Bladna News.com"},"image":{"@id":"https:\/\/mediumseagreen-eel-531711.hostingersite.com\/#\/schema\/logo\/image\/"},"email":"info@bladnanews.com","legalName":"Bladna News"},{"@type":"Person","@id":"https:\/\/mediumseagreen-eel-531711.hostingersite.com\/#\/schema\/person\/6712b38fabe810f7eb8d15ed30d90f1e","name":"Bladna Sports Desk","url":"https:\/\/bladnanews.com\/fr\/author\/bladna-sports-desk\/"}]}},"_links":{"self":[{"href":"https:\/\/bladnanews.com\/fr\/wp-json\/wp\/v2\/posts\/5669","targetHints":{"allow":["GET"]}}],"collection":[{"href":"https:\/\/bladnanews.com\/fr\/wp-json\/wp\/v2\/posts"}],"about":[{"href":"https:\/\/bladnanews.com\/fr\/wp-json\/wp\/v2\/types\/post"}],"author":[{"embeddable":true,"href":"https:\/\/bladnanews.com\/fr\/wp-json\/wp\/v2\/users\/4"}],"replies":[{"embeddable":true,"href":"https:\/\/bladnanews.com\/fr\/wp-json\/wp\/v2\/comments?post=5669"}],"version-history":[{"count":0,"href":"https:\/\/bladnanews.com\/fr\/wp-json\/wp\/v2\/posts\/5669\/revisions"}],"wp:featuredmedia":[{"embeddable":true,"href":"https:\/\/bladnanews.com\/fr\/wp-json\/wp\/v2\/media\/5668"}],"wp:attachment":[{"href":"https:\/\/bladnanews.com\/fr\/wp-json\/wp\/v2\/media?parent=5669"}],"wp:term":[{"taxonomy":"category","embeddable":true,"href":"https:\/\/bladnanews.com\/fr\/wp-json\/wp\/v2\/categories?post=5669"},{"taxonomy":"post_tag","embeddable":true,"href":"https:\/\/bladnanews.com\/fr\/wp-json\/wp\/v2\/tags?post=5669"}],"curies":[{"name":"wp","href":"https:\/\/api.w.org\/{rel}","templated":true}]}}