{"id":5685,"date":"2026-01-10T19:41:00","date_gmt":"2026-01-10T19:41:00","guid":{"rendered":"https:\/\/bladnanews.com\/djamel-belmadi-blames-referee-after-admitting-nigeria-strength\/"},"modified":"2026-01-10T19:41:00","modified_gmt":"2026-01-10T19:41:00","slug":"djamel-belmadi-blame-larbitre-apres-avoir-admis-la-force-du-nigeria","status":"publish","type":"post","link":"https:\/\/bladnanews.com\/fr\/djamel-belmadi-blame-larbitre-apres-avoir-admis-la-force-du-nigeria\/","title":{"rendered":"Djamel Belmadi bl\u00e2me l'arbitre apr\u00e8s avoir admis la force du Nigeria"},"content":{"rendered":"<p>L'entra\u00eeneur alg\u00e9rien Djamel Belmadi a suscit\u00e9 un nouveau d\u00e9bat apr\u00e8s une nouvelle apparition m\u00e9diatique dans laquelle il a ouvertement reconnu la force du Nigeria, avant de tourner sa critique vers l'arbitre dans ce que beaucoup ont vu comme une contradiction claire utilis\u00e9e pour justifier l'\u00e9chec des \u201cVerts\u201d.<\/p>\n<p>Belmadi a admis que le Nigeria \u00e9tait un adversaire fort et que le match \u00e9tait difficile, mais il a ensuite d\u00e9plac\u00e9 l'attention sur l'arbitrage, affirmant que des d\u00e9cisions cl\u00e9s avaient \u00e9t\u00e9 d\u00e9favorables \u00e0 son \u00e9quipe. Ses commentaires ont rapidement suscit\u00e9 des r\u00e9actions sur les r\u00e9seaux sociaux, beaucoup soulignant l'incoh\u00e9rence entre la reconnaissance de la qualit\u00e9 de l'adversaire et le bl\u00e2me de l'arbitre pour le r\u00e9sultat.<\/p>\n<p>Les derni\u00e8res remarques de l'entra\u00eeneur alg\u00e9rien interviennent \u00e0 un moment o\u00f9 la pression a augment\u00e9 apr\u00e8s le r\u00e9sultat d\u00e9cevant de l'\u00e9quipe, et ses explications sont devenues un sujet de discussion parmi les supporters et les experts.<\/p>\n<p>Dans la m\u00eame intervention, Belmadi a insist\u00e9 sur le fait que son \u00e9quipe avait fait suffisamment dans des phases importantes, mais il a r\u00e9p\u00e9t\u00e9 que la performance de l'arbitre avait influenc\u00e9 le match, une ligne qui a \u00e9t\u00e9 largement consid\u00e9r\u00e9e comme une tentative de d\u00e9charger la responsabilit\u00e9 des joueurs.<\/p>\n<p>Les commentaires ont renouvel\u00e9 les critiques sur le message post-match de Belmadi, surtout alors que les fans continuent d'exiger des r\u00e9ponses claires apr\u00e8s le revers, tandis que d'autres estiment que l'Alg\u00e9rie doit se concentrer sur la correction des erreurs plut\u00f4t que de revenir sur les d\u00e9bats concernant l'arbitrage.<\/p>","protected":false},"excerpt":{"rendered":"<p>Algeria coach Djamel Belmadi has sparked fresh debate after a new media appearance in which he openly acknowledged Nigeria\u2019s strength, [&hellip;]<\/p>\n","protected":false},"author":4,"featured_media":5684,"comment_status":"","ping_status":"open","sticky":false,"template":"","format":"standard","meta":{"googlesitekit_rrm_CAow_uzEDA:productID":"","site-sidebar-layout":"default","site-content-layout":"","ast-site-content-layout":"default","site-content-style":"default","site-sidebar-style":"default","ast-global-header-display":"","ast-banner-title-visibility":"","ast-main-header-display":"","ast-hfb-above-header-display":"","ast-hfb-below-header-display":"","ast-hfb-mobile-header-display":"","site-post-title":"","ast-breadcrumbs-content":"","ast-featured-img":"","footer-sml-layout":"","ast-disable-related-posts":"","theme-transparent-header-meta":"","adv-header-id-meta":"","stick-header-meta":"","header-above-stick-meta":"","header-main-stick-meta":"","header-below-stick-meta":"","astra-migrate-meta-layouts":"default","ast-page-background-enabled":"default","ast-page-background-meta":{"desktop":{"background-color":"var(--ast-global-color-5)","background-image":"","background-repeat":"repeat","background-position":"center center","background-size":"auto","background-attachment":"scroll","background-type":"","background-media":"","overlay-type":"","overlay-color":"","overlay-opacity":"","overlay-gradient":""},"tablet":{"background-color":"","background-image":"","background-repeat":"repeat","background-position":"center center","background-size":"auto","background-attachment":"scroll","background-type":"","background-media":"","overlay-type":"","overlay-color":"","overlay-opacity":"","overlay-gradient":""},"mobile":{"background-color":"","background-image":"","background-repeat":"repeat","background-position":"center center","background-size":"auto","background-attachment":"scroll","background-type":"","background-media":"","overlay-type":"","overlay-color":"","overlay-opacity":"","overlay-gradient":""}},"ast-content-background-meta":{"desktop":{"background-color":"var(--ast-global-color-4)","background-image":"","background-repeat":"repeat","background-position":"center center","background-size":"auto","background-attachment":"scroll","background-type":"","background-media":"","overlay-type":"","overlay-color":"","overlay-opacity":"","overlay-gradient":""},"tablet":{"background-color":"var(--ast-global-color-4)","background-image":"","background-repeat":"repeat","background-position":"center center","background-size":"auto","background-attachment":"scroll","background-type":"","background-media":"","overlay-type":"","overlay-color":"","overlay-opacity":"","overlay-gradient":""},"mobile":{"background-color":"var(--ast-global-color-4)","background-image":"","background-repeat":"repeat","background-position":"center center","background-size":"auto","background-attachment":"scroll","background-type":"","background-media":"","overlay-type":"","overlay-color":"","overlay-opacity":"","overlay-gradient":""}},"footnotes":""},"categories":[1,168],"tags":[],"class_list":["post-5685","post","type-post","status-publish","format-standard","has-post-thumbnail","hentry","category-football-latest-news","category-morocco-national-team"],"yoast_head":"<!-- This site is optimized with the Yoast SEO Premium plugin v26.6 (Yoast SEO v27.4) - https:\/\/yoast.com\/product\/yoast-seo-premium-wordpress\/ -->\n<title>Djamel Belmadi blames referee after admitting Nigeria strength - Bladna News<\/title>\n<meta name=\"robots\" content=\"index, follow, max-snippet:-1, max-image-preview:large, max-video-preview:-1\" \/>\n<link rel=\"canonical\" href=\"https:\/\/bladnanews.com\/fr\/djamel-belmadi-blame-larbitre-apres-avoir-admis-la-force-du-nigeria\/\" \/>\n<meta property=\"og:locale\" content=\"fr_FR\" \/>\n<meta property=\"og:type\" content=\"article\" \/>\n<meta property=\"og:title\" content=\"Djamel Belmadi blames referee after admitting Nigeria strength\" \/>\n<meta property=\"og:description\" content=\"Algeria coach Djamel Belmadi has sparked fresh debate after a new media appearance in which he openly acknowledged Nigeria\u2019s strength, [&hellip;]\" \/>\n<meta property=\"og:url\" content=\"https:\/\/bladnanews.com\/fr\/djamel-belmadi-blame-larbitre-apres-avoir-admis-la-force-du-nigeria\/\" \/>\n<meta property=\"og:site_name\" content=\"Bladna News\" \/>\n<meta property=\"article:published_time\" content=\"2026-01-10T19:41:00+00:00\" \/>\n<meta property=\"og:image\" content=\"https:\/\/bladnanews.com\/wp-content\/uploads\/2025\/12\/freepik__bladna-newscom-moroccan-soccer-homepage-banner-mor__41838.png\" \/>\n\t<meta property=\"og:image:width\" content=\"1312\" \/>\n\t<meta property=\"og:image:height\" content=\"736\" \/>\n\t<meta property=\"og:image:type\" content=\"image\/png\" \/>\n<meta name=\"author\" content=\"Bladna Sports Desk\" \/>\n<meta name=\"twitter:card\" content=\"summary_large_image\" \/>\n<meta name=\"twitter:label1\" content=\"\u00c9crit par\" \/>\n\t<meta name=\"twitter:data1\" content=\"Bladna Sports Desk\" \/>\n\t<meta name=\"twitter:label2\" content=\"Dur\u00e9e de lecture estim\u00e9e\" \/>\n\t<meta name=\"twitter:data2\" content=\"1 minute\" \/>\n<script type=\"application\/ld+json\" class=\"yoast-schema-graph\">{\"@context\":\"https:\\\/\\\/schema.org\",\"@graph\":[{\"@type\":\"Article\",\"@id\":\"https:\\\/\\\/bladnanews.com\\\/djamel-belmadi-blames-referee-after-admitting-nigeria-strength\\\/#article\",\"isPartOf\":{\"@id\":\"https:\\\/\\\/bladnanews.com\\\/djamel-belmadi-blames-referee-after-admitting-nigeria-strength\\\/\"},\"author\":{\"name\":\"Bladna Sports Desk\",\"@id\":\"https:\\\/\\\/mediumseagreen-eel-531711.hostingersite.com\\\/#\\\/schema\\\/person\\\/6712b38fabe810f7eb8d15ed30d90f1e\"},\"headline\":\"Djamel Belmadi blames referee after admitting Nigeria strength\",\"datePublished\":\"2026-01-10T19:41:00+00:00\",\"mainEntityOfPage\":{\"@id\":\"https:\\\/\\\/bladnanews.com\\\/djamel-belmadi-blames-referee-after-admitting-nigeria-strength\\\/\"},\"wordCount\":219,\"publisher\":{\"@id\":\"https:\\\/\\\/mediumseagreen-eel-531711.hostingersite.com\\\/#organization\"},\"image\":{\"@id\":\"https:\\\/\\\/bladnanews.com\\\/djamel-belmadi-blames-referee-after-admitting-nigeria-strength\\\/#primaryimage\"},\"thumbnailUrl\":\"https:\\\/\\\/bladnanews.com\\\/wp-content\\\/uploads\\\/2026\\\/01\\\/https___cloudfront-eu-central-1.images.arcpublishing.com_le360_7OHW7YLXF5BJLHLZNE35LIWVKI_1768074232.webp\",\"articleSection\":[\"Latest News\",\"Morocco National Team\"],\"inLanguage\":\"fr-FR\",\"copyrightYear\":\"2026\",\"copyrightHolder\":{\"@id\":\"https:\\\/\\\/bladnanews.com\\\/fr\\\/#organization\"}},{\"@type\":\"WebPage\",\"@id\":\"https:\\\/\\\/bladnanews.com\\\/djamel-belmadi-blames-referee-after-admitting-nigeria-strength\\\/\",\"url\":\"https:\\\/\\\/bladnanews.com\\\/djamel-belmadi-blames-referee-after-admitting-nigeria-strength\\\/\",\"name\":\"Djamel Belmadi blames referee after admitting Nigeria strength - Bladna News\",\"isPartOf\":{\"@id\":\"https:\\\/\\\/mediumseagreen-eel-531711.hostingersite.com\\\/#website\"},\"primaryImageOfPage\":{\"@id\":\"https:\\\/\\\/bladnanews.com\\\/djamel-belmadi-blames-referee-after-admitting-nigeria-strength\\\/#primaryimage\"},\"image\":{\"@id\":\"https:\\\/\\\/bladnanews.com\\\/djamel-belmadi-blames-referee-after-admitting-nigeria-strength\\\/#primaryimage\"},\"thumbnailUrl\":\"https:\\\/\\\/bladnanews.com\\\/wp-content\\\/uploads\\\/2026\\\/01\\\/https___cloudfront-eu-central-1.images.arcpublishing.com_le360_7OHW7YLXF5BJLHLZNE35LIWVKI_1768074232.webp\",\"datePublished\":\"2026-01-10T19:41:00+00:00\",\"breadcrumb\":{\"@id\":\"https:\\\/\\\/bladnanews.com\\\/djamel-belmadi-blames-referee-after-admitting-nigeria-strength\\\/#breadcrumb\"},\"inLanguage\":\"fr-FR\",\"potentialAction\":[{\"@type\":\"ReadAction\",\"target\":[\"https:\\\/\\\/bladnanews.com\\\/djamel-belmadi-blames-referee-after-admitting-nigeria-strength\\\/\"]}]},{\"@type\":\"ImageObject\",\"inLanguage\":\"fr-FR\",\"@id\":\"https:\\\/\\\/bladnanews.com\\\/djamel-belmadi-blames-referee-after-admitting-nigeria-strength\\\/#primaryimage\",\"url\":\"https:\\\/\\\/bladnanews.com\\\/wp-content\\\/uploads\\\/2026\\\/01\\\/https___cloudfront-eu-central-1.images.arcpublishing.com_le360_7OHW7YLXF5BJLHLZNE35LIWVKI_1768074232.webp\",\"contentUrl\":\"https:\\\/\\\/bladnanews.com\\\/wp-content\\\/uploads\\\/2026\\\/01\\\/https___cloudfront-eu-central-1.images.arcpublishing.com_le360_7OHW7YLXF5BJLHLZNE35LIWVKI_1768074232.webp\",\"width\":860,\"height\":483,\"caption\":\"Moroccan football figure holding a trophy in front of Wembley Stadium, wearing a suit, with vibrant stadium seating in the background.\"},{\"@type\":\"BreadcrumbList\",\"@id\":\"https:\\\/\\\/bladnanews.com\\\/djamel-belmadi-blames-referee-after-admitting-nigeria-strength\\\/#breadcrumb\",\"itemListElement\":[{\"@type\":\"ListItem\",\"position\":1,\"name\":\"Home\",\"item\":\"https:\\\/\\\/bladnanews.com\\\/\"},{\"@type\":\"ListItem\",\"position\":2,\"name\":\"Djamel Belmadi blames referee after admitting Nigeria strength\"}]},{\"@type\":\"WebSite\",\"@id\":\"https:\\\/\\\/mediumseagreen-eel-531711.hostingersite.com\\\/#website\",\"url\":\"https:\\\/\\\/mediumseagreen-eel-531711.hostingersite.com\\\/\",\"name\":\"Bladna News - Morocco\",\"description\":\"Where Moroccan Football Meets the World\",\"publisher\":{\"@id\":\"https:\\\/\\\/mediumseagreen-eel-531711.hostingersite.com\\\/#organization\"},\"potentialAction\":[{\"@type\":\"SearchAction\",\"target\":{\"@type\":\"EntryPoint\",\"urlTemplate\":\"https:\\\/\\\/mediumseagreen-eel-531711.hostingersite.com\\\/?s={search_term_string}\"},\"query-input\":{\"@type\":\"PropertyValueSpecification\",\"valueRequired\":true,\"valueName\":\"search_term_string\"}}],\"inLanguage\":\"fr-FR\"},{\"@type\":\"Organization\",\"@id\":\"https:\\\/\\\/mediumseagreen-eel-531711.hostingersite.com\\\/#organization\",\"name\":\"Bladna News.com\",\"url\":\"https:\\\/\\\/mediumseagreen-eel-531711.hostingersite.com\\\/\",\"logo\":{\"@type\":\"ImageObject\",\"inLanguage\":\"fr-FR\",\"@id\":\"https:\\\/\\\/mediumseagreen-eel-531711.hostingersite.com\\\/#\\\/schema\\\/logo\\\/image\\\/\",\"url\":\"https:\\\/\\\/bladnanews.com\\\/wp-content\\\/uploads\\\/2025\\\/12\\\/logo-bladnanews-V2-web-black-red.png\",\"contentUrl\":\"https:\\\/\\\/bladnanews.com\\\/wp-content\\\/uploads\\\/2025\\\/12\\\/logo-bladnanews-V2-web-black-red.png\",\"width\":703,\"height\":287,\"caption\":\"Bladna News.com\"},\"image\":{\"@id\":\"https:\\\/\\\/mediumseagreen-eel-531711.hostingersite.com\\\/#\\\/schema\\\/logo\\\/image\\\/\"},\"email\":\"info@bladnanews.com\",\"legalName\":\"Bladna News\"},{\"@type\":\"Person\",\"@id\":\"https:\\\/\\\/mediumseagreen-eel-531711.hostingersite.com\\\/#\\\/schema\\\/person\\\/6712b38fabe810f7eb8d15ed30d90f1e\",\"name\":\"Bladna Sports Desk\",\"url\":\"https:\\\/\\\/bladnanews.com\\\/fr\\\/author\\\/bladna-sports-desk\\\/\"}]}<\/script>\n<!-- \/ Yoast SEO Premium plugin. -->","yoast_head_json":{"title":"Djamel Belmadi bl\u00e2me l'arbitre apr\u00e8s avoir admis la force du Nigeria - Bladna News","robots":{"index":"index","follow":"follow","max-snippet":"max-snippet:-1","max-image-preview":"max-image-preview:large","max-video-preview":"max-video-preview:-1"},"canonical":"https:\/\/bladnanews.com\/fr\/djamel-belmadi-blame-larbitre-apres-avoir-admis-la-force-du-nigeria\/","og_locale":"fr_FR","og_type":"article","og_title":"Djamel Belmadi blames referee after admitting Nigeria strength","og_description":"Algeria coach Djamel Belmadi has sparked fresh debate after a new media appearance in which he openly acknowledged Nigeria\u2019s strength, [&hellip;]","og_url":"https:\/\/bladnanews.com\/fr\/djamel-belmadi-blame-larbitre-apres-avoir-admis-la-force-du-nigeria\/","og_site_name":"Bladna News","article_published_time":"2026-01-10T19:41:00+00:00","og_image":[{"width":1312,"height":736,"url":"https:\/\/bladnanews.com\/wp-content\/uploads\/2025\/12\/freepik__bladna-newscom-moroccan-soccer-homepage-banner-mor__41838.png","type":"image\/png"}],"author":"Bladna Sports Desk","twitter_card":"summary_large_image","twitter_misc":{"\u00c9crit par":"Bladna Sports Desk","Dur\u00e9e de lecture estim\u00e9e":"1 minute"},"schema":{"@context":"https:\/\/schema.org","@graph":[{"@type":"Article","@id":"https:\/\/bladnanews.com\/djamel-belmadi-blames-referee-after-admitting-nigeria-strength\/#article","isPartOf":{"@id":"https:\/\/bladnanews.com\/djamel-belmadi-blames-referee-after-admitting-nigeria-strength\/"},"author":{"name":"Bladna Sports Desk","@id":"https:\/\/mediumseagreen-eel-531711.hostingersite.com\/#\/schema\/person\/6712b38fabe810f7eb8d15ed30d90f1e"},"headline":"Djamel Belmadi blames referee after admitting Nigeria strength","datePublished":"2026-01-10T19:41:00+00:00","mainEntityOfPage":{"@id":"https:\/\/bladnanews.com\/djamel-belmadi-blames-referee-after-admitting-nigeria-strength\/"},"wordCount":219,"publisher":{"@id":"https:\/\/mediumseagreen-eel-531711.hostingersite.com\/#organization"},"image":{"@id":"https:\/\/bladnanews.com\/djamel-belmadi-blames-referee-after-admitting-nigeria-strength\/#primaryimage"},"thumbnailUrl":"https:\/\/bladnanews.com\/wp-content\/uploads\/2026\/01\/https___cloudfront-eu-central-1.images.arcpublishing.com_le360_7OHW7YLXF5BJLHLZNE35LIWVKI_1768074232.webp","articleSection":["Latest News","Morocco National Team"],"inLanguage":"fr-FR","copyrightYear":"2026","copyrightHolder":{"@id":"https:\/\/bladnanews.com\/fr\/#organization"}},{"@type":"WebPage","@id":"https:\/\/bladnanews.com\/djamel-belmadi-blames-referee-after-admitting-nigeria-strength\/","url":"https:\/\/bladnanews.com\/djamel-belmadi-blames-referee-after-admitting-nigeria-strength\/","name":"Djamel Belmadi bl\u00e2me l'arbitre apr\u00e8s avoir admis la force du Nigeria - Bladna News","isPartOf":{"@id":"https:\/\/mediumseagreen-eel-531711.hostingersite.com\/#website"},"primaryImageOfPage":{"@id":"https:\/\/bladnanews.com\/djamel-belmadi-blames-referee-after-admitting-nigeria-strength\/#primaryimage"},"image":{"@id":"https:\/\/bladnanews.com\/djamel-belmadi-blames-referee-after-admitting-nigeria-strength\/#primaryimage"},"thumbnailUrl":"https:\/\/bladnanews.com\/wp-content\/uploads\/2026\/01\/https___cloudfront-eu-central-1.images.arcpublishing.com_le360_7OHW7YLXF5BJLHLZNE35LIWVKI_1768074232.webp","datePublished":"2026-01-10T19:41:00+00:00","breadcrumb":{"@id":"https:\/\/bladnanews.com\/djamel-belmadi-blames-referee-after-admitting-nigeria-strength\/#breadcrumb"},"inLanguage":"fr-FR","potentialAction":[{"@type":"ReadAction","target":["https:\/\/bladnanews.com\/djamel-belmadi-blames-referee-after-admitting-nigeria-strength\/"]}]},{"@type":"ImageObject","inLanguage":"fr-FR","@id":"https:\/\/bladnanews.com\/djamel-belmadi-blames-referee-after-admitting-nigeria-strength\/#primaryimage","url":"https:\/\/bladnanews.com\/wp-content\/uploads\/2026\/01\/https___cloudfront-eu-central-1.images.arcpublishing.com_le360_7OHW7YLXF5BJLHLZNE35LIWVKI_1768074232.webp","contentUrl":"https:\/\/bladnanews.com\/wp-content\/uploads\/2026\/01\/https___cloudfront-eu-central-1.images.arcpublishing.com_le360_7OHW7YLXF5BJLHLZNE35LIWVKI_1768074232.webp","width":860,"height":483,"caption":"Moroccan football figure holding a trophy in front of Wembley Stadium, wearing a suit, with vibrant stadium seating in the background."},{"@type":"BreadcrumbList","@id":"https:\/\/bladnanews.com\/djamel-belmadi-blames-referee-after-admitting-nigeria-strength\/#breadcrumb","itemListElement":[{"@type":"ListItem","position":1,"name":"Home","item":"https:\/\/bladnanews.com\/"},{"@type":"ListItem","position":2,"name":"Djamel Belmadi blames referee after admitting Nigeria strength"}]},{"@type":"WebSite","@id":"https:\/\/mediumseagreen-eel-531711.hostingersite.com\/#website","url":"https:\/\/mediumseagreen-eel-531711.hostingersite.com\/","name":"Bladna News - Maroc","description":"Quand le football marocain rencontre le monde","publisher":{"@id":"https:\/\/mediumseagreen-eel-531711.hostingersite.com\/#organization"},"potentialAction":[{"@type":"SearchAction","target":{"@type":"EntryPoint","urlTemplate":"https:\/\/mediumseagreen-eel-531711.hostingersite.com\/?s={search_term_string}"},"query-input":{"@type":"PropertyValueSpecification","valueRequired":true,"valueName":"search_term_string"}}],"inLanguage":"fr-FR"},{"@type":"Organization","@id":"https:\/\/mediumseagreen-eel-531711.hostingersite.com\/#organization","name":"Bladna News.com","url":"https:\/\/mediumseagreen-eel-531711.hostingersite.com\/","logo":{"@type":"ImageObject","inLanguage":"fr-FR","@id":"https:\/\/mediumseagreen-eel-531711.hostingersite.com\/#\/schema\/logo\/image\/","url":"https:\/\/bladnanews.com\/wp-content\/uploads\/2025\/12\/logo-bladnanews-V2-web-black-red.png","contentUrl":"https:\/\/bladnanews.com\/wp-content\/uploads\/2025\/12\/logo-bladnanews-V2-web-black-red.png","width":703,"height":287,"caption":"Bladna News.com"},"image":{"@id":"https:\/\/mediumseagreen-eel-531711.hostingersite.com\/#\/schema\/logo\/image\/"},"email":"info@bladnanews.com","legalName":"Bladna News"},{"@type":"Person","@id":"https:\/\/mediumseagreen-eel-531711.hostingersite.com\/#\/schema\/person\/6712b38fabe810f7eb8d15ed30d90f1e","name":"Bladna Sports Desk","url":"https:\/\/bladnanews.com\/fr\/author\/bladna-sports-desk\/"}]}},"_links":{"self":[{"href":"https:\/\/bladnanews.com\/fr\/wp-json\/wp\/v2\/posts\/5685","targetHints":{"allow":["GET"]}}],"collection":[{"href":"https:\/\/bladnanews.com\/fr\/wp-json\/wp\/v2\/posts"}],"about":[{"href":"https:\/\/bladnanews.com\/fr\/wp-json\/wp\/v2\/types\/post"}],"author":[{"embeddable":true,"href":"https:\/\/bladnanews.com\/fr\/wp-json\/wp\/v2\/users\/4"}],"replies":[{"embeddable":true,"href":"https:\/\/bladnanews.com\/fr\/wp-json\/wp\/v2\/comments?post=5685"}],"version-history":[{"count":0,"href":"https:\/\/bladnanews.com\/fr\/wp-json\/wp\/v2\/posts\/5685\/revisions"}],"wp:featuredmedia":[{"embeddable":true,"href":"https:\/\/bladnanews.com\/fr\/wp-json\/wp\/v2\/media\/5684"}],"wp:attachment":[{"href":"https:\/\/bladnanews.com\/fr\/wp-json\/wp\/v2\/media?parent=5685"}],"wp:term":[{"taxonomy":"category","embeddable":true,"href":"https:\/\/bladnanews.com\/fr\/wp-json\/wp\/v2\/categories?post=5685"},{"taxonomy":"post_tag","embeddable":true,"href":"https:\/\/bladnanews.com\/fr\/wp-json\/wp\/v2\/tags?post=5685"}],"curies":[{"name":"wp","href":"https:\/\/api.w.org\/{rel}","templated":true}]}}