{"id":5699,"date":"2026-01-10T10:30:45","date_gmt":"2026-01-10T10:30:45","guid":{"rendered":"https:\/\/bladnanews.com\/former-chelsea-youth-player-says-he-may-have-days-to-live\/"},"modified":"2026-01-10T10:30:45","modified_gmt":"2026-01-10T10:30:45","slug":"un-ancien-joueur-de-la-jeunesse-de-chelsea-dit-quil-pourrait-avoir-des-jours-a-vivre","status":"publish","type":"post","link":"https:\/\/bladnanews.com\/fr\/un-ancien-joueur-de-la-jeunesse-de-chelsea-dit-quil-pourrait-avoir-des-jours-a-vivre\/","title":{"rendered":"L'ancien joueur des jeunes de Chelsea dit qu'il pourrait avoir des jours \u00e0 vivre"},"content":{"rendered":"<p>L'ancien joueur de l'acad\u00e9mie de Chelsea, Ed Harrison, a r\u00e9v\u00e9l\u00e9 qu'il ne lui restait peut-\u00eatre que quelques jours \u00e0 vivre alors qu'il continue son combat contre une maladie terminale.<\/p>\n<p>Harrison, qui \u00e9tait autrefois dans les rangs de Stamford Bridge en tant que jeune, a partag\u00e9 la mise \u00e0 jour dans un post sur les r\u00e9seaux sociaux, expliquant que son \u00e9tat s'est d\u00e9t\u00e9rior\u00e9 et que les m\u00e9decins lui ont dit que son temps pourrait maintenant \u00eatre tr\u00e8s court.<\/p>\n<p>Dans un message \u00e9mouvant, il a d\u00e9clar\u00e9 qu'il avait \u201cjuste quelques jours \u00e0 vivre\u201d, alors qu'il s'ouvrait sur la derni\u00e8re \u00e9tape de son combat et le sombre avenir qui lui a \u00e9t\u00e9 pr\u00e9dit.<\/p>\n<p>L'ancien joueur de jeunes a re\u00e7u des messages de soutien apr\u00e8s avoir fait l'annonce, beaucoup dans le monde du football offrant des mots d'encouragement et de soutien alors qu'il fait face \u00e0 la p\u00e9riode la plus difficile de sa maladie.<\/p>\n<p>La mise \u00e0 jour de Harrison a attir\u00e9 une attention renouvel\u00e9e sur sa situation, l'ancien jeune de Chelsea choisissant de parler ouvertement de ce qu'il traverse et de la r\u00e9alit\u00e9 de son diagnostic.<\/p>","protected":false},"excerpt":{"rendered":"<p>Former Chelsea academy player Ed Harrison has revealed he may have only days to live as he continues his fight [&hellip;]<\/p>\n","protected":false},"author":3,"featured_media":5698,"comment_status":"","ping_status":"open","sticky":false,"template":"","format":"standard","meta":{"googlesitekit_rrm_CAow_uzEDA:productID":"","site-sidebar-layout":"default","site-content-layout":"","ast-site-content-layout":"default","site-content-style":"default","site-sidebar-style":"default","ast-global-header-display":"","ast-banner-title-visibility":"","ast-main-header-display":"","ast-hfb-above-header-display":"","ast-hfb-below-header-display":"","ast-hfb-mobile-header-display":"","site-post-title":"","ast-breadcrumbs-content":"","ast-featured-img":"","footer-sml-layout":"","ast-disable-related-posts":"","theme-transparent-header-meta":"","adv-header-id-meta":"","stick-header-meta":"","header-above-stick-meta":"","header-main-stick-meta":"","header-below-stick-meta":"","astra-migrate-meta-layouts":"default","ast-page-background-enabled":"default","ast-page-background-meta":{"desktop":{"background-color":"var(--ast-global-color-5)","background-image":"","background-repeat":"repeat","background-position":"center center","background-size":"auto","background-attachment":"scroll","background-type":"","background-media":"","overlay-type":"","overlay-color":"","overlay-opacity":"","overlay-gradient":""},"tablet":{"background-color":"","background-image":"","background-repeat":"repeat","background-position":"center center","background-size":"auto","background-attachment":"scroll","background-type":"","background-media":"","overlay-type":"","overlay-color":"","overlay-opacity":"","overlay-gradient":""},"mobile":{"background-color":"","background-image":"","background-repeat":"repeat","background-position":"center center","background-size":"auto","background-attachment":"scroll","background-type":"","background-media":"","overlay-type":"","overlay-color":"","overlay-opacity":"","overlay-gradient":""}},"ast-content-background-meta":{"desktop":{"background-color":"var(--ast-global-color-4)","background-image":"","background-repeat":"repeat","background-position":"center center","background-size":"auto","background-attachment":"scroll","background-type":"","background-media":"","overlay-type":"","overlay-color":"","overlay-opacity":"","overlay-gradient":""},"tablet":{"background-color":"var(--ast-global-color-4)","background-image":"","background-repeat":"repeat","background-position":"center center","background-size":"auto","background-attachment":"scroll","background-type":"","background-media":"","overlay-type":"","overlay-color":"","overlay-opacity":"","overlay-gradient":""},"mobile":{"background-color":"var(--ast-global-color-4)","background-image":"","background-repeat":"repeat","background-position":"center center","background-size":"auto","background-attachment":"scroll","background-type":"","background-media":"","overlay-type":"","overlay-color":"","overlay-opacity":"","overlay-gradient":""}},"footnotes":""},"categories":[20,1],"tags":[],"class_list":["post-5699","post","type-post","status-publish","format-standard","has-post-thumbnail","hentry","category-international","category-football-latest-news"],"yoast_head":"<!-- This site is optimized with the Yoast SEO Premium plugin v26.6 (Yoast SEO v27.5) - https:\/\/yoast.com\/product\/yoast-seo-premium-wordpress\/ -->\n<title>Former Chelsea youth player says he may have days to live - Bladna News<\/title>\n<meta name=\"robots\" content=\"index, follow, max-snippet:-1, max-image-preview:large, max-video-preview:-1\" \/>\n<link rel=\"canonical\" href=\"https:\/\/bladnanews.com\/fr\/un-ancien-joueur-de-la-jeunesse-de-chelsea-dit-quil-pourrait-avoir-des-jours-a-vivre\/\" \/>\n<meta property=\"og:locale\" content=\"fr_FR\" \/>\n<meta property=\"og:type\" content=\"article\" \/>\n<meta property=\"og:title\" content=\"Former Chelsea youth player says he may have days to live\" \/>\n<meta property=\"og:description\" content=\"Former Chelsea academy player Ed Harrison has revealed he may have only days to live as he continues his fight [&hellip;]\" \/>\n<meta property=\"og:url\" content=\"https:\/\/bladnanews.com\/fr\/un-ancien-joueur-de-la-jeunesse-de-chelsea-dit-quil-pourrait-avoir-des-jours-a-vivre\/\" \/>\n<meta property=\"og:site_name\" content=\"Bladna News\" \/>\n<meta property=\"article:published_time\" content=\"2026-01-10T10:30:45+00:00\" \/>\n<meta property=\"og:image\" content=\"https:\/\/bladnanews.com\/wp-content\/uploads\/2025\/12\/freepik__bladna-newscom-moroccan-soccer-homepage-banner-mor__41838.png\" \/>\n\t<meta property=\"og:image:width\" content=\"1312\" \/>\n\t<meta property=\"og:image:height\" content=\"736\" \/>\n\t<meta property=\"og:image:type\" content=\"image\/png\" \/>\n<meta name=\"author\" content=\"Bladna News Staff\" \/>\n<meta name=\"twitter:card\" content=\"summary_large_image\" \/>\n<meta name=\"twitter:label1\" content=\"\u00c9crit par\" \/>\n\t<meta name=\"twitter:data1\" content=\"Bladna News Staff\" \/>\n\t<meta name=\"twitter:label2\" content=\"Dur\u00e9e de lecture estim\u00e9e\" \/>\n\t<meta name=\"twitter:data2\" content=\"1 minute\" \/>\n<script type=\"application\/ld+json\" class=\"yoast-schema-graph\">{\"@context\":\"https:\\\/\\\/schema.org\",\"@graph\":[{\"@type\":\"Article\",\"@id\":\"https:\\\/\\\/bladnanews.com\\\/former-chelsea-youth-player-says-he-may-have-days-to-live\\\/#article\",\"isPartOf\":{\"@id\":\"https:\\\/\\\/bladnanews.com\\\/former-chelsea-youth-player-says-he-may-have-days-to-live\\\/\"},\"author\":{\"name\":\"Bladna News Staff\",\"@id\":\"https:\\\/\\\/mediumseagreen-eel-531711.hostingersite.com\\\/#\\\/schema\\\/person\\\/268e18a453ab080ebf76df6ef7845083\"},\"headline\":\"Former Chelsea youth player says he may have days to live\",\"datePublished\":\"2026-01-10T10:30:45+00:00\",\"mainEntityOfPage\":{\"@id\":\"https:\\\/\\\/bladnanews.com\\\/former-chelsea-youth-player-says-he-may-have-days-to-live\\\/\"},\"wordCount\":170,\"publisher\":{\"@id\":\"https:\\\/\\\/mediumseagreen-eel-531711.hostingersite.com\\\/#organization\"},\"image\":{\"@id\":\"https:\\\/\\\/bladnanews.com\\\/former-chelsea-youth-player-says-he-may-have-days-to-live\\\/#primaryimage\"},\"thumbnailUrl\":\"https:\\\/\\\/bladnanews.com\\\/wp-content\\\/uploads\\\/2026\\\/01\\\/BladnaNews-Former-Chelsea-youth-player-says-he-may-have-days-to-live-2026-01-11T010927.829Z.jpg\",\"articleSection\":[\"International\",\"Latest News\"],\"inLanguage\":\"fr-FR\",\"copyrightYear\":\"2026\",\"copyrightHolder\":{\"@id\":\"https:\\\/\\\/bladnanews.com\\\/fr\\\/#organization\"}},{\"@type\":\"WebPage\",\"@id\":\"https:\\\/\\\/bladnanews.com\\\/former-chelsea-youth-player-says-he-may-have-days-to-live\\\/\",\"url\":\"https:\\\/\\\/bladnanews.com\\\/former-chelsea-youth-player-says-he-may-have-days-to-live\\\/\",\"name\":\"Former Chelsea youth player says he may have days to live - Bladna News\",\"isPartOf\":{\"@id\":\"https:\\\/\\\/mediumseagreen-eel-531711.hostingersite.com\\\/#website\"},\"primaryImageOfPage\":{\"@id\":\"https:\\\/\\\/bladnanews.com\\\/former-chelsea-youth-player-says-he-may-have-days-to-live\\\/#primaryimage\"},\"image\":{\"@id\":\"https:\\\/\\\/bladnanews.com\\\/former-chelsea-youth-player-says-he-may-have-days-to-live\\\/#primaryimage\"},\"thumbnailUrl\":\"https:\\\/\\\/bladnanews.com\\\/wp-content\\\/uploads\\\/2026\\\/01\\\/BladnaNews-Former-Chelsea-youth-player-says-he-may-have-days-to-live-2026-01-11T010927.829Z.jpg\",\"datePublished\":\"2026-01-10T10:30:45+00:00\",\"breadcrumb\":{\"@id\":\"https:\\\/\\\/bladnanews.com\\\/former-chelsea-youth-player-says-he-may-have-days-to-live\\\/#breadcrumb\"},\"inLanguage\":\"fr-FR\",\"potentialAction\":[{\"@type\":\"ReadAction\",\"target\":[\"https:\\\/\\\/bladnanews.com\\\/former-chelsea-youth-player-says-he-may-have-days-to-live\\\/\"]}]},{\"@type\":\"ImageObject\",\"inLanguage\":\"fr-FR\",\"@id\":\"https:\\\/\\\/bladnanews.com\\\/former-chelsea-youth-player-says-he-may-have-days-to-live\\\/#primaryimage\",\"url\":\"https:\\\/\\\/bladnanews.com\\\/wp-content\\\/uploads\\\/2026\\\/01\\\/BladnaNews-Former-Chelsea-youth-player-says-he-may-have-days-to-live-2026-01-11T010927.829Z.jpg\",\"contentUrl\":\"https:\\\/\\\/bladnanews.com\\\/wp-content\\\/uploads\\\/2026\\\/01\\\/BladnaNews-Former-Chelsea-youth-player-says-he-may-have-days-to-live-2026-01-11T010927.829Z.jpg\",\"width\":1913,\"height\":1076,\"caption\":\"Former Chelsea youth player in training gear with a yellow bib, looking contemplative at a training session. Blurred figures in the background.\"},{\"@type\":\"BreadcrumbList\",\"@id\":\"https:\\\/\\\/bladnanews.com\\\/former-chelsea-youth-player-says-he-may-have-days-to-live\\\/#breadcrumb\",\"itemListElement\":[{\"@type\":\"ListItem\",\"position\":1,\"name\":\"Home\",\"item\":\"https:\\\/\\\/bladnanews.com\\\/\"},{\"@type\":\"ListItem\",\"position\":2,\"name\":\"Former Chelsea youth player says he may have days to live\"}]},{\"@type\":\"WebSite\",\"@id\":\"https:\\\/\\\/mediumseagreen-eel-531711.hostingersite.com\\\/#website\",\"url\":\"https:\\\/\\\/mediumseagreen-eel-531711.hostingersite.com\\\/\",\"name\":\"Bladna News - Morocco\",\"description\":\"Where Moroccan Football Meets the World\",\"publisher\":{\"@id\":\"https:\\\/\\\/mediumseagreen-eel-531711.hostingersite.com\\\/#organization\"},\"potentialAction\":[{\"@type\":\"SearchAction\",\"target\":{\"@type\":\"EntryPoint\",\"urlTemplate\":\"https:\\\/\\\/mediumseagreen-eel-531711.hostingersite.com\\\/?s={search_term_string}\"},\"query-input\":{\"@type\":\"PropertyValueSpecification\",\"valueRequired\":true,\"valueName\":\"search_term_string\"}}],\"inLanguage\":\"fr-FR\"},{\"@type\":\"Organization\",\"@id\":\"https:\\\/\\\/mediumseagreen-eel-531711.hostingersite.com\\\/#organization\",\"name\":\"Bladna News.com\",\"url\":\"https:\\\/\\\/mediumseagreen-eel-531711.hostingersite.com\\\/\",\"logo\":{\"@type\":\"ImageObject\",\"inLanguage\":\"fr-FR\",\"@id\":\"https:\\\/\\\/mediumseagreen-eel-531711.hostingersite.com\\\/#\\\/schema\\\/logo\\\/image\\\/\",\"url\":\"https:\\\/\\\/bladnanews.com\\\/wp-content\\\/uploads\\\/2025\\\/12\\\/logo-bladnanews-V2-web-black-red.png\",\"contentUrl\":\"https:\\\/\\\/bladnanews.com\\\/wp-content\\\/uploads\\\/2025\\\/12\\\/logo-bladnanews-V2-web-black-red.png\",\"width\":703,\"height\":287,\"caption\":\"Bladna News.com\"},\"image\":{\"@id\":\"https:\\\/\\\/mediumseagreen-eel-531711.hostingersite.com\\\/#\\\/schema\\\/logo\\\/image\\\/\"},\"email\":\"info@bladnanews.com\",\"legalName\":\"Bladna News\"},{\"@type\":\"Person\",\"@id\":\"https:\\\/\\\/mediumseagreen-eel-531711.hostingersite.com\\\/#\\\/schema\\\/person\\\/268e18a453ab080ebf76df6ef7845083\",\"name\":\"Bladna News Staff\",\"url\":\"https:\\\/\\\/bladnanews.com\\\/fr\\\/author\\\/bladna-news-staff\\\/\"}]}<\/script>\n<!-- \/ Yoast SEO Premium plugin. -->","yoast_head_json":{"title":"L'ancien joueur des jeunes de Chelsea dit qu'il pourrait avoir des jours \u00e0 vivre - Bladna News","robots":{"index":"index","follow":"follow","max-snippet":"max-snippet:-1","max-image-preview":"max-image-preview:large","max-video-preview":"max-video-preview:-1"},"canonical":"https:\/\/bladnanews.com\/fr\/un-ancien-joueur-de-la-jeunesse-de-chelsea-dit-quil-pourrait-avoir-des-jours-a-vivre\/","og_locale":"fr_FR","og_type":"article","og_title":"Former Chelsea youth player says he may have days to live","og_description":"Former Chelsea academy player Ed Harrison has revealed he may have only days to live as he continues his fight [&hellip;]","og_url":"https:\/\/bladnanews.com\/fr\/un-ancien-joueur-de-la-jeunesse-de-chelsea-dit-quil-pourrait-avoir-des-jours-a-vivre\/","og_site_name":"Bladna News","article_published_time":"2026-01-10T10:30:45+00:00","og_image":[{"width":1312,"height":736,"url":"https:\/\/bladnanews.com\/wp-content\/uploads\/2025\/12\/freepik__bladna-newscom-moroccan-soccer-homepage-banner-mor__41838.png","type":"image\/png"}],"author":"Bladna News Staff","twitter_card":"summary_large_image","twitter_misc":{"\u00c9crit par":"Bladna News Staff","Dur\u00e9e de lecture estim\u00e9e":"1 minute"},"schema":{"@context":"https:\/\/schema.org","@graph":[{"@type":"Article","@id":"https:\/\/bladnanews.com\/former-chelsea-youth-player-says-he-may-have-days-to-live\/#article","isPartOf":{"@id":"https:\/\/bladnanews.com\/former-chelsea-youth-player-says-he-may-have-days-to-live\/"},"author":{"name":"Bladna News Staff","@id":"https:\/\/mediumseagreen-eel-531711.hostingersite.com\/#\/schema\/person\/268e18a453ab080ebf76df6ef7845083"},"headline":"Former Chelsea youth player says he may have days to live","datePublished":"2026-01-10T10:30:45+00:00","mainEntityOfPage":{"@id":"https:\/\/bladnanews.com\/former-chelsea-youth-player-says-he-may-have-days-to-live\/"},"wordCount":170,"publisher":{"@id":"https:\/\/mediumseagreen-eel-531711.hostingersite.com\/#organization"},"image":{"@id":"https:\/\/bladnanews.com\/former-chelsea-youth-player-says-he-may-have-days-to-live\/#primaryimage"},"thumbnailUrl":"https:\/\/bladnanews.com\/wp-content\/uploads\/2026\/01\/BladnaNews-Former-Chelsea-youth-player-says-he-may-have-days-to-live-2026-01-11T010927.829Z.jpg","articleSection":["International","Latest News"],"inLanguage":"fr-FR","copyrightYear":"2026","copyrightHolder":{"@id":"https:\/\/bladnanews.com\/fr\/#organization"}},{"@type":"WebPage","@id":"https:\/\/bladnanews.com\/former-chelsea-youth-player-says-he-may-have-days-to-live\/","url":"https:\/\/bladnanews.com\/former-chelsea-youth-player-says-he-may-have-days-to-live\/","name":"L'ancien joueur des jeunes de Chelsea dit qu'il pourrait avoir des jours \u00e0 vivre - Bladna News","isPartOf":{"@id":"https:\/\/mediumseagreen-eel-531711.hostingersite.com\/#website"},"primaryImageOfPage":{"@id":"https:\/\/bladnanews.com\/former-chelsea-youth-player-says-he-may-have-days-to-live\/#primaryimage"},"image":{"@id":"https:\/\/bladnanews.com\/former-chelsea-youth-player-says-he-may-have-days-to-live\/#primaryimage"},"thumbnailUrl":"https:\/\/bladnanews.com\/wp-content\/uploads\/2026\/01\/BladnaNews-Former-Chelsea-youth-player-says-he-may-have-days-to-live-2026-01-11T010927.829Z.jpg","datePublished":"2026-01-10T10:30:45+00:00","breadcrumb":{"@id":"https:\/\/bladnanews.com\/former-chelsea-youth-player-says-he-may-have-days-to-live\/#breadcrumb"},"inLanguage":"fr-FR","potentialAction":[{"@type":"ReadAction","target":["https:\/\/bladnanews.com\/former-chelsea-youth-player-says-he-may-have-days-to-live\/"]}]},{"@type":"ImageObject","inLanguage":"fr-FR","@id":"https:\/\/bladnanews.com\/former-chelsea-youth-player-says-he-may-have-days-to-live\/#primaryimage","url":"https:\/\/bladnanews.com\/wp-content\/uploads\/2026\/01\/BladnaNews-Former-Chelsea-youth-player-says-he-may-have-days-to-live-2026-01-11T010927.829Z.jpg","contentUrl":"https:\/\/bladnanews.com\/wp-content\/uploads\/2026\/01\/BladnaNews-Former-Chelsea-youth-player-says-he-may-have-days-to-live-2026-01-11T010927.829Z.jpg","width":1913,"height":1076,"caption":"Former Chelsea youth player in training gear with a yellow bib, looking contemplative at a training session. Blurred figures in the background."},{"@type":"BreadcrumbList","@id":"https:\/\/bladnanews.com\/former-chelsea-youth-player-says-he-may-have-days-to-live\/#breadcrumb","itemListElement":[{"@type":"ListItem","position":1,"name":"Home","item":"https:\/\/bladnanews.com\/"},{"@type":"ListItem","position":2,"name":"Former Chelsea youth player says he may have days to live"}]},{"@type":"WebSite","@id":"https:\/\/mediumseagreen-eel-531711.hostingersite.com\/#website","url":"https:\/\/mediumseagreen-eel-531711.hostingersite.com\/","name":"Bladna News - Maroc","description":"Quand le football marocain rencontre le monde","publisher":{"@id":"https:\/\/mediumseagreen-eel-531711.hostingersite.com\/#organization"},"potentialAction":[{"@type":"SearchAction","target":{"@type":"EntryPoint","urlTemplate":"https:\/\/mediumseagreen-eel-531711.hostingersite.com\/?s={search_term_string}"},"query-input":{"@type":"PropertyValueSpecification","valueRequired":true,"valueName":"search_term_string"}}],"inLanguage":"fr-FR"},{"@type":"Organization","@id":"https:\/\/mediumseagreen-eel-531711.hostingersite.com\/#organization","name":"Bladna News.com","url":"https:\/\/mediumseagreen-eel-531711.hostingersite.com\/","logo":{"@type":"ImageObject","inLanguage":"fr-FR","@id":"https:\/\/mediumseagreen-eel-531711.hostingersite.com\/#\/schema\/logo\/image\/","url":"https:\/\/bladnanews.com\/wp-content\/uploads\/2025\/12\/logo-bladnanews-V2-web-black-red.png","contentUrl":"https:\/\/bladnanews.com\/wp-content\/uploads\/2025\/12\/logo-bladnanews-V2-web-black-red.png","width":703,"height":287,"caption":"Bladna News.com"},"image":{"@id":"https:\/\/mediumseagreen-eel-531711.hostingersite.com\/#\/schema\/logo\/image\/"},"email":"info@bladnanews.com","legalName":"Bladna News"},{"@type":"Person","@id":"https:\/\/mediumseagreen-eel-531711.hostingersite.com\/#\/schema\/person\/268e18a453ab080ebf76df6ef7845083","name":"\u00c9quipe r\u00e9dactionnelle de Bladna News","url":"https:\/\/bladnanews.com\/fr\/author\/bladna-news-staff\/"}]}},"_links":{"self":[{"href":"https:\/\/bladnanews.com\/fr\/wp-json\/wp\/v2\/posts\/5699","targetHints":{"allow":["GET"]}}],"collection":[{"href":"https:\/\/bladnanews.com\/fr\/wp-json\/wp\/v2\/posts"}],"about":[{"href":"https:\/\/bladnanews.com\/fr\/wp-json\/wp\/v2\/types\/post"}],"author":[{"embeddable":true,"href":"https:\/\/bladnanews.com\/fr\/wp-json\/wp\/v2\/users\/3"}],"replies":[{"embeddable":true,"href":"https:\/\/bladnanews.com\/fr\/wp-json\/wp\/v2\/comments?post=5699"}],"version-history":[{"count":0,"href":"https:\/\/bladnanews.com\/fr\/wp-json\/wp\/v2\/posts\/5699\/revisions"}],"wp:featuredmedia":[{"embeddable":true,"href":"https:\/\/bladnanews.com\/fr\/wp-json\/wp\/v2\/media\/5698"}],"wp:attachment":[{"href":"https:\/\/bladnanews.com\/fr\/wp-json\/wp\/v2\/media?parent=5699"}],"wp:term":[{"taxonomy":"category","embeddable":true,"href":"https:\/\/bladnanews.com\/fr\/wp-json\/wp\/v2\/categories?post=5699"},{"taxonomy":"post_tag","embeddable":true,"href":"https:\/\/bladnanews.com\/fr\/wp-json\/wp\/v2\/tags?post=5699"}],"curies":[{"name":"wp","href":"https:\/\/api.w.org\/{rel}","templated":true}]}}