{"id":5701,"date":"2026-01-10T11:10:19","date_gmt":"2026-01-10T11:10:19","guid":{"rendered":"https:\/\/bladnanews.com\/sean-dyche-hits-out-at-his-forest-players-after-wrexham-loss\/"},"modified":"2026-01-10T11:10:19","modified_gmt":"2026-01-10T11:10:19","slug":"sean-dyche-sen-prend-a-ses-joueurs-de-forest-apres-la-defaite-contre-wrexham","status":"publish","type":"post","link":"https:\/\/bladnanews.com\/fr\/sean-dyche-sen-prend-a-ses-joueurs-de-forest-apres-la-defaite-contre-wrexham\/","title":{"rendered":"Sean Dyche s'en prend \u00e0 ses joueurs de Forest apr\u00e8s la d\u00e9faite contre Wrexham"},"content":{"rendered":"<p>Sean Dyche n'a pas retenu ses mots apr\u00e8s que Nottingham Forest ait subi une d\u00e9faite choc en FA Cup contre Wrexham, adressant un message franc \u00e0 ses propres joueurs dans l'imm\u00e9diat apr\u00e8s-coup de cette d\u00e9faite.<\/p>\n<p>Forest est entr\u00e9 dans le match en s'attendant \u00e0 progresser, mais Wrexham a produit une performance disciplin\u00e9e et a saisi ses chances pour \u00e9liminer l'\u00e9quipe de Premier League de la comp\u00e9tition. La victoire de l'\u00e9quipe non-ligue sera consid\u00e9r\u00e9e comme l'un des r\u00e9sultats marquants de ce tour.<\/p>\n<p>Dyche, cependant, \u00e9tait beaucoup plus concentr\u00e9 sur ce qu'il a vu de son propre \u00e9quipe. Le patron de Forest a clairement fait savoir qu'il n'\u00e9tait pas satisfait de la performance, d\u00e9livrant une \u00e9valuation brutale alors qu'il remettait en question les standards affich\u00e9s par ses joueurs ce jour-l\u00e0.<\/p>\n<p>Ses commentaires ont soulign\u00e9 la frustration au sein du camp de Forest, Dyche indiquant que le niveau d'engagement et de qualit\u00e9 montr\u00e9 n'\u00e9tait pas acceptable pour un club avec leurs ressources et ambitions.<\/p>\n<p>Wrexham, en revanche, a re\u00e7u des \u00e9loges pour la mani\u00e8re dont ils ont abord\u00e9 le match, montrant \u00e9nergie et confiance tout au long du match en capitalisant sur les lacunes de Forest pour s\u00e9curiser un scalp c\u00e9l\u00e8bre en FA Cup.<\/p>\n<p>Le r\u00e9sultat laisse Forest face \u00e0 des questions inconfortables apr\u00e8s une sortie pr\u00e9coce de la FA Cup, tandis que Wrexham avance avec \u00e9lan et une autre victoire qui fait la une dans leur parcours remarquable en coupe.<\/p>","protected":false},"excerpt":{"rendered":"<p>Sean Dyche did not hold back after Nottingham Forest suffered a shock FA Cup defeat to Wrexham, aiming a blunt [&hellip;]<\/p>\n","protected":false},"author":3,"featured_media":5700,"comment_status":"","ping_status":"open","sticky":false,"template":"","format":"standard","meta":{"googlesitekit_rrm_CAow_uzEDA:productID":"","site-sidebar-layout":"default","site-content-layout":"","ast-site-content-layout":"default","site-content-style":"default","site-sidebar-style":"default","ast-global-header-display":"","ast-banner-title-visibility":"","ast-main-header-display":"","ast-hfb-above-header-display":"","ast-hfb-below-header-display":"","ast-hfb-mobile-header-display":"","site-post-title":"","ast-breadcrumbs-content":"","ast-featured-img":"","footer-sml-layout":"","ast-disable-related-posts":"","theme-transparent-header-meta":"","adv-header-id-meta":"","stick-header-meta":"","header-above-stick-meta":"","header-main-stick-meta":"","header-below-stick-meta":"","astra-migrate-meta-layouts":"default","ast-page-background-enabled":"default","ast-page-background-meta":{"desktop":{"background-color":"var(--ast-global-color-5)","background-image":"","background-repeat":"repeat","background-position":"center center","background-size":"auto","background-attachment":"scroll","background-type":"","background-media":"","overlay-type":"","overlay-color":"","overlay-opacity":"","overlay-gradient":""},"tablet":{"background-color":"","background-image":"","background-repeat":"repeat","background-position":"center center","background-size":"auto","background-attachment":"scroll","background-type":"","background-media":"","overlay-type":"","overlay-color":"","overlay-opacity":"","overlay-gradient":""},"mobile":{"background-color":"","background-image":"","background-repeat":"repeat","background-position":"center center","background-size":"auto","background-attachment":"scroll","background-type":"","background-media":"","overlay-type":"","overlay-color":"","overlay-opacity":"","overlay-gradient":""}},"ast-content-background-meta":{"desktop":{"background-color":"var(--ast-global-color-4)","background-image":"","background-repeat":"repeat","background-position":"center center","background-size":"auto","background-attachment":"scroll","background-type":"","background-media":"","overlay-type":"","overlay-color":"","overlay-opacity":"","overlay-gradient":""},"tablet":{"background-color":"var(--ast-global-color-4)","background-image":"","background-repeat":"repeat","background-position":"center center","background-size":"auto","background-attachment":"scroll","background-type":"","background-media":"","overlay-type":"","overlay-color":"","overlay-opacity":"","overlay-gradient":""},"mobile":{"background-color":"var(--ast-global-color-4)","background-image":"","background-repeat":"repeat","background-position":"center center","background-size":"auto","background-attachment":"scroll","background-type":"","background-media":"","overlay-type":"","overlay-color":"","overlay-opacity":"","overlay-gradient":""}},"footnotes":""},"categories":[20,1],"tags":[],"class_list":["post-5701","post","type-post","status-publish","format-standard","has-post-thumbnail","hentry","category-international","category-football-latest-news"],"yoast_head":"<!-- This site is optimized with the Yoast SEO Premium plugin v26.6 (Yoast SEO v27.5) - https:\/\/yoast.com\/product\/yoast-seo-premium-wordpress\/ -->\n<title>Sean Dyche hits out at his Forest players after Wrexham loss - Bladna News<\/title>\n<meta name=\"robots\" content=\"index, follow, max-snippet:-1, max-image-preview:large, max-video-preview:-1\" \/>\n<link rel=\"canonical\" href=\"https:\/\/bladnanews.com\/fr\/sean-dyche-sen-prend-a-ses-joueurs-de-forest-apres-la-defaite-contre-wrexham\/\" \/>\n<meta property=\"og:locale\" content=\"fr_FR\" \/>\n<meta property=\"og:type\" content=\"article\" \/>\n<meta property=\"og:title\" content=\"Sean Dyche hits out at his Forest players after Wrexham loss\" \/>\n<meta property=\"og:description\" content=\"Sean Dyche did not hold back after Nottingham Forest suffered a shock FA Cup defeat to Wrexham, aiming a blunt [&hellip;]\" \/>\n<meta property=\"og:url\" content=\"https:\/\/bladnanews.com\/fr\/sean-dyche-sen-prend-a-ses-joueurs-de-forest-apres-la-defaite-contre-wrexham\/\" \/>\n<meta property=\"og:site_name\" content=\"Bladna News\" \/>\n<meta property=\"article:published_time\" content=\"2026-01-10T11:10:19+00:00\" \/>\n<meta property=\"og:image\" content=\"https:\/\/bladnanews.com\/wp-content\/uploads\/2025\/12\/freepik__bladna-newscom-moroccan-soccer-homepage-banner-mor__41838.png\" \/>\n\t<meta property=\"og:image:width\" content=\"1312\" \/>\n\t<meta property=\"og:image:height\" content=\"736\" \/>\n\t<meta property=\"og:image:type\" content=\"image\/png\" \/>\n<meta name=\"author\" content=\"Bladna News Staff\" \/>\n<meta name=\"twitter:card\" content=\"summary_large_image\" \/>\n<meta name=\"twitter:label1\" content=\"\u00c9crit par\" \/>\n\t<meta name=\"twitter:data1\" content=\"Bladna News Staff\" \/>\n\t<meta name=\"twitter:label2\" content=\"Dur\u00e9e de lecture estim\u00e9e\" \/>\n\t<meta name=\"twitter:data2\" content=\"1 minute\" \/>\n<script type=\"application\/ld+json\" class=\"yoast-schema-graph\">{\"@context\":\"https:\\\/\\\/schema.org\",\"@graph\":[{\"@type\":\"Article\",\"@id\":\"https:\\\/\\\/bladnanews.com\\\/sean-dyche-hits-out-at-his-forest-players-after-wrexham-loss\\\/#article\",\"isPartOf\":{\"@id\":\"https:\\\/\\\/bladnanews.com\\\/sean-dyche-hits-out-at-his-forest-players-after-wrexham-loss\\\/\"},\"author\":{\"name\":\"Bladna News Staff\",\"@id\":\"https:\\\/\\\/mediumseagreen-eel-531711.hostingersite.com\\\/#\\\/schema\\\/person\\\/268e18a453ab080ebf76df6ef7845083\"},\"headline\":\"Sean Dyche hits out at his Forest players after Wrexham loss\",\"datePublished\":\"2026-01-10T11:10:19+00:00\",\"mainEntityOfPage\":{\"@id\":\"https:\\\/\\\/bladnanews.com\\\/sean-dyche-hits-out-at-his-forest-players-after-wrexham-loss\\\/\"},\"wordCount\":220,\"publisher\":{\"@id\":\"https:\\\/\\\/mediumseagreen-eel-531711.hostingersite.com\\\/#organization\"},\"image\":{\"@id\":\"https:\\\/\\\/bladnanews.com\\\/sean-dyche-hits-out-at-his-forest-players-after-wrexham-loss\\\/#primaryimage\"},\"thumbnailUrl\":\"https:\\\/\\\/bladnanews.com\\\/wp-content\\\/uploads\\\/2026\\\/01\\\/BladnaNews-Sean-Dyche-hits-out-at-his-Forest-players-after-Wrexham-loss-2026-01-11T010949.783Z.jpg\",\"articleSection\":[\"International\",\"Latest News\"],\"inLanguage\":\"fr-FR\",\"copyrightYear\":\"2026\",\"copyrightHolder\":{\"@id\":\"https:\\\/\\\/bladnanews.com\\\/fr\\\/#organization\"}},{\"@type\":\"WebPage\",\"@id\":\"https:\\\/\\\/bladnanews.com\\\/sean-dyche-hits-out-at-his-forest-players-after-wrexham-loss\\\/\",\"url\":\"https:\\\/\\\/bladnanews.com\\\/sean-dyche-hits-out-at-his-forest-players-after-wrexham-loss\\\/\",\"name\":\"Sean Dyche hits out at his Forest players after Wrexham loss - Bladna News\",\"isPartOf\":{\"@id\":\"https:\\\/\\\/mediumseagreen-eel-531711.hostingersite.com\\\/#website\"},\"primaryImageOfPage\":{\"@id\":\"https:\\\/\\\/bladnanews.com\\\/sean-dyche-hits-out-at-his-forest-players-after-wrexham-loss\\\/#primaryimage\"},\"image\":{\"@id\":\"https:\\\/\\\/bladnanews.com\\\/sean-dyche-hits-out-at-his-forest-players-after-wrexham-loss\\\/#primaryimage\"},\"thumbnailUrl\":\"https:\\\/\\\/bladnanews.com\\\/wp-content\\\/uploads\\\/2026\\\/01\\\/BladnaNews-Sean-Dyche-hits-out-at-his-Forest-players-after-Wrexham-loss-2026-01-11T010949.783Z.jpg\",\"datePublished\":\"2026-01-10T11:10:19+00:00\",\"breadcrumb\":{\"@id\":\"https:\\\/\\\/bladnanews.com\\\/sean-dyche-hits-out-at-his-forest-players-after-wrexham-loss\\\/#breadcrumb\"},\"inLanguage\":\"fr-FR\",\"potentialAction\":[{\"@type\":\"ReadAction\",\"target\":[\"https:\\\/\\\/bladnanews.com\\\/sean-dyche-hits-out-at-his-forest-players-after-wrexham-loss\\\/\"]}]},{\"@type\":\"ImageObject\",\"inLanguage\":\"fr-FR\",\"@id\":\"https:\\\/\\\/bladnanews.com\\\/sean-dyche-hits-out-at-his-forest-players-after-wrexham-loss\\\/#primaryimage\",\"url\":\"https:\\\/\\\/bladnanews.com\\\/wp-content\\\/uploads\\\/2026\\\/01\\\/BladnaNews-Sean-Dyche-hits-out-at-his-Forest-players-after-Wrexham-loss-2026-01-11T010949.783Z.jpg\",\"contentUrl\":\"https:\\\/\\\/bladnanews.com\\\/wp-content\\\/uploads\\\/2026\\\/01\\\/BladnaNews-Sean-Dyche-hits-out-at-his-Forest-players-after-Wrexham-loss-2026-01-11T010949.783Z.jpg\",\"width\":1536,\"height\":864,\"caption\":\"Sean Dyche passionately expresses frustration on the sidelines during a match, wearing a blue jacket with team branding.\"},{\"@type\":\"BreadcrumbList\",\"@id\":\"https:\\\/\\\/bladnanews.com\\\/sean-dyche-hits-out-at-his-forest-players-after-wrexham-loss\\\/#breadcrumb\",\"itemListElement\":[{\"@type\":\"ListItem\",\"position\":1,\"name\":\"Home\",\"item\":\"https:\\\/\\\/bladnanews.com\\\/\"},{\"@type\":\"ListItem\",\"position\":2,\"name\":\"Sean Dyche hits out at his Forest players after Wrexham loss\"}]},{\"@type\":\"WebSite\",\"@id\":\"https:\\\/\\\/mediumseagreen-eel-531711.hostingersite.com\\\/#website\",\"url\":\"https:\\\/\\\/mediumseagreen-eel-531711.hostingersite.com\\\/\",\"name\":\"Bladna News - Morocco\",\"description\":\"Where Moroccan Football Meets the World\",\"publisher\":{\"@id\":\"https:\\\/\\\/mediumseagreen-eel-531711.hostingersite.com\\\/#organization\"},\"potentialAction\":[{\"@type\":\"SearchAction\",\"target\":{\"@type\":\"EntryPoint\",\"urlTemplate\":\"https:\\\/\\\/mediumseagreen-eel-531711.hostingersite.com\\\/?s={search_term_string}\"},\"query-input\":{\"@type\":\"PropertyValueSpecification\",\"valueRequired\":true,\"valueName\":\"search_term_string\"}}],\"inLanguage\":\"fr-FR\"},{\"@type\":\"Organization\",\"@id\":\"https:\\\/\\\/mediumseagreen-eel-531711.hostingersite.com\\\/#organization\",\"name\":\"Bladna News.com\",\"url\":\"https:\\\/\\\/mediumseagreen-eel-531711.hostingersite.com\\\/\",\"logo\":{\"@type\":\"ImageObject\",\"inLanguage\":\"fr-FR\",\"@id\":\"https:\\\/\\\/mediumseagreen-eel-531711.hostingersite.com\\\/#\\\/schema\\\/logo\\\/image\\\/\",\"url\":\"https:\\\/\\\/bladnanews.com\\\/wp-content\\\/uploads\\\/2025\\\/12\\\/logo-bladnanews-V2-web-black-red.png\",\"contentUrl\":\"https:\\\/\\\/bladnanews.com\\\/wp-content\\\/uploads\\\/2025\\\/12\\\/logo-bladnanews-V2-web-black-red.png\",\"width\":703,\"height\":287,\"caption\":\"Bladna News.com\"},\"image\":{\"@id\":\"https:\\\/\\\/mediumseagreen-eel-531711.hostingersite.com\\\/#\\\/schema\\\/logo\\\/image\\\/\"},\"email\":\"info@bladnanews.com\",\"legalName\":\"Bladna News\"},{\"@type\":\"Person\",\"@id\":\"https:\\\/\\\/mediumseagreen-eel-531711.hostingersite.com\\\/#\\\/schema\\\/person\\\/268e18a453ab080ebf76df6ef7845083\",\"name\":\"Bladna News Staff\",\"url\":\"https:\\\/\\\/bladnanews.com\\\/fr\\\/author\\\/bladna-news-staff\\\/\"}]}<\/script>\n<!-- \/ Yoast SEO Premium plugin. -->","yoast_head_json":{"title":"Sean Dyche s'en prend \u00e0 ses joueurs de Forest apr\u00e8s la d\u00e9faite contre Wrexham - Bladna News","robots":{"index":"index","follow":"follow","max-snippet":"max-snippet:-1","max-image-preview":"max-image-preview:large","max-video-preview":"max-video-preview:-1"},"canonical":"https:\/\/bladnanews.com\/fr\/sean-dyche-sen-prend-a-ses-joueurs-de-forest-apres-la-defaite-contre-wrexham\/","og_locale":"fr_FR","og_type":"article","og_title":"Sean Dyche hits out at his Forest players after Wrexham loss","og_description":"Sean Dyche did not hold back after Nottingham Forest suffered a shock FA Cup defeat to Wrexham, aiming a blunt [&hellip;]","og_url":"https:\/\/bladnanews.com\/fr\/sean-dyche-sen-prend-a-ses-joueurs-de-forest-apres-la-defaite-contre-wrexham\/","og_site_name":"Bladna News","article_published_time":"2026-01-10T11:10:19+00:00","og_image":[{"width":1312,"height":736,"url":"https:\/\/bladnanews.com\/wp-content\/uploads\/2025\/12\/freepik__bladna-newscom-moroccan-soccer-homepage-banner-mor__41838.png","type":"image\/png"}],"author":"Bladna News Staff","twitter_card":"summary_large_image","twitter_misc":{"\u00c9crit par":"Bladna News Staff","Dur\u00e9e de lecture estim\u00e9e":"1 minute"},"schema":{"@context":"https:\/\/schema.org","@graph":[{"@type":"Article","@id":"https:\/\/bladnanews.com\/sean-dyche-hits-out-at-his-forest-players-after-wrexham-loss\/#article","isPartOf":{"@id":"https:\/\/bladnanews.com\/sean-dyche-hits-out-at-his-forest-players-after-wrexham-loss\/"},"author":{"name":"Bladna News Staff","@id":"https:\/\/mediumseagreen-eel-531711.hostingersite.com\/#\/schema\/person\/268e18a453ab080ebf76df6ef7845083"},"headline":"Sean Dyche hits out at his Forest players after Wrexham loss","datePublished":"2026-01-10T11:10:19+00:00","mainEntityOfPage":{"@id":"https:\/\/bladnanews.com\/sean-dyche-hits-out-at-his-forest-players-after-wrexham-loss\/"},"wordCount":220,"publisher":{"@id":"https:\/\/mediumseagreen-eel-531711.hostingersite.com\/#organization"},"image":{"@id":"https:\/\/bladnanews.com\/sean-dyche-hits-out-at-his-forest-players-after-wrexham-loss\/#primaryimage"},"thumbnailUrl":"https:\/\/bladnanews.com\/wp-content\/uploads\/2026\/01\/BladnaNews-Sean-Dyche-hits-out-at-his-Forest-players-after-Wrexham-loss-2026-01-11T010949.783Z.jpg","articleSection":["International","Latest News"],"inLanguage":"fr-FR","copyrightYear":"2026","copyrightHolder":{"@id":"https:\/\/bladnanews.com\/fr\/#organization"}},{"@type":"WebPage","@id":"https:\/\/bladnanews.com\/sean-dyche-hits-out-at-his-forest-players-after-wrexham-loss\/","url":"https:\/\/bladnanews.com\/sean-dyche-hits-out-at-his-forest-players-after-wrexham-loss\/","name":"Sean Dyche s'en prend \u00e0 ses joueurs de Forest apr\u00e8s la d\u00e9faite contre Wrexham - Bladna News","isPartOf":{"@id":"https:\/\/mediumseagreen-eel-531711.hostingersite.com\/#website"},"primaryImageOfPage":{"@id":"https:\/\/bladnanews.com\/sean-dyche-hits-out-at-his-forest-players-after-wrexham-loss\/#primaryimage"},"image":{"@id":"https:\/\/bladnanews.com\/sean-dyche-hits-out-at-his-forest-players-after-wrexham-loss\/#primaryimage"},"thumbnailUrl":"https:\/\/bladnanews.com\/wp-content\/uploads\/2026\/01\/BladnaNews-Sean-Dyche-hits-out-at-his-Forest-players-after-Wrexham-loss-2026-01-11T010949.783Z.jpg","datePublished":"2026-01-10T11:10:19+00:00","breadcrumb":{"@id":"https:\/\/bladnanews.com\/sean-dyche-hits-out-at-his-forest-players-after-wrexham-loss\/#breadcrumb"},"inLanguage":"fr-FR","potentialAction":[{"@type":"ReadAction","target":["https:\/\/bladnanews.com\/sean-dyche-hits-out-at-his-forest-players-after-wrexham-loss\/"]}]},{"@type":"ImageObject","inLanguage":"fr-FR","@id":"https:\/\/bladnanews.com\/sean-dyche-hits-out-at-his-forest-players-after-wrexham-loss\/#primaryimage","url":"https:\/\/bladnanews.com\/wp-content\/uploads\/2026\/01\/BladnaNews-Sean-Dyche-hits-out-at-his-Forest-players-after-Wrexham-loss-2026-01-11T010949.783Z.jpg","contentUrl":"https:\/\/bladnanews.com\/wp-content\/uploads\/2026\/01\/BladnaNews-Sean-Dyche-hits-out-at-his-Forest-players-after-Wrexham-loss-2026-01-11T010949.783Z.jpg","width":1536,"height":864,"caption":"Sean Dyche passionately expresses frustration on the sidelines during a match, wearing a blue jacket with team branding."},{"@type":"BreadcrumbList","@id":"https:\/\/bladnanews.com\/sean-dyche-hits-out-at-his-forest-players-after-wrexham-loss\/#breadcrumb","itemListElement":[{"@type":"ListItem","position":1,"name":"Home","item":"https:\/\/bladnanews.com\/"},{"@type":"ListItem","position":2,"name":"Sean Dyche hits out at his Forest players after Wrexham loss"}]},{"@type":"WebSite","@id":"https:\/\/mediumseagreen-eel-531711.hostingersite.com\/#website","url":"https:\/\/mediumseagreen-eel-531711.hostingersite.com\/","name":"Bladna News - Maroc","description":"Quand le football marocain rencontre le monde","publisher":{"@id":"https:\/\/mediumseagreen-eel-531711.hostingersite.com\/#organization"},"potentialAction":[{"@type":"SearchAction","target":{"@type":"EntryPoint","urlTemplate":"https:\/\/mediumseagreen-eel-531711.hostingersite.com\/?s={search_term_string}"},"query-input":{"@type":"PropertyValueSpecification","valueRequired":true,"valueName":"search_term_string"}}],"inLanguage":"fr-FR"},{"@type":"Organization","@id":"https:\/\/mediumseagreen-eel-531711.hostingersite.com\/#organization","name":"Bladna News.com","url":"https:\/\/mediumseagreen-eel-531711.hostingersite.com\/","logo":{"@type":"ImageObject","inLanguage":"fr-FR","@id":"https:\/\/mediumseagreen-eel-531711.hostingersite.com\/#\/schema\/logo\/image\/","url":"https:\/\/bladnanews.com\/wp-content\/uploads\/2025\/12\/logo-bladnanews-V2-web-black-red.png","contentUrl":"https:\/\/bladnanews.com\/wp-content\/uploads\/2025\/12\/logo-bladnanews-V2-web-black-red.png","width":703,"height":287,"caption":"Bladna News.com"},"image":{"@id":"https:\/\/mediumseagreen-eel-531711.hostingersite.com\/#\/schema\/logo\/image\/"},"email":"info@bladnanews.com","legalName":"Bladna News"},{"@type":"Person","@id":"https:\/\/mediumseagreen-eel-531711.hostingersite.com\/#\/schema\/person\/268e18a453ab080ebf76df6ef7845083","name":"\u00c9quipe r\u00e9dactionnelle de Bladna News","url":"https:\/\/bladnanews.com\/fr\/author\/bladna-news-staff\/"}]}},"_links":{"self":[{"href":"https:\/\/bladnanews.com\/fr\/wp-json\/wp\/v2\/posts\/5701","targetHints":{"allow":["GET"]}}],"collection":[{"href":"https:\/\/bladnanews.com\/fr\/wp-json\/wp\/v2\/posts"}],"about":[{"href":"https:\/\/bladnanews.com\/fr\/wp-json\/wp\/v2\/types\/post"}],"author":[{"embeddable":true,"href":"https:\/\/bladnanews.com\/fr\/wp-json\/wp\/v2\/users\/3"}],"replies":[{"embeddable":true,"href":"https:\/\/bladnanews.com\/fr\/wp-json\/wp\/v2\/comments?post=5701"}],"version-history":[{"count":0,"href":"https:\/\/bladnanews.com\/fr\/wp-json\/wp\/v2\/posts\/5701\/revisions"}],"wp:featuredmedia":[{"embeddable":true,"href":"https:\/\/bladnanews.com\/fr\/wp-json\/wp\/v2\/media\/5700"}],"wp:attachment":[{"href":"https:\/\/bladnanews.com\/fr\/wp-json\/wp\/v2\/media?parent=5701"}],"wp:term":[{"taxonomy":"category","embeddable":true,"href":"https:\/\/bladnanews.com\/fr\/wp-json\/wp\/v2\/categories?post=5701"},{"taxonomy":"post_tag","embeddable":true,"href":"https:\/\/bladnanews.com\/fr\/wp-json\/wp\/v2\/tags?post=5701"}],"curies":[{"name":"wp","href":"https:\/\/api.w.org\/{rel}","templated":true}]}}