{"id":5705,"date":"2026-01-10T12:33:43","date_gmt":"2026-01-10T12:33:43","guid":{"rendered":"https:\/\/bladnanews.com\/ter-stegen-decides-to-stay-at-barcelona-despite-flick-snub\/"},"modified":"2026-01-10T12:33:43","modified_gmt":"2026-01-10T12:33:43","slug":"ter-stegen-decide-de-rester-a-barcelone-malgre-le-snobage-de-flick","status":"publish","type":"post","link":"https:\/\/bladnanews.com\/fr\/ter-stegen-decide-de-rester-a-barcelone-malgre-le-snobage-de-flick\/","title":{"rendered":"Ter Stegen d\u00e9cide de rester au Bar\u00e7a malgr\u00e9 le snobage de Flick"},"content":{"rendered":"<p>Marc-Andr\u00e9 ter Stegen a d\u00e9cid\u00e9 de rester au Bar\u00e7a, malgr\u00e9 sa perte de faveur aupr\u00e8s du nouvel entra\u00eeneur Hansi Flick.<\/p>\n<p>L'international allemand avait \u00e9t\u00e9 associ\u00e9 \u00e0 un d\u00e9part apr\u00e8s avoir perdu sa place dans les premiers plans de Flick, le Bar\u00e7a envisageant des changements dans le secteur des gardiens de but avant la nouvelle saison.<\/p>\n<p>Cependant, il a d\u00e9sormais \u00e9t\u00e9 r\u00e9v\u00e9l\u00e9 que ter Stegen a clairement indiqu\u00e9 son souhait de rester au Camp Nou et de se battre pour sa place, plut\u00f4t que de pousser pour un transfert. La d\u00e9cision du joueur de 32 ans est majeure pour le Bar\u00e7a alors que Flick fa\u00e7onne son effectif et que la concurrence s'intensifie.<\/p>\n<p>Ter Stegen a \u00e9t\u00e9 l'une des figures cl\u00e9s du Bar\u00e7a ces derni\u00e8res saisons, mais sa situation a \u00e9volu\u00e9 apr\u00e8s l'arriv\u00e9e de Flick, l'entra\u00eeneur pr\u00e9f\u00e9rant apparemment d'autres options au poste de gardien. Malgr\u00e9 cela, le portier a choisi la continuit\u00e9, croyant en sa capacit\u00e9 \u00e0 retrouver son statut de titulaire.<\/p>\n<p>Le Bar\u00e7a doit d\u00e9sormais trouver un \u00e9quilibre dans la gestion de ses plans pour le poste de gardien, la position de ter Stegen supprimant une voie de sortie \u00e9vidente et garantissant que la bataille pour le temps de jeu sera l'un des enjeux cl\u00e9s de la premi\u00e8re campagne de Flick.<\/p>","protected":false},"excerpt":{"rendered":"<p>Marc-Andre ter Stegen has decided to stay at Barcelona despite falling out of favour under new head coach Hansi Flick. [&hellip;]<\/p>\n","protected":false},"author":3,"featured_media":5704,"comment_status":"","ping_status":"open","sticky":false,"template":"","format":"standard","meta":{"googlesitekit_rrm_CAow_uzEDA:productID":"","site-sidebar-layout":"default","site-content-layout":"","ast-site-content-layout":"default","site-content-style":"default","site-sidebar-style":"default","ast-global-header-display":"","ast-banner-title-visibility":"","ast-main-header-display":"","ast-hfb-above-header-display":"","ast-hfb-below-header-display":"","ast-hfb-mobile-header-display":"","site-post-title":"","ast-breadcrumbs-content":"","ast-featured-img":"","footer-sml-layout":"","ast-disable-related-posts":"","theme-transparent-header-meta":"","adv-header-id-meta":"","stick-header-meta":"","header-above-stick-meta":"","header-main-stick-meta":"","header-below-stick-meta":"","astra-migrate-meta-layouts":"default","ast-page-background-enabled":"default","ast-page-background-meta":{"desktop":{"background-color":"var(--ast-global-color-5)","background-image":"","background-repeat":"repeat","background-position":"center center","background-size":"auto","background-attachment":"scroll","background-type":"","background-media":"","overlay-type":"","overlay-color":"","overlay-opacity":"","overlay-gradient":""},"tablet":{"background-color":"","background-image":"","background-repeat":"repeat","background-position":"center center","background-size":"auto","background-attachment":"scroll","background-type":"","background-media":"","overlay-type":"","overlay-color":"","overlay-opacity":"","overlay-gradient":""},"mobile":{"background-color":"","background-image":"","background-repeat":"repeat","background-position":"center center","background-size":"auto","background-attachment":"scroll","background-type":"","background-media":"","overlay-type":"","overlay-color":"","overlay-opacity":"","overlay-gradient":""}},"ast-content-background-meta":{"desktop":{"background-color":"var(--ast-global-color-4)","background-image":"","background-repeat":"repeat","background-position":"center center","background-size":"auto","background-attachment":"scroll","background-type":"","background-media":"","overlay-type":"","overlay-color":"","overlay-opacity":"","overlay-gradient":""},"tablet":{"background-color":"var(--ast-global-color-4)","background-image":"","background-repeat":"repeat","background-position":"center center","background-size":"auto","background-attachment":"scroll","background-type":"","background-media":"","overlay-type":"","overlay-color":"","overlay-opacity":"","overlay-gradient":""},"mobile":{"background-color":"var(--ast-global-color-4)","background-image":"","background-repeat":"repeat","background-position":"center center","background-size":"auto","background-attachment":"scroll","background-type":"","background-media":"","overlay-type":"","overlay-color":"","overlay-opacity":"","overlay-gradient":""}},"footnotes":""},"categories":[20,1],"tags":[],"class_list":["post-5705","post","type-post","status-publish","format-standard","has-post-thumbnail","hentry","category-international","category-football-latest-news"],"yoast_head":"<!-- This site is optimized with the Yoast SEO Premium plugin v26.6 (Yoast SEO v27.5) - https:\/\/yoast.com\/product\/yoast-seo-premium-wordpress\/ -->\n<title>Ter Stegen decides to stay at Barcelona despite Flick snub - Bladna News<\/title>\n<meta name=\"robots\" content=\"index, follow, max-snippet:-1, max-image-preview:large, max-video-preview:-1\" \/>\n<link rel=\"canonical\" href=\"https:\/\/bladnanews.com\/fr\/ter-stegen-decide-de-rester-a-barcelone-malgre-le-snobage-de-flick\/\" \/>\n<meta property=\"og:locale\" content=\"fr_FR\" \/>\n<meta property=\"og:type\" content=\"article\" \/>\n<meta property=\"og:title\" content=\"Ter Stegen decides to stay at Barcelona despite Flick snub\" \/>\n<meta property=\"og:description\" content=\"Marc-Andre ter Stegen has decided to stay at Barcelona despite falling out of favour under new head coach Hansi Flick. [&hellip;]\" \/>\n<meta property=\"og:url\" content=\"https:\/\/bladnanews.com\/fr\/ter-stegen-decide-de-rester-a-barcelone-malgre-le-snobage-de-flick\/\" \/>\n<meta property=\"og:site_name\" content=\"Bladna News\" \/>\n<meta property=\"article:published_time\" content=\"2026-01-10T12:33:43+00:00\" \/>\n<meta property=\"og:image\" content=\"https:\/\/bladnanews.com\/wp-content\/uploads\/2025\/12\/freepik__bladna-newscom-moroccan-soccer-homepage-banner-mor__41838.png\" \/>\n\t<meta property=\"og:image:width\" content=\"1312\" \/>\n\t<meta property=\"og:image:height\" content=\"736\" \/>\n\t<meta property=\"og:image:type\" content=\"image\/png\" \/>\n<meta name=\"author\" content=\"Bladna News Staff\" \/>\n<meta name=\"twitter:card\" content=\"summary_large_image\" \/>\n<meta name=\"twitter:label1\" content=\"\u00c9crit par\" \/>\n\t<meta name=\"twitter:data1\" content=\"Bladna News Staff\" \/>\n\t<meta name=\"twitter:label2\" content=\"Dur\u00e9e de lecture estim\u00e9e\" \/>\n\t<meta name=\"twitter:data2\" content=\"1 minute\" \/>\n<script type=\"application\/ld+json\" class=\"yoast-schema-graph\">{\"@context\":\"https:\\\/\\\/schema.org\",\"@graph\":[{\"@type\":\"Article\",\"@id\":\"https:\\\/\\\/bladnanews.com\\\/ter-stegen-decides-to-stay-at-barcelona-despite-flick-snub\\\/#article\",\"isPartOf\":{\"@id\":\"https:\\\/\\\/bladnanews.com\\\/ter-stegen-decides-to-stay-at-barcelona-despite-flick-snub\\\/\"},\"author\":{\"name\":\"Bladna News Staff\",\"@id\":\"https:\\\/\\\/mediumseagreen-eel-531711.hostingersite.com\\\/#\\\/schema\\\/person\\\/268e18a453ab080ebf76df6ef7845083\"},\"headline\":\"Ter Stegen decides to stay at Barcelona despite Flick snub\",\"datePublished\":\"2026-01-10T12:33:43+00:00\",\"mainEntityOfPage\":{\"@id\":\"https:\\\/\\\/bladnanews.com\\\/ter-stegen-decides-to-stay-at-barcelona-despite-flick-snub\\\/\"},\"wordCount\":202,\"publisher\":{\"@id\":\"https:\\\/\\\/mediumseagreen-eel-531711.hostingersite.com\\\/#organization\"},\"image\":{\"@id\":\"https:\\\/\\\/bladnanews.com\\\/ter-stegen-decides-to-stay-at-barcelona-despite-flick-snub\\\/#primaryimage\"},\"thumbnailUrl\":\"https:\\\/\\\/bladnanews.com\\\/wp-content\\\/uploads\\\/2026\\\/01\\\/BladnaNews-Ter-Stegen-decides-to-stay-at-Barcelona-despite-Flick-snub-2026-01-11T011037.848Z.jpg\",\"articleSection\":[\"International\",\"Latest News\"],\"inLanguage\":\"fr-FR\",\"copyrightYear\":\"2026\",\"copyrightHolder\":{\"@id\":\"https:\\\/\\\/bladnanews.com\\\/fr\\\/#organization\"}},{\"@type\":\"WebPage\",\"@id\":\"https:\\\/\\\/bladnanews.com\\\/ter-stegen-decides-to-stay-at-barcelona-despite-flick-snub\\\/\",\"url\":\"https:\\\/\\\/bladnanews.com\\\/ter-stegen-decides-to-stay-at-barcelona-despite-flick-snub\\\/\",\"name\":\"Ter Stegen decides to stay at Barcelona despite Flick snub - Bladna News\",\"isPartOf\":{\"@id\":\"https:\\\/\\\/mediumseagreen-eel-531711.hostingersite.com\\\/#website\"},\"primaryImageOfPage\":{\"@id\":\"https:\\\/\\\/bladnanews.com\\\/ter-stegen-decides-to-stay-at-barcelona-despite-flick-snub\\\/#primaryimage\"},\"image\":{\"@id\":\"https:\\\/\\\/bladnanews.com\\\/ter-stegen-decides-to-stay-at-barcelona-despite-flick-snub\\\/#primaryimage\"},\"thumbnailUrl\":\"https:\\\/\\\/bladnanews.com\\\/wp-content\\\/uploads\\\/2026\\\/01\\\/BladnaNews-Ter-Stegen-decides-to-stay-at-Barcelona-despite-Flick-snub-2026-01-11T011037.848Z.jpg\",\"datePublished\":\"2026-01-10T12:33:43+00:00\",\"breadcrumb\":{\"@id\":\"https:\\\/\\\/bladnanews.com\\\/ter-stegen-decides-to-stay-at-barcelona-despite-flick-snub\\\/#breadcrumb\"},\"inLanguage\":\"fr-FR\",\"potentialAction\":[{\"@type\":\"ReadAction\",\"target\":[\"https:\\\/\\\/bladnanews.com\\\/ter-stegen-decides-to-stay-at-barcelona-despite-flick-snub\\\/\"]}]},{\"@type\":\"ImageObject\",\"inLanguage\":\"fr-FR\",\"@id\":\"https:\\\/\\\/bladnanews.com\\\/ter-stegen-decides-to-stay-at-barcelona-despite-flick-snub\\\/#primaryimage\",\"url\":\"https:\\\/\\\/bladnanews.com\\\/wp-content\\\/uploads\\\/2026\\\/01\\\/BladnaNews-Ter-Stegen-decides-to-stay-at-Barcelona-despite-Flick-snub-2026-01-11T011037.848Z.jpg\",\"contentUrl\":\"https:\\\/\\\/bladnanews.com\\\/wp-content\\\/uploads\\\/2026\\\/01\\\/BladnaNews-Ter-Stegen-decides-to-stay-at-Barcelona-despite-Flick-snub-2026-01-11T011037.848Z.jpg\",\"width\":1600,\"height\":900,\"caption\":\"Marc-Andr\u00e9 ter Stegen in a Barcelona jacket, focused and contemplative on the bench, with the team logo visible on his attire.\"},{\"@type\":\"BreadcrumbList\",\"@id\":\"https:\\\/\\\/bladnanews.com\\\/ter-stegen-decides-to-stay-at-barcelona-despite-flick-snub\\\/#breadcrumb\",\"itemListElement\":[{\"@type\":\"ListItem\",\"position\":1,\"name\":\"Home\",\"item\":\"https:\\\/\\\/bladnanews.com\\\/\"},{\"@type\":\"ListItem\",\"position\":2,\"name\":\"Ter Stegen decides to stay at Barcelona despite Flick snub\"}]},{\"@type\":\"WebSite\",\"@id\":\"https:\\\/\\\/mediumseagreen-eel-531711.hostingersite.com\\\/#website\",\"url\":\"https:\\\/\\\/mediumseagreen-eel-531711.hostingersite.com\\\/\",\"name\":\"Bladna News - Morocco\",\"description\":\"Where Moroccan Football Meets the World\",\"publisher\":{\"@id\":\"https:\\\/\\\/mediumseagreen-eel-531711.hostingersite.com\\\/#organization\"},\"potentialAction\":[{\"@type\":\"SearchAction\",\"target\":{\"@type\":\"EntryPoint\",\"urlTemplate\":\"https:\\\/\\\/mediumseagreen-eel-531711.hostingersite.com\\\/?s={search_term_string}\"},\"query-input\":{\"@type\":\"PropertyValueSpecification\",\"valueRequired\":true,\"valueName\":\"search_term_string\"}}],\"inLanguage\":\"fr-FR\"},{\"@type\":\"Organization\",\"@id\":\"https:\\\/\\\/mediumseagreen-eel-531711.hostingersite.com\\\/#organization\",\"name\":\"Bladna News.com\",\"url\":\"https:\\\/\\\/mediumseagreen-eel-531711.hostingersite.com\\\/\",\"logo\":{\"@type\":\"ImageObject\",\"inLanguage\":\"fr-FR\",\"@id\":\"https:\\\/\\\/mediumseagreen-eel-531711.hostingersite.com\\\/#\\\/schema\\\/logo\\\/image\\\/\",\"url\":\"https:\\\/\\\/bladnanews.com\\\/wp-content\\\/uploads\\\/2025\\\/12\\\/logo-bladnanews-V2-web-black-red.png\",\"contentUrl\":\"https:\\\/\\\/bladnanews.com\\\/wp-content\\\/uploads\\\/2025\\\/12\\\/logo-bladnanews-V2-web-black-red.png\",\"width\":703,\"height\":287,\"caption\":\"Bladna News.com\"},\"image\":{\"@id\":\"https:\\\/\\\/mediumseagreen-eel-531711.hostingersite.com\\\/#\\\/schema\\\/logo\\\/image\\\/\"},\"email\":\"info@bladnanews.com\",\"legalName\":\"Bladna News\"},{\"@type\":\"Person\",\"@id\":\"https:\\\/\\\/mediumseagreen-eel-531711.hostingersite.com\\\/#\\\/schema\\\/person\\\/268e18a453ab080ebf76df6ef7845083\",\"name\":\"Bladna News Staff\",\"url\":\"https:\\\/\\\/bladnanews.com\\\/fr\\\/author\\\/bladna-news-staff\\\/\"}]}<\/script>\n<!-- \/ Yoast SEO Premium plugin. -->","yoast_head_json":{"title":"Ter Stegen d\u00e9cide de rester au Barcelone malgr\u00e9 le snobisme de Flick - Bladna News","robots":{"index":"index","follow":"follow","max-snippet":"max-snippet:-1","max-image-preview":"max-image-preview:large","max-video-preview":"max-video-preview:-1"},"canonical":"https:\/\/bladnanews.com\/fr\/ter-stegen-decide-de-rester-a-barcelone-malgre-le-snobage-de-flick\/","og_locale":"fr_FR","og_type":"article","og_title":"Ter Stegen decides to stay at Barcelona despite Flick snub","og_description":"Marc-Andre ter Stegen has decided to stay at Barcelona despite falling out of favour under new head coach Hansi Flick. [&hellip;]","og_url":"https:\/\/bladnanews.com\/fr\/ter-stegen-decide-de-rester-a-barcelone-malgre-le-snobage-de-flick\/","og_site_name":"Bladna News","article_published_time":"2026-01-10T12:33:43+00:00","og_image":[{"width":1312,"height":736,"url":"https:\/\/bladnanews.com\/wp-content\/uploads\/2025\/12\/freepik__bladna-newscom-moroccan-soccer-homepage-banner-mor__41838.png","type":"image\/png"}],"author":"Bladna News Staff","twitter_card":"summary_large_image","twitter_misc":{"\u00c9crit par":"Bladna News Staff","Dur\u00e9e de lecture estim\u00e9e":"1 minute"},"schema":{"@context":"https:\/\/schema.org","@graph":[{"@type":"Article","@id":"https:\/\/bladnanews.com\/ter-stegen-decides-to-stay-at-barcelona-despite-flick-snub\/#article","isPartOf":{"@id":"https:\/\/bladnanews.com\/ter-stegen-decides-to-stay-at-barcelona-despite-flick-snub\/"},"author":{"name":"Bladna News Staff","@id":"https:\/\/mediumseagreen-eel-531711.hostingersite.com\/#\/schema\/person\/268e18a453ab080ebf76df6ef7845083"},"headline":"Ter Stegen decides to stay at Barcelona despite Flick snub","datePublished":"2026-01-10T12:33:43+00:00","mainEntityOfPage":{"@id":"https:\/\/bladnanews.com\/ter-stegen-decides-to-stay-at-barcelona-despite-flick-snub\/"},"wordCount":202,"publisher":{"@id":"https:\/\/mediumseagreen-eel-531711.hostingersite.com\/#organization"},"image":{"@id":"https:\/\/bladnanews.com\/ter-stegen-decides-to-stay-at-barcelona-despite-flick-snub\/#primaryimage"},"thumbnailUrl":"https:\/\/bladnanews.com\/wp-content\/uploads\/2026\/01\/BladnaNews-Ter-Stegen-decides-to-stay-at-Barcelona-despite-Flick-snub-2026-01-11T011037.848Z.jpg","articleSection":["International","Latest News"],"inLanguage":"fr-FR","copyrightYear":"2026","copyrightHolder":{"@id":"https:\/\/bladnanews.com\/fr\/#organization"}},{"@type":"WebPage","@id":"https:\/\/bladnanews.com\/ter-stegen-decides-to-stay-at-barcelona-despite-flick-snub\/","url":"https:\/\/bladnanews.com\/ter-stegen-decides-to-stay-at-barcelona-despite-flick-snub\/","name":"Ter Stegen d\u00e9cide de rester au Barcelone malgr\u00e9 le snobisme de Flick - Bladna News","isPartOf":{"@id":"https:\/\/mediumseagreen-eel-531711.hostingersite.com\/#website"},"primaryImageOfPage":{"@id":"https:\/\/bladnanews.com\/ter-stegen-decides-to-stay-at-barcelona-despite-flick-snub\/#primaryimage"},"image":{"@id":"https:\/\/bladnanews.com\/ter-stegen-decides-to-stay-at-barcelona-despite-flick-snub\/#primaryimage"},"thumbnailUrl":"https:\/\/bladnanews.com\/wp-content\/uploads\/2026\/01\/BladnaNews-Ter-Stegen-decides-to-stay-at-Barcelona-despite-Flick-snub-2026-01-11T011037.848Z.jpg","datePublished":"2026-01-10T12:33:43+00:00","breadcrumb":{"@id":"https:\/\/bladnanews.com\/ter-stegen-decides-to-stay-at-barcelona-despite-flick-snub\/#breadcrumb"},"inLanguage":"fr-FR","potentialAction":[{"@type":"ReadAction","target":["https:\/\/bladnanews.com\/ter-stegen-decides-to-stay-at-barcelona-despite-flick-snub\/"]}]},{"@type":"ImageObject","inLanguage":"fr-FR","@id":"https:\/\/bladnanews.com\/ter-stegen-decides-to-stay-at-barcelona-despite-flick-snub\/#primaryimage","url":"https:\/\/bladnanews.com\/wp-content\/uploads\/2026\/01\/BladnaNews-Ter-Stegen-decides-to-stay-at-Barcelona-despite-Flick-snub-2026-01-11T011037.848Z.jpg","contentUrl":"https:\/\/bladnanews.com\/wp-content\/uploads\/2026\/01\/BladnaNews-Ter-Stegen-decides-to-stay-at-Barcelona-despite-Flick-snub-2026-01-11T011037.848Z.jpg","width":1600,"height":900,"caption":"Marc-Andr\u00e9 ter Stegen in a Barcelona jacket, focused and contemplative on the bench, with the team logo visible on his attire."},{"@type":"BreadcrumbList","@id":"https:\/\/bladnanews.com\/ter-stegen-decides-to-stay-at-barcelona-despite-flick-snub\/#breadcrumb","itemListElement":[{"@type":"ListItem","position":1,"name":"Home","item":"https:\/\/bladnanews.com\/"},{"@type":"ListItem","position":2,"name":"Ter Stegen decides to stay at Barcelona despite Flick snub"}]},{"@type":"WebSite","@id":"https:\/\/mediumseagreen-eel-531711.hostingersite.com\/#website","url":"https:\/\/mediumseagreen-eel-531711.hostingersite.com\/","name":"Bladna News - Maroc","description":"Quand le football marocain rencontre le monde","publisher":{"@id":"https:\/\/mediumseagreen-eel-531711.hostingersite.com\/#organization"},"potentialAction":[{"@type":"SearchAction","target":{"@type":"EntryPoint","urlTemplate":"https:\/\/mediumseagreen-eel-531711.hostingersite.com\/?s={search_term_string}"},"query-input":{"@type":"PropertyValueSpecification","valueRequired":true,"valueName":"search_term_string"}}],"inLanguage":"fr-FR"},{"@type":"Organization","@id":"https:\/\/mediumseagreen-eel-531711.hostingersite.com\/#organization","name":"Bladna News.com","url":"https:\/\/mediumseagreen-eel-531711.hostingersite.com\/","logo":{"@type":"ImageObject","inLanguage":"fr-FR","@id":"https:\/\/mediumseagreen-eel-531711.hostingersite.com\/#\/schema\/logo\/image\/","url":"https:\/\/bladnanews.com\/wp-content\/uploads\/2025\/12\/logo-bladnanews-V2-web-black-red.png","contentUrl":"https:\/\/bladnanews.com\/wp-content\/uploads\/2025\/12\/logo-bladnanews-V2-web-black-red.png","width":703,"height":287,"caption":"Bladna News.com"},"image":{"@id":"https:\/\/mediumseagreen-eel-531711.hostingersite.com\/#\/schema\/logo\/image\/"},"email":"info@bladnanews.com","legalName":"Bladna News"},{"@type":"Person","@id":"https:\/\/mediumseagreen-eel-531711.hostingersite.com\/#\/schema\/person\/268e18a453ab080ebf76df6ef7845083","name":"\u00c9quipe r\u00e9dactionnelle de Bladna News","url":"https:\/\/bladnanews.com\/fr\/author\/bladna-news-staff\/"}]}},"_links":{"self":[{"href":"https:\/\/bladnanews.com\/fr\/wp-json\/wp\/v2\/posts\/5705","targetHints":{"allow":["GET"]}}],"collection":[{"href":"https:\/\/bladnanews.com\/fr\/wp-json\/wp\/v2\/posts"}],"about":[{"href":"https:\/\/bladnanews.com\/fr\/wp-json\/wp\/v2\/types\/post"}],"author":[{"embeddable":true,"href":"https:\/\/bladnanews.com\/fr\/wp-json\/wp\/v2\/users\/3"}],"replies":[{"embeddable":true,"href":"https:\/\/bladnanews.com\/fr\/wp-json\/wp\/v2\/comments?post=5705"}],"version-history":[{"count":0,"href":"https:\/\/bladnanews.com\/fr\/wp-json\/wp\/v2\/posts\/5705\/revisions"}],"wp:featuredmedia":[{"embeddable":true,"href":"https:\/\/bladnanews.com\/fr\/wp-json\/wp\/v2\/media\/5704"}],"wp:attachment":[{"href":"https:\/\/bladnanews.com\/fr\/wp-json\/wp\/v2\/media?parent=5705"}],"wp:term":[{"taxonomy":"category","embeddable":true,"href":"https:\/\/bladnanews.com\/fr\/wp-json\/wp\/v2\/categories?post=5705"},{"taxonomy":"post_tag","embeddable":true,"href":"https:\/\/bladnanews.com\/fr\/wp-json\/wp\/v2\/tags?post=5705"}],"curies":[{"name":"wp","href":"https:\/\/api.w.org\/{rel}","templated":true}]}}