{"id":5719,"date":"2026-01-10T21:20:00","date_gmt":"2026-01-10T21:20:00","guid":{"rendered":"https:\/\/bladnanews.com\/morocco-to-face-nigeria-in-africa-cup-semi-final\/"},"modified":"2026-01-10T21:20:00","modified_gmt":"2026-01-10T21:20:00","slug":"le-maroc-affrontera-le-nigeria-en-demi-finale-de-la-coupe-dafrique","status":"publish","type":"post","link":"https:\/\/bladnanews.com\/fr\/le-maroc-affrontera-le-nigeria-en-demi-finale-de-la-coupe-dafrique\/","title":{"rendered":"Le Maroc affrontera le Nigeria en demi-finale de la Coupe d'Afrique"},"content":{"rendered":"<p>Le Maroc ne rencontrera pas l'Alg\u00e9rie en demi-finale de la Coupe d'Afrique. Au lieu de cela, les Lions de l'Atlas affronteront le Nigeria apr\u00e8s que les Super Eagles aient r\u00e9serv\u00e9 leur place dans le dernier carr\u00e9.<\/p>\n<p>Le derby nord-africain possible \u00e9tait sur les cartes, mais l'Alg\u00e9rie n'a pas r\u00e9ussi \u00e0 passer, ce qui signifie que le chemin du Maroc vers la finale passe maintenant par un affrontement avec le Nigeria.<\/p>\n<p>Le Maroc a s\u00e9curis\u00e9 sa place en demi-finale avec une performance convaincante en quart de finale. L'\u00e9quipe est rest\u00e9e organis\u00e9e \u00e0 l'arri\u00e8re et a fait la diff\u00e9rence quand cela comptait, maintenant sa campagne sur la bonne voie alors qu'elle continue de poursuivre le titre.<\/p>\n<p>Le Nigeria a \u00e9galement progress\u00e9 et a confirm\u00e9 la rencontre en demi-finale avec le Maroc, pr\u00e9parant l'un des matchs phares du tournoi. Les Super Eagles ont paru solides tout au long de la comp\u00e9tition et viseront \u00e0 faire un pas de plus vers le troph\u00e9e.<\/p>\n<p>La demi-finale d\u00e9cidera qui passera \u00e0 la finale de la Coupe d'Afrique, le Maroc et le Nigeria se pr\u00e9parant maintenant pour un affrontement \u00e0 enjeux \u00e9lev\u00e9s.<\/p>","protected":false},"excerpt":{"rendered":"<p>Morocco will not face Algeria in the semi-finals of the Africa Cup. Instead, the Atlas Lions will take on Nigeria [&hellip;]<\/p>\n","protected":false},"author":4,"featured_media":5718,"comment_status":"","ping_status":"open","sticky":false,"template":"","format":"standard","meta":{"googlesitekit_rrm_CAow_uzEDA:productID":"","site-sidebar-layout":"default","site-content-layout":"","ast-site-content-layout":"default","site-content-style":"default","site-sidebar-style":"default","ast-global-header-display":"","ast-banner-title-visibility":"","ast-main-header-display":"","ast-hfb-above-header-display":"","ast-hfb-below-header-display":"","ast-hfb-mobile-header-display":"","site-post-title":"","ast-breadcrumbs-content":"","ast-featured-img":"","footer-sml-layout":"","ast-disable-related-posts":"","theme-transparent-header-meta":"","adv-header-id-meta":"","stick-header-meta":"","header-above-stick-meta":"","header-main-stick-meta":"","header-below-stick-meta":"","astra-migrate-meta-layouts":"default","ast-page-background-enabled":"default","ast-page-background-meta":{"desktop":{"background-color":"var(--ast-global-color-5)","background-image":"","background-repeat":"repeat","background-position":"center center","background-size":"auto","background-attachment":"scroll","background-type":"","background-media":"","overlay-type":"","overlay-color":"","overlay-opacity":"","overlay-gradient":""},"tablet":{"background-color":"","background-image":"","background-repeat":"repeat","background-position":"center center","background-size":"auto","background-attachment":"scroll","background-type":"","background-media":"","overlay-type":"","overlay-color":"","overlay-opacity":"","overlay-gradient":""},"mobile":{"background-color":"","background-image":"","background-repeat":"repeat","background-position":"center center","background-size":"auto","background-attachment":"scroll","background-type":"","background-media":"","overlay-type":"","overlay-color":"","overlay-opacity":"","overlay-gradient":""}},"ast-content-background-meta":{"desktop":{"background-color":"var(--ast-global-color-4)","background-image":"","background-repeat":"repeat","background-position":"center center","background-size":"auto","background-attachment":"scroll","background-type":"","background-media":"","overlay-type":"","overlay-color":"","overlay-opacity":"","overlay-gradient":""},"tablet":{"background-color":"var(--ast-global-color-4)","background-image":"","background-repeat":"repeat","background-position":"center center","background-size":"auto","background-attachment":"scroll","background-type":"","background-media":"","overlay-type":"","overlay-color":"","overlay-opacity":"","overlay-gradient":""},"mobile":{"background-color":"var(--ast-global-color-4)","background-image":"","background-repeat":"repeat","background-position":"center center","background-size":"auto","background-attachment":"scroll","background-type":"","background-media":"","overlay-type":"","overlay-color":"","overlay-opacity":"","overlay-gradient":""}},"footnotes":""},"categories":[1,168],"tags":[],"class_list":["post-5719","post","type-post","status-publish","format-standard","has-post-thumbnail","hentry","category-football-latest-news","category-morocco-national-team"],"yoast_head":"<!-- This site is optimized with the Yoast SEO Premium plugin v26.6 (Yoast SEO v27.4) - https:\/\/yoast.com\/product\/yoast-seo-premium-wordpress\/ -->\n<title>Morocco to face Nigeria in Africa Cup semi-final - Bladna News<\/title>\n<meta name=\"robots\" content=\"index, follow, max-snippet:-1, max-image-preview:large, max-video-preview:-1\" \/>\n<link rel=\"canonical\" href=\"https:\/\/bladnanews.com\/fr\/le-maroc-affrontera-le-nigeria-en-demi-finale-de-la-coupe-dafrique\/\" \/>\n<meta property=\"og:locale\" content=\"fr_FR\" \/>\n<meta property=\"og:type\" content=\"article\" \/>\n<meta property=\"og:title\" content=\"Morocco to face Nigeria in Africa Cup semi-final\" \/>\n<meta property=\"og:description\" content=\"Morocco will not face Algeria in the semi-finals of the Africa Cup. Instead, the Atlas Lions will take on Nigeria [&hellip;]\" \/>\n<meta property=\"og:url\" content=\"https:\/\/bladnanews.com\/fr\/le-maroc-affrontera-le-nigeria-en-demi-finale-de-la-coupe-dafrique\/\" \/>\n<meta property=\"og:site_name\" content=\"Bladna News\" \/>\n<meta property=\"article:published_time\" content=\"2026-01-10T21:20:00+00:00\" \/>\n<meta property=\"og:image\" content=\"https:\/\/bladnanews.com\/wp-content\/uploads\/2025\/12\/freepik__bladna-newscom-moroccan-soccer-homepage-banner-mor__41838.png\" \/>\n\t<meta property=\"og:image:width\" content=\"1312\" \/>\n\t<meta property=\"og:image:height\" content=\"736\" \/>\n\t<meta property=\"og:image:type\" content=\"image\/png\" \/>\n<meta name=\"author\" content=\"Bladna Sports Desk\" \/>\n<meta name=\"twitter:card\" content=\"summary_large_image\" \/>\n<meta name=\"twitter:label1\" content=\"\u00c9crit par\" \/>\n\t<meta name=\"twitter:data1\" content=\"Bladna Sports Desk\" \/>\n\t<meta name=\"twitter:label2\" content=\"Dur\u00e9e de lecture estim\u00e9e\" \/>\n\t<meta name=\"twitter:data2\" content=\"1 minute\" \/>\n<script type=\"application\/ld+json\" class=\"yoast-schema-graph\">{\"@context\":\"https:\\\/\\\/schema.org\",\"@graph\":[{\"@type\":\"Article\",\"@id\":\"https:\\\/\\\/bladnanews.com\\\/morocco-to-face-nigeria-in-africa-cup-semi-final\\\/#article\",\"isPartOf\":{\"@id\":\"https:\\\/\\\/bladnanews.com\\\/morocco-to-face-nigeria-in-africa-cup-semi-final\\\/\"},\"author\":{\"name\":\"Bladna Sports Desk\",\"@id\":\"https:\\\/\\\/mediumseagreen-eel-531711.hostingersite.com\\\/#\\\/schema\\\/person\\\/6712b38fabe810f7eb8d15ed30d90f1e\"},\"headline\":\"Morocco to face Nigeria in Africa Cup semi-final\",\"datePublished\":\"2026-01-10T21:20:00+00:00\",\"mainEntityOfPage\":{\"@id\":\"https:\\\/\\\/bladnanews.com\\\/morocco-to-face-nigeria-in-africa-cup-semi-final\\\/\"},\"wordCount\":170,\"publisher\":{\"@id\":\"https:\\\/\\\/mediumseagreen-eel-531711.hostingersite.com\\\/#organization\"},\"image\":{\"@id\":\"https:\\\/\\\/bladnanews.com\\\/morocco-to-face-nigeria-in-africa-cup-semi-final\\\/#primaryimage\"},\"thumbnailUrl\":\"https:\\\/\\\/bladnanews.com\\\/wp-content\\\/uploads\\\/2026\\\/01\\\/algerije-marokko-derby-nigeria-halve-finale-afrika-cup.webp\",\"articleSection\":[\"Latest News\",\"Morocco National Team\"],\"inLanguage\":\"fr-FR\",\"copyrightYear\":\"2026\",\"copyrightHolder\":{\"@id\":\"https:\\\/\\\/bladnanews.com\\\/fr\\\/#organization\"}},{\"@type\":\"WebPage\",\"@id\":\"https:\\\/\\\/bladnanews.com\\\/morocco-to-face-nigeria-in-africa-cup-semi-final\\\/\",\"url\":\"https:\\\/\\\/bladnanews.com\\\/morocco-to-face-nigeria-in-africa-cup-semi-final\\\/\",\"name\":\"Morocco to face Nigeria in Africa Cup semi-final - Bladna News\",\"isPartOf\":{\"@id\":\"https:\\\/\\\/mediumseagreen-eel-531711.hostingersite.com\\\/#website\"},\"primaryImageOfPage\":{\"@id\":\"https:\\\/\\\/bladnanews.com\\\/morocco-to-face-nigeria-in-africa-cup-semi-final\\\/#primaryimage\"},\"image\":{\"@id\":\"https:\\\/\\\/bladnanews.com\\\/morocco-to-face-nigeria-in-africa-cup-semi-final\\\/#primaryimage\"},\"thumbnailUrl\":\"https:\\\/\\\/bladnanews.com\\\/wp-content\\\/uploads\\\/2026\\\/01\\\/algerije-marokko-derby-nigeria-halve-finale-afrika-cup.webp\",\"datePublished\":\"2026-01-10T21:20:00+00:00\",\"breadcrumb\":{\"@id\":\"https:\\\/\\\/bladnanews.com\\\/morocco-to-face-nigeria-in-africa-cup-semi-final\\\/#breadcrumb\"},\"inLanguage\":\"fr-FR\",\"potentialAction\":[{\"@type\":\"ReadAction\",\"target\":[\"https:\\\/\\\/bladnanews.com\\\/morocco-to-face-nigeria-in-africa-cup-semi-final\\\/\"]}]},{\"@type\":\"ImageObject\",\"inLanguage\":\"fr-FR\",\"@id\":\"https:\\\/\\\/bladnanews.com\\\/morocco-to-face-nigeria-in-africa-cup-semi-final\\\/#primaryimage\",\"url\":\"https:\\\/\\\/bladnanews.com\\\/wp-content\\\/uploads\\\/2026\\\/01\\\/algerije-marokko-derby-nigeria-halve-finale-afrika-cup.webp\",\"contentUrl\":\"https:\\\/\\\/bladnanews.com\\\/wp-content\\\/uploads\\\/2026\\\/01\\\/algerije-marokko-derby-nigeria-halve-finale-afrika-cup.webp\",\"width\":1200,\"height\":750,\"caption\":\"Nigerian players celebrate a crucial moment during the Africa Cup semi-final, wearing distinctive green kits with a lively crowd in the background.\"},{\"@type\":\"BreadcrumbList\",\"@id\":\"https:\\\/\\\/bladnanews.com\\\/morocco-to-face-nigeria-in-africa-cup-semi-final\\\/#breadcrumb\",\"itemListElement\":[{\"@type\":\"ListItem\",\"position\":1,\"name\":\"Home\",\"item\":\"https:\\\/\\\/bladnanews.com\\\/\"},{\"@type\":\"ListItem\",\"position\":2,\"name\":\"Morocco to face Nigeria in Africa Cup semi-final\"}]},{\"@type\":\"WebSite\",\"@id\":\"https:\\\/\\\/mediumseagreen-eel-531711.hostingersite.com\\\/#website\",\"url\":\"https:\\\/\\\/mediumseagreen-eel-531711.hostingersite.com\\\/\",\"name\":\"Bladna News - Morocco\",\"description\":\"Where Moroccan Football Meets the World\",\"publisher\":{\"@id\":\"https:\\\/\\\/mediumseagreen-eel-531711.hostingersite.com\\\/#organization\"},\"potentialAction\":[{\"@type\":\"SearchAction\",\"target\":{\"@type\":\"EntryPoint\",\"urlTemplate\":\"https:\\\/\\\/mediumseagreen-eel-531711.hostingersite.com\\\/?s={search_term_string}\"},\"query-input\":{\"@type\":\"PropertyValueSpecification\",\"valueRequired\":true,\"valueName\":\"search_term_string\"}}],\"inLanguage\":\"fr-FR\"},{\"@type\":\"Organization\",\"@id\":\"https:\\\/\\\/mediumseagreen-eel-531711.hostingersite.com\\\/#organization\",\"name\":\"Bladna News.com\",\"url\":\"https:\\\/\\\/mediumseagreen-eel-531711.hostingersite.com\\\/\",\"logo\":{\"@type\":\"ImageObject\",\"inLanguage\":\"fr-FR\",\"@id\":\"https:\\\/\\\/mediumseagreen-eel-531711.hostingersite.com\\\/#\\\/schema\\\/logo\\\/image\\\/\",\"url\":\"https:\\\/\\\/bladnanews.com\\\/wp-content\\\/uploads\\\/2025\\\/12\\\/logo-bladnanews-V2-web-black-red.png\",\"contentUrl\":\"https:\\\/\\\/bladnanews.com\\\/wp-content\\\/uploads\\\/2025\\\/12\\\/logo-bladnanews-V2-web-black-red.png\",\"width\":703,\"height\":287,\"caption\":\"Bladna News.com\"},\"image\":{\"@id\":\"https:\\\/\\\/mediumseagreen-eel-531711.hostingersite.com\\\/#\\\/schema\\\/logo\\\/image\\\/\"},\"email\":\"info@bladnanews.com\",\"legalName\":\"Bladna News\"},{\"@type\":\"Person\",\"@id\":\"https:\\\/\\\/mediumseagreen-eel-531711.hostingersite.com\\\/#\\\/schema\\\/person\\\/6712b38fabe810f7eb8d15ed30d90f1e\",\"name\":\"Bladna Sports Desk\",\"url\":\"https:\\\/\\\/bladnanews.com\\\/fr\\\/author\\\/bladna-sports-desk\\\/\"}]}<\/script>\n<!-- \/ Yoast SEO Premium plugin. -->","yoast_head_json":{"title":"Le Maroc affrontera le Nigeria en demi-finale de la Coupe d'Afrique - Bladna News","robots":{"index":"index","follow":"follow","max-snippet":"max-snippet:-1","max-image-preview":"max-image-preview:large","max-video-preview":"max-video-preview:-1"},"canonical":"https:\/\/bladnanews.com\/fr\/le-maroc-affrontera-le-nigeria-en-demi-finale-de-la-coupe-dafrique\/","og_locale":"fr_FR","og_type":"article","og_title":"Morocco to face Nigeria in Africa Cup semi-final","og_description":"Morocco will not face Algeria in the semi-finals of the Africa Cup. Instead, the Atlas Lions will take on Nigeria [&hellip;]","og_url":"https:\/\/bladnanews.com\/fr\/le-maroc-affrontera-le-nigeria-en-demi-finale-de-la-coupe-dafrique\/","og_site_name":"Bladna News","article_published_time":"2026-01-10T21:20:00+00:00","og_image":[{"width":1312,"height":736,"url":"https:\/\/bladnanews.com\/wp-content\/uploads\/2025\/12\/freepik__bladna-newscom-moroccan-soccer-homepage-banner-mor__41838.png","type":"image\/png"}],"author":"Bladna Sports Desk","twitter_card":"summary_large_image","twitter_misc":{"\u00c9crit par":"Bladna Sports Desk","Dur\u00e9e de lecture estim\u00e9e":"1 minute"},"schema":{"@context":"https:\/\/schema.org","@graph":[{"@type":"Article","@id":"https:\/\/bladnanews.com\/morocco-to-face-nigeria-in-africa-cup-semi-final\/#article","isPartOf":{"@id":"https:\/\/bladnanews.com\/morocco-to-face-nigeria-in-africa-cup-semi-final\/"},"author":{"name":"Bladna Sports Desk","@id":"https:\/\/mediumseagreen-eel-531711.hostingersite.com\/#\/schema\/person\/6712b38fabe810f7eb8d15ed30d90f1e"},"headline":"Morocco to face Nigeria in Africa Cup semi-final","datePublished":"2026-01-10T21:20:00+00:00","mainEntityOfPage":{"@id":"https:\/\/bladnanews.com\/morocco-to-face-nigeria-in-africa-cup-semi-final\/"},"wordCount":170,"publisher":{"@id":"https:\/\/mediumseagreen-eel-531711.hostingersite.com\/#organization"},"image":{"@id":"https:\/\/bladnanews.com\/morocco-to-face-nigeria-in-africa-cup-semi-final\/#primaryimage"},"thumbnailUrl":"https:\/\/bladnanews.com\/wp-content\/uploads\/2026\/01\/algerije-marokko-derby-nigeria-halve-finale-afrika-cup.webp","articleSection":["Latest News","Morocco National Team"],"inLanguage":"fr-FR","copyrightYear":"2026","copyrightHolder":{"@id":"https:\/\/bladnanews.com\/fr\/#organization"}},{"@type":"WebPage","@id":"https:\/\/bladnanews.com\/morocco-to-face-nigeria-in-africa-cup-semi-final\/","url":"https:\/\/bladnanews.com\/morocco-to-face-nigeria-in-africa-cup-semi-final\/","name":"Le Maroc affrontera le Nigeria en demi-finale de la Coupe d'Afrique - Bladna News","isPartOf":{"@id":"https:\/\/mediumseagreen-eel-531711.hostingersite.com\/#website"},"primaryImageOfPage":{"@id":"https:\/\/bladnanews.com\/morocco-to-face-nigeria-in-africa-cup-semi-final\/#primaryimage"},"image":{"@id":"https:\/\/bladnanews.com\/morocco-to-face-nigeria-in-africa-cup-semi-final\/#primaryimage"},"thumbnailUrl":"https:\/\/bladnanews.com\/wp-content\/uploads\/2026\/01\/algerije-marokko-derby-nigeria-halve-finale-afrika-cup.webp","datePublished":"2026-01-10T21:20:00+00:00","breadcrumb":{"@id":"https:\/\/bladnanews.com\/morocco-to-face-nigeria-in-africa-cup-semi-final\/#breadcrumb"},"inLanguage":"fr-FR","potentialAction":[{"@type":"ReadAction","target":["https:\/\/bladnanews.com\/morocco-to-face-nigeria-in-africa-cup-semi-final\/"]}]},{"@type":"ImageObject","inLanguage":"fr-FR","@id":"https:\/\/bladnanews.com\/morocco-to-face-nigeria-in-africa-cup-semi-final\/#primaryimage","url":"https:\/\/bladnanews.com\/wp-content\/uploads\/2026\/01\/algerije-marokko-derby-nigeria-halve-finale-afrika-cup.webp","contentUrl":"https:\/\/bladnanews.com\/wp-content\/uploads\/2026\/01\/algerije-marokko-derby-nigeria-halve-finale-afrika-cup.webp","width":1200,"height":750,"caption":"Nigerian players celebrate a crucial moment during the Africa Cup semi-final, wearing distinctive green kits with a lively crowd in the background."},{"@type":"BreadcrumbList","@id":"https:\/\/bladnanews.com\/morocco-to-face-nigeria-in-africa-cup-semi-final\/#breadcrumb","itemListElement":[{"@type":"ListItem","position":1,"name":"Home","item":"https:\/\/bladnanews.com\/"},{"@type":"ListItem","position":2,"name":"Morocco to face Nigeria in Africa Cup semi-final"}]},{"@type":"WebSite","@id":"https:\/\/mediumseagreen-eel-531711.hostingersite.com\/#website","url":"https:\/\/mediumseagreen-eel-531711.hostingersite.com\/","name":"Bladna News - Maroc","description":"Quand le football marocain rencontre le monde","publisher":{"@id":"https:\/\/mediumseagreen-eel-531711.hostingersite.com\/#organization"},"potentialAction":[{"@type":"SearchAction","target":{"@type":"EntryPoint","urlTemplate":"https:\/\/mediumseagreen-eel-531711.hostingersite.com\/?s={search_term_string}"},"query-input":{"@type":"PropertyValueSpecification","valueRequired":true,"valueName":"search_term_string"}}],"inLanguage":"fr-FR"},{"@type":"Organization","@id":"https:\/\/mediumseagreen-eel-531711.hostingersite.com\/#organization","name":"Bladna News.com","url":"https:\/\/mediumseagreen-eel-531711.hostingersite.com\/","logo":{"@type":"ImageObject","inLanguage":"fr-FR","@id":"https:\/\/mediumseagreen-eel-531711.hostingersite.com\/#\/schema\/logo\/image\/","url":"https:\/\/bladnanews.com\/wp-content\/uploads\/2025\/12\/logo-bladnanews-V2-web-black-red.png","contentUrl":"https:\/\/bladnanews.com\/wp-content\/uploads\/2025\/12\/logo-bladnanews-V2-web-black-red.png","width":703,"height":287,"caption":"Bladna News.com"},"image":{"@id":"https:\/\/mediumseagreen-eel-531711.hostingersite.com\/#\/schema\/logo\/image\/"},"email":"info@bladnanews.com","legalName":"Bladna News"},{"@type":"Person","@id":"https:\/\/mediumseagreen-eel-531711.hostingersite.com\/#\/schema\/person\/6712b38fabe810f7eb8d15ed30d90f1e","name":"Bladna Sports Desk","url":"https:\/\/bladnanews.com\/fr\/author\/bladna-sports-desk\/"}]}},"_links":{"self":[{"href":"https:\/\/bladnanews.com\/fr\/wp-json\/wp\/v2\/posts\/5719","targetHints":{"allow":["GET"]}}],"collection":[{"href":"https:\/\/bladnanews.com\/fr\/wp-json\/wp\/v2\/posts"}],"about":[{"href":"https:\/\/bladnanews.com\/fr\/wp-json\/wp\/v2\/types\/post"}],"author":[{"embeddable":true,"href":"https:\/\/bladnanews.com\/fr\/wp-json\/wp\/v2\/users\/4"}],"replies":[{"embeddable":true,"href":"https:\/\/bladnanews.com\/fr\/wp-json\/wp\/v2\/comments?post=5719"}],"version-history":[{"count":0,"href":"https:\/\/bladnanews.com\/fr\/wp-json\/wp\/v2\/posts\/5719\/revisions"}],"wp:featuredmedia":[{"embeddable":true,"href":"https:\/\/bladnanews.com\/fr\/wp-json\/wp\/v2\/media\/5718"}],"wp:attachment":[{"href":"https:\/\/bladnanews.com\/fr\/wp-json\/wp\/v2\/media?parent=5719"}],"wp:term":[{"taxonomy":"category","embeddable":true,"href":"https:\/\/bladnanews.com\/fr\/wp-json\/wp\/v2\/categories?post=5719"},{"taxonomy":"post_tag","embeddable":true,"href":"https:\/\/bladnanews.com\/fr\/wp-json\/wp\/v2\/tags?post=5719"}],"curies":[{"name":"wp","href":"https:\/\/api.w.org\/{rel}","templated":true}]}}