{"id":5729,"date":"2026-01-10T13:05:24","date_gmt":"2026-01-10T13:05:24","guid":{"rendered":"https:\/\/bladnanews.com\/kompany-addresses-lennart-karl-real-madrid-transfer-claim\/"},"modified":"2026-01-10T13:05:24","modified_gmt":"2026-01-10T13:05:24","slug":"kompany-aborde-laffirmation-de-transfert-de-lennart-karl-au-real-madrid","status":"publish","type":"post","link":"https:\/\/bladnanews.com\/fr\/kompany-aborde-laffirmation-de-transfert-de-lennart-karl-au-real-madrid\/","title":{"rendered":"Kompany s'exprime sur l'affirmation de transfert de Lennart Karl au Real Madrid"},"content":{"rendered":"<p>Vincent Kompany est intervenu pour apaiser la situation autour du jeune joueur du Bayern Munich, Lennart Karl, apr\u00e8s que le talent tr\u00e8s prometteur a admis son souhait de rejoindre le Real Madrid \u00e0 l'avenir, avant de pr\u00e9senter des excuses ult\u00e9rieurement.<\/p>\n<p>Les d\u00e9clarations de Karl ont cr\u00e9\u00e9 une agitation \u00e0 Munich, les supporters r\u00e9agissant rapidement \u00e0 l'id\u00e9e qu'un talent du Bayern \u00e9voque ouvertement un transfert vers le g\u00e9ant espagnol. Le ph\u00e9nom\u00e8ne a ensuite cherch\u00e9 \u00e0 clarifier la situation, s'excusant pour la mani\u00e8re dont ses propos avaient \u00e9t\u00e9 per\u00e7us.<\/p>\n<p>Kompany s'est \u00e9galement exprim\u00e9 sur cet \u00e9pisode, le qualifiant d\u201c\u201derreur de communication\", et a clairement indiqu\u00e9 que le club ne souhaitait pas que l'attention se d\u00e9tourne du d\u00e9veloppement de Karl et de son travail au Bayern.<\/p>\n<p>L'entra\u00eeneur du Bayern a soulign\u00e9 que les jeunes joueurs peuvent parfois apprendre de mani\u00e8re difficile sous les yeux du public, mais que l'important est la mani\u00e8re dont ils r\u00e9agissent. La position de Kompany a suivi les excuses de Karl lui-m\u00eame, le joueur ayant reconnu les r\u00e9actions suscit\u00e9es par ses aveux.<\/p>\n<p>Ces commentaires interviennent alors que le Bayern poursuit son travail sous la direction de Kompany, qui garde un \u0153il attentif sur les talents \u00e9mergents du club. Karl reste l'un des jeunes consid\u00e9r\u00e9s comme un espoir cl\u00e9 \u00e0 la S\u00e4bener Stra\u00dfe, m\u00eame si les rumeurs sur le Real Madrid ont bri\u00e8vement domin\u00e9 les gros titres.<\/p>","protected":false},"excerpt":{"rendered":"<p>Vincent Kompany has moved to calm the situation around Bayern Munich teenager Lennart Karl after the highly-rated youngster admitted he [&hellip;]<\/p>\n","protected":false},"author":3,"featured_media":5728,"comment_status":"","ping_status":"open","sticky":false,"template":"","format":"standard","meta":{"googlesitekit_rrm_CAow_uzEDA:productID":"","site-sidebar-layout":"default","site-content-layout":"","ast-site-content-layout":"default","site-content-style":"default","site-sidebar-style":"default","ast-global-header-display":"","ast-banner-title-visibility":"","ast-main-header-display":"","ast-hfb-above-header-display":"","ast-hfb-below-header-display":"","ast-hfb-mobile-header-display":"","site-post-title":"","ast-breadcrumbs-content":"","ast-featured-img":"","footer-sml-layout":"","ast-disable-related-posts":"","theme-transparent-header-meta":"","adv-header-id-meta":"","stick-header-meta":"","header-above-stick-meta":"","header-main-stick-meta":"","header-below-stick-meta":"","astra-migrate-meta-layouts":"default","ast-page-background-enabled":"default","ast-page-background-meta":{"desktop":{"background-color":"var(--ast-global-color-5)","background-image":"","background-repeat":"repeat","background-position":"center center","background-size":"auto","background-attachment":"scroll","background-type":"","background-media":"","overlay-type":"","overlay-color":"","overlay-opacity":"","overlay-gradient":""},"tablet":{"background-color":"","background-image":"","background-repeat":"repeat","background-position":"center center","background-size":"auto","background-attachment":"scroll","background-type":"","background-media":"","overlay-type":"","overlay-color":"","overlay-opacity":"","overlay-gradient":""},"mobile":{"background-color":"","background-image":"","background-repeat":"repeat","background-position":"center center","background-size":"auto","background-attachment":"scroll","background-type":"","background-media":"","overlay-type":"","overlay-color":"","overlay-opacity":"","overlay-gradient":""}},"ast-content-background-meta":{"desktop":{"background-color":"var(--ast-global-color-4)","background-image":"","background-repeat":"repeat","background-position":"center center","background-size":"auto","background-attachment":"scroll","background-type":"","background-media":"","overlay-type":"","overlay-color":"","overlay-opacity":"","overlay-gradient":""},"tablet":{"background-color":"var(--ast-global-color-4)","background-image":"","background-repeat":"repeat","background-position":"center center","background-size":"auto","background-attachment":"scroll","background-type":"","background-media":"","overlay-type":"","overlay-color":"","overlay-opacity":"","overlay-gradient":""},"mobile":{"background-color":"var(--ast-global-color-4)","background-image":"","background-repeat":"repeat","background-position":"center center","background-size":"auto","background-attachment":"scroll","background-type":"","background-media":"","overlay-type":"","overlay-color":"","overlay-opacity":"","overlay-gradient":""}},"footnotes":""},"categories":[20,1],"tags":[],"class_list":["post-5729","post","type-post","status-publish","format-standard","has-post-thumbnail","hentry","category-international","category-football-latest-news"],"yoast_head":"<!-- This site is optimized with the Yoast SEO Premium plugin v26.6 (Yoast SEO v27.5) - https:\/\/yoast.com\/product\/yoast-seo-premium-wordpress\/ -->\n<title>Kompany addresses Lennart Karl Real Madrid transfer claim - Bladna News<\/title>\n<meta name=\"robots\" content=\"index, follow, max-snippet:-1, max-image-preview:large, max-video-preview:-1\" \/>\n<link rel=\"canonical\" href=\"https:\/\/bladnanews.com\/fr\/kompany-aborde-laffirmation-de-transfert-de-lennart-karl-au-real-madrid\/\" \/>\n<meta property=\"og:locale\" content=\"fr_FR\" \/>\n<meta property=\"og:type\" content=\"article\" \/>\n<meta property=\"og:title\" content=\"Kompany addresses Lennart Karl Real Madrid transfer claim\" \/>\n<meta property=\"og:description\" content=\"Vincent Kompany has moved to calm the situation around Bayern Munich teenager Lennart Karl after the highly-rated youngster admitted he [&hellip;]\" \/>\n<meta property=\"og:url\" content=\"https:\/\/bladnanews.com\/fr\/kompany-aborde-laffirmation-de-transfert-de-lennart-karl-au-real-madrid\/\" \/>\n<meta property=\"og:site_name\" content=\"Bladna News\" \/>\n<meta property=\"article:published_time\" content=\"2026-01-10T13:05:24+00:00\" \/>\n<meta property=\"og:image\" content=\"https:\/\/bladnanews.com\/wp-content\/uploads\/2025\/12\/freepik__bladna-newscom-moroccan-soccer-homepage-banner-mor__41838.png\" \/>\n\t<meta property=\"og:image:width\" content=\"1312\" \/>\n\t<meta property=\"og:image:height\" content=\"736\" \/>\n\t<meta property=\"og:image:type\" content=\"image\/png\" \/>\n<meta name=\"author\" content=\"Bladna News Staff\" \/>\n<meta name=\"twitter:card\" content=\"summary_large_image\" \/>\n<meta name=\"twitter:label1\" content=\"\u00c9crit par\" \/>\n\t<meta name=\"twitter:data1\" content=\"Bladna News Staff\" \/>\n\t<meta name=\"twitter:label2\" content=\"Dur\u00e9e de lecture estim\u00e9e\" \/>\n\t<meta name=\"twitter:data2\" content=\"1 minute\" \/>\n<script type=\"application\/ld+json\" class=\"yoast-schema-graph\">{\"@context\":\"https:\\\/\\\/schema.org\",\"@graph\":[{\"@type\":\"Article\",\"@id\":\"https:\\\/\\\/bladnanews.com\\\/kompany-addresses-lennart-karl-real-madrid-transfer-claim\\\/#article\",\"isPartOf\":{\"@id\":\"https:\\\/\\\/bladnanews.com\\\/kompany-addresses-lennart-karl-real-madrid-transfer-claim\\\/\"},\"author\":{\"name\":\"Bladna News Staff\",\"@id\":\"https:\\\/\\\/mediumseagreen-eel-531711.hostingersite.com\\\/#\\\/schema\\\/person\\\/268e18a453ab080ebf76df6ef7845083\"},\"headline\":\"Kompany addresses Lennart Karl Real Madrid transfer claim\",\"datePublished\":\"2026-01-10T13:05:24+00:00\",\"mainEntityOfPage\":{\"@id\":\"https:\\\/\\\/bladnanews.com\\\/kompany-addresses-lennart-karl-real-madrid-transfer-claim\\\/\"},\"wordCount\":214,\"publisher\":{\"@id\":\"https:\\\/\\\/mediumseagreen-eel-531711.hostingersite.com\\\/#organization\"},\"image\":{\"@id\":\"https:\\\/\\\/bladnanews.com\\\/kompany-addresses-lennart-karl-real-madrid-transfer-claim\\\/#primaryimage\"},\"thumbnailUrl\":\"https:\\\/\\\/bladnanews.com\\\/wp-content\\\/uploads\\\/2026\\\/01\\\/BladnaNews-Kompany-addresses-Lennart-Karl-Real-Madrid-transfer-claim-2026-01-11T050954.015Z-scaled.jpg\",\"articleSection\":[\"International\",\"Latest News\"],\"inLanguage\":\"fr-FR\",\"copyrightYear\":\"2026\",\"copyrightHolder\":{\"@id\":\"https:\\\/\\\/bladnanews.com\\\/fr\\\/#organization\"}},{\"@type\":\"WebPage\",\"@id\":\"https:\\\/\\\/bladnanews.com\\\/kompany-addresses-lennart-karl-real-madrid-transfer-claim\\\/\",\"url\":\"https:\\\/\\\/bladnanews.com\\\/kompany-addresses-lennart-karl-real-madrid-transfer-claim\\\/\",\"name\":\"Kompany addresses Lennart Karl Real Madrid transfer claim - Bladna News\",\"isPartOf\":{\"@id\":\"https:\\\/\\\/mediumseagreen-eel-531711.hostingersite.com\\\/#website\"},\"primaryImageOfPage\":{\"@id\":\"https:\\\/\\\/bladnanews.com\\\/kompany-addresses-lennart-karl-real-madrid-transfer-claim\\\/#primaryimage\"},\"image\":{\"@id\":\"https:\\\/\\\/bladnanews.com\\\/kompany-addresses-lennart-karl-real-madrid-transfer-claim\\\/#primaryimage\"},\"thumbnailUrl\":\"https:\\\/\\\/bladnanews.com\\\/wp-content\\\/uploads\\\/2026\\\/01\\\/BladnaNews-Kompany-addresses-Lennart-Karl-Real-Madrid-transfer-claim-2026-01-11T050954.015Z-scaled.jpg\",\"datePublished\":\"2026-01-10T13:05:24+00:00\",\"breadcrumb\":{\"@id\":\"https:\\\/\\\/bladnanews.com\\\/kompany-addresses-lennart-karl-real-madrid-transfer-claim\\\/#breadcrumb\"},\"inLanguage\":\"fr-FR\",\"potentialAction\":[{\"@type\":\"ReadAction\",\"target\":[\"https:\\\/\\\/bladnanews.com\\\/kompany-addresses-lennart-karl-real-madrid-transfer-claim\\\/\"]}]},{\"@type\":\"ImageObject\",\"inLanguage\":\"fr-FR\",\"@id\":\"https:\\\/\\\/bladnanews.com\\\/kompany-addresses-lennart-karl-real-madrid-transfer-claim\\\/#primaryimage\",\"url\":\"https:\\\/\\\/bladnanews.com\\\/wp-content\\\/uploads\\\/2026\\\/01\\\/BladnaNews-Kompany-addresses-Lennart-Karl-Real-Madrid-transfer-claim-2026-01-11T050954.015Z-scaled.jpg\",\"contentUrl\":\"https:\\\/\\\/bladnanews.com\\\/wp-content\\\/uploads\\\/2026\\\/01\\\/BladnaNews-Kompany-addresses-Lennart-Karl-Real-Madrid-transfer-claim-2026-01-11T050954.015Z-scaled.jpg\",\"width\":2560,\"height\":1440,\"caption\":\"Kompany embraces a smiling young player in a Bayern Munich kit, with fans in the background, celebrating a match victory.\"},{\"@type\":\"BreadcrumbList\",\"@id\":\"https:\\\/\\\/bladnanews.com\\\/kompany-addresses-lennart-karl-real-madrid-transfer-claim\\\/#breadcrumb\",\"itemListElement\":[{\"@type\":\"ListItem\",\"position\":1,\"name\":\"Home\",\"item\":\"https:\\\/\\\/bladnanews.com\\\/\"},{\"@type\":\"ListItem\",\"position\":2,\"name\":\"Kompany addresses Lennart Karl Real Madrid transfer claim\"}]},{\"@type\":\"WebSite\",\"@id\":\"https:\\\/\\\/mediumseagreen-eel-531711.hostingersite.com\\\/#website\",\"url\":\"https:\\\/\\\/mediumseagreen-eel-531711.hostingersite.com\\\/\",\"name\":\"Bladna News - Morocco\",\"description\":\"Where Moroccan Football Meets the World\",\"publisher\":{\"@id\":\"https:\\\/\\\/mediumseagreen-eel-531711.hostingersite.com\\\/#organization\"},\"potentialAction\":[{\"@type\":\"SearchAction\",\"target\":{\"@type\":\"EntryPoint\",\"urlTemplate\":\"https:\\\/\\\/mediumseagreen-eel-531711.hostingersite.com\\\/?s={search_term_string}\"},\"query-input\":{\"@type\":\"PropertyValueSpecification\",\"valueRequired\":true,\"valueName\":\"search_term_string\"}}],\"inLanguage\":\"fr-FR\"},{\"@type\":\"Organization\",\"@id\":\"https:\\\/\\\/mediumseagreen-eel-531711.hostingersite.com\\\/#organization\",\"name\":\"Bladna News.com\",\"url\":\"https:\\\/\\\/mediumseagreen-eel-531711.hostingersite.com\\\/\",\"logo\":{\"@type\":\"ImageObject\",\"inLanguage\":\"fr-FR\",\"@id\":\"https:\\\/\\\/mediumseagreen-eel-531711.hostingersite.com\\\/#\\\/schema\\\/logo\\\/image\\\/\",\"url\":\"https:\\\/\\\/bladnanews.com\\\/wp-content\\\/uploads\\\/2025\\\/12\\\/logo-bladnanews-V2-web-black-red.png\",\"contentUrl\":\"https:\\\/\\\/bladnanews.com\\\/wp-content\\\/uploads\\\/2025\\\/12\\\/logo-bladnanews-V2-web-black-red.png\",\"width\":703,\"height\":287,\"caption\":\"Bladna News.com\"},\"image\":{\"@id\":\"https:\\\/\\\/mediumseagreen-eel-531711.hostingersite.com\\\/#\\\/schema\\\/logo\\\/image\\\/\"},\"email\":\"info@bladnanews.com\",\"legalName\":\"Bladna News\"},{\"@type\":\"Person\",\"@id\":\"https:\\\/\\\/mediumseagreen-eel-531711.hostingersite.com\\\/#\\\/schema\\\/person\\\/268e18a453ab080ebf76df6ef7845083\",\"name\":\"Bladna News Staff\",\"url\":\"https:\\\/\\\/bladnanews.com\\\/fr\\\/author\\\/bladna-news-staff\\\/\"}]}<\/script>\n<!-- \/ Yoast SEO Premium plugin. -->","yoast_head_json":{"title":"Kompany r\u00e9pond \u00e0 l'affirmation de Lennart Karl sur un transfert au Real Madrid - Bladna News","robots":{"index":"index","follow":"follow","max-snippet":"max-snippet:-1","max-image-preview":"max-image-preview:large","max-video-preview":"max-video-preview:-1"},"canonical":"https:\/\/bladnanews.com\/fr\/kompany-aborde-laffirmation-de-transfert-de-lennart-karl-au-real-madrid\/","og_locale":"fr_FR","og_type":"article","og_title":"Kompany addresses Lennart Karl Real Madrid transfer claim","og_description":"Vincent Kompany has moved to calm the situation around Bayern Munich teenager Lennart Karl after the highly-rated youngster admitted he [&hellip;]","og_url":"https:\/\/bladnanews.com\/fr\/kompany-aborde-laffirmation-de-transfert-de-lennart-karl-au-real-madrid\/","og_site_name":"Bladna News","article_published_time":"2026-01-10T13:05:24+00:00","og_image":[{"width":1312,"height":736,"url":"https:\/\/bladnanews.com\/wp-content\/uploads\/2025\/12\/freepik__bladna-newscom-moroccan-soccer-homepage-banner-mor__41838.png","type":"image\/png"}],"author":"Bladna News Staff","twitter_card":"summary_large_image","twitter_misc":{"\u00c9crit par":"Bladna News Staff","Dur\u00e9e de lecture estim\u00e9e":"1 minute"},"schema":{"@context":"https:\/\/schema.org","@graph":[{"@type":"Article","@id":"https:\/\/bladnanews.com\/kompany-addresses-lennart-karl-real-madrid-transfer-claim\/#article","isPartOf":{"@id":"https:\/\/bladnanews.com\/kompany-addresses-lennart-karl-real-madrid-transfer-claim\/"},"author":{"name":"Bladna News Staff","@id":"https:\/\/mediumseagreen-eel-531711.hostingersite.com\/#\/schema\/person\/268e18a453ab080ebf76df6ef7845083"},"headline":"Kompany addresses Lennart Karl Real Madrid transfer claim","datePublished":"2026-01-10T13:05:24+00:00","mainEntityOfPage":{"@id":"https:\/\/bladnanews.com\/kompany-addresses-lennart-karl-real-madrid-transfer-claim\/"},"wordCount":214,"publisher":{"@id":"https:\/\/mediumseagreen-eel-531711.hostingersite.com\/#organization"},"image":{"@id":"https:\/\/bladnanews.com\/kompany-addresses-lennart-karl-real-madrid-transfer-claim\/#primaryimage"},"thumbnailUrl":"https:\/\/bladnanews.com\/wp-content\/uploads\/2026\/01\/BladnaNews-Kompany-addresses-Lennart-Karl-Real-Madrid-transfer-claim-2026-01-11T050954.015Z-scaled.jpg","articleSection":["International","Latest News"],"inLanguage":"fr-FR","copyrightYear":"2026","copyrightHolder":{"@id":"https:\/\/bladnanews.com\/fr\/#organization"}},{"@type":"WebPage","@id":"https:\/\/bladnanews.com\/kompany-addresses-lennart-karl-real-madrid-transfer-claim\/","url":"https:\/\/bladnanews.com\/kompany-addresses-lennart-karl-real-madrid-transfer-claim\/","name":"Kompany r\u00e9pond \u00e0 l'affirmation de Lennart Karl sur un transfert au Real Madrid - Bladna News","isPartOf":{"@id":"https:\/\/mediumseagreen-eel-531711.hostingersite.com\/#website"},"primaryImageOfPage":{"@id":"https:\/\/bladnanews.com\/kompany-addresses-lennart-karl-real-madrid-transfer-claim\/#primaryimage"},"image":{"@id":"https:\/\/bladnanews.com\/kompany-addresses-lennart-karl-real-madrid-transfer-claim\/#primaryimage"},"thumbnailUrl":"https:\/\/bladnanews.com\/wp-content\/uploads\/2026\/01\/BladnaNews-Kompany-addresses-Lennart-Karl-Real-Madrid-transfer-claim-2026-01-11T050954.015Z-scaled.jpg","datePublished":"2026-01-10T13:05:24+00:00","breadcrumb":{"@id":"https:\/\/bladnanews.com\/kompany-addresses-lennart-karl-real-madrid-transfer-claim\/#breadcrumb"},"inLanguage":"fr-FR","potentialAction":[{"@type":"ReadAction","target":["https:\/\/bladnanews.com\/kompany-addresses-lennart-karl-real-madrid-transfer-claim\/"]}]},{"@type":"ImageObject","inLanguage":"fr-FR","@id":"https:\/\/bladnanews.com\/kompany-addresses-lennart-karl-real-madrid-transfer-claim\/#primaryimage","url":"https:\/\/bladnanews.com\/wp-content\/uploads\/2026\/01\/BladnaNews-Kompany-addresses-Lennart-Karl-Real-Madrid-transfer-claim-2026-01-11T050954.015Z-scaled.jpg","contentUrl":"https:\/\/bladnanews.com\/wp-content\/uploads\/2026\/01\/BladnaNews-Kompany-addresses-Lennart-Karl-Real-Madrid-transfer-claim-2026-01-11T050954.015Z-scaled.jpg","width":2560,"height":1440,"caption":"Kompany embraces a smiling young player in a Bayern Munich kit, with fans in the background, celebrating a match victory."},{"@type":"BreadcrumbList","@id":"https:\/\/bladnanews.com\/kompany-addresses-lennart-karl-real-madrid-transfer-claim\/#breadcrumb","itemListElement":[{"@type":"ListItem","position":1,"name":"Home","item":"https:\/\/bladnanews.com\/"},{"@type":"ListItem","position":2,"name":"Kompany addresses Lennart Karl Real Madrid transfer claim"}]},{"@type":"WebSite","@id":"https:\/\/mediumseagreen-eel-531711.hostingersite.com\/#website","url":"https:\/\/mediumseagreen-eel-531711.hostingersite.com\/","name":"Bladna News - Maroc","description":"Quand le football marocain rencontre le monde","publisher":{"@id":"https:\/\/mediumseagreen-eel-531711.hostingersite.com\/#organization"},"potentialAction":[{"@type":"SearchAction","target":{"@type":"EntryPoint","urlTemplate":"https:\/\/mediumseagreen-eel-531711.hostingersite.com\/?s={search_term_string}"},"query-input":{"@type":"PropertyValueSpecification","valueRequired":true,"valueName":"search_term_string"}}],"inLanguage":"fr-FR"},{"@type":"Organization","@id":"https:\/\/mediumseagreen-eel-531711.hostingersite.com\/#organization","name":"Bladna News.com","url":"https:\/\/mediumseagreen-eel-531711.hostingersite.com\/","logo":{"@type":"ImageObject","inLanguage":"fr-FR","@id":"https:\/\/mediumseagreen-eel-531711.hostingersite.com\/#\/schema\/logo\/image\/","url":"https:\/\/bladnanews.com\/wp-content\/uploads\/2025\/12\/logo-bladnanews-V2-web-black-red.png","contentUrl":"https:\/\/bladnanews.com\/wp-content\/uploads\/2025\/12\/logo-bladnanews-V2-web-black-red.png","width":703,"height":287,"caption":"Bladna News.com"},"image":{"@id":"https:\/\/mediumseagreen-eel-531711.hostingersite.com\/#\/schema\/logo\/image\/"},"email":"info@bladnanews.com","legalName":"Bladna News"},{"@type":"Person","@id":"https:\/\/mediumseagreen-eel-531711.hostingersite.com\/#\/schema\/person\/268e18a453ab080ebf76df6ef7845083","name":"\u00c9quipe r\u00e9dactionnelle de Bladna News","url":"https:\/\/bladnanews.com\/fr\/author\/bladna-news-staff\/"}]}},"_links":{"self":[{"href":"https:\/\/bladnanews.com\/fr\/wp-json\/wp\/v2\/posts\/5729","targetHints":{"allow":["GET"]}}],"collection":[{"href":"https:\/\/bladnanews.com\/fr\/wp-json\/wp\/v2\/posts"}],"about":[{"href":"https:\/\/bladnanews.com\/fr\/wp-json\/wp\/v2\/types\/post"}],"author":[{"embeddable":true,"href":"https:\/\/bladnanews.com\/fr\/wp-json\/wp\/v2\/users\/3"}],"replies":[{"embeddable":true,"href":"https:\/\/bladnanews.com\/fr\/wp-json\/wp\/v2\/comments?post=5729"}],"version-history":[{"count":0,"href":"https:\/\/bladnanews.com\/fr\/wp-json\/wp\/v2\/posts\/5729\/revisions"}],"wp:featuredmedia":[{"embeddable":true,"href":"https:\/\/bladnanews.com\/fr\/wp-json\/wp\/v2\/media\/5728"}],"wp:attachment":[{"href":"https:\/\/bladnanews.com\/fr\/wp-json\/wp\/v2\/media?parent=5729"}],"wp:term":[{"taxonomy":"category","embeddable":true,"href":"https:\/\/bladnanews.com\/fr\/wp-json\/wp\/v2\/categories?post=5729"},{"taxonomy":"post_tag","embeddable":true,"href":"https:\/\/bladnanews.com\/fr\/wp-json\/wp\/v2\/tags?post=5729"}],"curies":[{"name":"wp","href":"https:\/\/api.w.org\/{rel}","templated":true}]}}