{"id":5731,"date":"2026-01-10T13:27:21","date_gmt":"2026-01-10T13:27:21","guid":{"rendered":"https:\/\/bladnanews.com\/jason-wilcox-comment-sparked-ruben-amorim-man-utd-outburst\/"},"modified":"2026-01-10T13:27:21","modified_gmt":"2026-01-10T13:27:21","slug":"le-commentaire-de-jason-wilcox-a-declenche-la-sortie-de-ruben-amorim-contre-man-utd","status":"publish","type":"post","link":"https:\/\/bladnanews.com\/fr\/le-commentaire-de-jason-wilcox-a-declenche-la-sortie-de-ruben-amorim-contre-man-utd\/","title":{"rendered":"Le commentaire de Jason Wilcox a d\u00e9clench\u00e9 la r\u00e9action de Ruben Amorim contre Man Utd"},"content":{"rendered":"<p>La relation tendue de Ruben Amorim avec la hi\u00e9rarchie de Manchester United aurait \u00e9clat\u00e9 apr\u00e8s un commentaire \u00e9trange du directeur Jason Wilcox, avec de nouveaux d\u00e9tails maintenant r\u00e9v\u00e9l\u00e9s sur le moment qui a pouss\u00e9 l'entra\u00eeneur principal \u00e0 bout.<\/p>\n<p>Amorim, qui a depuis \u00e9t\u00e9 remerci\u00e9 par United, aurait \u00e9t\u00e9 laiss\u00e9 stup\u00e9fait lors des discussions internes lorsque Wilcox a fait ce qui a \u00e9t\u00e9 d\u00e9crit comme une remarque bizarre. Le commentaire aurait touch\u00e9 un nerf et est devenu un d\u00e9clencheur cl\u00e9 d'un acc\u00e8s de col\u00e8re de l'entra\u00eeneur portugais, alors que la frustration au sein du camp continuait de cro\u00eetre.<\/p>\n<p>La r\u00e9v\u00e9lation offre une image plus claire de la raison pour laquelle la situation a rapidement d\u00e9g\u00e9n\u00e9r\u00e9 en coulisses, la position d'Amorim \u00e9tant d\u00e9j\u00e0 sous pression dans un contexte de prise de d\u00e9cision tendue au niveau du conseil. Des sources proches de l'affaire sugg\u00e8rent que l'\u00e9change n'\u00e9tait pas un probl\u00e8me isol\u00e9, mais le point de rupture d'une rupture plus large dans la communication et la confiance.<\/p>\n<p>United a finalement d\u00e9cid\u00e9 de retirer Amorim de son poste, mettant fin \u00e0 son temps \u00e0 Old Trafford apr\u00e8s une p\u00e9riode turbulente marqu\u00e9e par des tensions internes ainsi que des exigences sur le terrain. Bien que le club n'ait pas donn\u00e9 de d\u00e9tails publiquement, le commentaire nouvellement r\u00e9v\u00e9l\u00e9 de Wilcox est d\u00e9sormais consid\u00e9r\u00e9 comme le moment o\u00f9 la relation est devenue impossible \u00e0 r\u00e9parer.<\/p>","protected":false},"excerpt":{"rendered":"<p>Ruben Amorim\u2019s tense relationship with Manchester United\u2019s hierarchy reportedly boiled over after a strange comment from director Jason Wilcox, with [&hellip;]<\/p>\n","protected":false},"author":3,"featured_media":5730,"comment_status":"","ping_status":"open","sticky":false,"template":"","format":"standard","meta":{"googlesitekit_rrm_CAow_uzEDA:productID":"","site-sidebar-layout":"default","site-content-layout":"","ast-site-content-layout":"default","site-content-style":"default","site-sidebar-style":"default","ast-global-header-display":"","ast-banner-title-visibility":"","ast-main-header-display":"","ast-hfb-above-header-display":"","ast-hfb-below-header-display":"","ast-hfb-mobile-header-display":"","site-post-title":"","ast-breadcrumbs-content":"","ast-featured-img":"","footer-sml-layout":"","ast-disable-related-posts":"","theme-transparent-header-meta":"","adv-header-id-meta":"","stick-header-meta":"","header-above-stick-meta":"","header-main-stick-meta":"","header-below-stick-meta":"","astra-migrate-meta-layouts":"default","ast-page-background-enabled":"default","ast-page-background-meta":{"desktop":{"background-color":"var(--ast-global-color-5)","background-image":"","background-repeat":"repeat","background-position":"center center","background-size":"auto","background-attachment":"scroll","background-type":"","background-media":"","overlay-type":"","overlay-color":"","overlay-opacity":"","overlay-gradient":""},"tablet":{"background-color":"","background-image":"","background-repeat":"repeat","background-position":"center center","background-size":"auto","background-attachment":"scroll","background-type":"","background-media":"","overlay-type":"","overlay-color":"","overlay-opacity":"","overlay-gradient":""},"mobile":{"background-color":"","background-image":"","background-repeat":"repeat","background-position":"center center","background-size":"auto","background-attachment":"scroll","background-type":"","background-media":"","overlay-type":"","overlay-color":"","overlay-opacity":"","overlay-gradient":""}},"ast-content-background-meta":{"desktop":{"background-color":"var(--ast-global-color-4)","background-image":"","background-repeat":"repeat","background-position":"center center","background-size":"auto","background-attachment":"scroll","background-type":"","background-media":"","overlay-type":"","overlay-color":"","overlay-opacity":"","overlay-gradient":""},"tablet":{"background-color":"var(--ast-global-color-4)","background-image":"","background-repeat":"repeat","background-position":"center center","background-size":"auto","background-attachment":"scroll","background-type":"","background-media":"","overlay-type":"","overlay-color":"","overlay-opacity":"","overlay-gradient":""},"mobile":{"background-color":"var(--ast-global-color-4)","background-image":"","background-repeat":"repeat","background-position":"center center","background-size":"auto","background-attachment":"scroll","background-type":"","background-media":"","overlay-type":"","overlay-color":"","overlay-opacity":"","overlay-gradient":""}},"footnotes":""},"categories":[20,1],"tags":[],"class_list":["post-5731","post","type-post","status-publish","format-standard","has-post-thumbnail","hentry","category-international","category-football-latest-news"],"yoast_head":"<!-- This site is optimized with the Yoast SEO Premium plugin v26.6 (Yoast SEO v27.5) - https:\/\/yoast.com\/product\/yoast-seo-premium-wordpress\/ -->\n<title>Jason Wilcox comment sparked Ruben Amorim Man Utd outburst - Bladna News<\/title>\n<meta name=\"robots\" content=\"index, follow, max-snippet:-1, max-image-preview:large, max-video-preview:-1\" \/>\n<link rel=\"canonical\" href=\"https:\/\/bladnanews.com\/fr\/le-commentaire-de-jason-wilcox-a-declenche-la-sortie-de-ruben-amorim-contre-man-utd\/\" \/>\n<meta property=\"og:locale\" content=\"fr_FR\" \/>\n<meta property=\"og:type\" content=\"article\" \/>\n<meta property=\"og:title\" content=\"Jason Wilcox comment sparked Ruben Amorim Man Utd outburst\" \/>\n<meta property=\"og:description\" content=\"Ruben Amorim\u2019s tense relationship with Manchester United\u2019s hierarchy reportedly boiled over after a strange comment from director Jason Wilcox, with [&hellip;]\" \/>\n<meta property=\"og:url\" content=\"https:\/\/bladnanews.com\/fr\/le-commentaire-de-jason-wilcox-a-declenche-la-sortie-de-ruben-amorim-contre-man-utd\/\" \/>\n<meta property=\"og:site_name\" content=\"Bladna News\" \/>\n<meta property=\"article:published_time\" content=\"2026-01-10T13:27:21+00:00\" \/>\n<meta property=\"og:image\" content=\"https:\/\/bladnanews.com\/wp-content\/uploads\/2025\/12\/freepik__bladna-newscom-moroccan-soccer-homepage-banner-mor__41838.png\" \/>\n\t<meta property=\"og:image:width\" content=\"1312\" \/>\n\t<meta property=\"og:image:height\" content=\"736\" \/>\n\t<meta property=\"og:image:type\" content=\"image\/png\" \/>\n<meta name=\"author\" content=\"Bladna News Staff\" \/>\n<meta name=\"twitter:card\" content=\"summary_large_image\" \/>\n<meta name=\"twitter:label1\" content=\"\u00c9crit par\" \/>\n\t<meta name=\"twitter:data1\" content=\"Bladna News Staff\" \/>\n\t<meta name=\"twitter:label2\" content=\"Dur\u00e9e de lecture estim\u00e9e\" \/>\n\t<meta name=\"twitter:data2\" content=\"1 minute\" \/>\n<script type=\"application\/ld+json\" class=\"yoast-schema-graph\">{\"@context\":\"https:\\\/\\\/schema.org\",\"@graph\":[{\"@type\":\"Article\",\"@id\":\"https:\\\/\\\/bladnanews.com\\\/jason-wilcox-comment-sparked-ruben-amorim-man-utd-outburst\\\/#article\",\"isPartOf\":{\"@id\":\"https:\\\/\\\/bladnanews.com\\\/jason-wilcox-comment-sparked-ruben-amorim-man-utd-outburst\\\/\"},\"author\":{\"name\":\"Bladna News Staff\",\"@id\":\"https:\\\/\\\/mediumseagreen-eel-531711.hostingersite.com\\\/#\\\/schema\\\/person\\\/268e18a453ab080ebf76df6ef7845083\"},\"headline\":\"Jason Wilcox comment sparked Ruben Amorim Man Utd outburst\",\"datePublished\":\"2026-01-10T13:27:21+00:00\",\"mainEntityOfPage\":{\"@id\":\"https:\\\/\\\/bladnanews.com\\\/jason-wilcox-comment-sparked-ruben-amorim-man-utd-outburst\\\/\"},\"wordCount\":211,\"publisher\":{\"@id\":\"https:\\\/\\\/mediumseagreen-eel-531711.hostingersite.com\\\/#organization\"},\"image\":{\"@id\":\"https:\\\/\\\/bladnanews.com\\\/jason-wilcox-comment-sparked-ruben-amorim-man-utd-outburst\\\/#primaryimage\"},\"thumbnailUrl\":\"https:\\\/\\\/bladnanews.com\\\/wp-content\\\/uploads\\\/2026\\\/01\\\/BladnaNews-Jason-Wilcox-comment-sparked-Ruben-Amorim-Man-Utd-outburst-2026-01-11T051018.329Z.jpg\",\"articleSection\":[\"International\",\"Latest News\"],\"inLanguage\":\"fr-FR\",\"copyrightYear\":\"2026\",\"copyrightHolder\":{\"@id\":\"https:\\\/\\\/bladnanews.com\\\/fr\\\/#organization\"}},{\"@type\":\"WebPage\",\"@id\":\"https:\\\/\\\/bladnanews.com\\\/jason-wilcox-comment-sparked-ruben-amorim-man-utd-outburst\\\/\",\"url\":\"https:\\\/\\\/bladnanews.com\\\/jason-wilcox-comment-sparked-ruben-amorim-man-utd-outburst\\\/\",\"name\":\"Jason Wilcox comment sparked Ruben Amorim Man Utd outburst - Bladna News\",\"isPartOf\":{\"@id\":\"https:\\\/\\\/mediumseagreen-eel-531711.hostingersite.com\\\/#website\"},\"primaryImageOfPage\":{\"@id\":\"https:\\\/\\\/bladnanews.com\\\/jason-wilcox-comment-sparked-ruben-amorim-man-utd-outburst\\\/#primaryimage\"},\"image\":{\"@id\":\"https:\\\/\\\/bladnanews.com\\\/jason-wilcox-comment-sparked-ruben-amorim-man-utd-outburst\\\/#primaryimage\"},\"thumbnailUrl\":\"https:\\\/\\\/bladnanews.com\\\/wp-content\\\/uploads\\\/2026\\\/01\\\/BladnaNews-Jason-Wilcox-comment-sparked-Ruben-Amorim-Man-Utd-outburst-2026-01-11T051018.329Z.jpg\",\"datePublished\":\"2026-01-10T13:27:21+00:00\",\"breadcrumb\":{\"@id\":\"https:\\\/\\\/bladnanews.com\\\/jason-wilcox-comment-sparked-ruben-amorim-man-utd-outburst\\\/#breadcrumb\"},\"inLanguage\":\"fr-FR\",\"potentialAction\":[{\"@type\":\"ReadAction\",\"target\":[\"https:\\\/\\\/bladnanews.com\\\/jason-wilcox-comment-sparked-ruben-amorim-man-utd-outburst\\\/\"]}]},{\"@type\":\"ImageObject\",\"inLanguage\":\"fr-FR\",\"@id\":\"https:\\\/\\\/bladnanews.com\\\/jason-wilcox-comment-sparked-ruben-amorim-man-utd-outburst\\\/#primaryimage\",\"url\":\"https:\\\/\\\/bladnanews.com\\\/wp-content\\\/uploads\\\/2026\\\/01\\\/BladnaNews-Jason-Wilcox-comment-sparked-Ruben-Amorim-Man-Utd-outburst-2026-01-11T051018.329Z.jpg\",\"contentUrl\":\"https:\\\/\\\/bladnanews.com\\\/wp-content\\\/uploads\\\/2026\\\/01\\\/BladnaNews-Jason-Wilcox-comment-sparked-Ruben-Amorim-Man-Utd-outburst-2026-01-11T051018.329Z.jpg\",\"width\":1920,\"height\":1080,\"caption\":\"Ruben Amorim passionately shouting on the touchline, wearing a grey jacket with a lion emblem, during a tense match atmosphere.\"},{\"@type\":\"BreadcrumbList\",\"@id\":\"https:\\\/\\\/bladnanews.com\\\/jason-wilcox-comment-sparked-ruben-amorim-man-utd-outburst\\\/#breadcrumb\",\"itemListElement\":[{\"@type\":\"ListItem\",\"position\":1,\"name\":\"Home\",\"item\":\"https:\\\/\\\/bladnanews.com\\\/\"},{\"@type\":\"ListItem\",\"position\":2,\"name\":\"Jason Wilcox comment sparked Ruben Amorim Man Utd outburst\"}]},{\"@type\":\"WebSite\",\"@id\":\"https:\\\/\\\/mediumseagreen-eel-531711.hostingersite.com\\\/#website\",\"url\":\"https:\\\/\\\/mediumseagreen-eel-531711.hostingersite.com\\\/\",\"name\":\"Bladna News - Morocco\",\"description\":\"Where Moroccan Football Meets the World\",\"publisher\":{\"@id\":\"https:\\\/\\\/mediumseagreen-eel-531711.hostingersite.com\\\/#organization\"},\"potentialAction\":[{\"@type\":\"SearchAction\",\"target\":{\"@type\":\"EntryPoint\",\"urlTemplate\":\"https:\\\/\\\/mediumseagreen-eel-531711.hostingersite.com\\\/?s={search_term_string}\"},\"query-input\":{\"@type\":\"PropertyValueSpecification\",\"valueRequired\":true,\"valueName\":\"search_term_string\"}}],\"inLanguage\":\"fr-FR\"},{\"@type\":\"Organization\",\"@id\":\"https:\\\/\\\/mediumseagreen-eel-531711.hostingersite.com\\\/#organization\",\"name\":\"Bladna News.com\",\"url\":\"https:\\\/\\\/mediumseagreen-eel-531711.hostingersite.com\\\/\",\"logo\":{\"@type\":\"ImageObject\",\"inLanguage\":\"fr-FR\",\"@id\":\"https:\\\/\\\/mediumseagreen-eel-531711.hostingersite.com\\\/#\\\/schema\\\/logo\\\/image\\\/\",\"url\":\"https:\\\/\\\/bladnanews.com\\\/wp-content\\\/uploads\\\/2025\\\/12\\\/logo-bladnanews-V2-web-black-red.png\",\"contentUrl\":\"https:\\\/\\\/bladnanews.com\\\/wp-content\\\/uploads\\\/2025\\\/12\\\/logo-bladnanews-V2-web-black-red.png\",\"width\":703,\"height\":287,\"caption\":\"Bladna News.com\"},\"image\":{\"@id\":\"https:\\\/\\\/mediumseagreen-eel-531711.hostingersite.com\\\/#\\\/schema\\\/logo\\\/image\\\/\"},\"email\":\"info@bladnanews.com\",\"legalName\":\"Bladna News\"},{\"@type\":\"Person\",\"@id\":\"https:\\\/\\\/mediumseagreen-eel-531711.hostingersite.com\\\/#\\\/schema\\\/person\\\/268e18a453ab080ebf76df6ef7845083\",\"name\":\"Bladna News Staff\",\"url\":\"https:\\\/\\\/bladnanews.com\\\/fr\\\/author\\\/bladna-news-staff\\\/\"}]}<\/script>\n<!-- \/ Yoast SEO Premium plugin. -->","yoast_head_json":{"title":"Le commentaire de Jason Wilcox a d\u00e9clench\u00e9 la r\u00e9action de Ruben Amorim contre Man Utd - Bladna News","robots":{"index":"index","follow":"follow","max-snippet":"max-snippet:-1","max-image-preview":"max-image-preview:large","max-video-preview":"max-video-preview:-1"},"canonical":"https:\/\/bladnanews.com\/fr\/le-commentaire-de-jason-wilcox-a-declenche-la-sortie-de-ruben-amorim-contre-man-utd\/","og_locale":"fr_FR","og_type":"article","og_title":"Jason Wilcox comment sparked Ruben Amorim Man Utd outburst","og_description":"Ruben Amorim\u2019s tense relationship with Manchester United\u2019s hierarchy reportedly boiled over after a strange comment from director Jason Wilcox, with [&hellip;]","og_url":"https:\/\/bladnanews.com\/fr\/le-commentaire-de-jason-wilcox-a-declenche-la-sortie-de-ruben-amorim-contre-man-utd\/","og_site_name":"Bladna News","article_published_time":"2026-01-10T13:27:21+00:00","og_image":[{"width":1312,"height":736,"url":"https:\/\/bladnanews.com\/wp-content\/uploads\/2025\/12\/freepik__bladna-newscom-moroccan-soccer-homepage-banner-mor__41838.png","type":"image\/png"}],"author":"Bladna News Staff","twitter_card":"summary_large_image","twitter_misc":{"\u00c9crit par":"Bladna News Staff","Dur\u00e9e de lecture estim\u00e9e":"1 minute"},"schema":{"@context":"https:\/\/schema.org","@graph":[{"@type":"Article","@id":"https:\/\/bladnanews.com\/jason-wilcox-comment-sparked-ruben-amorim-man-utd-outburst\/#article","isPartOf":{"@id":"https:\/\/bladnanews.com\/jason-wilcox-comment-sparked-ruben-amorim-man-utd-outburst\/"},"author":{"name":"Bladna News Staff","@id":"https:\/\/mediumseagreen-eel-531711.hostingersite.com\/#\/schema\/person\/268e18a453ab080ebf76df6ef7845083"},"headline":"Jason Wilcox comment sparked Ruben Amorim Man Utd outburst","datePublished":"2026-01-10T13:27:21+00:00","mainEntityOfPage":{"@id":"https:\/\/bladnanews.com\/jason-wilcox-comment-sparked-ruben-amorim-man-utd-outburst\/"},"wordCount":211,"publisher":{"@id":"https:\/\/mediumseagreen-eel-531711.hostingersite.com\/#organization"},"image":{"@id":"https:\/\/bladnanews.com\/jason-wilcox-comment-sparked-ruben-amorim-man-utd-outburst\/#primaryimage"},"thumbnailUrl":"https:\/\/bladnanews.com\/wp-content\/uploads\/2026\/01\/BladnaNews-Jason-Wilcox-comment-sparked-Ruben-Amorim-Man-Utd-outburst-2026-01-11T051018.329Z.jpg","articleSection":["International","Latest News"],"inLanguage":"fr-FR","copyrightYear":"2026","copyrightHolder":{"@id":"https:\/\/bladnanews.com\/fr\/#organization"}},{"@type":"WebPage","@id":"https:\/\/bladnanews.com\/jason-wilcox-comment-sparked-ruben-amorim-man-utd-outburst\/","url":"https:\/\/bladnanews.com\/jason-wilcox-comment-sparked-ruben-amorim-man-utd-outburst\/","name":"Le commentaire de Jason Wilcox a d\u00e9clench\u00e9 la r\u00e9action de Ruben Amorim contre Man Utd - Bladna News","isPartOf":{"@id":"https:\/\/mediumseagreen-eel-531711.hostingersite.com\/#website"},"primaryImageOfPage":{"@id":"https:\/\/bladnanews.com\/jason-wilcox-comment-sparked-ruben-amorim-man-utd-outburst\/#primaryimage"},"image":{"@id":"https:\/\/bladnanews.com\/jason-wilcox-comment-sparked-ruben-amorim-man-utd-outburst\/#primaryimage"},"thumbnailUrl":"https:\/\/bladnanews.com\/wp-content\/uploads\/2026\/01\/BladnaNews-Jason-Wilcox-comment-sparked-Ruben-Amorim-Man-Utd-outburst-2026-01-11T051018.329Z.jpg","datePublished":"2026-01-10T13:27:21+00:00","breadcrumb":{"@id":"https:\/\/bladnanews.com\/jason-wilcox-comment-sparked-ruben-amorim-man-utd-outburst\/#breadcrumb"},"inLanguage":"fr-FR","potentialAction":[{"@type":"ReadAction","target":["https:\/\/bladnanews.com\/jason-wilcox-comment-sparked-ruben-amorim-man-utd-outburst\/"]}]},{"@type":"ImageObject","inLanguage":"fr-FR","@id":"https:\/\/bladnanews.com\/jason-wilcox-comment-sparked-ruben-amorim-man-utd-outburst\/#primaryimage","url":"https:\/\/bladnanews.com\/wp-content\/uploads\/2026\/01\/BladnaNews-Jason-Wilcox-comment-sparked-Ruben-Amorim-Man-Utd-outburst-2026-01-11T051018.329Z.jpg","contentUrl":"https:\/\/bladnanews.com\/wp-content\/uploads\/2026\/01\/BladnaNews-Jason-Wilcox-comment-sparked-Ruben-Amorim-Man-Utd-outburst-2026-01-11T051018.329Z.jpg","width":1920,"height":1080,"caption":"Ruben Amorim passionately shouting on the touchline, wearing a grey jacket with a lion emblem, during a tense match atmosphere."},{"@type":"BreadcrumbList","@id":"https:\/\/bladnanews.com\/jason-wilcox-comment-sparked-ruben-amorim-man-utd-outburst\/#breadcrumb","itemListElement":[{"@type":"ListItem","position":1,"name":"Home","item":"https:\/\/bladnanews.com\/"},{"@type":"ListItem","position":2,"name":"Jason Wilcox comment sparked Ruben Amorim Man Utd outburst"}]},{"@type":"WebSite","@id":"https:\/\/mediumseagreen-eel-531711.hostingersite.com\/#website","url":"https:\/\/mediumseagreen-eel-531711.hostingersite.com\/","name":"Bladna News - Maroc","description":"Quand le football marocain rencontre le monde","publisher":{"@id":"https:\/\/mediumseagreen-eel-531711.hostingersite.com\/#organization"},"potentialAction":[{"@type":"SearchAction","target":{"@type":"EntryPoint","urlTemplate":"https:\/\/mediumseagreen-eel-531711.hostingersite.com\/?s={search_term_string}"},"query-input":{"@type":"PropertyValueSpecification","valueRequired":true,"valueName":"search_term_string"}}],"inLanguage":"fr-FR"},{"@type":"Organization","@id":"https:\/\/mediumseagreen-eel-531711.hostingersite.com\/#organization","name":"Bladna News.com","url":"https:\/\/mediumseagreen-eel-531711.hostingersite.com\/","logo":{"@type":"ImageObject","inLanguage":"fr-FR","@id":"https:\/\/mediumseagreen-eel-531711.hostingersite.com\/#\/schema\/logo\/image\/","url":"https:\/\/bladnanews.com\/wp-content\/uploads\/2025\/12\/logo-bladnanews-V2-web-black-red.png","contentUrl":"https:\/\/bladnanews.com\/wp-content\/uploads\/2025\/12\/logo-bladnanews-V2-web-black-red.png","width":703,"height":287,"caption":"Bladna News.com"},"image":{"@id":"https:\/\/mediumseagreen-eel-531711.hostingersite.com\/#\/schema\/logo\/image\/"},"email":"info@bladnanews.com","legalName":"Bladna News"},{"@type":"Person","@id":"https:\/\/mediumseagreen-eel-531711.hostingersite.com\/#\/schema\/person\/268e18a453ab080ebf76df6ef7845083","name":"\u00c9quipe r\u00e9dactionnelle de Bladna News","url":"https:\/\/bladnanews.com\/fr\/author\/bladna-news-staff\/"}]}},"_links":{"self":[{"href":"https:\/\/bladnanews.com\/fr\/wp-json\/wp\/v2\/posts\/5731","targetHints":{"allow":["GET"]}}],"collection":[{"href":"https:\/\/bladnanews.com\/fr\/wp-json\/wp\/v2\/posts"}],"about":[{"href":"https:\/\/bladnanews.com\/fr\/wp-json\/wp\/v2\/types\/post"}],"author":[{"embeddable":true,"href":"https:\/\/bladnanews.com\/fr\/wp-json\/wp\/v2\/users\/3"}],"replies":[{"embeddable":true,"href":"https:\/\/bladnanews.com\/fr\/wp-json\/wp\/v2\/comments?post=5731"}],"version-history":[{"count":0,"href":"https:\/\/bladnanews.com\/fr\/wp-json\/wp\/v2\/posts\/5731\/revisions"}],"wp:featuredmedia":[{"embeddable":true,"href":"https:\/\/bladnanews.com\/fr\/wp-json\/wp\/v2\/media\/5730"}],"wp:attachment":[{"href":"https:\/\/bladnanews.com\/fr\/wp-json\/wp\/v2\/media?parent=5731"}],"wp:term":[{"taxonomy":"category","embeddable":true,"href":"https:\/\/bladnanews.com\/fr\/wp-json\/wp\/v2\/categories?post=5731"},{"taxonomy":"post_tag","embeddable":true,"href":"https:\/\/bladnanews.com\/fr\/wp-json\/wp\/v2\/tags?post=5731"}],"curies":[{"name":"wp","href":"https:\/\/api.w.org\/{rel}","templated":true}]}}