{"id":5757,"date":"2026-01-10T15:23:32","date_gmt":"2026-01-10T15:23:32","guid":{"rendered":"https:\/\/bladnanews.com\/rob-mcelhenney-hails-wrexham-after-fa-cup-win-over-forest\/"},"modified":"2026-01-10T15:23:32","modified_gmt":"2026-01-10T15:23:32","slug":"rob-mcelhenney-salue-wrexham-apres-la-victoire-en-fa-cup-contre-forest","status":"publish","type":"post","link":"https:\/\/bladnanews.com\/fr\/rob-mcelhenney-salue-wrexham-apres-la-victoire-en-fa-cup-contre-forest\/","title":{"rendered":"Rob McElhenney salue Wrexham apr\u00e8s la victoire en FA Cup contre Forest"},"content":{"rendered":"<p>Rob McElhenney a f\u00e9licit\u00e9 les joueurs de Wrexham apr\u00e8s leur victoire \u201c incroyable \u201d en FA Cup face \u00e0 l'\u00e9quipe de Premier League, Nottingham Forest, avouant avoir \u00e9t\u00e9 saisi d'admiration par ce qu'il a vu au Racecourse Ground.<\/p>\n<p>Les Red Dragons ont sign\u00e9 l'un des r\u00e9sultats marquants du week-end en battant Forest 2-0, se qualifiant ainsi pour le quatri\u00e8me tour. Wrexham a donn\u00e9 le ton d\u00e8s le d\u00e9but et a \u00e9t\u00e9 r\u00e9compens\u00e9 en premi\u00e8re p\u00e9riode lorsque Paul Mullin a ouvert le score, provoquant la liesse parmi le public local.<\/p>\n<p>Forest a tent\u00e9 de r\u00e9agir apr\u00e8s la pause, mais Wrexham est rest\u00e9 organis\u00e9 et a maintenu une intensit\u00e9 \u00e9lev\u00e9e. Les h\u00f4tes ont ensuite assur\u00e9 le r\u00e9sultat lorsque Sam Dalby a ajout\u00e9 un deuxi\u00e8me but, scellant une victoire historique en coupe et prolongeant la m\u00e9morable s\u00e9rie du club sous la direction de ses propri\u00e9taires hollywoodiens.<\/p>\n<p>McElhenney, qui assistait au match, n'a pu cacher sa fiert\u00e9 ensuite en r\u00e9fl\u00e9chissant \u00e0 ce que cette performance signifiait pour le club et ses supporters, qualifiant l'exploit d\u201c\u201d incroyable \u00bb. Il a salu\u00e9 l'engagement de l'\u00e9quipe de Phil Parkinson et la mani\u00e8re dont elle s'est \u00e9lev\u00e9e au niveau face \u00e0 une adversit\u00e9 de l'\u00e9lite.<\/p>\n<p>Cette victoire signifie que Wrexham sera dans l'urne pour le tour suivant, la confiance et la dynamique ne faisant que cro\u00eetre alors qu'ils poursuivent leur progression en championnat tout en \u00e9crivant un nouveau chapitre de leur \u00e9pop\u00e9e en FA Cup.<\/p>","protected":false},"excerpt":{"rendered":"<p>Rob McElhenney praised Wrexham\u2019s players after their \u201cincredible\u201d FA Cup win over Premier League side Nottingham Forest, admitting he was [&hellip;]<\/p>\n","protected":false},"author":3,"featured_media":5756,"comment_status":"","ping_status":"open","sticky":false,"template":"","format":"standard","meta":{"googlesitekit_rrm_CAow_uzEDA:productID":"","site-sidebar-layout":"default","site-content-layout":"","ast-site-content-layout":"default","site-content-style":"default","site-sidebar-style":"default","ast-global-header-display":"","ast-banner-title-visibility":"","ast-main-header-display":"","ast-hfb-above-header-display":"","ast-hfb-below-header-display":"","ast-hfb-mobile-header-display":"","site-post-title":"","ast-breadcrumbs-content":"","ast-featured-img":"","footer-sml-layout":"","ast-disable-related-posts":"","theme-transparent-header-meta":"","adv-header-id-meta":"","stick-header-meta":"","header-above-stick-meta":"","header-main-stick-meta":"","header-below-stick-meta":"","astra-migrate-meta-layouts":"default","ast-page-background-enabled":"default","ast-page-background-meta":{"desktop":{"background-color":"var(--ast-global-color-5)","background-image":"","background-repeat":"repeat","background-position":"center center","background-size":"auto","background-attachment":"scroll","background-type":"","background-media":"","overlay-type":"","overlay-color":"","overlay-opacity":"","overlay-gradient":""},"tablet":{"background-color":"","background-image":"","background-repeat":"repeat","background-position":"center center","background-size":"auto","background-attachment":"scroll","background-type":"","background-media":"","overlay-type":"","overlay-color":"","overlay-opacity":"","overlay-gradient":""},"mobile":{"background-color":"","background-image":"","background-repeat":"repeat","background-position":"center center","background-size":"auto","background-attachment":"scroll","background-type":"","background-media":"","overlay-type":"","overlay-color":"","overlay-opacity":"","overlay-gradient":""}},"ast-content-background-meta":{"desktop":{"background-color":"var(--ast-global-color-4)","background-image":"","background-repeat":"repeat","background-position":"center center","background-size":"auto","background-attachment":"scroll","background-type":"","background-media":"","overlay-type":"","overlay-color":"","overlay-opacity":"","overlay-gradient":""},"tablet":{"background-color":"var(--ast-global-color-4)","background-image":"","background-repeat":"repeat","background-position":"center center","background-size":"auto","background-attachment":"scroll","background-type":"","background-media":"","overlay-type":"","overlay-color":"","overlay-opacity":"","overlay-gradient":""},"mobile":{"background-color":"var(--ast-global-color-4)","background-image":"","background-repeat":"repeat","background-position":"center center","background-size":"auto","background-attachment":"scroll","background-type":"","background-media":"","overlay-type":"","overlay-color":"","overlay-opacity":"","overlay-gradient":""}},"footnotes":""},"categories":[20,1],"tags":[],"class_list":["post-5757","post","type-post","status-publish","format-standard","has-post-thumbnail","hentry","category-international","category-football-latest-news"],"yoast_head":"<!-- This site is optimized with the Yoast SEO Premium plugin v26.6 (Yoast SEO v27.5) - https:\/\/yoast.com\/product\/yoast-seo-premium-wordpress\/ -->\n<title>Rob McElhenney hails Wrexham after FA Cup win over Forest - Bladna News<\/title>\n<meta name=\"robots\" content=\"index, follow, max-snippet:-1, max-image-preview:large, max-video-preview:-1\" \/>\n<link rel=\"canonical\" href=\"https:\/\/bladnanews.com\/fr\/rob-mcelhenney-salue-wrexham-apres-la-victoire-en-fa-cup-contre-forest\/\" \/>\n<meta property=\"og:locale\" content=\"fr_FR\" \/>\n<meta property=\"og:type\" content=\"article\" \/>\n<meta property=\"og:title\" content=\"Rob McElhenney hails Wrexham after FA Cup win over Forest\" \/>\n<meta property=\"og:description\" content=\"Rob McElhenney praised Wrexham\u2019s players after their \u201cincredible\u201d FA Cup win over Premier League side Nottingham Forest, admitting he was [&hellip;]\" \/>\n<meta property=\"og:url\" content=\"https:\/\/bladnanews.com\/fr\/rob-mcelhenney-salue-wrexham-apres-la-victoire-en-fa-cup-contre-forest\/\" \/>\n<meta property=\"og:site_name\" content=\"Bladna News\" \/>\n<meta property=\"article:published_time\" content=\"2026-01-10T15:23:32+00:00\" \/>\n<meta property=\"og:image\" content=\"https:\/\/bladnanews.com\/wp-content\/uploads\/2025\/12\/freepik__bladna-newscom-moroccan-soccer-homepage-banner-mor__41838.png\" \/>\n\t<meta property=\"og:image:width\" content=\"1312\" \/>\n\t<meta property=\"og:image:height\" content=\"736\" \/>\n\t<meta property=\"og:image:type\" content=\"image\/png\" \/>\n<meta name=\"author\" content=\"Bladna News Staff\" \/>\n<meta name=\"twitter:card\" content=\"summary_large_image\" \/>\n<meta name=\"twitter:label1\" content=\"\u00c9crit par\" \/>\n\t<meta name=\"twitter:data1\" content=\"Bladna News Staff\" \/>\n\t<meta name=\"twitter:label2\" content=\"Dur\u00e9e de lecture estim\u00e9e\" \/>\n\t<meta name=\"twitter:data2\" content=\"1 minute\" \/>\n<script type=\"application\/ld+json\" class=\"yoast-schema-graph\">{\"@context\":\"https:\\\/\\\/schema.org\",\"@graph\":[{\"@type\":\"Article\",\"@id\":\"https:\\\/\\\/bladnanews.com\\\/rob-mcelhenney-hails-wrexham-after-fa-cup-win-over-forest\\\/#article\",\"isPartOf\":{\"@id\":\"https:\\\/\\\/bladnanews.com\\\/rob-mcelhenney-hails-wrexham-after-fa-cup-win-over-forest\\\/\"},\"author\":{\"name\":\"Bladna News Staff\",\"@id\":\"https:\\\/\\\/mediumseagreen-eel-531711.hostingersite.com\\\/#\\\/schema\\\/person\\\/268e18a453ab080ebf76df6ef7845083\"},\"headline\":\"Rob McElhenney hails Wrexham after FA Cup win over Forest\",\"datePublished\":\"2026-01-10T15:23:32+00:00\",\"mainEntityOfPage\":{\"@id\":\"https:\\\/\\\/bladnanews.com\\\/rob-mcelhenney-hails-wrexham-after-fa-cup-win-over-forest\\\/\"},\"wordCount\":223,\"publisher\":{\"@id\":\"https:\\\/\\\/mediumseagreen-eel-531711.hostingersite.com\\\/#organization\"},\"image\":{\"@id\":\"https:\\\/\\\/bladnanews.com\\\/rob-mcelhenney-hails-wrexham-after-fa-cup-win-over-forest\\\/#primaryimage\"},\"thumbnailUrl\":\"https:\\\/\\\/bladnanews.com\\\/wp-content\\\/uploads\\\/2026\\\/01\\\/BladnaNews-Rob-McElhenney-hails-Wrexham-after-FA-Cup-win-over-Forest-2026-01-11T091032.457Z-scaled.jpg\",\"articleSection\":[\"International\",\"Latest News\"],\"inLanguage\":\"fr-FR\",\"copyrightYear\":\"2026\",\"copyrightHolder\":{\"@id\":\"https:\\\/\\\/bladnanews.com\\\/fr\\\/#organization\"}},{\"@type\":\"WebPage\",\"@id\":\"https:\\\/\\\/bladnanews.com\\\/rob-mcelhenney-hails-wrexham-after-fa-cup-win-over-forest\\\/\",\"url\":\"https:\\\/\\\/bladnanews.com\\\/rob-mcelhenney-hails-wrexham-after-fa-cup-win-over-forest\\\/\",\"name\":\"Rob McElhenney hails Wrexham after FA Cup win over Forest - Bladna News\",\"isPartOf\":{\"@id\":\"https:\\\/\\\/mediumseagreen-eel-531711.hostingersite.com\\\/#website\"},\"primaryImageOfPage\":{\"@id\":\"https:\\\/\\\/bladnanews.com\\\/rob-mcelhenney-hails-wrexham-after-fa-cup-win-over-forest\\\/#primaryimage\"},\"image\":{\"@id\":\"https:\\\/\\\/bladnanews.com\\\/rob-mcelhenney-hails-wrexham-after-fa-cup-win-over-forest\\\/#primaryimage\"},\"thumbnailUrl\":\"https:\\\/\\\/bladnanews.com\\\/wp-content\\\/uploads\\\/2026\\\/01\\\/BladnaNews-Rob-McElhenney-hails-Wrexham-after-FA-Cup-win-over-Forest-2026-01-11T091032.457Z-scaled.jpg\",\"datePublished\":\"2026-01-10T15:23:32+00:00\",\"breadcrumb\":{\"@id\":\"https:\\\/\\\/bladnanews.com\\\/rob-mcelhenney-hails-wrexham-after-fa-cup-win-over-forest\\\/#breadcrumb\"},\"inLanguage\":\"fr-FR\",\"potentialAction\":[{\"@type\":\"ReadAction\",\"target\":[\"https:\\\/\\\/bladnanews.com\\\/rob-mcelhenney-hails-wrexham-after-fa-cup-win-over-forest\\\/\"]}]},{\"@type\":\"ImageObject\",\"inLanguage\":\"fr-FR\",\"@id\":\"https:\\\/\\\/bladnanews.com\\\/rob-mcelhenney-hails-wrexham-after-fa-cup-win-over-forest\\\/#primaryimage\",\"url\":\"https:\\\/\\\/bladnanews.com\\\/wp-content\\\/uploads\\\/2026\\\/01\\\/BladnaNews-Rob-McElhenney-hails-Wrexham-after-FA-Cup-win-over-Forest-2026-01-11T091032.457Z-scaled.jpg\",\"contentUrl\":\"https:\\\/\\\/bladnanews.com\\\/wp-content\\\/uploads\\\/2026\\\/01\\\/BladnaNews-Rob-McElhenney-hails-Wrexham-after-FA-Cup-win-over-Forest-2026-01-11T091032.457Z-scaled.jpg\",\"width\":2560,\"height\":1440,\"caption\":\"Rob McElhenney smiles broadly, showcasing enthusiasm, as he engages in conversation, dressed in a dark polo shirt against a neutral background.\"},{\"@type\":\"BreadcrumbList\",\"@id\":\"https:\\\/\\\/bladnanews.com\\\/rob-mcelhenney-hails-wrexham-after-fa-cup-win-over-forest\\\/#breadcrumb\",\"itemListElement\":[{\"@type\":\"ListItem\",\"position\":1,\"name\":\"Home\",\"item\":\"https:\\\/\\\/bladnanews.com\\\/\"},{\"@type\":\"ListItem\",\"position\":2,\"name\":\"Rob McElhenney hails Wrexham after FA Cup win over Forest\"}]},{\"@type\":\"WebSite\",\"@id\":\"https:\\\/\\\/mediumseagreen-eel-531711.hostingersite.com\\\/#website\",\"url\":\"https:\\\/\\\/mediumseagreen-eel-531711.hostingersite.com\\\/\",\"name\":\"Bladna News - Morocco\",\"description\":\"Where Moroccan Football Meets the World\",\"publisher\":{\"@id\":\"https:\\\/\\\/mediumseagreen-eel-531711.hostingersite.com\\\/#organization\"},\"potentialAction\":[{\"@type\":\"SearchAction\",\"target\":{\"@type\":\"EntryPoint\",\"urlTemplate\":\"https:\\\/\\\/mediumseagreen-eel-531711.hostingersite.com\\\/?s={search_term_string}\"},\"query-input\":{\"@type\":\"PropertyValueSpecification\",\"valueRequired\":true,\"valueName\":\"search_term_string\"}}],\"inLanguage\":\"fr-FR\"},{\"@type\":\"Organization\",\"@id\":\"https:\\\/\\\/mediumseagreen-eel-531711.hostingersite.com\\\/#organization\",\"name\":\"Bladna News.com\",\"url\":\"https:\\\/\\\/mediumseagreen-eel-531711.hostingersite.com\\\/\",\"logo\":{\"@type\":\"ImageObject\",\"inLanguage\":\"fr-FR\",\"@id\":\"https:\\\/\\\/mediumseagreen-eel-531711.hostingersite.com\\\/#\\\/schema\\\/logo\\\/image\\\/\",\"url\":\"https:\\\/\\\/bladnanews.com\\\/wp-content\\\/uploads\\\/2025\\\/12\\\/logo-bladnanews-V2-web-black-red.png\",\"contentUrl\":\"https:\\\/\\\/bladnanews.com\\\/wp-content\\\/uploads\\\/2025\\\/12\\\/logo-bladnanews-V2-web-black-red.png\",\"width\":703,\"height\":287,\"caption\":\"Bladna News.com\"},\"image\":{\"@id\":\"https:\\\/\\\/mediumseagreen-eel-531711.hostingersite.com\\\/#\\\/schema\\\/logo\\\/image\\\/\"},\"email\":\"info@bladnanews.com\",\"legalName\":\"Bladna News\"},{\"@type\":\"Person\",\"@id\":\"https:\\\/\\\/mediumseagreen-eel-531711.hostingersite.com\\\/#\\\/schema\\\/person\\\/268e18a453ab080ebf76df6ef7845083\",\"name\":\"Bladna News Staff\",\"url\":\"https:\\\/\\\/bladnanews.com\\\/fr\\\/author\\\/bladna-news-staff\\\/\"}]}<\/script>\n<!-- \/ Yoast SEO Premium plugin. -->","yoast_head_json":{"title":"Rob McElhenney salue Wrexham apr\u00e8s la victoire en FA Cup contre Forest - Bladna News","robots":{"index":"index","follow":"follow","max-snippet":"max-snippet:-1","max-image-preview":"max-image-preview:large","max-video-preview":"max-video-preview:-1"},"canonical":"https:\/\/bladnanews.com\/fr\/rob-mcelhenney-salue-wrexham-apres-la-victoire-en-fa-cup-contre-forest\/","og_locale":"fr_FR","og_type":"article","og_title":"Rob McElhenney hails Wrexham after FA Cup win over Forest","og_description":"Rob McElhenney praised Wrexham\u2019s players after their \u201cincredible\u201d FA Cup win over Premier League side Nottingham Forest, admitting he was [&hellip;]","og_url":"https:\/\/bladnanews.com\/fr\/rob-mcelhenney-salue-wrexham-apres-la-victoire-en-fa-cup-contre-forest\/","og_site_name":"Bladna News","article_published_time":"2026-01-10T15:23:32+00:00","og_image":[{"width":1312,"height":736,"url":"https:\/\/bladnanews.com\/wp-content\/uploads\/2025\/12\/freepik__bladna-newscom-moroccan-soccer-homepage-banner-mor__41838.png","type":"image\/png"}],"author":"Bladna News Staff","twitter_card":"summary_large_image","twitter_misc":{"\u00c9crit par":"Bladna News Staff","Dur\u00e9e de lecture estim\u00e9e":"1 minute"},"schema":{"@context":"https:\/\/schema.org","@graph":[{"@type":"Article","@id":"https:\/\/bladnanews.com\/rob-mcelhenney-hails-wrexham-after-fa-cup-win-over-forest\/#article","isPartOf":{"@id":"https:\/\/bladnanews.com\/rob-mcelhenney-hails-wrexham-after-fa-cup-win-over-forest\/"},"author":{"name":"Bladna News Staff","@id":"https:\/\/mediumseagreen-eel-531711.hostingersite.com\/#\/schema\/person\/268e18a453ab080ebf76df6ef7845083"},"headline":"Rob McElhenney hails Wrexham after FA Cup win over Forest","datePublished":"2026-01-10T15:23:32+00:00","mainEntityOfPage":{"@id":"https:\/\/bladnanews.com\/rob-mcelhenney-hails-wrexham-after-fa-cup-win-over-forest\/"},"wordCount":223,"publisher":{"@id":"https:\/\/mediumseagreen-eel-531711.hostingersite.com\/#organization"},"image":{"@id":"https:\/\/bladnanews.com\/rob-mcelhenney-hails-wrexham-after-fa-cup-win-over-forest\/#primaryimage"},"thumbnailUrl":"https:\/\/bladnanews.com\/wp-content\/uploads\/2026\/01\/BladnaNews-Rob-McElhenney-hails-Wrexham-after-FA-Cup-win-over-Forest-2026-01-11T091032.457Z-scaled.jpg","articleSection":["International","Latest News"],"inLanguage":"fr-FR","copyrightYear":"2026","copyrightHolder":{"@id":"https:\/\/bladnanews.com\/fr\/#organization"}},{"@type":"WebPage","@id":"https:\/\/bladnanews.com\/rob-mcelhenney-hails-wrexham-after-fa-cup-win-over-forest\/","url":"https:\/\/bladnanews.com\/rob-mcelhenney-hails-wrexham-after-fa-cup-win-over-forest\/","name":"Rob McElhenney salue Wrexham apr\u00e8s la victoire en FA Cup contre Forest - Bladna News","isPartOf":{"@id":"https:\/\/mediumseagreen-eel-531711.hostingersite.com\/#website"},"primaryImageOfPage":{"@id":"https:\/\/bladnanews.com\/rob-mcelhenney-hails-wrexham-after-fa-cup-win-over-forest\/#primaryimage"},"image":{"@id":"https:\/\/bladnanews.com\/rob-mcelhenney-hails-wrexham-after-fa-cup-win-over-forest\/#primaryimage"},"thumbnailUrl":"https:\/\/bladnanews.com\/wp-content\/uploads\/2026\/01\/BladnaNews-Rob-McElhenney-hails-Wrexham-after-FA-Cup-win-over-Forest-2026-01-11T091032.457Z-scaled.jpg","datePublished":"2026-01-10T15:23:32+00:00","breadcrumb":{"@id":"https:\/\/bladnanews.com\/rob-mcelhenney-hails-wrexham-after-fa-cup-win-over-forest\/#breadcrumb"},"inLanguage":"fr-FR","potentialAction":[{"@type":"ReadAction","target":["https:\/\/bladnanews.com\/rob-mcelhenney-hails-wrexham-after-fa-cup-win-over-forest\/"]}]},{"@type":"ImageObject","inLanguage":"fr-FR","@id":"https:\/\/bladnanews.com\/rob-mcelhenney-hails-wrexham-after-fa-cup-win-over-forest\/#primaryimage","url":"https:\/\/bladnanews.com\/wp-content\/uploads\/2026\/01\/BladnaNews-Rob-McElhenney-hails-Wrexham-after-FA-Cup-win-over-Forest-2026-01-11T091032.457Z-scaled.jpg","contentUrl":"https:\/\/bladnanews.com\/wp-content\/uploads\/2026\/01\/BladnaNews-Rob-McElhenney-hails-Wrexham-after-FA-Cup-win-over-Forest-2026-01-11T091032.457Z-scaled.jpg","width":2560,"height":1440,"caption":"Rob McElhenney smiles broadly, showcasing enthusiasm, as he engages in conversation, dressed in a dark polo shirt against a neutral background."},{"@type":"BreadcrumbList","@id":"https:\/\/bladnanews.com\/rob-mcelhenney-hails-wrexham-after-fa-cup-win-over-forest\/#breadcrumb","itemListElement":[{"@type":"ListItem","position":1,"name":"Home","item":"https:\/\/bladnanews.com\/"},{"@type":"ListItem","position":2,"name":"Rob McElhenney hails Wrexham after FA Cup win over Forest"}]},{"@type":"WebSite","@id":"https:\/\/mediumseagreen-eel-531711.hostingersite.com\/#website","url":"https:\/\/mediumseagreen-eel-531711.hostingersite.com\/","name":"Bladna News - Maroc","description":"Quand le football marocain rencontre le monde","publisher":{"@id":"https:\/\/mediumseagreen-eel-531711.hostingersite.com\/#organization"},"potentialAction":[{"@type":"SearchAction","target":{"@type":"EntryPoint","urlTemplate":"https:\/\/mediumseagreen-eel-531711.hostingersite.com\/?s={search_term_string}"},"query-input":{"@type":"PropertyValueSpecification","valueRequired":true,"valueName":"search_term_string"}}],"inLanguage":"fr-FR"},{"@type":"Organization","@id":"https:\/\/mediumseagreen-eel-531711.hostingersite.com\/#organization","name":"Bladna News.com","url":"https:\/\/mediumseagreen-eel-531711.hostingersite.com\/","logo":{"@type":"ImageObject","inLanguage":"fr-FR","@id":"https:\/\/mediumseagreen-eel-531711.hostingersite.com\/#\/schema\/logo\/image\/","url":"https:\/\/bladnanews.com\/wp-content\/uploads\/2025\/12\/logo-bladnanews-V2-web-black-red.png","contentUrl":"https:\/\/bladnanews.com\/wp-content\/uploads\/2025\/12\/logo-bladnanews-V2-web-black-red.png","width":703,"height":287,"caption":"Bladna News.com"},"image":{"@id":"https:\/\/mediumseagreen-eel-531711.hostingersite.com\/#\/schema\/logo\/image\/"},"email":"info@bladnanews.com","legalName":"Bladna News"},{"@type":"Person","@id":"https:\/\/mediumseagreen-eel-531711.hostingersite.com\/#\/schema\/person\/268e18a453ab080ebf76df6ef7845083","name":"\u00c9quipe r\u00e9dactionnelle de Bladna News","url":"https:\/\/bladnanews.com\/fr\/author\/bladna-news-staff\/"}]}},"_links":{"self":[{"href":"https:\/\/bladnanews.com\/fr\/wp-json\/wp\/v2\/posts\/5757","targetHints":{"allow":["GET"]}}],"collection":[{"href":"https:\/\/bladnanews.com\/fr\/wp-json\/wp\/v2\/posts"}],"about":[{"href":"https:\/\/bladnanews.com\/fr\/wp-json\/wp\/v2\/types\/post"}],"author":[{"embeddable":true,"href":"https:\/\/bladnanews.com\/fr\/wp-json\/wp\/v2\/users\/3"}],"replies":[{"embeddable":true,"href":"https:\/\/bladnanews.com\/fr\/wp-json\/wp\/v2\/comments?post=5757"}],"version-history":[{"count":0,"href":"https:\/\/bladnanews.com\/fr\/wp-json\/wp\/v2\/posts\/5757\/revisions"}],"wp:featuredmedia":[{"embeddable":true,"href":"https:\/\/bladnanews.com\/fr\/wp-json\/wp\/v2\/media\/5756"}],"wp:attachment":[{"href":"https:\/\/bladnanews.com\/fr\/wp-json\/wp\/v2\/media?parent=5757"}],"wp:term":[{"taxonomy":"category","embeddable":true,"href":"https:\/\/bladnanews.com\/fr\/wp-json\/wp\/v2\/categories?post=5757"},{"taxonomy":"post_tag","embeddable":true,"href":"https:\/\/bladnanews.com\/fr\/wp-json\/wp\/v2\/tags?post=5757"}],"curies":[{"name":"wp","href":"https:\/\/api.w.org\/{rel}","templated":true}]}}