{"id":5759,"date":"2026-01-10T16:05:37","date_gmt":"2026-01-10T16:05:37","guid":{"rendered":"https:\/\/bladnanews.com\/guardiola-defends-donnarumma-but-backs-ederson-edge\/"},"modified":"2026-01-10T16:05:37","modified_gmt":"2026-01-10T16:05:37","slug":"guardiola-defend-donnarumma-mais-soutient-lavantage-dederson","status":"publish","type":"post","link":"https:\/\/bladnanews.com\/fr\/guardiola-defend-donnarumma-mais-soutient-lavantage-dederson\/","title":{"rendered":"Guardiola d\u00e9fend Donnarumma mais soutient l'avantage d'Ederson"},"content":{"rendered":"<p>Pep Guardiola a d\u00e9fendu le gardien de Manchester City, Ederson, dans un d\u00e9bat grandissant sur la mani\u00e8re dont les gardiens modernes sont \u00e9valu\u00e9s, tout en pr\u00e9cisant qu'il existe un domaine o\u00f9 Gianluigi Donnarumma du Paris Saint-Germain ne peut, selon lui, \u00e9galer son titulaire.<\/p>\n<p>En \u00e9voquant les exigences impos\u00e9es aux gardiens de but dans le football de haut niveau, Guardiola a insist\u00e9 sur le fait que la valeur d'Ederson ne peut \u00eatre r\u00e9duite \u00e0 quelques erreurs m\u00e9diatis\u00e9es, soulignant l'importance du Br\u00e9silien dans la construction des attaques et le contr\u00f4le des matchs par City.<\/p>\n<p>Dans le m\u00eame temps, le manager de City a reconnu que Donnarumma poss\u00e9dait ses propres qualit\u00e9s, mais a soulign\u00e9 qu'il y avait une chose que l'international italien \u201c ne peut pas faire comme Ederson \u201d en mati\u00e8re de relance depuis l'arri\u00e8re.<\/p>\n<p>Les commentaires de Guardiola interviennent alors que l'accent mis sur la distribution des gardiens continue de cro\u00eetre, les \u00e9quipes d'\u00e9lite attendant de plus en plus que leurs gardiens agissent comme un joueur de champ suppl\u00e9mentaire en possession du ballon.<\/p>\n<p>Tout en soutenant Ederson, Guardiola a \u00e9galement pr\u00e9cis\u00e9 que les comparaisons entre les deux gardiens devaient tenir compte des diff\u00e9rentes forces qu'ils apportent, plut\u00f4t que de les juger sur des moments isol\u00e9s.<\/p>","protected":false},"excerpt":{"rendered":"<p>Pep Guardiola has defended Manchester City goalkeeper Ederson amid growing debate about the way modern keepers are judged, while also [&hellip;]<\/p>\n","protected":false},"author":3,"featured_media":5758,"comment_status":"","ping_status":"open","sticky":false,"template":"","format":"standard","meta":{"googlesitekit_rrm_CAow_uzEDA:productID":"","site-sidebar-layout":"default","site-content-layout":"","ast-site-content-layout":"default","site-content-style":"default","site-sidebar-style":"default","ast-global-header-display":"","ast-banner-title-visibility":"","ast-main-header-display":"","ast-hfb-above-header-display":"","ast-hfb-below-header-display":"","ast-hfb-mobile-header-display":"","site-post-title":"","ast-breadcrumbs-content":"","ast-featured-img":"","footer-sml-layout":"","ast-disable-related-posts":"","theme-transparent-header-meta":"","adv-header-id-meta":"","stick-header-meta":"","header-above-stick-meta":"","header-main-stick-meta":"","header-below-stick-meta":"","astra-migrate-meta-layouts":"default","ast-page-background-enabled":"default","ast-page-background-meta":{"desktop":{"background-color":"var(--ast-global-color-5)","background-image":"","background-repeat":"repeat","background-position":"center center","background-size":"auto","background-attachment":"scroll","background-type":"","background-media":"","overlay-type":"","overlay-color":"","overlay-opacity":"","overlay-gradient":""},"tablet":{"background-color":"","background-image":"","background-repeat":"repeat","background-position":"center center","background-size":"auto","background-attachment":"scroll","background-type":"","background-media":"","overlay-type":"","overlay-color":"","overlay-opacity":"","overlay-gradient":""},"mobile":{"background-color":"","background-image":"","background-repeat":"repeat","background-position":"center center","background-size":"auto","background-attachment":"scroll","background-type":"","background-media":"","overlay-type":"","overlay-color":"","overlay-opacity":"","overlay-gradient":""}},"ast-content-background-meta":{"desktop":{"background-color":"var(--ast-global-color-4)","background-image":"","background-repeat":"repeat","background-position":"center center","background-size":"auto","background-attachment":"scroll","background-type":"","background-media":"","overlay-type":"","overlay-color":"","overlay-opacity":"","overlay-gradient":""},"tablet":{"background-color":"var(--ast-global-color-4)","background-image":"","background-repeat":"repeat","background-position":"center center","background-size":"auto","background-attachment":"scroll","background-type":"","background-media":"","overlay-type":"","overlay-color":"","overlay-opacity":"","overlay-gradient":""},"mobile":{"background-color":"var(--ast-global-color-4)","background-image":"","background-repeat":"repeat","background-position":"center center","background-size":"auto","background-attachment":"scroll","background-type":"","background-media":"","overlay-type":"","overlay-color":"","overlay-opacity":"","overlay-gradient":""}},"footnotes":""},"categories":[20,1],"tags":[],"class_list":["post-5759","post","type-post","status-publish","format-standard","has-post-thumbnail","hentry","category-international","category-football-latest-news"],"yoast_head":"<!-- This site is optimized with the Yoast SEO Premium plugin v26.6 (Yoast SEO v27.5) - https:\/\/yoast.com\/product\/yoast-seo-premium-wordpress\/ -->\n<title>Guardiola defends Donnarumma but backs Ederson edge - Bladna News<\/title>\n<meta name=\"robots\" content=\"index, follow, max-snippet:-1, max-image-preview:large, max-video-preview:-1\" \/>\n<link rel=\"canonical\" href=\"https:\/\/bladnanews.com\/fr\/guardiola-defend-donnarumma-mais-soutient-lavantage-dederson\/\" \/>\n<meta property=\"og:locale\" content=\"fr_FR\" \/>\n<meta property=\"og:type\" content=\"article\" \/>\n<meta property=\"og:title\" content=\"Guardiola defends Donnarumma but backs Ederson edge\" \/>\n<meta property=\"og:description\" content=\"Pep Guardiola has defended Manchester City goalkeeper Ederson amid growing debate about the way modern keepers are judged, while also [&hellip;]\" \/>\n<meta property=\"og:url\" content=\"https:\/\/bladnanews.com\/fr\/guardiola-defend-donnarumma-mais-soutient-lavantage-dederson\/\" \/>\n<meta property=\"og:site_name\" content=\"Bladna News\" \/>\n<meta property=\"article:published_time\" content=\"2026-01-10T16:05:37+00:00\" \/>\n<meta property=\"og:image\" content=\"https:\/\/bladnanews.com\/wp-content\/uploads\/2025\/12\/freepik__bladna-newscom-moroccan-soccer-homepage-banner-mor__41838.png\" \/>\n\t<meta property=\"og:image:width\" content=\"1312\" \/>\n\t<meta property=\"og:image:height\" content=\"736\" \/>\n\t<meta property=\"og:image:type\" content=\"image\/png\" \/>\n<meta name=\"author\" content=\"Bladna News Staff\" \/>\n<meta name=\"twitter:card\" content=\"summary_large_image\" \/>\n<meta name=\"twitter:label1\" content=\"\u00c9crit par\" \/>\n\t<meta name=\"twitter:data1\" content=\"Bladna News Staff\" \/>\n\t<meta name=\"twitter:label2\" content=\"Dur\u00e9e de lecture estim\u00e9e\" \/>\n\t<meta name=\"twitter:data2\" content=\"1 minute\" \/>\n<script type=\"application\/ld+json\" class=\"yoast-schema-graph\">{\"@context\":\"https:\\\/\\\/schema.org\",\"@graph\":[{\"@type\":\"Article\",\"@id\":\"https:\\\/\\\/bladnanews.com\\\/guardiola-defends-donnarumma-but-backs-ederson-edge\\\/#article\",\"isPartOf\":{\"@id\":\"https:\\\/\\\/bladnanews.com\\\/guardiola-defends-donnarumma-but-backs-ederson-edge\\\/\"},\"author\":{\"name\":\"Bladna News Staff\",\"@id\":\"https:\\\/\\\/mediumseagreen-eel-531711.hostingersite.com\\\/#\\\/schema\\\/person\\\/268e18a453ab080ebf76df6ef7845083\"},\"headline\":\"Guardiola defends Donnarumma but backs Ederson edge\",\"datePublished\":\"2026-01-10T16:05:37+00:00\",\"mainEntityOfPage\":{\"@id\":\"https:\\\/\\\/bladnanews.com\\\/guardiola-defends-donnarumma-but-backs-ederson-edge\\\/\"},\"wordCount\":178,\"publisher\":{\"@id\":\"https:\\\/\\\/mediumseagreen-eel-531711.hostingersite.com\\\/#organization\"},\"image\":{\"@id\":\"https:\\\/\\\/bladnanews.com\\\/guardiola-defends-donnarumma-but-backs-ederson-edge\\\/#primaryimage\"},\"thumbnailUrl\":\"https:\\\/\\\/bladnanews.com\\\/wp-content\\\/uploads\\\/2026\\\/01\\\/BladnaNews-Guardiola-defends-Donnarumma-but-backs-Ederson-edge-2026-01-11T091100.086Z-scaled.jpg\",\"articleSection\":[\"International\",\"Latest News\"],\"inLanguage\":\"fr-FR\",\"copyrightYear\":\"2026\",\"copyrightHolder\":{\"@id\":\"https:\\\/\\\/bladnanews.com\\\/fr\\\/#organization\"}},{\"@type\":\"WebPage\",\"@id\":\"https:\\\/\\\/bladnanews.com\\\/guardiola-defends-donnarumma-but-backs-ederson-edge\\\/\",\"url\":\"https:\\\/\\\/bladnanews.com\\\/guardiola-defends-donnarumma-but-backs-ederson-edge\\\/\",\"name\":\"Guardiola defends Donnarumma but backs Ederson edge - Bladna News\",\"isPartOf\":{\"@id\":\"https:\\\/\\\/mediumseagreen-eel-531711.hostingersite.com\\\/#website\"},\"primaryImageOfPage\":{\"@id\":\"https:\\\/\\\/bladnanews.com\\\/guardiola-defends-donnarumma-but-backs-ederson-edge\\\/#primaryimage\"},\"image\":{\"@id\":\"https:\\\/\\\/bladnanews.com\\\/guardiola-defends-donnarumma-but-backs-ederson-edge\\\/#primaryimage\"},\"thumbnailUrl\":\"https:\\\/\\\/bladnanews.com\\\/wp-content\\\/uploads\\\/2026\\\/01\\\/BladnaNews-Guardiola-defends-Donnarumma-but-backs-Ederson-edge-2026-01-11T091100.086Z-scaled.jpg\",\"datePublished\":\"2026-01-10T16:05:37+00:00\",\"breadcrumb\":{\"@id\":\"https:\\\/\\\/bladnanews.com\\\/guardiola-defends-donnarumma-but-backs-ederson-edge\\\/#breadcrumb\"},\"inLanguage\":\"fr-FR\",\"potentialAction\":[{\"@type\":\"ReadAction\",\"target\":[\"https:\\\/\\\/bladnanews.com\\\/guardiola-defends-donnarumma-but-backs-ederson-edge\\\/\"]}]},{\"@type\":\"ImageObject\",\"inLanguage\":\"fr-FR\",\"@id\":\"https:\\\/\\\/bladnanews.com\\\/guardiola-defends-donnarumma-but-backs-ederson-edge\\\/#primaryimage\",\"url\":\"https:\\\/\\\/bladnanews.com\\\/wp-content\\\/uploads\\\/2026\\\/01\\\/BladnaNews-Guardiola-defends-Donnarumma-but-backs-Ederson-edge-2026-01-11T091100.086Z-scaled.jpg\",\"contentUrl\":\"https:\\\/\\\/bladnanews.com\\\/wp-content\\\/uploads\\\/2026\\\/01\\\/BladnaNews-Guardiola-defends-Donnarumma-but-backs-Ederson-edge-2026-01-11T091100.086Z-scaled.jpg\",\"width\":2560,\"height\":1440,\"caption\":\"Guardiola gestures animatedly towards Donnarumma, who is dressed in vibrant green kit with pink accents, during a tense match scene.\"},{\"@type\":\"BreadcrumbList\",\"@id\":\"https:\\\/\\\/bladnanews.com\\\/guardiola-defends-donnarumma-but-backs-ederson-edge\\\/#breadcrumb\",\"itemListElement\":[{\"@type\":\"ListItem\",\"position\":1,\"name\":\"Home\",\"item\":\"https:\\\/\\\/bladnanews.com\\\/\"},{\"@type\":\"ListItem\",\"position\":2,\"name\":\"Guardiola defends Donnarumma but backs Ederson edge\"}]},{\"@type\":\"WebSite\",\"@id\":\"https:\\\/\\\/mediumseagreen-eel-531711.hostingersite.com\\\/#website\",\"url\":\"https:\\\/\\\/mediumseagreen-eel-531711.hostingersite.com\\\/\",\"name\":\"Bladna News - Morocco\",\"description\":\"Where Moroccan Football Meets the World\",\"publisher\":{\"@id\":\"https:\\\/\\\/mediumseagreen-eel-531711.hostingersite.com\\\/#organization\"},\"potentialAction\":[{\"@type\":\"SearchAction\",\"target\":{\"@type\":\"EntryPoint\",\"urlTemplate\":\"https:\\\/\\\/mediumseagreen-eel-531711.hostingersite.com\\\/?s={search_term_string}\"},\"query-input\":{\"@type\":\"PropertyValueSpecification\",\"valueRequired\":true,\"valueName\":\"search_term_string\"}}],\"inLanguage\":\"fr-FR\"},{\"@type\":\"Organization\",\"@id\":\"https:\\\/\\\/mediumseagreen-eel-531711.hostingersite.com\\\/#organization\",\"name\":\"Bladna News.com\",\"url\":\"https:\\\/\\\/mediumseagreen-eel-531711.hostingersite.com\\\/\",\"logo\":{\"@type\":\"ImageObject\",\"inLanguage\":\"fr-FR\",\"@id\":\"https:\\\/\\\/mediumseagreen-eel-531711.hostingersite.com\\\/#\\\/schema\\\/logo\\\/image\\\/\",\"url\":\"https:\\\/\\\/bladnanews.com\\\/wp-content\\\/uploads\\\/2025\\\/12\\\/logo-bladnanews-V2-web-black-red.png\",\"contentUrl\":\"https:\\\/\\\/bladnanews.com\\\/wp-content\\\/uploads\\\/2025\\\/12\\\/logo-bladnanews-V2-web-black-red.png\",\"width\":703,\"height\":287,\"caption\":\"Bladna News.com\"},\"image\":{\"@id\":\"https:\\\/\\\/mediumseagreen-eel-531711.hostingersite.com\\\/#\\\/schema\\\/logo\\\/image\\\/\"},\"email\":\"info@bladnanews.com\",\"legalName\":\"Bladna News\"},{\"@type\":\"Person\",\"@id\":\"https:\\\/\\\/mediumseagreen-eel-531711.hostingersite.com\\\/#\\\/schema\\\/person\\\/268e18a453ab080ebf76df6ef7845083\",\"name\":\"Bladna News Staff\",\"url\":\"https:\\\/\\\/bladnanews.com\\\/fr\\\/author\\\/bladna-news-staff\\\/\"}]}<\/script>\n<!-- \/ Yoast SEO Premium plugin. -->","yoast_head_json":{"title":"Guardiola d\u00e9fend Donnarumma mais soutient l'avantage d'Ederson - Bladna News","robots":{"index":"index","follow":"follow","max-snippet":"max-snippet:-1","max-image-preview":"max-image-preview:large","max-video-preview":"max-video-preview:-1"},"canonical":"https:\/\/bladnanews.com\/fr\/guardiola-defend-donnarumma-mais-soutient-lavantage-dederson\/","og_locale":"fr_FR","og_type":"article","og_title":"Guardiola defends Donnarumma but backs Ederson edge","og_description":"Pep Guardiola has defended Manchester City goalkeeper Ederson amid growing debate about the way modern keepers are judged, while also [&hellip;]","og_url":"https:\/\/bladnanews.com\/fr\/guardiola-defend-donnarumma-mais-soutient-lavantage-dederson\/","og_site_name":"Bladna News","article_published_time":"2026-01-10T16:05:37+00:00","og_image":[{"width":1312,"height":736,"url":"https:\/\/bladnanews.com\/wp-content\/uploads\/2025\/12\/freepik__bladna-newscom-moroccan-soccer-homepage-banner-mor__41838.png","type":"image\/png"}],"author":"Bladna News Staff","twitter_card":"summary_large_image","twitter_misc":{"\u00c9crit par":"Bladna News Staff","Dur\u00e9e de lecture estim\u00e9e":"1 minute"},"schema":{"@context":"https:\/\/schema.org","@graph":[{"@type":"Article","@id":"https:\/\/bladnanews.com\/guardiola-defends-donnarumma-but-backs-ederson-edge\/#article","isPartOf":{"@id":"https:\/\/bladnanews.com\/guardiola-defends-donnarumma-but-backs-ederson-edge\/"},"author":{"name":"Bladna News Staff","@id":"https:\/\/mediumseagreen-eel-531711.hostingersite.com\/#\/schema\/person\/268e18a453ab080ebf76df6ef7845083"},"headline":"Guardiola defends Donnarumma but backs Ederson edge","datePublished":"2026-01-10T16:05:37+00:00","mainEntityOfPage":{"@id":"https:\/\/bladnanews.com\/guardiola-defends-donnarumma-but-backs-ederson-edge\/"},"wordCount":178,"publisher":{"@id":"https:\/\/mediumseagreen-eel-531711.hostingersite.com\/#organization"},"image":{"@id":"https:\/\/bladnanews.com\/guardiola-defends-donnarumma-but-backs-ederson-edge\/#primaryimage"},"thumbnailUrl":"https:\/\/bladnanews.com\/wp-content\/uploads\/2026\/01\/BladnaNews-Guardiola-defends-Donnarumma-but-backs-Ederson-edge-2026-01-11T091100.086Z-scaled.jpg","articleSection":["International","Latest News"],"inLanguage":"fr-FR","copyrightYear":"2026","copyrightHolder":{"@id":"https:\/\/bladnanews.com\/fr\/#organization"}},{"@type":"WebPage","@id":"https:\/\/bladnanews.com\/guardiola-defends-donnarumma-but-backs-ederson-edge\/","url":"https:\/\/bladnanews.com\/guardiola-defends-donnarumma-but-backs-ederson-edge\/","name":"Guardiola d\u00e9fend Donnarumma mais soutient l'avantage d'Ederson - Bladna News","isPartOf":{"@id":"https:\/\/mediumseagreen-eel-531711.hostingersite.com\/#website"},"primaryImageOfPage":{"@id":"https:\/\/bladnanews.com\/guardiola-defends-donnarumma-but-backs-ederson-edge\/#primaryimage"},"image":{"@id":"https:\/\/bladnanews.com\/guardiola-defends-donnarumma-but-backs-ederson-edge\/#primaryimage"},"thumbnailUrl":"https:\/\/bladnanews.com\/wp-content\/uploads\/2026\/01\/BladnaNews-Guardiola-defends-Donnarumma-but-backs-Ederson-edge-2026-01-11T091100.086Z-scaled.jpg","datePublished":"2026-01-10T16:05:37+00:00","breadcrumb":{"@id":"https:\/\/bladnanews.com\/guardiola-defends-donnarumma-but-backs-ederson-edge\/#breadcrumb"},"inLanguage":"fr-FR","potentialAction":[{"@type":"ReadAction","target":["https:\/\/bladnanews.com\/guardiola-defends-donnarumma-but-backs-ederson-edge\/"]}]},{"@type":"ImageObject","inLanguage":"fr-FR","@id":"https:\/\/bladnanews.com\/guardiola-defends-donnarumma-but-backs-ederson-edge\/#primaryimage","url":"https:\/\/bladnanews.com\/wp-content\/uploads\/2026\/01\/BladnaNews-Guardiola-defends-Donnarumma-but-backs-Ederson-edge-2026-01-11T091100.086Z-scaled.jpg","contentUrl":"https:\/\/bladnanews.com\/wp-content\/uploads\/2026\/01\/BladnaNews-Guardiola-defends-Donnarumma-but-backs-Ederson-edge-2026-01-11T091100.086Z-scaled.jpg","width":2560,"height":1440,"caption":"Guardiola gestures animatedly towards Donnarumma, who is dressed in vibrant green kit with pink accents, during a tense match scene."},{"@type":"BreadcrumbList","@id":"https:\/\/bladnanews.com\/guardiola-defends-donnarumma-but-backs-ederson-edge\/#breadcrumb","itemListElement":[{"@type":"ListItem","position":1,"name":"Home","item":"https:\/\/bladnanews.com\/"},{"@type":"ListItem","position":2,"name":"Guardiola defends Donnarumma but backs Ederson edge"}]},{"@type":"WebSite","@id":"https:\/\/mediumseagreen-eel-531711.hostingersite.com\/#website","url":"https:\/\/mediumseagreen-eel-531711.hostingersite.com\/","name":"Bladna News - Maroc","description":"Quand le football marocain rencontre le monde","publisher":{"@id":"https:\/\/mediumseagreen-eel-531711.hostingersite.com\/#organization"},"potentialAction":[{"@type":"SearchAction","target":{"@type":"EntryPoint","urlTemplate":"https:\/\/mediumseagreen-eel-531711.hostingersite.com\/?s={search_term_string}"},"query-input":{"@type":"PropertyValueSpecification","valueRequired":true,"valueName":"search_term_string"}}],"inLanguage":"fr-FR"},{"@type":"Organization","@id":"https:\/\/mediumseagreen-eel-531711.hostingersite.com\/#organization","name":"Bladna News.com","url":"https:\/\/mediumseagreen-eel-531711.hostingersite.com\/","logo":{"@type":"ImageObject","inLanguage":"fr-FR","@id":"https:\/\/mediumseagreen-eel-531711.hostingersite.com\/#\/schema\/logo\/image\/","url":"https:\/\/bladnanews.com\/wp-content\/uploads\/2025\/12\/logo-bladnanews-V2-web-black-red.png","contentUrl":"https:\/\/bladnanews.com\/wp-content\/uploads\/2025\/12\/logo-bladnanews-V2-web-black-red.png","width":703,"height":287,"caption":"Bladna News.com"},"image":{"@id":"https:\/\/mediumseagreen-eel-531711.hostingersite.com\/#\/schema\/logo\/image\/"},"email":"info@bladnanews.com","legalName":"Bladna News"},{"@type":"Person","@id":"https:\/\/mediumseagreen-eel-531711.hostingersite.com\/#\/schema\/person\/268e18a453ab080ebf76df6ef7845083","name":"\u00c9quipe r\u00e9dactionnelle de Bladna News","url":"https:\/\/bladnanews.com\/fr\/author\/bladna-news-staff\/"}]}},"_links":{"self":[{"href":"https:\/\/bladnanews.com\/fr\/wp-json\/wp\/v2\/posts\/5759","targetHints":{"allow":["GET"]}}],"collection":[{"href":"https:\/\/bladnanews.com\/fr\/wp-json\/wp\/v2\/posts"}],"about":[{"href":"https:\/\/bladnanews.com\/fr\/wp-json\/wp\/v2\/types\/post"}],"author":[{"embeddable":true,"href":"https:\/\/bladnanews.com\/fr\/wp-json\/wp\/v2\/users\/3"}],"replies":[{"embeddable":true,"href":"https:\/\/bladnanews.com\/fr\/wp-json\/wp\/v2\/comments?post=5759"}],"version-history":[{"count":0,"href":"https:\/\/bladnanews.com\/fr\/wp-json\/wp\/v2\/posts\/5759\/revisions"}],"wp:featuredmedia":[{"embeddable":true,"href":"https:\/\/bladnanews.com\/fr\/wp-json\/wp\/v2\/media\/5758"}],"wp:attachment":[{"href":"https:\/\/bladnanews.com\/fr\/wp-json\/wp\/v2\/media?parent=5759"}],"wp:term":[{"taxonomy":"category","embeddable":true,"href":"https:\/\/bladnanews.com\/fr\/wp-json\/wp\/v2\/categories?post=5759"},{"taxonomy":"post_tag","embeddable":true,"href":"https:\/\/bladnanews.com\/fr\/wp-json\/wp\/v2\/tags?post=5759"}],"curies":[{"name":"wp","href":"https:\/\/api.w.org\/{rel}","templated":true}]}}