{"id":5779,"date":"2026-01-10T17:11:59","date_gmt":"2026-01-10T17:11:59","guid":{"rendered":"https:\/\/bladnanews.com\/karim-benzema-future-in-focus-as-al-ittihad-deal-runs-down\/"},"modified":"2026-01-10T17:11:59","modified_gmt":"2026-01-10T17:11:59","slug":"lavenir-de-karim-benzema-en-point-de-mire-alors-que-son-contrat-avec-al-ittihad-arrive-a-son-terme","status":"publish","type":"post","link":"https:\/\/bladnanews.com\/fr\/lavenir-de-karim-benzema-en-point-de-mire-alors-que-son-contrat-avec-al-ittihad-arrive-a-son-terme\/","title":{"rendered":"L'avenir de Karim Benzema sous les projecteurs alors que son contrat avec Al Ittihad touche \u00e0 sa fin"},"content":{"rendered":"<p>L'avenir de Karim Benzema reste sous les projecteurs alors que son contrat avec Al-Ittihad continue de s'\u00e9couler, une vision plus claire \u00e9mergeant d\u00e9sormais sur la situation de l'ancien capitaine du Real Madrid.<\/p>\n<p>La l\u00e9gende du Real Madrid a rejoint l'Arabie Saoudite en 2023 apr\u00e8s avoir conclu un passage riche en troph\u00e9es au Bernabeu, s'engageant avec Al-Ittihad comme l'une des signatures les plus marquantes du Championnat saoudien. Depuis, Benzema m\u00e8ne l'attaque du club de Djeddah, tandis que des questions persistent sur la dur\u00e9e de son intention de rester au Moyen-Orient.<\/p>\n<p>En l'\u00e9tat, Benzema est toujours li\u00e9 \u00e0 Al-Ittihad et aucune confirmation officielle n'est venue modifier sa situation. La mise \u00e0 jour est qu'il reste sous contrat en Arabie Saoudite, son accord actuel arrivant progressivement \u00e0 \u00e9ch\u00e9ance, sans qu'aucune d\u00e9cision n'ait \u00e9t\u00e9 annonc\u00e9e publiquement.<\/p>\n<p>Benzema continue d'\u00eatre associ\u00e9 \u00e0 de possibles prochaines \u00e9tapes au fil de son temps en Arabie Saoudite, mais aucune d\u00e9claration confirm\u00e9e n'indique qu'il s'appr\u00eate \u00e0 quitter Al-Ittihad ou \u00e0 faire son retour dans le football europ\u00e9en \u00e0 ce stade.<\/p>\n<p>Pour l'instant, l'attention reste concentr\u00e9e sur la suite pour l'une des grandes figures modernes du Real Madrid, le statut contractuel de Benzema garantissant que son avenir continuera d'attirer l'attention alors que le compte \u00e0 rebours de son contrat avec Al-Ittihad se poursuit.<\/p>","protected":false},"excerpt":{"rendered":"<p>Karim Benzema\u2019s future remains in the spotlight as his Al-Ittihad contract continues to run down, with a clearer picture now [&hellip;]<\/p>\n","protected":false},"author":3,"featured_media":5778,"comment_status":"","ping_status":"open","sticky":false,"template":"","format":"standard","meta":{"googlesitekit_rrm_CAow_uzEDA:productID":"","site-sidebar-layout":"default","site-content-layout":"","ast-site-content-layout":"default","site-content-style":"default","site-sidebar-style":"default","ast-global-header-display":"","ast-banner-title-visibility":"","ast-main-header-display":"","ast-hfb-above-header-display":"","ast-hfb-below-header-display":"","ast-hfb-mobile-header-display":"","site-post-title":"","ast-breadcrumbs-content":"","ast-featured-img":"","footer-sml-layout":"","ast-disable-related-posts":"","theme-transparent-header-meta":"","adv-header-id-meta":"","stick-header-meta":"","header-above-stick-meta":"","header-main-stick-meta":"","header-below-stick-meta":"","astra-migrate-meta-layouts":"default","ast-page-background-enabled":"default","ast-page-background-meta":{"desktop":{"background-color":"var(--ast-global-color-5)","background-image":"","background-repeat":"repeat","background-position":"center center","background-size":"auto","background-attachment":"scroll","background-type":"","background-media":"","overlay-type":"","overlay-color":"","overlay-opacity":"","overlay-gradient":""},"tablet":{"background-color":"","background-image":"","background-repeat":"repeat","background-position":"center center","background-size":"auto","background-attachment":"scroll","background-type":"","background-media":"","overlay-type":"","overlay-color":"","overlay-opacity":"","overlay-gradient":""},"mobile":{"background-color":"","background-image":"","background-repeat":"repeat","background-position":"center center","background-size":"auto","background-attachment":"scroll","background-type":"","background-media":"","overlay-type":"","overlay-color":"","overlay-opacity":"","overlay-gradient":""}},"ast-content-background-meta":{"desktop":{"background-color":"var(--ast-global-color-4)","background-image":"","background-repeat":"repeat","background-position":"center center","background-size":"auto","background-attachment":"scroll","background-type":"","background-media":"","overlay-type":"","overlay-color":"","overlay-opacity":"","overlay-gradient":""},"tablet":{"background-color":"var(--ast-global-color-4)","background-image":"","background-repeat":"repeat","background-position":"center center","background-size":"auto","background-attachment":"scroll","background-type":"","background-media":"","overlay-type":"","overlay-color":"","overlay-opacity":"","overlay-gradient":""},"mobile":{"background-color":"var(--ast-global-color-4)","background-image":"","background-repeat":"repeat","background-position":"center center","background-size":"auto","background-attachment":"scroll","background-type":"","background-media":"","overlay-type":"","overlay-color":"","overlay-opacity":"","overlay-gradient":""}},"footnotes":""},"categories":[20,1],"tags":[],"class_list":["post-5779","post","type-post","status-publish","format-standard","has-post-thumbnail","hentry","category-international","category-football-latest-news"],"yoast_head":"<!-- This site is optimized with the Yoast SEO Premium plugin v26.6 (Yoast SEO v27.5) - https:\/\/yoast.com\/product\/yoast-seo-premium-wordpress\/ -->\n<title>Karim Benzema future in focus as Al Ittihad deal runs down - Bladna News<\/title>\n<meta name=\"robots\" content=\"index, follow, max-snippet:-1, max-image-preview:large, max-video-preview:-1\" \/>\n<link rel=\"canonical\" href=\"https:\/\/bladnanews.com\/fr\/lavenir-de-karim-benzema-en-point-de-mire-alors-que-son-contrat-avec-al-ittihad-arrive-a-son-terme\/\" \/>\n<meta property=\"og:locale\" content=\"fr_FR\" \/>\n<meta property=\"og:type\" content=\"article\" \/>\n<meta property=\"og:title\" content=\"Karim Benzema future in focus as Al Ittihad deal runs down\" \/>\n<meta property=\"og:description\" content=\"Karim Benzema\u2019s future remains in the spotlight as his Al-Ittihad contract continues to run down, with a clearer picture now [&hellip;]\" \/>\n<meta property=\"og:url\" content=\"https:\/\/bladnanews.com\/fr\/lavenir-de-karim-benzema-en-point-de-mire-alors-que-son-contrat-avec-al-ittihad-arrive-a-son-terme\/\" \/>\n<meta property=\"og:site_name\" content=\"Bladna News\" \/>\n<meta property=\"article:published_time\" content=\"2026-01-10T17:11:59+00:00\" \/>\n<meta property=\"og:image\" content=\"https:\/\/bladnanews.com\/wp-content\/uploads\/2025\/12\/freepik__bladna-newscom-moroccan-soccer-homepage-banner-mor__41838.png\" \/>\n\t<meta property=\"og:image:width\" content=\"1312\" \/>\n\t<meta property=\"og:image:height\" content=\"736\" \/>\n\t<meta property=\"og:image:type\" content=\"image\/png\" \/>\n<meta name=\"author\" content=\"Bladna News Staff\" \/>\n<meta name=\"twitter:card\" content=\"summary_large_image\" \/>\n<meta name=\"twitter:label1\" content=\"\u00c9crit par\" \/>\n\t<meta name=\"twitter:data1\" content=\"Bladna News Staff\" \/>\n\t<meta name=\"twitter:label2\" content=\"Dur\u00e9e de lecture estim\u00e9e\" \/>\n\t<meta name=\"twitter:data2\" content=\"1 minute\" \/>\n<script type=\"application\/ld+json\" class=\"yoast-schema-graph\">{\"@context\":\"https:\\\/\\\/schema.org\",\"@graph\":[{\"@type\":\"Article\",\"@id\":\"https:\\\/\\\/bladnanews.com\\\/karim-benzema-future-in-focus-as-al-ittihad-deal-runs-down\\\/#article\",\"isPartOf\":{\"@id\":\"https:\\\/\\\/bladnanews.com\\\/karim-benzema-future-in-focus-as-al-ittihad-deal-runs-down\\\/\"},\"author\":{\"name\":\"Bladna News Staff\",\"@id\":\"https:\\\/\\\/mediumseagreen-eel-531711.hostingersite.com\\\/#\\\/schema\\\/person\\\/268e18a453ab080ebf76df6ef7845083\"},\"headline\":\"Karim Benzema future in focus as Al Ittihad deal runs down\",\"datePublished\":\"2026-01-10T17:11:59+00:00\",\"mainEntityOfPage\":{\"@id\":\"https:\\\/\\\/bladnanews.com\\\/karim-benzema-future-in-focus-as-al-ittihad-deal-runs-down\\\/\"},\"wordCount\":221,\"publisher\":{\"@id\":\"https:\\\/\\\/mediumseagreen-eel-531711.hostingersite.com\\\/#organization\"},\"image\":{\"@id\":\"https:\\\/\\\/bladnanews.com\\\/karim-benzema-future-in-focus-as-al-ittihad-deal-runs-down\\\/#primaryimage\"},\"thumbnailUrl\":\"https:\\\/\\\/bladnanews.com\\\/wp-content\\\/uploads\\\/2026\\\/01\\\/BladnaNews-Karim-Benzema-future-in-focus-as-Al-Ittihad-deal-runs-down-2026-01-11T130952.957Z-scaled.jpg\",\"articleSection\":[\"International\",\"Latest News\"],\"inLanguage\":\"fr-FR\",\"copyrightYear\":\"2026\",\"copyrightHolder\":{\"@id\":\"https:\\\/\\\/bladnanews.com\\\/fr\\\/#organization\"}},{\"@type\":\"WebPage\",\"@id\":\"https:\\\/\\\/bladnanews.com\\\/karim-benzema-future-in-focus-as-al-ittihad-deal-runs-down\\\/\",\"url\":\"https:\\\/\\\/bladnanews.com\\\/karim-benzema-future-in-focus-as-al-ittihad-deal-runs-down\\\/\",\"name\":\"Karim Benzema future in focus as Al Ittihad deal runs down - Bladna News\",\"isPartOf\":{\"@id\":\"https:\\\/\\\/mediumseagreen-eel-531711.hostingersite.com\\\/#website\"},\"primaryImageOfPage\":{\"@id\":\"https:\\\/\\\/bladnanews.com\\\/karim-benzema-future-in-focus-as-al-ittihad-deal-runs-down\\\/#primaryimage\"},\"image\":{\"@id\":\"https:\\\/\\\/bladnanews.com\\\/karim-benzema-future-in-focus-as-al-ittihad-deal-runs-down\\\/#primaryimage\"},\"thumbnailUrl\":\"https:\\\/\\\/bladnanews.com\\\/wp-content\\\/uploads\\\/2026\\\/01\\\/BladnaNews-Karim-Benzema-future-in-focus-as-Al-Ittihad-deal-runs-down-2026-01-11T130952.957Z-scaled.jpg\",\"datePublished\":\"2026-01-10T17:11:59+00:00\",\"breadcrumb\":{\"@id\":\"https:\\\/\\\/bladnanews.com\\\/karim-benzema-future-in-focus-as-al-ittihad-deal-runs-down\\\/#breadcrumb\"},\"inLanguage\":\"fr-FR\",\"potentialAction\":[{\"@type\":\"ReadAction\",\"target\":[\"https:\\\/\\\/bladnanews.com\\\/karim-benzema-future-in-focus-as-al-ittihad-deal-runs-down\\\/\"]}]},{\"@type\":\"ImageObject\",\"inLanguage\":\"fr-FR\",\"@id\":\"https:\\\/\\\/bladnanews.com\\\/karim-benzema-future-in-focus-as-al-ittihad-deal-runs-down\\\/#primaryimage\",\"url\":\"https:\\\/\\\/bladnanews.com\\\/wp-content\\\/uploads\\\/2026\\\/01\\\/BladnaNews-Karim-Benzema-future-in-focus-as-Al-Ittihad-deal-runs-down-2026-01-11T130952.957Z-scaled.jpg\",\"contentUrl\":\"https:\\\/\\\/bladnanews.com\\\/wp-content\\\/uploads\\\/2026\\\/01\\\/BladnaNews-Karim-Benzema-future-in-focus-as-Al-Ittihad-deal-runs-down-2026-01-11T130952.957Z-scaled.jpg\",\"width\":2560,\"height\":1440,\"caption\":\"Karim Benzema in his black and yellow Ittihad Club kit, focused during a match, with teammates visible in the background.\"},{\"@type\":\"BreadcrumbList\",\"@id\":\"https:\\\/\\\/bladnanews.com\\\/karim-benzema-future-in-focus-as-al-ittihad-deal-runs-down\\\/#breadcrumb\",\"itemListElement\":[{\"@type\":\"ListItem\",\"position\":1,\"name\":\"Home\",\"item\":\"https:\\\/\\\/bladnanews.com\\\/\"},{\"@type\":\"ListItem\",\"position\":2,\"name\":\"Karim Benzema future in focus as Al Ittihad deal runs down\"}]},{\"@type\":\"WebSite\",\"@id\":\"https:\\\/\\\/mediumseagreen-eel-531711.hostingersite.com\\\/#website\",\"url\":\"https:\\\/\\\/mediumseagreen-eel-531711.hostingersite.com\\\/\",\"name\":\"Bladna News - Morocco\",\"description\":\"Where Moroccan Football Meets the World\",\"publisher\":{\"@id\":\"https:\\\/\\\/mediumseagreen-eel-531711.hostingersite.com\\\/#organization\"},\"potentialAction\":[{\"@type\":\"SearchAction\",\"target\":{\"@type\":\"EntryPoint\",\"urlTemplate\":\"https:\\\/\\\/mediumseagreen-eel-531711.hostingersite.com\\\/?s={search_term_string}\"},\"query-input\":{\"@type\":\"PropertyValueSpecification\",\"valueRequired\":true,\"valueName\":\"search_term_string\"}}],\"inLanguage\":\"fr-FR\"},{\"@type\":\"Organization\",\"@id\":\"https:\\\/\\\/mediumseagreen-eel-531711.hostingersite.com\\\/#organization\",\"name\":\"Bladna News.com\",\"url\":\"https:\\\/\\\/mediumseagreen-eel-531711.hostingersite.com\\\/\",\"logo\":{\"@type\":\"ImageObject\",\"inLanguage\":\"fr-FR\",\"@id\":\"https:\\\/\\\/mediumseagreen-eel-531711.hostingersite.com\\\/#\\\/schema\\\/logo\\\/image\\\/\",\"url\":\"https:\\\/\\\/bladnanews.com\\\/wp-content\\\/uploads\\\/2025\\\/12\\\/logo-bladnanews-V2-web-black-red.png\",\"contentUrl\":\"https:\\\/\\\/bladnanews.com\\\/wp-content\\\/uploads\\\/2025\\\/12\\\/logo-bladnanews-V2-web-black-red.png\",\"width\":703,\"height\":287,\"caption\":\"Bladna News.com\"},\"image\":{\"@id\":\"https:\\\/\\\/mediumseagreen-eel-531711.hostingersite.com\\\/#\\\/schema\\\/logo\\\/image\\\/\"},\"email\":\"info@bladnanews.com\",\"legalName\":\"Bladna News\"},{\"@type\":\"Person\",\"@id\":\"https:\\\/\\\/mediumseagreen-eel-531711.hostingersite.com\\\/#\\\/schema\\\/person\\\/268e18a453ab080ebf76df6ef7845083\",\"name\":\"Bladna News Staff\",\"url\":\"https:\\\/\\\/bladnanews.com\\\/fr\\\/author\\\/bladna-news-staff\\\/\"}]}<\/script>\n<!-- \/ Yoast SEO Premium plugin. -->","yoast_head_json":{"title":"L'avenir de Karim Benzema sous les projecteurs alors que son contrat avec Al Ittihad touche \u00e0 sa fin - Bladna News","robots":{"index":"index","follow":"follow","max-snippet":"max-snippet:-1","max-image-preview":"max-image-preview:large","max-video-preview":"max-video-preview:-1"},"canonical":"https:\/\/bladnanews.com\/fr\/lavenir-de-karim-benzema-en-point-de-mire-alors-que-son-contrat-avec-al-ittihad-arrive-a-son-terme\/","og_locale":"fr_FR","og_type":"article","og_title":"Karim Benzema future in focus as Al Ittihad deal runs down","og_description":"Karim Benzema\u2019s future remains in the spotlight as his Al-Ittihad contract continues to run down, with a clearer picture now [&hellip;]","og_url":"https:\/\/bladnanews.com\/fr\/lavenir-de-karim-benzema-en-point-de-mire-alors-que-son-contrat-avec-al-ittihad-arrive-a-son-terme\/","og_site_name":"Bladna News","article_published_time":"2026-01-10T17:11:59+00:00","og_image":[{"width":1312,"height":736,"url":"https:\/\/bladnanews.com\/wp-content\/uploads\/2025\/12\/freepik__bladna-newscom-moroccan-soccer-homepage-banner-mor__41838.png","type":"image\/png"}],"author":"Bladna News Staff","twitter_card":"summary_large_image","twitter_misc":{"\u00c9crit par":"Bladna News Staff","Dur\u00e9e de lecture estim\u00e9e":"1 minute"},"schema":{"@context":"https:\/\/schema.org","@graph":[{"@type":"Article","@id":"https:\/\/bladnanews.com\/karim-benzema-future-in-focus-as-al-ittihad-deal-runs-down\/#article","isPartOf":{"@id":"https:\/\/bladnanews.com\/karim-benzema-future-in-focus-as-al-ittihad-deal-runs-down\/"},"author":{"name":"Bladna News Staff","@id":"https:\/\/mediumseagreen-eel-531711.hostingersite.com\/#\/schema\/person\/268e18a453ab080ebf76df6ef7845083"},"headline":"Karim Benzema future in focus as Al Ittihad deal runs down","datePublished":"2026-01-10T17:11:59+00:00","mainEntityOfPage":{"@id":"https:\/\/bladnanews.com\/karim-benzema-future-in-focus-as-al-ittihad-deal-runs-down\/"},"wordCount":221,"publisher":{"@id":"https:\/\/mediumseagreen-eel-531711.hostingersite.com\/#organization"},"image":{"@id":"https:\/\/bladnanews.com\/karim-benzema-future-in-focus-as-al-ittihad-deal-runs-down\/#primaryimage"},"thumbnailUrl":"https:\/\/bladnanews.com\/wp-content\/uploads\/2026\/01\/BladnaNews-Karim-Benzema-future-in-focus-as-Al-Ittihad-deal-runs-down-2026-01-11T130952.957Z-scaled.jpg","articleSection":["International","Latest News"],"inLanguage":"fr-FR","copyrightYear":"2026","copyrightHolder":{"@id":"https:\/\/bladnanews.com\/fr\/#organization"}},{"@type":"WebPage","@id":"https:\/\/bladnanews.com\/karim-benzema-future-in-focus-as-al-ittihad-deal-runs-down\/","url":"https:\/\/bladnanews.com\/karim-benzema-future-in-focus-as-al-ittihad-deal-runs-down\/","name":"L'avenir de Karim Benzema sous les projecteurs alors que son contrat avec Al Ittihad touche \u00e0 sa fin - Bladna News","isPartOf":{"@id":"https:\/\/mediumseagreen-eel-531711.hostingersite.com\/#website"},"primaryImageOfPage":{"@id":"https:\/\/bladnanews.com\/karim-benzema-future-in-focus-as-al-ittihad-deal-runs-down\/#primaryimage"},"image":{"@id":"https:\/\/bladnanews.com\/karim-benzema-future-in-focus-as-al-ittihad-deal-runs-down\/#primaryimage"},"thumbnailUrl":"https:\/\/bladnanews.com\/wp-content\/uploads\/2026\/01\/BladnaNews-Karim-Benzema-future-in-focus-as-Al-Ittihad-deal-runs-down-2026-01-11T130952.957Z-scaled.jpg","datePublished":"2026-01-10T17:11:59+00:00","breadcrumb":{"@id":"https:\/\/bladnanews.com\/karim-benzema-future-in-focus-as-al-ittihad-deal-runs-down\/#breadcrumb"},"inLanguage":"fr-FR","potentialAction":[{"@type":"ReadAction","target":["https:\/\/bladnanews.com\/karim-benzema-future-in-focus-as-al-ittihad-deal-runs-down\/"]}]},{"@type":"ImageObject","inLanguage":"fr-FR","@id":"https:\/\/bladnanews.com\/karim-benzema-future-in-focus-as-al-ittihad-deal-runs-down\/#primaryimage","url":"https:\/\/bladnanews.com\/wp-content\/uploads\/2026\/01\/BladnaNews-Karim-Benzema-future-in-focus-as-Al-Ittihad-deal-runs-down-2026-01-11T130952.957Z-scaled.jpg","contentUrl":"https:\/\/bladnanews.com\/wp-content\/uploads\/2026\/01\/BladnaNews-Karim-Benzema-future-in-focus-as-Al-Ittihad-deal-runs-down-2026-01-11T130952.957Z-scaled.jpg","width":2560,"height":1440,"caption":"Karim Benzema in his black and yellow Ittihad Club kit, focused during a match, with teammates visible in the background."},{"@type":"BreadcrumbList","@id":"https:\/\/bladnanews.com\/karim-benzema-future-in-focus-as-al-ittihad-deal-runs-down\/#breadcrumb","itemListElement":[{"@type":"ListItem","position":1,"name":"Home","item":"https:\/\/bladnanews.com\/"},{"@type":"ListItem","position":2,"name":"Karim Benzema future in focus as Al Ittihad deal runs down"}]},{"@type":"WebSite","@id":"https:\/\/mediumseagreen-eel-531711.hostingersite.com\/#website","url":"https:\/\/mediumseagreen-eel-531711.hostingersite.com\/","name":"Bladna News - Maroc","description":"Quand le football marocain rencontre le monde","publisher":{"@id":"https:\/\/mediumseagreen-eel-531711.hostingersite.com\/#organization"},"potentialAction":[{"@type":"SearchAction","target":{"@type":"EntryPoint","urlTemplate":"https:\/\/mediumseagreen-eel-531711.hostingersite.com\/?s={search_term_string}"},"query-input":{"@type":"PropertyValueSpecification","valueRequired":true,"valueName":"search_term_string"}}],"inLanguage":"fr-FR"},{"@type":"Organization","@id":"https:\/\/mediumseagreen-eel-531711.hostingersite.com\/#organization","name":"Bladna News.com","url":"https:\/\/mediumseagreen-eel-531711.hostingersite.com\/","logo":{"@type":"ImageObject","inLanguage":"fr-FR","@id":"https:\/\/mediumseagreen-eel-531711.hostingersite.com\/#\/schema\/logo\/image\/","url":"https:\/\/bladnanews.com\/wp-content\/uploads\/2025\/12\/logo-bladnanews-V2-web-black-red.png","contentUrl":"https:\/\/bladnanews.com\/wp-content\/uploads\/2025\/12\/logo-bladnanews-V2-web-black-red.png","width":703,"height":287,"caption":"Bladna News.com"},"image":{"@id":"https:\/\/mediumseagreen-eel-531711.hostingersite.com\/#\/schema\/logo\/image\/"},"email":"info@bladnanews.com","legalName":"Bladna News"},{"@type":"Person","@id":"https:\/\/mediumseagreen-eel-531711.hostingersite.com\/#\/schema\/person\/268e18a453ab080ebf76df6ef7845083","name":"\u00c9quipe r\u00e9dactionnelle de Bladna News","url":"https:\/\/bladnanews.com\/fr\/author\/bladna-news-staff\/"}]}},"_links":{"self":[{"href":"https:\/\/bladnanews.com\/fr\/wp-json\/wp\/v2\/posts\/5779","targetHints":{"allow":["GET"]}}],"collection":[{"href":"https:\/\/bladnanews.com\/fr\/wp-json\/wp\/v2\/posts"}],"about":[{"href":"https:\/\/bladnanews.com\/fr\/wp-json\/wp\/v2\/types\/post"}],"author":[{"embeddable":true,"href":"https:\/\/bladnanews.com\/fr\/wp-json\/wp\/v2\/users\/3"}],"replies":[{"embeddable":true,"href":"https:\/\/bladnanews.com\/fr\/wp-json\/wp\/v2\/comments?post=5779"}],"version-history":[{"count":0,"href":"https:\/\/bladnanews.com\/fr\/wp-json\/wp\/v2\/posts\/5779\/revisions"}],"wp:featuredmedia":[{"embeddable":true,"href":"https:\/\/bladnanews.com\/fr\/wp-json\/wp\/v2\/media\/5778"}],"wp:attachment":[{"href":"https:\/\/bladnanews.com\/fr\/wp-json\/wp\/v2\/media?parent=5779"}],"wp:term":[{"taxonomy":"category","embeddable":true,"href":"https:\/\/bladnanews.com\/fr\/wp-json\/wp\/v2\/categories?post=5779"},{"taxonomy":"post_tag","embeddable":true,"href":"https:\/\/bladnanews.com\/fr\/wp-json\/wp\/v2\/tags?post=5779"}],"curies":[{"name":"wp","href":"https:\/\/api.w.org\/{rel}","templated":true}]}}