{"id":5781,"date":"2026-01-10T18:18:56","date_gmt":"2026-01-10T18:18:56","guid":{"rendered":"https:\/\/bladnanews.com\/macclesfield-star-pays-tribute-after-crystal-palace-win\/"},"modified":"2026-01-10T18:18:56","modified_gmt":"2026-01-10T18:18:56","slug":"macclesfield-star-rend-hommage-apres-la-victoire-de-crystal-palace","status":"publish","type":"post","link":"https:\/\/bladnanews.com\/fr\/macclesfield-star-rend-hommage-apres-la-victoire-de-crystal-palace\/","title":{"rendered":"La star de Macclesfield rend hommage apr\u00e8s la victoire de Crystal Palace"},"content":{"rendered":"<p>La victoire historique de Macclesfield contre Crystal Palace a \u00e9t\u00e9 suivie d'un hommage \u00e9mouvant de l'un de leurs joueurs, qui a insist\u00e9 sur le fait que le r\u00e9sultat \u00e9tait pour leur co\u00e9quipier d\u00e9c\u00e9d\u00e9 Ethan apr\u00e8s que le jeune homme de 21 ans ait perdu la vie dans un accident de voiture.<\/p>\n<p>Dans les instants qui ont suivi le coup de sifflet final, la star de Macclesfield a clairement exprim\u00e9 ce que la victoire signifiait pour l'\u00e9quipe, en disant : <em>\u201c C'\u00e9tait pour Ethan. \u201d<\/em><\/p>\n<p>Le joueur a expliqu\u00e9 \u00e0 quel point le groupe \u00e9tait devenu soud\u00e9 et comment la perte avait touch\u00e9 le club, Macclesfield profitant de l'occasion pour honorer la m\u00e9moire d'Ethan alors qu'ils c\u00e9l\u00e9braient un r\u00e9sultat marquant contre une \u00e9quipe de Premier League.<\/p>\n<p>La victoire a \u00e9t\u00e9 d\u00e9crite comme une nuit sp\u00e9ciale pour tous ceux qui sont li\u00e9s \u00e0 Macclesfield, mais les \u00e9motions \u00e9taient partag\u00e9es alors que l'\u00e9quipe d\u00e9diait l'occasion \u00e0 leur ancien co\u00e9quipier.<\/p>\n<p>Le message de Macclesfield \u00e9tait simple apr\u00e8s leur triomphe contre Crystal Palace : la performance et le r\u00e9sultat \u00e9taient un hommage \u00e0 Ethan, dont la mort \u00e0 l'\u00e2ge de 21 ans a laiss\u00e9 le club en deuil.<\/p>","protected":false},"excerpt":{"rendered":"<p>Macclesfield\u2019s historic win over Crystal Palace was followed by an emotional tribute from one of their players, who insisted the [&hellip;]<\/p>\n","protected":false},"author":3,"featured_media":5780,"comment_status":"","ping_status":"open","sticky":false,"template":"","format":"standard","meta":{"googlesitekit_rrm_CAow_uzEDA:productID":"","site-sidebar-layout":"default","site-content-layout":"","ast-site-content-layout":"default","site-content-style":"default","site-sidebar-style":"default","ast-global-header-display":"","ast-banner-title-visibility":"","ast-main-header-display":"","ast-hfb-above-header-display":"","ast-hfb-below-header-display":"","ast-hfb-mobile-header-display":"","site-post-title":"","ast-breadcrumbs-content":"","ast-featured-img":"","footer-sml-layout":"","ast-disable-related-posts":"","theme-transparent-header-meta":"","adv-header-id-meta":"","stick-header-meta":"","header-above-stick-meta":"","header-main-stick-meta":"","header-below-stick-meta":"","astra-migrate-meta-layouts":"default","ast-page-background-enabled":"default","ast-page-background-meta":{"desktop":{"background-color":"var(--ast-global-color-5)","background-image":"","background-repeat":"repeat","background-position":"center center","background-size":"auto","background-attachment":"scroll","background-type":"","background-media":"","overlay-type":"","overlay-color":"","overlay-opacity":"","overlay-gradient":""},"tablet":{"background-color":"","background-image":"","background-repeat":"repeat","background-position":"center center","background-size":"auto","background-attachment":"scroll","background-type":"","background-media":"","overlay-type":"","overlay-color":"","overlay-opacity":"","overlay-gradient":""},"mobile":{"background-color":"","background-image":"","background-repeat":"repeat","background-position":"center center","background-size":"auto","background-attachment":"scroll","background-type":"","background-media":"","overlay-type":"","overlay-color":"","overlay-opacity":"","overlay-gradient":""}},"ast-content-background-meta":{"desktop":{"background-color":"var(--ast-global-color-4)","background-image":"","background-repeat":"repeat","background-position":"center center","background-size":"auto","background-attachment":"scroll","background-type":"","background-media":"","overlay-type":"","overlay-color":"","overlay-opacity":"","overlay-gradient":""},"tablet":{"background-color":"var(--ast-global-color-4)","background-image":"","background-repeat":"repeat","background-position":"center center","background-size":"auto","background-attachment":"scroll","background-type":"","background-media":"","overlay-type":"","overlay-color":"","overlay-opacity":"","overlay-gradient":""},"mobile":{"background-color":"var(--ast-global-color-4)","background-image":"","background-repeat":"repeat","background-position":"center center","background-size":"auto","background-attachment":"scroll","background-type":"","background-media":"","overlay-type":"","overlay-color":"","overlay-opacity":"","overlay-gradient":""}},"footnotes":""},"categories":[20,1],"tags":[],"class_list":["post-5781","post","type-post","status-publish","format-standard","has-post-thumbnail","hentry","category-international","category-football-latest-news"],"yoast_head":"<!-- This site is optimized with the Yoast SEO Premium plugin v26.6 (Yoast SEO v27.5) - https:\/\/yoast.com\/product\/yoast-seo-premium-wordpress\/ -->\n<title>Macclesfield star pays tribute after Crystal Palace win - Bladna News<\/title>\n<meta name=\"robots\" content=\"index, follow, max-snippet:-1, max-image-preview:large, max-video-preview:-1\" \/>\n<link rel=\"canonical\" href=\"https:\/\/bladnanews.com\/fr\/macclesfield-star-rend-hommage-apres-la-victoire-de-crystal-palace\/\" \/>\n<meta property=\"og:locale\" content=\"fr_FR\" \/>\n<meta property=\"og:type\" content=\"article\" \/>\n<meta property=\"og:title\" content=\"Macclesfield star pays tribute after Crystal Palace win\" \/>\n<meta property=\"og:description\" content=\"Macclesfield\u2019s historic win over Crystal Palace was followed by an emotional tribute from one of their players, who insisted the [&hellip;]\" \/>\n<meta property=\"og:url\" content=\"https:\/\/bladnanews.com\/fr\/macclesfield-star-rend-hommage-apres-la-victoire-de-crystal-palace\/\" \/>\n<meta property=\"og:site_name\" content=\"Bladna News\" \/>\n<meta property=\"article:published_time\" content=\"2026-01-10T18:18:56+00:00\" \/>\n<meta property=\"og:image\" content=\"https:\/\/bladnanews.com\/wp-content\/uploads\/2025\/12\/freepik__bladna-newscom-moroccan-soccer-homepage-banner-mor__41838.png\" \/>\n\t<meta property=\"og:image:width\" content=\"1312\" \/>\n\t<meta property=\"og:image:height\" content=\"736\" \/>\n\t<meta property=\"og:image:type\" content=\"image\/png\" \/>\n<meta name=\"author\" content=\"Bladna News Staff\" \/>\n<meta name=\"twitter:card\" content=\"summary_large_image\" \/>\n<meta name=\"twitter:label1\" content=\"\u00c9crit par\" \/>\n\t<meta name=\"twitter:data1\" content=\"Bladna News Staff\" \/>\n\t<meta name=\"twitter:label2\" content=\"Dur\u00e9e de lecture estim\u00e9e\" \/>\n\t<meta name=\"twitter:data2\" content=\"1 minute\" \/>\n<script type=\"application\/ld+json\" class=\"yoast-schema-graph\">{\"@context\":\"https:\\\/\\\/schema.org\",\"@graph\":[{\"@type\":\"Article\",\"@id\":\"https:\\\/\\\/bladnanews.com\\\/macclesfield-star-pays-tribute-after-crystal-palace-win\\\/#article\",\"isPartOf\":{\"@id\":\"https:\\\/\\\/bladnanews.com\\\/macclesfield-star-pays-tribute-after-crystal-palace-win\\\/\"},\"author\":{\"name\":\"Bladna News Staff\",\"@id\":\"https:\\\/\\\/mediumseagreen-eel-531711.hostingersite.com\\\/#\\\/schema\\\/person\\\/268e18a453ab080ebf76df6ef7845083\"},\"headline\":\"Macclesfield star pays tribute after Crystal Palace win\",\"datePublished\":\"2026-01-10T18:18:56+00:00\",\"mainEntityOfPage\":{\"@id\":\"https:\\\/\\\/bladnanews.com\\\/macclesfield-star-pays-tribute-after-crystal-palace-win\\\/\"},\"wordCount\":164,\"publisher\":{\"@id\":\"https:\\\/\\\/mediumseagreen-eel-531711.hostingersite.com\\\/#organization\"},\"image\":{\"@id\":\"https:\\\/\\\/bladnanews.com\\\/macclesfield-star-pays-tribute-after-crystal-palace-win\\\/#primaryimage\"},\"thumbnailUrl\":\"https:\\\/\\\/bladnanews.com\\\/wp-content\\\/uploads\\\/2026\\\/01\\\/BladnaNews-Macclesfield-star-pays-tribute-after-Crystal-Palace-win-2026-01-11T131021.257Z-scaled.jpg\",\"articleSection\":[\"International\",\"Latest News\"],\"inLanguage\":\"fr-FR\",\"copyrightYear\":\"2026\",\"copyrightHolder\":{\"@id\":\"https:\\\/\\\/bladnanews.com\\\/fr\\\/#organization\"}},{\"@type\":\"WebPage\",\"@id\":\"https:\\\/\\\/bladnanews.com\\\/macclesfield-star-pays-tribute-after-crystal-palace-win\\\/\",\"url\":\"https:\\\/\\\/bladnanews.com\\\/macclesfield-star-pays-tribute-after-crystal-palace-win\\\/\",\"name\":\"Macclesfield star pays tribute after Crystal Palace win - Bladna News\",\"isPartOf\":{\"@id\":\"https:\\\/\\\/mediumseagreen-eel-531711.hostingersite.com\\\/#website\"},\"primaryImageOfPage\":{\"@id\":\"https:\\\/\\\/bladnanews.com\\\/macclesfield-star-pays-tribute-after-crystal-palace-win\\\/#primaryimage\"},\"image\":{\"@id\":\"https:\\\/\\\/bladnanews.com\\\/macclesfield-star-pays-tribute-after-crystal-palace-win\\\/#primaryimage\"},\"thumbnailUrl\":\"https:\\\/\\\/bladnanews.com\\\/wp-content\\\/uploads\\\/2026\\\/01\\\/BladnaNews-Macclesfield-star-pays-tribute-after-Crystal-Palace-win-2026-01-11T131021.257Z-scaled.jpg\",\"datePublished\":\"2026-01-10T18:18:56+00:00\",\"breadcrumb\":{\"@id\":\"https:\\\/\\\/bladnanews.com\\\/macclesfield-star-pays-tribute-after-crystal-palace-win\\\/#breadcrumb\"},\"inLanguage\":\"fr-FR\",\"potentialAction\":[{\"@type\":\"ReadAction\",\"target\":[\"https:\\\/\\\/bladnanews.com\\\/macclesfield-star-pays-tribute-after-crystal-palace-win\\\/\"]}]},{\"@type\":\"ImageObject\",\"inLanguage\":\"fr-FR\",\"@id\":\"https:\\\/\\\/bladnanews.com\\\/macclesfield-star-pays-tribute-after-crystal-palace-win\\\/#primaryimage\",\"url\":\"https:\\\/\\\/bladnanews.com\\\/wp-content\\\/uploads\\\/2026\\\/01\\\/BladnaNews-Macclesfield-star-pays-tribute-after-Crystal-Palace-win-2026-01-11T131021.257Z-scaled.jpg\",\"contentUrl\":\"https:\\\/\\\/bladnanews.com\\\/wp-content\\\/uploads\\\/2026\\\/01\\\/BladnaNews-Macclesfield-star-pays-tribute-after-Crystal-Palace-win-2026-01-11T131021.257Z-scaled.jpg\",\"width\":2560,\"height\":1440,\"caption\":\"Macclesfield players celebrate joyfully, wearing blue jerseys, after a match victory, one displaying a captain's armband, with fans in the background.\"},{\"@type\":\"BreadcrumbList\",\"@id\":\"https:\\\/\\\/bladnanews.com\\\/macclesfield-star-pays-tribute-after-crystal-palace-win\\\/#breadcrumb\",\"itemListElement\":[{\"@type\":\"ListItem\",\"position\":1,\"name\":\"Home\",\"item\":\"https:\\\/\\\/bladnanews.com\\\/\"},{\"@type\":\"ListItem\",\"position\":2,\"name\":\"Macclesfield star pays tribute after Crystal Palace win\"}]},{\"@type\":\"WebSite\",\"@id\":\"https:\\\/\\\/mediumseagreen-eel-531711.hostingersite.com\\\/#website\",\"url\":\"https:\\\/\\\/mediumseagreen-eel-531711.hostingersite.com\\\/\",\"name\":\"Bladna News - Morocco\",\"description\":\"Where Moroccan Football Meets the World\",\"publisher\":{\"@id\":\"https:\\\/\\\/mediumseagreen-eel-531711.hostingersite.com\\\/#organization\"},\"potentialAction\":[{\"@type\":\"SearchAction\",\"target\":{\"@type\":\"EntryPoint\",\"urlTemplate\":\"https:\\\/\\\/mediumseagreen-eel-531711.hostingersite.com\\\/?s={search_term_string}\"},\"query-input\":{\"@type\":\"PropertyValueSpecification\",\"valueRequired\":true,\"valueName\":\"search_term_string\"}}],\"inLanguage\":\"fr-FR\"},{\"@type\":\"Organization\",\"@id\":\"https:\\\/\\\/mediumseagreen-eel-531711.hostingersite.com\\\/#organization\",\"name\":\"Bladna News.com\",\"url\":\"https:\\\/\\\/mediumseagreen-eel-531711.hostingersite.com\\\/\",\"logo\":{\"@type\":\"ImageObject\",\"inLanguage\":\"fr-FR\",\"@id\":\"https:\\\/\\\/mediumseagreen-eel-531711.hostingersite.com\\\/#\\\/schema\\\/logo\\\/image\\\/\",\"url\":\"https:\\\/\\\/bladnanews.com\\\/wp-content\\\/uploads\\\/2025\\\/12\\\/logo-bladnanews-V2-web-black-red.png\",\"contentUrl\":\"https:\\\/\\\/bladnanews.com\\\/wp-content\\\/uploads\\\/2025\\\/12\\\/logo-bladnanews-V2-web-black-red.png\",\"width\":703,\"height\":287,\"caption\":\"Bladna News.com\"},\"image\":{\"@id\":\"https:\\\/\\\/mediumseagreen-eel-531711.hostingersite.com\\\/#\\\/schema\\\/logo\\\/image\\\/\"},\"email\":\"info@bladnanews.com\",\"legalName\":\"Bladna News\"},{\"@type\":\"Person\",\"@id\":\"https:\\\/\\\/mediumseagreen-eel-531711.hostingersite.com\\\/#\\\/schema\\\/person\\\/268e18a453ab080ebf76df6ef7845083\",\"name\":\"Bladna News Staff\",\"url\":\"https:\\\/\\\/bladnanews.com\\\/fr\\\/author\\\/bladna-news-staff\\\/\"}]}<\/script>\n<!-- \/ Yoast SEO Premium plugin. -->","yoast_head_json":{"title":"La star de Macclesfield rend hommage apr\u00e8s la victoire de Crystal Palace - Bladna News","robots":{"index":"index","follow":"follow","max-snippet":"max-snippet:-1","max-image-preview":"max-image-preview:large","max-video-preview":"max-video-preview:-1"},"canonical":"https:\/\/bladnanews.com\/fr\/macclesfield-star-rend-hommage-apres-la-victoire-de-crystal-palace\/","og_locale":"fr_FR","og_type":"article","og_title":"Macclesfield star pays tribute after Crystal Palace win","og_description":"Macclesfield\u2019s historic win over Crystal Palace was followed by an emotional tribute from one of their players, who insisted the [&hellip;]","og_url":"https:\/\/bladnanews.com\/fr\/macclesfield-star-rend-hommage-apres-la-victoire-de-crystal-palace\/","og_site_name":"Bladna News","article_published_time":"2026-01-10T18:18:56+00:00","og_image":[{"width":1312,"height":736,"url":"https:\/\/bladnanews.com\/wp-content\/uploads\/2025\/12\/freepik__bladna-newscom-moroccan-soccer-homepage-banner-mor__41838.png","type":"image\/png"}],"author":"Bladna News Staff","twitter_card":"summary_large_image","twitter_misc":{"\u00c9crit par":"Bladna News Staff","Dur\u00e9e de lecture estim\u00e9e":"1 minute"},"schema":{"@context":"https:\/\/schema.org","@graph":[{"@type":"Article","@id":"https:\/\/bladnanews.com\/macclesfield-star-pays-tribute-after-crystal-palace-win\/#article","isPartOf":{"@id":"https:\/\/bladnanews.com\/macclesfield-star-pays-tribute-after-crystal-palace-win\/"},"author":{"name":"Bladna News Staff","@id":"https:\/\/mediumseagreen-eel-531711.hostingersite.com\/#\/schema\/person\/268e18a453ab080ebf76df6ef7845083"},"headline":"Macclesfield star pays tribute after Crystal Palace win","datePublished":"2026-01-10T18:18:56+00:00","mainEntityOfPage":{"@id":"https:\/\/bladnanews.com\/macclesfield-star-pays-tribute-after-crystal-palace-win\/"},"wordCount":164,"publisher":{"@id":"https:\/\/mediumseagreen-eel-531711.hostingersite.com\/#organization"},"image":{"@id":"https:\/\/bladnanews.com\/macclesfield-star-pays-tribute-after-crystal-palace-win\/#primaryimage"},"thumbnailUrl":"https:\/\/bladnanews.com\/wp-content\/uploads\/2026\/01\/BladnaNews-Macclesfield-star-pays-tribute-after-Crystal-Palace-win-2026-01-11T131021.257Z-scaled.jpg","articleSection":["International","Latest News"],"inLanguage":"fr-FR","copyrightYear":"2026","copyrightHolder":{"@id":"https:\/\/bladnanews.com\/fr\/#organization"}},{"@type":"WebPage","@id":"https:\/\/bladnanews.com\/macclesfield-star-pays-tribute-after-crystal-palace-win\/","url":"https:\/\/bladnanews.com\/macclesfield-star-pays-tribute-after-crystal-palace-win\/","name":"La star de Macclesfield rend hommage apr\u00e8s la victoire de Crystal Palace - Bladna News","isPartOf":{"@id":"https:\/\/mediumseagreen-eel-531711.hostingersite.com\/#website"},"primaryImageOfPage":{"@id":"https:\/\/bladnanews.com\/macclesfield-star-pays-tribute-after-crystal-palace-win\/#primaryimage"},"image":{"@id":"https:\/\/bladnanews.com\/macclesfield-star-pays-tribute-after-crystal-palace-win\/#primaryimage"},"thumbnailUrl":"https:\/\/bladnanews.com\/wp-content\/uploads\/2026\/01\/BladnaNews-Macclesfield-star-pays-tribute-after-Crystal-Palace-win-2026-01-11T131021.257Z-scaled.jpg","datePublished":"2026-01-10T18:18:56+00:00","breadcrumb":{"@id":"https:\/\/bladnanews.com\/macclesfield-star-pays-tribute-after-crystal-palace-win\/#breadcrumb"},"inLanguage":"fr-FR","potentialAction":[{"@type":"ReadAction","target":["https:\/\/bladnanews.com\/macclesfield-star-pays-tribute-after-crystal-palace-win\/"]}]},{"@type":"ImageObject","inLanguage":"fr-FR","@id":"https:\/\/bladnanews.com\/macclesfield-star-pays-tribute-after-crystal-palace-win\/#primaryimage","url":"https:\/\/bladnanews.com\/wp-content\/uploads\/2026\/01\/BladnaNews-Macclesfield-star-pays-tribute-after-Crystal-Palace-win-2026-01-11T131021.257Z-scaled.jpg","contentUrl":"https:\/\/bladnanews.com\/wp-content\/uploads\/2026\/01\/BladnaNews-Macclesfield-star-pays-tribute-after-Crystal-Palace-win-2026-01-11T131021.257Z-scaled.jpg","width":2560,"height":1440,"caption":"Macclesfield players celebrate joyfully, wearing blue jerseys, after a match victory, one displaying a captain's armband, with fans in the background."},{"@type":"BreadcrumbList","@id":"https:\/\/bladnanews.com\/macclesfield-star-pays-tribute-after-crystal-palace-win\/#breadcrumb","itemListElement":[{"@type":"ListItem","position":1,"name":"Home","item":"https:\/\/bladnanews.com\/"},{"@type":"ListItem","position":2,"name":"Macclesfield star pays tribute after Crystal Palace win"}]},{"@type":"WebSite","@id":"https:\/\/mediumseagreen-eel-531711.hostingersite.com\/#website","url":"https:\/\/mediumseagreen-eel-531711.hostingersite.com\/","name":"Bladna News - Maroc","description":"Quand le football marocain rencontre le monde","publisher":{"@id":"https:\/\/mediumseagreen-eel-531711.hostingersite.com\/#organization"},"potentialAction":[{"@type":"SearchAction","target":{"@type":"EntryPoint","urlTemplate":"https:\/\/mediumseagreen-eel-531711.hostingersite.com\/?s={search_term_string}"},"query-input":{"@type":"PropertyValueSpecification","valueRequired":true,"valueName":"search_term_string"}}],"inLanguage":"fr-FR"},{"@type":"Organization","@id":"https:\/\/mediumseagreen-eel-531711.hostingersite.com\/#organization","name":"Bladna News.com","url":"https:\/\/mediumseagreen-eel-531711.hostingersite.com\/","logo":{"@type":"ImageObject","inLanguage":"fr-FR","@id":"https:\/\/mediumseagreen-eel-531711.hostingersite.com\/#\/schema\/logo\/image\/","url":"https:\/\/bladnanews.com\/wp-content\/uploads\/2025\/12\/logo-bladnanews-V2-web-black-red.png","contentUrl":"https:\/\/bladnanews.com\/wp-content\/uploads\/2025\/12\/logo-bladnanews-V2-web-black-red.png","width":703,"height":287,"caption":"Bladna News.com"},"image":{"@id":"https:\/\/mediumseagreen-eel-531711.hostingersite.com\/#\/schema\/logo\/image\/"},"email":"info@bladnanews.com","legalName":"Bladna News"},{"@type":"Person","@id":"https:\/\/mediumseagreen-eel-531711.hostingersite.com\/#\/schema\/person\/268e18a453ab080ebf76df6ef7845083","name":"\u00c9quipe r\u00e9dactionnelle de Bladna News","url":"https:\/\/bladnanews.com\/fr\/author\/bladna-news-staff\/"}]}},"_links":{"self":[{"href":"https:\/\/bladnanews.com\/fr\/wp-json\/wp\/v2\/posts\/5781","targetHints":{"allow":["GET"]}}],"collection":[{"href":"https:\/\/bladnanews.com\/fr\/wp-json\/wp\/v2\/posts"}],"about":[{"href":"https:\/\/bladnanews.com\/fr\/wp-json\/wp\/v2\/types\/post"}],"author":[{"embeddable":true,"href":"https:\/\/bladnanews.com\/fr\/wp-json\/wp\/v2\/users\/3"}],"replies":[{"embeddable":true,"href":"https:\/\/bladnanews.com\/fr\/wp-json\/wp\/v2\/comments?post=5781"}],"version-history":[{"count":0,"href":"https:\/\/bladnanews.com\/fr\/wp-json\/wp\/v2\/posts\/5781\/revisions"}],"wp:featuredmedia":[{"embeddable":true,"href":"https:\/\/bladnanews.com\/fr\/wp-json\/wp\/v2\/media\/5780"}],"wp:attachment":[{"href":"https:\/\/bladnanews.com\/fr\/wp-json\/wp\/v2\/media?parent=5781"}],"wp:term":[{"taxonomy":"category","embeddable":true,"href":"https:\/\/bladnanews.com\/fr\/wp-json\/wp\/v2\/categories?post=5781"},{"taxonomy":"post_tag","embeddable":true,"href":"https:\/\/bladnanews.com\/fr\/wp-json\/wp\/v2\/tags?post=5781"}],"curies":[{"name":"wp","href":"https:\/\/api.w.org\/{rel}","templated":true}]}}