{"id":5783,"date":"2026-01-10T18:25:39","date_gmt":"2026-01-10T18:25:39","guid":{"rendered":"https:\/\/bladnanews.com\/who-are-macclesfield-fc-after-fa-cup-win-over-palace\/"},"modified":"2026-01-10T18:25:39","modified_gmt":"2026-01-10T18:25:39","slug":"qui-sont-les-macclesfield-fc-apres-leur-victoire-en-fa-cup-contre-palace","status":"publish","type":"post","link":"https:\/\/bladnanews.com\/fr\/qui-sont-les-macclesfield-fc-apres-leur-victoire-en-fa-cup-contre-palace\/","title":{"rendered":"Qui sont Macclesfield FC apr\u00e8s leur victoire en FA Cup contre Palace"},"content":{"rendered":"<p>Macclesfield FC a fait la une des journaux nationaux apr\u00e8s une victoire historique en FA Cup contre Crystal Palace, ramenant les projecteurs sur l'un des noms les plus familiers du football anglais en dehors de l'EFL.<\/p>\n<p>Surnomm\u00e9s les Silkmen, le club joue ses matchs \u00e0 domicile au Moss Rose et a rapidement reconstruit son identit\u00e9 depuis sa cr\u00e9ation en 2020, suite \u00e0 la disparition de Macclesfield Town. Le nouveau club a recommenc\u00e9 en North West Counties League et a rapidement gravi les \u00e9chelons du football non professionnel, retrouvant un fort soutien local.<\/p>\n<p>Leur parcours en coupe a atteint un nouveau niveau avec cette victoire face \u00e0 une \u00e9quipe de Premier League, un r\u00e9sultat qui restera comme l'un des plus grands de l'histoire du club. Pour Macclesfield, battre Palace n'\u00e9tait pas seulement une surprise, mais un moment qui a soulign\u00e9 le chemin parcouru en peu de temps et ce que la FA Cup peut encore produire.<\/p>\n<p>L'ascension de Macclesfield a \u00e9t\u00e9 aliment\u00e9e par une affluence importante pour son niveau et une approche ambitieuse sur et en dehors du terrain, le club visant \u00e0 retrouver un statut professionnel et \u00e0 se r\u00e9affirmer comme une force dans la r\u00e9gion. Le nom, le stade et les liens communautaires ont rendu ce projet familier aux supporters, malgr\u00e9 le nouveau d\u00e9part du club.<\/p>\n<p>D\u00e9sormais, apr\u00e8s cette victoire marquante en FA Cup contre Crystal Palace, de plus en plus de fans se poseront la m\u00eame question : qui est Macclesfield FC ? La r\u00e9ponse est un club b\u00e2ti sur un nouveau d\u00e9part, un projet clair et une base de supporters qui a saisi l'opportunit\u00e9 d'\u00e9crire un nouveau chapitre \u2013 un chapitre qui inclut d\u00e9j\u00e0 un jour de gloire contre une \u00e9quipe de l'\u00e9lite.<\/p>","protected":false},"excerpt":{"rendered":"<p>Macclesfield FC have made national headlines after a historic FA Cup win over Crystal Palace, turning the spotlight back on [&hellip;]<\/p>\n","protected":false},"author":3,"featured_media":5782,"comment_status":"","ping_status":"open","sticky":false,"template":"","format":"standard","meta":{"googlesitekit_rrm_CAow_uzEDA:productID":"","site-sidebar-layout":"default","site-content-layout":"","ast-site-content-layout":"default","site-content-style":"default","site-sidebar-style":"default","ast-global-header-display":"","ast-banner-title-visibility":"","ast-main-header-display":"","ast-hfb-above-header-display":"","ast-hfb-below-header-display":"","ast-hfb-mobile-header-display":"","site-post-title":"","ast-breadcrumbs-content":"","ast-featured-img":"","footer-sml-layout":"","ast-disable-related-posts":"","theme-transparent-header-meta":"","adv-header-id-meta":"","stick-header-meta":"","header-above-stick-meta":"","header-main-stick-meta":"","header-below-stick-meta":"","astra-migrate-meta-layouts":"default","ast-page-background-enabled":"default","ast-page-background-meta":{"desktop":{"background-color":"var(--ast-global-color-5)","background-image":"","background-repeat":"repeat","background-position":"center center","background-size":"auto","background-attachment":"scroll","background-type":"","background-media":"","overlay-type":"","overlay-color":"","overlay-opacity":"","overlay-gradient":""},"tablet":{"background-color":"","background-image":"","background-repeat":"repeat","background-position":"center center","background-size":"auto","background-attachment":"scroll","background-type":"","background-media":"","overlay-type":"","overlay-color":"","overlay-opacity":"","overlay-gradient":""},"mobile":{"background-color":"","background-image":"","background-repeat":"repeat","background-position":"center center","background-size":"auto","background-attachment":"scroll","background-type":"","background-media":"","overlay-type":"","overlay-color":"","overlay-opacity":"","overlay-gradient":""}},"ast-content-background-meta":{"desktop":{"background-color":"var(--ast-global-color-4)","background-image":"","background-repeat":"repeat","background-position":"center center","background-size":"auto","background-attachment":"scroll","background-type":"","background-media":"","overlay-type":"","overlay-color":"","overlay-opacity":"","overlay-gradient":""},"tablet":{"background-color":"var(--ast-global-color-4)","background-image":"","background-repeat":"repeat","background-position":"center center","background-size":"auto","background-attachment":"scroll","background-type":"","background-media":"","overlay-type":"","overlay-color":"","overlay-opacity":"","overlay-gradient":""},"mobile":{"background-color":"var(--ast-global-color-4)","background-image":"","background-repeat":"repeat","background-position":"center center","background-size":"auto","background-attachment":"scroll","background-type":"","background-media":"","overlay-type":"","overlay-color":"","overlay-opacity":"","overlay-gradient":""}},"footnotes":""},"categories":[20,1],"tags":[],"class_list":["post-5783","post","type-post","status-publish","format-standard","has-post-thumbnail","hentry","category-international","category-football-latest-news"],"yoast_head":"<!-- This site is optimized with the Yoast SEO Premium plugin v26.6 (Yoast SEO v27.5) - https:\/\/yoast.com\/product\/yoast-seo-premium-wordpress\/ -->\n<title>Who are Macclesfield FC after FA Cup win over Palace - Bladna News<\/title>\n<meta name=\"robots\" content=\"index, follow, max-snippet:-1, max-image-preview:large, max-video-preview:-1\" \/>\n<link rel=\"canonical\" href=\"https:\/\/bladnanews.com\/fr\/qui-sont-les-macclesfield-fc-apres-leur-victoire-en-fa-cup-contre-palace\/\" \/>\n<meta property=\"og:locale\" content=\"fr_FR\" \/>\n<meta property=\"og:type\" content=\"article\" \/>\n<meta property=\"og:title\" content=\"Who are Macclesfield FC after FA Cup win over Palace\" \/>\n<meta property=\"og:description\" content=\"Macclesfield FC have made national headlines after a historic FA Cup win over Crystal Palace, turning the spotlight back on [&hellip;]\" \/>\n<meta property=\"og:url\" content=\"https:\/\/bladnanews.com\/fr\/qui-sont-les-macclesfield-fc-apres-leur-victoire-en-fa-cup-contre-palace\/\" \/>\n<meta property=\"og:site_name\" content=\"Bladna News\" \/>\n<meta property=\"article:published_time\" content=\"2026-01-10T18:25:39+00:00\" \/>\n<meta property=\"og:image\" content=\"https:\/\/bladnanews.com\/wp-content\/uploads\/2025\/12\/freepik__bladna-newscom-moroccan-soccer-homepage-banner-mor__41838.png\" \/>\n\t<meta property=\"og:image:width\" content=\"1312\" \/>\n\t<meta property=\"og:image:height\" content=\"736\" \/>\n\t<meta property=\"og:image:type\" content=\"image\/png\" \/>\n<meta name=\"author\" content=\"Bladna News Staff\" \/>\n<meta name=\"twitter:card\" content=\"summary_large_image\" \/>\n<meta name=\"twitter:label1\" content=\"\u00c9crit par\" \/>\n\t<meta name=\"twitter:data1\" content=\"Bladna News Staff\" \/>\n\t<meta name=\"twitter:label2\" content=\"Dur\u00e9e de lecture estim\u00e9e\" \/>\n\t<meta name=\"twitter:data2\" content=\"1 minute\" \/>\n<script type=\"application\/ld+json\" class=\"yoast-schema-graph\">{\"@context\":\"https:\\\/\\\/schema.org\",\"@graph\":[{\"@type\":\"Article\",\"@id\":\"https:\\\/\\\/bladnanews.com\\\/who-are-macclesfield-fc-after-fa-cup-win-over-palace\\\/#article\",\"isPartOf\":{\"@id\":\"https:\\\/\\\/bladnanews.com\\\/who-are-macclesfield-fc-after-fa-cup-win-over-palace\\\/\"},\"author\":{\"name\":\"Bladna News Staff\",\"@id\":\"https:\\\/\\\/mediumseagreen-eel-531711.hostingersite.com\\\/#\\\/schema\\\/person\\\/268e18a453ab080ebf76df6ef7845083\"},\"headline\":\"Who are Macclesfield FC after FA Cup win over Palace\",\"datePublished\":\"2026-01-10T18:25:39+00:00\",\"mainEntityOfPage\":{\"@id\":\"https:\\\/\\\/bladnanews.com\\\/who-are-macclesfield-fc-after-fa-cup-win-over-palace\\\/\"},\"wordCount\":280,\"publisher\":{\"@id\":\"https:\\\/\\\/mediumseagreen-eel-531711.hostingersite.com\\\/#organization\"},\"image\":{\"@id\":\"https:\\\/\\\/bladnanews.com\\\/who-are-macclesfield-fc-after-fa-cup-win-over-palace\\\/#primaryimage\"},\"thumbnailUrl\":\"https:\\\/\\\/bladnanews.com\\\/wp-content\\\/uploads\\\/2026\\\/01\\\/BladnaNews-Who-are-Macclesfield-FC-after-FA-Cup-win-over-Palace-2026-01-11T131047.589Z-scaled.jpg\",\"articleSection\":[\"International\",\"Latest News\"],\"inLanguage\":\"fr-FR\",\"copyrightYear\":\"2026\",\"copyrightHolder\":{\"@id\":\"https:\\\/\\\/bladnanews.com\\\/fr\\\/#organization\"}},{\"@type\":\"WebPage\",\"@id\":\"https:\\\/\\\/bladnanews.com\\\/who-are-macclesfield-fc-after-fa-cup-win-over-palace\\\/\",\"url\":\"https:\\\/\\\/bladnanews.com\\\/who-are-macclesfield-fc-after-fa-cup-win-over-palace\\\/\",\"name\":\"Who are Macclesfield FC after FA Cup win over Palace - Bladna News\",\"isPartOf\":{\"@id\":\"https:\\\/\\\/mediumseagreen-eel-531711.hostingersite.com\\\/#website\"},\"primaryImageOfPage\":{\"@id\":\"https:\\\/\\\/bladnanews.com\\\/who-are-macclesfield-fc-after-fa-cup-win-over-palace\\\/#primaryimage\"},\"image\":{\"@id\":\"https:\\\/\\\/bladnanews.com\\\/who-are-macclesfield-fc-after-fa-cup-win-over-palace\\\/#primaryimage\"},\"thumbnailUrl\":\"https:\\\/\\\/bladnanews.com\\\/wp-content\\\/uploads\\\/2026\\\/01\\\/BladnaNews-Who-are-Macclesfield-FC-after-FA-Cup-win-over-Palace-2026-01-11T131047.589Z-scaled.jpg\",\"datePublished\":\"2026-01-10T18:25:39+00:00\",\"breadcrumb\":{\"@id\":\"https:\\\/\\\/bladnanews.com\\\/who-are-macclesfield-fc-after-fa-cup-win-over-palace\\\/#breadcrumb\"},\"inLanguage\":\"fr-FR\",\"potentialAction\":[{\"@type\":\"ReadAction\",\"target\":[\"https:\\\/\\\/bladnanews.com\\\/who-are-macclesfield-fc-after-fa-cup-win-over-palace\\\/\"]}]},{\"@type\":\"ImageObject\",\"inLanguage\":\"fr-FR\",\"@id\":\"https:\\\/\\\/bladnanews.com\\\/who-are-macclesfield-fc-after-fa-cup-win-over-palace\\\/#primaryimage\",\"url\":\"https:\\\/\\\/bladnanews.com\\\/wp-content\\\/uploads\\\/2026\\\/01\\\/BladnaNews-Who-are-Macclesfield-FC-after-FA-Cup-win-over-Palace-2026-01-11T131047.589Z-scaled.jpg\",\"contentUrl\":\"https:\\\/\\\/bladnanews.com\\\/wp-content\\\/uploads\\\/2026\\\/01\\\/BladnaNews-Who-are-Macclesfield-FC-after-FA-Cup-win-over-Palace-2026-01-11T131047.589Z-scaled.jpg\",\"width\":2560,\"height\":1440,\"caption\":\"Macclesfield FC captain celebrates with ecstatic fans after an FA Cup victory, wearing a blue kit with an orange armband, amid a jubilant crowd.\"},{\"@type\":\"BreadcrumbList\",\"@id\":\"https:\\\/\\\/bladnanews.com\\\/who-are-macclesfield-fc-after-fa-cup-win-over-palace\\\/#breadcrumb\",\"itemListElement\":[{\"@type\":\"ListItem\",\"position\":1,\"name\":\"Home\",\"item\":\"https:\\\/\\\/bladnanews.com\\\/\"},{\"@type\":\"ListItem\",\"position\":2,\"name\":\"Who are Macclesfield FC after FA Cup win over Palace\"}]},{\"@type\":\"WebSite\",\"@id\":\"https:\\\/\\\/mediumseagreen-eel-531711.hostingersite.com\\\/#website\",\"url\":\"https:\\\/\\\/mediumseagreen-eel-531711.hostingersite.com\\\/\",\"name\":\"Bladna News - Morocco\",\"description\":\"Where Moroccan Football Meets the World\",\"publisher\":{\"@id\":\"https:\\\/\\\/mediumseagreen-eel-531711.hostingersite.com\\\/#organization\"},\"potentialAction\":[{\"@type\":\"SearchAction\",\"target\":{\"@type\":\"EntryPoint\",\"urlTemplate\":\"https:\\\/\\\/mediumseagreen-eel-531711.hostingersite.com\\\/?s={search_term_string}\"},\"query-input\":{\"@type\":\"PropertyValueSpecification\",\"valueRequired\":true,\"valueName\":\"search_term_string\"}}],\"inLanguage\":\"fr-FR\"},{\"@type\":\"Organization\",\"@id\":\"https:\\\/\\\/mediumseagreen-eel-531711.hostingersite.com\\\/#organization\",\"name\":\"Bladna News.com\",\"url\":\"https:\\\/\\\/mediumseagreen-eel-531711.hostingersite.com\\\/\",\"logo\":{\"@type\":\"ImageObject\",\"inLanguage\":\"fr-FR\",\"@id\":\"https:\\\/\\\/mediumseagreen-eel-531711.hostingersite.com\\\/#\\\/schema\\\/logo\\\/image\\\/\",\"url\":\"https:\\\/\\\/bladnanews.com\\\/wp-content\\\/uploads\\\/2025\\\/12\\\/logo-bladnanews-V2-web-black-red.png\",\"contentUrl\":\"https:\\\/\\\/bladnanews.com\\\/wp-content\\\/uploads\\\/2025\\\/12\\\/logo-bladnanews-V2-web-black-red.png\",\"width\":703,\"height\":287,\"caption\":\"Bladna News.com\"},\"image\":{\"@id\":\"https:\\\/\\\/mediumseagreen-eel-531711.hostingersite.com\\\/#\\\/schema\\\/logo\\\/image\\\/\"},\"email\":\"info@bladnanews.com\",\"legalName\":\"Bladna News\"},{\"@type\":\"Person\",\"@id\":\"https:\\\/\\\/mediumseagreen-eel-531711.hostingersite.com\\\/#\\\/schema\\\/person\\\/268e18a453ab080ebf76df6ef7845083\",\"name\":\"Bladna News Staff\",\"url\":\"https:\\\/\\\/bladnanews.com\\\/fr\\\/author\\\/bladna-news-staff\\\/\"}]}<\/script>\n<!-- \/ Yoast SEO Premium plugin. -->","yoast_head_json":{"title":"Qui sont Macclesfield FC apr\u00e8s leur victoire en FA Cup contre Palace - Bladna News","robots":{"index":"index","follow":"follow","max-snippet":"max-snippet:-1","max-image-preview":"max-image-preview:large","max-video-preview":"max-video-preview:-1"},"canonical":"https:\/\/bladnanews.com\/fr\/qui-sont-les-macclesfield-fc-apres-leur-victoire-en-fa-cup-contre-palace\/","og_locale":"fr_FR","og_type":"article","og_title":"Who are Macclesfield FC after FA Cup win over Palace","og_description":"Macclesfield FC have made national headlines after a historic FA Cup win over Crystal Palace, turning the spotlight back on [&hellip;]","og_url":"https:\/\/bladnanews.com\/fr\/qui-sont-les-macclesfield-fc-apres-leur-victoire-en-fa-cup-contre-palace\/","og_site_name":"Bladna News","article_published_time":"2026-01-10T18:25:39+00:00","og_image":[{"width":1312,"height":736,"url":"https:\/\/bladnanews.com\/wp-content\/uploads\/2025\/12\/freepik__bladna-newscom-moroccan-soccer-homepage-banner-mor__41838.png","type":"image\/png"}],"author":"Bladna News Staff","twitter_card":"summary_large_image","twitter_misc":{"\u00c9crit par":"Bladna News Staff","Dur\u00e9e de lecture estim\u00e9e":"1 minute"},"schema":{"@context":"https:\/\/schema.org","@graph":[{"@type":"Article","@id":"https:\/\/bladnanews.com\/who-are-macclesfield-fc-after-fa-cup-win-over-palace\/#article","isPartOf":{"@id":"https:\/\/bladnanews.com\/who-are-macclesfield-fc-after-fa-cup-win-over-palace\/"},"author":{"name":"Bladna News Staff","@id":"https:\/\/mediumseagreen-eel-531711.hostingersite.com\/#\/schema\/person\/268e18a453ab080ebf76df6ef7845083"},"headline":"Who are Macclesfield FC after FA Cup win over Palace","datePublished":"2026-01-10T18:25:39+00:00","mainEntityOfPage":{"@id":"https:\/\/bladnanews.com\/who-are-macclesfield-fc-after-fa-cup-win-over-palace\/"},"wordCount":280,"publisher":{"@id":"https:\/\/mediumseagreen-eel-531711.hostingersite.com\/#organization"},"image":{"@id":"https:\/\/bladnanews.com\/who-are-macclesfield-fc-after-fa-cup-win-over-palace\/#primaryimage"},"thumbnailUrl":"https:\/\/bladnanews.com\/wp-content\/uploads\/2026\/01\/BladnaNews-Who-are-Macclesfield-FC-after-FA-Cup-win-over-Palace-2026-01-11T131047.589Z-scaled.jpg","articleSection":["International","Latest News"],"inLanguage":"fr-FR","copyrightYear":"2026","copyrightHolder":{"@id":"https:\/\/bladnanews.com\/fr\/#organization"}},{"@type":"WebPage","@id":"https:\/\/bladnanews.com\/who-are-macclesfield-fc-after-fa-cup-win-over-palace\/","url":"https:\/\/bladnanews.com\/who-are-macclesfield-fc-after-fa-cup-win-over-palace\/","name":"Qui sont Macclesfield FC apr\u00e8s leur victoire en FA Cup contre Palace - Bladna News","isPartOf":{"@id":"https:\/\/mediumseagreen-eel-531711.hostingersite.com\/#website"},"primaryImageOfPage":{"@id":"https:\/\/bladnanews.com\/who-are-macclesfield-fc-after-fa-cup-win-over-palace\/#primaryimage"},"image":{"@id":"https:\/\/bladnanews.com\/who-are-macclesfield-fc-after-fa-cup-win-over-palace\/#primaryimage"},"thumbnailUrl":"https:\/\/bladnanews.com\/wp-content\/uploads\/2026\/01\/BladnaNews-Who-are-Macclesfield-FC-after-FA-Cup-win-over-Palace-2026-01-11T131047.589Z-scaled.jpg","datePublished":"2026-01-10T18:25:39+00:00","breadcrumb":{"@id":"https:\/\/bladnanews.com\/who-are-macclesfield-fc-after-fa-cup-win-over-palace\/#breadcrumb"},"inLanguage":"fr-FR","potentialAction":[{"@type":"ReadAction","target":["https:\/\/bladnanews.com\/who-are-macclesfield-fc-after-fa-cup-win-over-palace\/"]}]},{"@type":"ImageObject","inLanguage":"fr-FR","@id":"https:\/\/bladnanews.com\/who-are-macclesfield-fc-after-fa-cup-win-over-palace\/#primaryimage","url":"https:\/\/bladnanews.com\/wp-content\/uploads\/2026\/01\/BladnaNews-Who-are-Macclesfield-FC-after-FA-Cup-win-over-Palace-2026-01-11T131047.589Z-scaled.jpg","contentUrl":"https:\/\/bladnanews.com\/wp-content\/uploads\/2026\/01\/BladnaNews-Who-are-Macclesfield-FC-after-FA-Cup-win-over-Palace-2026-01-11T131047.589Z-scaled.jpg","width":2560,"height":1440,"caption":"Macclesfield FC captain celebrates with ecstatic fans after an FA Cup victory, wearing a blue kit with an orange armband, amid a jubilant crowd."},{"@type":"BreadcrumbList","@id":"https:\/\/bladnanews.com\/who-are-macclesfield-fc-after-fa-cup-win-over-palace\/#breadcrumb","itemListElement":[{"@type":"ListItem","position":1,"name":"Home","item":"https:\/\/bladnanews.com\/"},{"@type":"ListItem","position":2,"name":"Who are Macclesfield FC after FA Cup win over Palace"}]},{"@type":"WebSite","@id":"https:\/\/mediumseagreen-eel-531711.hostingersite.com\/#website","url":"https:\/\/mediumseagreen-eel-531711.hostingersite.com\/","name":"Bladna News - Maroc","description":"Quand le football marocain rencontre le monde","publisher":{"@id":"https:\/\/mediumseagreen-eel-531711.hostingersite.com\/#organization"},"potentialAction":[{"@type":"SearchAction","target":{"@type":"EntryPoint","urlTemplate":"https:\/\/mediumseagreen-eel-531711.hostingersite.com\/?s={search_term_string}"},"query-input":{"@type":"PropertyValueSpecification","valueRequired":true,"valueName":"search_term_string"}}],"inLanguage":"fr-FR"},{"@type":"Organization","@id":"https:\/\/mediumseagreen-eel-531711.hostingersite.com\/#organization","name":"Bladna News.com","url":"https:\/\/mediumseagreen-eel-531711.hostingersite.com\/","logo":{"@type":"ImageObject","inLanguage":"fr-FR","@id":"https:\/\/mediumseagreen-eel-531711.hostingersite.com\/#\/schema\/logo\/image\/","url":"https:\/\/bladnanews.com\/wp-content\/uploads\/2025\/12\/logo-bladnanews-V2-web-black-red.png","contentUrl":"https:\/\/bladnanews.com\/wp-content\/uploads\/2025\/12\/logo-bladnanews-V2-web-black-red.png","width":703,"height":287,"caption":"Bladna News.com"},"image":{"@id":"https:\/\/mediumseagreen-eel-531711.hostingersite.com\/#\/schema\/logo\/image\/"},"email":"info@bladnanews.com","legalName":"Bladna News"},{"@type":"Person","@id":"https:\/\/mediumseagreen-eel-531711.hostingersite.com\/#\/schema\/person\/268e18a453ab080ebf76df6ef7845083","name":"\u00c9quipe r\u00e9dactionnelle de Bladna News","url":"https:\/\/bladnanews.com\/fr\/author\/bladna-news-staff\/"}]}},"_links":{"self":[{"href":"https:\/\/bladnanews.com\/fr\/wp-json\/wp\/v2\/posts\/5783","targetHints":{"allow":["GET"]}}],"collection":[{"href":"https:\/\/bladnanews.com\/fr\/wp-json\/wp\/v2\/posts"}],"about":[{"href":"https:\/\/bladnanews.com\/fr\/wp-json\/wp\/v2\/types\/post"}],"author":[{"embeddable":true,"href":"https:\/\/bladnanews.com\/fr\/wp-json\/wp\/v2\/users\/3"}],"replies":[{"embeddable":true,"href":"https:\/\/bladnanews.com\/fr\/wp-json\/wp\/v2\/comments?post=5783"}],"version-history":[{"count":0,"href":"https:\/\/bladnanews.com\/fr\/wp-json\/wp\/v2\/posts\/5783\/revisions"}],"wp:featuredmedia":[{"embeddable":true,"href":"https:\/\/bladnanews.com\/fr\/wp-json\/wp\/v2\/media\/5782"}],"wp:attachment":[{"href":"https:\/\/bladnanews.com\/fr\/wp-json\/wp\/v2\/media?parent=5783"}],"wp:term":[{"taxonomy":"category","embeddable":true,"href":"https:\/\/bladnanews.com\/fr\/wp-json\/wp\/v2\/categories?post=5783"},{"taxonomy":"post_tag","embeddable":true,"href":"https:\/\/bladnanews.com\/fr\/wp-json\/wp\/v2\/tags?post=5783"}],"curies":[{"name":"wp","href":"https:\/\/api.w.org\/{rel}","templated":true}]}}