{"id":5789,"date":"2026-01-11T09:21:00","date_gmt":"2026-01-11T09:21:00","guid":{"rendered":"https:\/\/bladnanews.com\/cameroon-fa-chief-samuel-etoo-thanks-fouzi-lekjaa-and-moroccans\/"},"modified":"2026-01-11T09:21:00","modified_gmt":"2026-01-11T09:21:00","slug":"le-president-de-la-fa-du-cameroun-samuel-etoo-remercie-fouzi-lekjaa-et-les-marocains","status":"publish","type":"post","link":"https:\/\/bladnanews.com\/fr\/le-president-de-la-fa-du-cameroun-samuel-etoo-remercie-fouzi-lekjaa-et-les-marocains\/","title":{"rendered":"Le pr\u00e9sident de la FA du Cameroun Samuel Eto'o remercie Fouzi Lekjaa et les Marocains"},"content":{"rendered":"<p>Le pr\u00e9sident de la F\u00e9d\u00e9ration camerounaise de football, Samuel Eto\u2019o, a envoy\u00e9 un message de remerciement au pr\u00e9sident de la F\u00e9d\u00e9ration royale marocaine de football (FRMF), Fouzi Lekjaa, et au peuple marocain, dans des commentaires qui ont soulign\u00e9 le soutien qu'il a re\u00e7u lors de sa r\u00e9cente visite au Maroc.<\/p>\n<p>Eto\u2019o a lou\u00e9 l'accueil qui lui a \u00e9t\u00e9 r\u00e9serv\u00e9 et a exprim\u00e9 sa gratitude \u00e0 Lekjaa pour la r\u00e9ception et la coop\u00e9ration entre les deux f\u00e9d\u00e9rations, soulignant que la relation avec le Maroc reste forte.<\/p>\n<p>Dans son message, l'ancien attaquant camerounais et du FC Barcelone a \u00e9galement remerci\u00e9 les Marocains pour leur hospitalit\u00e9, d\u00e9crivant l'atmosph\u00e8re comme chaleureuse et respectueuse, et soulignant l'importance d'une coordination continue dans le football africain.<\/p>\n<p>Les paroles d'Eto\u2019o s'inscrivent dans le cadre de contacts en cours entre les responsables du football sur le continent, le Maroc continuant \u00e0 jouer un r\u00f4le de premier plan dans l'organisation de r\u00e9unions et le soutien \u00e0 des projets de d\u00e9veloppement li\u00e9s au jeu en Afrique.<\/p>","protected":false},"excerpt":{"rendered":"<p>Cameroon Football Federation president Samuel Eto\u2019o has sent a message of thanks to Royal Moroccan Football Federation (FRMF) chief Fouzi [&hellip;]<\/p>\n","protected":false},"author":4,"featured_media":5788,"comment_status":"","ping_status":"open","sticky":false,"template":"","format":"standard","meta":{"googlesitekit_rrm_CAow_uzEDA:productID":"","site-sidebar-layout":"default","site-content-layout":"","ast-site-content-layout":"default","site-content-style":"default","site-sidebar-style":"default","ast-global-header-display":"","ast-banner-title-visibility":"","ast-main-header-display":"","ast-hfb-above-header-display":"","ast-hfb-below-header-display":"","ast-hfb-mobile-header-display":"","site-post-title":"","ast-breadcrumbs-content":"","ast-featured-img":"","footer-sml-layout":"","ast-disable-related-posts":"","theme-transparent-header-meta":"","adv-header-id-meta":"","stick-header-meta":"","header-above-stick-meta":"","header-main-stick-meta":"","header-below-stick-meta":"","astra-migrate-meta-layouts":"default","ast-page-background-enabled":"default","ast-page-background-meta":{"desktop":{"background-color":"var(--ast-global-color-5)","background-image":"","background-repeat":"repeat","background-position":"center center","background-size":"auto","background-attachment":"scroll","background-type":"","background-media":"","overlay-type":"","overlay-color":"","overlay-opacity":"","overlay-gradient":""},"tablet":{"background-color":"","background-image":"","background-repeat":"repeat","background-position":"center center","background-size":"auto","background-attachment":"scroll","background-type":"","background-media":"","overlay-type":"","overlay-color":"","overlay-opacity":"","overlay-gradient":""},"mobile":{"background-color":"","background-image":"","background-repeat":"repeat","background-position":"center center","background-size":"auto","background-attachment":"scroll","background-type":"","background-media":"","overlay-type":"","overlay-color":"","overlay-opacity":"","overlay-gradient":""}},"ast-content-background-meta":{"desktop":{"background-color":"var(--ast-global-color-4)","background-image":"","background-repeat":"repeat","background-position":"center center","background-size":"auto","background-attachment":"scroll","background-type":"","background-media":"","overlay-type":"","overlay-color":"","overlay-opacity":"","overlay-gradient":""},"tablet":{"background-color":"var(--ast-global-color-4)","background-image":"","background-repeat":"repeat","background-position":"center center","background-size":"auto","background-attachment":"scroll","background-type":"","background-media":"","overlay-type":"","overlay-color":"","overlay-opacity":"","overlay-gradient":""},"mobile":{"background-color":"var(--ast-global-color-4)","background-image":"","background-repeat":"repeat","background-position":"center center","background-size":"auto","background-attachment":"scroll","background-type":"","background-media":"","overlay-type":"","overlay-color":"","overlay-opacity":"","overlay-gradient":""}},"footnotes":""},"categories":[1,168],"tags":[],"class_list":["post-5789","post","type-post","status-publish","format-standard","has-post-thumbnail","hentry","category-football-latest-news","category-morocco-national-team"],"yoast_head":"<!-- This site is optimized with the Yoast SEO Premium plugin v26.6 (Yoast SEO v27.4) - https:\/\/yoast.com\/product\/yoast-seo-premium-wordpress\/ -->\n<title>Cameroon FA chief Samuel Eto\u2019o thanks Fouzi Lekjaa and Moroccans - Bladna News<\/title>\n<meta name=\"robots\" content=\"index, follow, max-snippet:-1, max-image-preview:large, max-video-preview:-1\" \/>\n<link rel=\"canonical\" href=\"https:\/\/bladnanews.com\/fr\/le-president-de-la-fa-du-cameroun-samuel-etoo-remercie-fouzi-lekjaa-et-les-marocains\/\" \/>\n<meta property=\"og:locale\" content=\"fr_FR\" \/>\n<meta property=\"og:type\" content=\"article\" \/>\n<meta property=\"og:title\" content=\"Cameroon FA chief Samuel Eto\u2019o thanks Fouzi Lekjaa and Moroccans\" \/>\n<meta property=\"og:description\" content=\"Cameroon Football Federation president Samuel Eto\u2019o has sent a message of thanks to Royal Moroccan Football Federation (FRMF) chief Fouzi [&hellip;]\" \/>\n<meta property=\"og:url\" content=\"https:\/\/bladnanews.com\/fr\/le-president-de-la-fa-du-cameroun-samuel-etoo-remercie-fouzi-lekjaa-et-les-marocains\/\" \/>\n<meta property=\"og:site_name\" content=\"Bladna News\" \/>\n<meta property=\"article:published_time\" content=\"2026-01-11T09:21:00+00:00\" \/>\n<meta property=\"og:image\" content=\"https:\/\/bladnanews.com\/wp-content\/uploads\/2025\/12\/freepik__bladna-newscom-moroccan-soccer-homepage-banner-mor__41838.png\" \/>\n\t<meta property=\"og:image:width\" content=\"1312\" \/>\n\t<meta property=\"og:image:height\" content=\"736\" \/>\n\t<meta property=\"og:image:type\" content=\"image\/png\" \/>\n<meta name=\"author\" content=\"Bladna Sports Desk\" \/>\n<meta name=\"twitter:card\" content=\"summary_large_image\" \/>\n<meta name=\"twitter:label1\" content=\"\u00c9crit par\" \/>\n\t<meta name=\"twitter:data1\" content=\"Bladna Sports Desk\" \/>\n\t<meta name=\"twitter:label2\" content=\"Dur\u00e9e de lecture estim\u00e9e\" \/>\n\t<meta name=\"twitter:data2\" content=\"1 minute\" \/>\n<script type=\"application\/ld+json\" class=\"yoast-schema-graph\">{\"@context\":\"https:\\\/\\\/schema.org\",\"@graph\":[{\"@type\":\"Article\",\"@id\":\"https:\\\/\\\/bladnanews.com\\\/cameroon-fa-chief-samuel-etoo-thanks-fouzi-lekjaa-and-moroccans\\\/#article\",\"isPartOf\":{\"@id\":\"https:\\\/\\\/bladnanews.com\\\/cameroon-fa-chief-samuel-etoo-thanks-fouzi-lekjaa-and-moroccans\\\/\"},\"author\":{\"name\":\"Bladna Sports Desk\",\"@id\":\"https:\\\/\\\/mediumseagreen-eel-531711.hostingersite.com\\\/#\\\/schema\\\/person\\\/6712b38fabe810f7eb8d15ed30d90f1e\"},\"headline\":\"Cameroon FA chief Samuel Eto\u2019o thanks Fouzi Lekjaa and Moroccans\",\"datePublished\":\"2026-01-11T09:21:00+00:00\",\"mainEntityOfPage\":{\"@id\":\"https:\\\/\\\/bladnanews.com\\\/cameroon-fa-chief-samuel-etoo-thanks-fouzi-lekjaa-and-moroccans\\\/\"},\"wordCount\":152,\"publisher\":{\"@id\":\"https:\\\/\\\/mediumseagreen-eel-531711.hostingersite.com\\\/#organization\"},\"image\":{\"@id\":\"https:\\\/\\\/bladnanews.com\\\/cameroon-fa-chief-samuel-etoo-thanks-fouzi-lekjaa-and-moroccans\\\/#primaryimage\"},\"thumbnailUrl\":\"https:\\\/\\\/bladnanews.com\\\/wp-content\\\/uploads\\\/2026\\\/01\\\/1000189140_1768123402.webp\",\"articleSection\":[\"Latest News\",\"Morocco National Team\"],\"inLanguage\":\"fr-FR\",\"copyrightYear\":\"2026\",\"copyrightHolder\":{\"@id\":\"https:\\\/\\\/bladnanews.com\\\/fr\\\/#organization\"}},{\"@type\":\"WebPage\",\"@id\":\"https:\\\/\\\/bladnanews.com\\\/cameroon-fa-chief-samuel-etoo-thanks-fouzi-lekjaa-and-moroccans\\\/\",\"url\":\"https:\\\/\\\/bladnanews.com\\\/cameroon-fa-chief-samuel-etoo-thanks-fouzi-lekjaa-and-moroccans\\\/\",\"name\":\"Cameroon FA chief Samuel Eto\u2019o thanks Fouzi Lekjaa and Moroccans - Bladna News\",\"isPartOf\":{\"@id\":\"https:\\\/\\\/mediumseagreen-eel-531711.hostingersite.com\\\/#website\"},\"primaryImageOfPage\":{\"@id\":\"https:\\\/\\\/bladnanews.com\\\/cameroon-fa-chief-samuel-etoo-thanks-fouzi-lekjaa-and-moroccans\\\/#primaryimage\"},\"image\":{\"@id\":\"https:\\\/\\\/bladnanews.com\\\/cameroon-fa-chief-samuel-etoo-thanks-fouzi-lekjaa-and-moroccans\\\/#primaryimage\"},\"thumbnailUrl\":\"https:\\\/\\\/bladnanews.com\\\/wp-content\\\/uploads\\\/2026\\\/01\\\/1000189140_1768123402.webp\",\"datePublished\":\"2026-01-11T09:21:00+00:00\",\"breadcrumb\":{\"@id\":\"https:\\\/\\\/bladnanews.com\\\/cameroon-fa-chief-samuel-etoo-thanks-fouzi-lekjaa-and-moroccans\\\/#breadcrumb\"},\"inLanguage\":\"fr-FR\",\"potentialAction\":[{\"@type\":\"ReadAction\",\"target\":[\"https:\\\/\\\/bladnanews.com\\\/cameroon-fa-chief-samuel-etoo-thanks-fouzi-lekjaa-and-moroccans\\\/\"]}]},{\"@type\":\"ImageObject\",\"inLanguage\":\"fr-FR\",\"@id\":\"https:\\\/\\\/bladnanews.com\\\/cameroon-fa-chief-samuel-etoo-thanks-fouzi-lekjaa-and-moroccans\\\/#primaryimage\",\"url\":\"https:\\\/\\\/bladnanews.com\\\/wp-content\\\/uploads\\\/2026\\\/01\\\/1000189140_1768123402.webp\",\"contentUrl\":\"https:\\\/\\\/bladnanews.com\\\/wp-content\\\/uploads\\\/2026\\\/01\\\/1000189140_1768123402.webp\",\"width\":860,\"height\":645,\"caption\":\"Samuel Eto'o in a blue suit adjusting his tie, alongside Fouzi Lekjaa in a dark suit with glasses, both smiling against a blurred background.\"},{\"@type\":\"BreadcrumbList\",\"@id\":\"https:\\\/\\\/bladnanews.com\\\/cameroon-fa-chief-samuel-etoo-thanks-fouzi-lekjaa-and-moroccans\\\/#breadcrumb\",\"itemListElement\":[{\"@type\":\"ListItem\",\"position\":1,\"name\":\"Home\",\"item\":\"https:\\\/\\\/bladnanews.com\\\/\"},{\"@type\":\"ListItem\",\"position\":2,\"name\":\"Cameroon FA chief Samuel Eto\u2019o thanks Fouzi Lekjaa and Moroccans\"}]},{\"@type\":\"WebSite\",\"@id\":\"https:\\\/\\\/mediumseagreen-eel-531711.hostingersite.com\\\/#website\",\"url\":\"https:\\\/\\\/mediumseagreen-eel-531711.hostingersite.com\\\/\",\"name\":\"Bladna News - Morocco\",\"description\":\"Where Moroccan Football Meets the World\",\"publisher\":{\"@id\":\"https:\\\/\\\/mediumseagreen-eel-531711.hostingersite.com\\\/#organization\"},\"potentialAction\":[{\"@type\":\"SearchAction\",\"target\":{\"@type\":\"EntryPoint\",\"urlTemplate\":\"https:\\\/\\\/mediumseagreen-eel-531711.hostingersite.com\\\/?s={search_term_string}\"},\"query-input\":{\"@type\":\"PropertyValueSpecification\",\"valueRequired\":true,\"valueName\":\"search_term_string\"}}],\"inLanguage\":\"fr-FR\"},{\"@type\":\"Organization\",\"@id\":\"https:\\\/\\\/mediumseagreen-eel-531711.hostingersite.com\\\/#organization\",\"name\":\"Bladna News.com\",\"url\":\"https:\\\/\\\/mediumseagreen-eel-531711.hostingersite.com\\\/\",\"logo\":{\"@type\":\"ImageObject\",\"inLanguage\":\"fr-FR\",\"@id\":\"https:\\\/\\\/mediumseagreen-eel-531711.hostingersite.com\\\/#\\\/schema\\\/logo\\\/image\\\/\",\"url\":\"https:\\\/\\\/bladnanews.com\\\/wp-content\\\/uploads\\\/2025\\\/12\\\/logo-bladnanews-V2-web-black-red.png\",\"contentUrl\":\"https:\\\/\\\/bladnanews.com\\\/wp-content\\\/uploads\\\/2025\\\/12\\\/logo-bladnanews-V2-web-black-red.png\",\"width\":703,\"height\":287,\"caption\":\"Bladna News.com\"},\"image\":{\"@id\":\"https:\\\/\\\/mediumseagreen-eel-531711.hostingersite.com\\\/#\\\/schema\\\/logo\\\/image\\\/\"},\"email\":\"info@bladnanews.com\",\"legalName\":\"Bladna News\"},{\"@type\":\"Person\",\"@id\":\"https:\\\/\\\/mediumseagreen-eel-531711.hostingersite.com\\\/#\\\/schema\\\/person\\\/6712b38fabe810f7eb8d15ed30d90f1e\",\"name\":\"Bladna Sports Desk\",\"url\":\"https:\\\/\\\/bladnanews.com\\\/fr\\\/author\\\/bladna-sports-desk\\\/\"}]}<\/script>\n<!-- \/ Yoast SEO Premium plugin. -->","yoast_head_json":{"title":"Le pr\u00e9sident de la FA du Cameroun, Samuel Eto\u2019o, remercie Fouzi Lekjaa et les Marocains - Bladna News","robots":{"index":"index","follow":"follow","max-snippet":"max-snippet:-1","max-image-preview":"max-image-preview:large","max-video-preview":"max-video-preview:-1"},"canonical":"https:\/\/bladnanews.com\/fr\/le-president-de-la-fa-du-cameroun-samuel-etoo-remercie-fouzi-lekjaa-et-les-marocains\/","og_locale":"fr_FR","og_type":"article","og_title":"Cameroon FA chief Samuel Eto\u2019o thanks Fouzi Lekjaa and Moroccans","og_description":"Cameroon Football Federation president Samuel Eto\u2019o has sent a message of thanks to Royal Moroccan Football Federation (FRMF) chief Fouzi [&hellip;]","og_url":"https:\/\/bladnanews.com\/fr\/le-president-de-la-fa-du-cameroun-samuel-etoo-remercie-fouzi-lekjaa-et-les-marocains\/","og_site_name":"Bladna News","article_published_time":"2026-01-11T09:21:00+00:00","og_image":[{"width":1312,"height":736,"url":"https:\/\/bladnanews.com\/wp-content\/uploads\/2025\/12\/freepik__bladna-newscom-moroccan-soccer-homepage-banner-mor__41838.png","type":"image\/png"}],"author":"Bladna Sports Desk","twitter_card":"summary_large_image","twitter_misc":{"\u00c9crit par":"Bladna Sports Desk","Dur\u00e9e de lecture estim\u00e9e":"1 minute"},"schema":{"@context":"https:\/\/schema.org","@graph":[{"@type":"Article","@id":"https:\/\/bladnanews.com\/cameroon-fa-chief-samuel-etoo-thanks-fouzi-lekjaa-and-moroccans\/#article","isPartOf":{"@id":"https:\/\/bladnanews.com\/cameroon-fa-chief-samuel-etoo-thanks-fouzi-lekjaa-and-moroccans\/"},"author":{"name":"Bladna Sports Desk","@id":"https:\/\/mediumseagreen-eel-531711.hostingersite.com\/#\/schema\/person\/6712b38fabe810f7eb8d15ed30d90f1e"},"headline":"Cameroon FA chief Samuel Eto\u2019o thanks Fouzi Lekjaa and Moroccans","datePublished":"2026-01-11T09:21:00+00:00","mainEntityOfPage":{"@id":"https:\/\/bladnanews.com\/cameroon-fa-chief-samuel-etoo-thanks-fouzi-lekjaa-and-moroccans\/"},"wordCount":152,"publisher":{"@id":"https:\/\/mediumseagreen-eel-531711.hostingersite.com\/#organization"},"image":{"@id":"https:\/\/bladnanews.com\/cameroon-fa-chief-samuel-etoo-thanks-fouzi-lekjaa-and-moroccans\/#primaryimage"},"thumbnailUrl":"https:\/\/bladnanews.com\/wp-content\/uploads\/2026\/01\/1000189140_1768123402.webp","articleSection":["Latest News","Morocco National Team"],"inLanguage":"fr-FR","copyrightYear":"2026","copyrightHolder":{"@id":"https:\/\/bladnanews.com\/fr\/#organization"}},{"@type":"WebPage","@id":"https:\/\/bladnanews.com\/cameroon-fa-chief-samuel-etoo-thanks-fouzi-lekjaa-and-moroccans\/","url":"https:\/\/bladnanews.com\/cameroon-fa-chief-samuel-etoo-thanks-fouzi-lekjaa-and-moroccans\/","name":"Le pr\u00e9sident de la FA du Cameroun, Samuel Eto\u2019o, remercie Fouzi Lekjaa et les Marocains - Bladna News","isPartOf":{"@id":"https:\/\/mediumseagreen-eel-531711.hostingersite.com\/#website"},"primaryImageOfPage":{"@id":"https:\/\/bladnanews.com\/cameroon-fa-chief-samuel-etoo-thanks-fouzi-lekjaa-and-moroccans\/#primaryimage"},"image":{"@id":"https:\/\/bladnanews.com\/cameroon-fa-chief-samuel-etoo-thanks-fouzi-lekjaa-and-moroccans\/#primaryimage"},"thumbnailUrl":"https:\/\/bladnanews.com\/wp-content\/uploads\/2026\/01\/1000189140_1768123402.webp","datePublished":"2026-01-11T09:21:00+00:00","breadcrumb":{"@id":"https:\/\/bladnanews.com\/cameroon-fa-chief-samuel-etoo-thanks-fouzi-lekjaa-and-moroccans\/#breadcrumb"},"inLanguage":"fr-FR","potentialAction":[{"@type":"ReadAction","target":["https:\/\/bladnanews.com\/cameroon-fa-chief-samuel-etoo-thanks-fouzi-lekjaa-and-moroccans\/"]}]},{"@type":"ImageObject","inLanguage":"fr-FR","@id":"https:\/\/bladnanews.com\/cameroon-fa-chief-samuel-etoo-thanks-fouzi-lekjaa-and-moroccans\/#primaryimage","url":"https:\/\/bladnanews.com\/wp-content\/uploads\/2026\/01\/1000189140_1768123402.webp","contentUrl":"https:\/\/bladnanews.com\/wp-content\/uploads\/2026\/01\/1000189140_1768123402.webp","width":860,"height":645,"caption":"Samuel Eto'o in a blue suit adjusting his tie, alongside Fouzi Lekjaa in a dark suit with glasses, both smiling against a blurred background."},{"@type":"BreadcrumbList","@id":"https:\/\/bladnanews.com\/cameroon-fa-chief-samuel-etoo-thanks-fouzi-lekjaa-and-moroccans\/#breadcrumb","itemListElement":[{"@type":"ListItem","position":1,"name":"Home","item":"https:\/\/bladnanews.com\/"},{"@type":"ListItem","position":2,"name":"Cameroon FA chief Samuel Eto\u2019o thanks Fouzi Lekjaa and Moroccans"}]},{"@type":"WebSite","@id":"https:\/\/mediumseagreen-eel-531711.hostingersite.com\/#website","url":"https:\/\/mediumseagreen-eel-531711.hostingersite.com\/","name":"Bladna News - Maroc","description":"Quand le football marocain rencontre le monde","publisher":{"@id":"https:\/\/mediumseagreen-eel-531711.hostingersite.com\/#organization"},"potentialAction":[{"@type":"SearchAction","target":{"@type":"EntryPoint","urlTemplate":"https:\/\/mediumseagreen-eel-531711.hostingersite.com\/?s={search_term_string}"},"query-input":{"@type":"PropertyValueSpecification","valueRequired":true,"valueName":"search_term_string"}}],"inLanguage":"fr-FR"},{"@type":"Organization","@id":"https:\/\/mediumseagreen-eel-531711.hostingersite.com\/#organization","name":"Bladna News.com","url":"https:\/\/mediumseagreen-eel-531711.hostingersite.com\/","logo":{"@type":"ImageObject","inLanguage":"fr-FR","@id":"https:\/\/mediumseagreen-eel-531711.hostingersite.com\/#\/schema\/logo\/image\/","url":"https:\/\/bladnanews.com\/wp-content\/uploads\/2025\/12\/logo-bladnanews-V2-web-black-red.png","contentUrl":"https:\/\/bladnanews.com\/wp-content\/uploads\/2025\/12\/logo-bladnanews-V2-web-black-red.png","width":703,"height":287,"caption":"Bladna News.com"},"image":{"@id":"https:\/\/mediumseagreen-eel-531711.hostingersite.com\/#\/schema\/logo\/image\/"},"email":"info@bladnanews.com","legalName":"Bladna News"},{"@type":"Person","@id":"https:\/\/mediumseagreen-eel-531711.hostingersite.com\/#\/schema\/person\/6712b38fabe810f7eb8d15ed30d90f1e","name":"Bladna Sports Desk","url":"https:\/\/bladnanews.com\/fr\/author\/bladna-sports-desk\/"}]}},"_links":{"self":[{"href":"https:\/\/bladnanews.com\/fr\/wp-json\/wp\/v2\/posts\/5789","targetHints":{"allow":["GET"]}}],"collection":[{"href":"https:\/\/bladnanews.com\/fr\/wp-json\/wp\/v2\/posts"}],"about":[{"href":"https:\/\/bladnanews.com\/fr\/wp-json\/wp\/v2\/types\/post"}],"author":[{"embeddable":true,"href":"https:\/\/bladnanews.com\/fr\/wp-json\/wp\/v2\/users\/4"}],"replies":[{"embeddable":true,"href":"https:\/\/bladnanews.com\/fr\/wp-json\/wp\/v2\/comments?post=5789"}],"version-history":[{"count":0,"href":"https:\/\/bladnanews.com\/fr\/wp-json\/wp\/v2\/posts\/5789\/revisions"}],"wp:featuredmedia":[{"embeddable":true,"href":"https:\/\/bladnanews.com\/fr\/wp-json\/wp\/v2\/media\/5788"}],"wp:attachment":[{"href":"https:\/\/bladnanews.com\/fr\/wp-json\/wp\/v2\/media?parent=5789"}],"wp:term":[{"taxonomy":"category","embeddable":true,"href":"https:\/\/bladnanews.com\/fr\/wp-json\/wp\/v2\/categories?post=5789"},{"taxonomy":"post_tag","embeddable":true,"href":"https:\/\/bladnanews.com\/fr\/wp-json\/wp\/v2\/tags?post=5789"}],"curies":[{"name":"wp","href":"https:\/\/api.w.org\/{rel}","templated":true}]}}