{"id":5805,"date":"2026-01-10T20:56:57","date_gmt":"2026-01-10T20:56:57","guid":{"rendered":"https:\/\/bladnanews.com\/tottenham-injury-crisis-deepens-as-richarlison-limps-off\/"},"modified":"2026-01-10T20:56:57","modified_gmt":"2026-01-10T20:56:57","slug":"la-crise-des-blessures-de-tottenham-saggrave-alors-que-richarlison-sort-en-boitant","status":"publish","type":"post","link":"https:\/\/bladnanews.com\/fr\/la-crise-des-blessures-de-tottenham-saggrave-alors-que-richarlison-sort-en-boitant\/","title":{"rendered":"La crise des blessures de Tottenham s'aggrave alors que Richarlison sort en boitant"},"content":{"rendered":"<p>La crise des blessures de Tottenham s'est aggrav\u00e9e \u00e0 nouveau dimanche alors que Richarlison a \u00e9t\u00e9 contraint de quitter le terrain lors de leur match de FA Cup contre Aston Villa en raison d'un probl\u00e8me suspect aux ischio-jambiers.<\/p>\n<p>L'attaquant br\u00e9silien a commenc\u00e9 le match du quatri\u00e8me tour mais s'est arr\u00eat\u00e9 en ressentant de l'inconfort et n'a pas pu continuer, laissant Ange Postecoglou face \u00e0 un autre probl\u00e8me de condition physique \u00e0 un moment difficile de la saison.<\/p>\n<p>Richarlison, qui a d\u00e9j\u00e0 connu des revers dus aux blessures cette saison, s'est effondr\u00e9 pendant le match et a imm\u00e9diatement signal\u00e9 que quelque chose n'allait pas. Le personnel m\u00e9dical de Tottenham est rapidement intervenu, mais il est vite devenu clair qu'il ne pouvait pas continuer.<\/p>\n<p>Il a finalement \u00e9t\u00e9 remplac\u00e9, les Spurs perdant une autre option offensive lors d'un match qui exer\u00e7ait une pression significative sur une \u00e9quipe d\u00e9j\u00e0 tr\u00e8s sollicit\u00e9e.<\/p>\n<p>Tottenham a \u00e9t\u00e9 durement touch\u00e9 par les blessures ces derni\u00e8res semaines, Postecoglou \u00e9tant r\u00e9guli\u00e8rement contraint d'effectuer des changements et de trouver des solutions de fortune. Le probl\u00e8me de Richarlison s'ajoute \u00e0 la liste des joueurs indisponibles et souligne l'ampleur du d\u00e9fi pour les Spurs alors qu'ils \u00e9quilibrent les engagements nationaux et de ligue.<\/p>\n<p>Le club devrait \u00e9valuer l'\u00e9tat de Richarlison dans les jours \u00e0 venir pour confirmer l'\u00e9tendue du probl\u00e8me, mais sa sortie pr\u00e9coce du match contre Aston Villa est le dernier revers d'une saison qui a maintes fois mis \u00e0 l'\u00e9preuve la profondeur de l'\u00e9quipe de Tottenham.<\/p>","protected":false},"excerpt":{"rendered":"<p>Tottenham\u2019s injury crisis worsened again on Sunday as Richarlison was forced off during their FA Cup tie against Aston Villa [&hellip;]<\/p>\n","protected":false},"author":3,"featured_media":5804,"comment_status":"","ping_status":"open","sticky":false,"template":"","format":"standard","meta":{"googlesitekit_rrm_CAow_uzEDA:productID":"","site-sidebar-layout":"default","site-content-layout":"","ast-site-content-layout":"default","site-content-style":"default","site-sidebar-style":"default","ast-global-header-display":"","ast-banner-title-visibility":"","ast-main-header-display":"","ast-hfb-above-header-display":"","ast-hfb-below-header-display":"","ast-hfb-mobile-header-display":"","site-post-title":"","ast-breadcrumbs-content":"","ast-featured-img":"","footer-sml-layout":"","ast-disable-related-posts":"","theme-transparent-header-meta":"","adv-header-id-meta":"","stick-header-meta":"","header-above-stick-meta":"","header-main-stick-meta":"","header-below-stick-meta":"","astra-migrate-meta-layouts":"default","ast-page-background-enabled":"default","ast-page-background-meta":{"desktop":{"background-color":"var(--ast-global-color-5)","background-image":"","background-repeat":"repeat","background-position":"center center","background-size":"auto","background-attachment":"scroll","background-type":"","background-media":"","overlay-type":"","overlay-color":"","overlay-opacity":"","overlay-gradient":""},"tablet":{"background-color":"","background-image":"","background-repeat":"repeat","background-position":"center center","background-size":"auto","background-attachment":"scroll","background-type":"","background-media":"","overlay-type":"","overlay-color":"","overlay-opacity":"","overlay-gradient":""},"mobile":{"background-color":"","background-image":"","background-repeat":"repeat","background-position":"center center","background-size":"auto","background-attachment":"scroll","background-type":"","background-media":"","overlay-type":"","overlay-color":"","overlay-opacity":"","overlay-gradient":""}},"ast-content-background-meta":{"desktop":{"background-color":"var(--ast-global-color-4)","background-image":"","background-repeat":"repeat","background-position":"center center","background-size":"auto","background-attachment":"scroll","background-type":"","background-media":"","overlay-type":"","overlay-color":"","overlay-opacity":"","overlay-gradient":""},"tablet":{"background-color":"var(--ast-global-color-4)","background-image":"","background-repeat":"repeat","background-position":"center center","background-size":"auto","background-attachment":"scroll","background-type":"","background-media":"","overlay-type":"","overlay-color":"","overlay-opacity":"","overlay-gradient":""},"mobile":{"background-color":"var(--ast-global-color-4)","background-image":"","background-repeat":"repeat","background-position":"center center","background-size":"auto","background-attachment":"scroll","background-type":"","background-media":"","overlay-type":"","overlay-color":"","overlay-opacity":"","overlay-gradient":""}},"footnotes":""},"categories":[20,1],"tags":[],"class_list":["post-5805","post","type-post","status-publish","format-standard","has-post-thumbnail","hentry","category-international","category-football-latest-news"],"yoast_head":"<!-- This site is optimized with the Yoast SEO Premium plugin v26.6 (Yoast SEO v27.5) - https:\/\/yoast.com\/product\/yoast-seo-premium-wordpress\/ -->\n<title>Tottenham injury crisis deepens as Richarlison limps off - Bladna News<\/title>\n<meta name=\"robots\" content=\"index, follow, max-snippet:-1, max-image-preview:large, max-video-preview:-1\" \/>\n<link rel=\"canonical\" href=\"https:\/\/bladnanews.com\/fr\/la-crise-des-blessures-de-tottenham-saggrave-alors-que-richarlison-sort-en-boitant\/\" \/>\n<meta property=\"og:locale\" content=\"fr_FR\" \/>\n<meta property=\"og:type\" content=\"article\" \/>\n<meta property=\"og:title\" content=\"Tottenham injury crisis deepens as Richarlison limps off\" \/>\n<meta property=\"og:description\" content=\"Tottenham\u2019s injury crisis worsened again on Sunday as Richarlison was forced off during their FA Cup tie against Aston Villa [&hellip;]\" \/>\n<meta property=\"og:url\" content=\"https:\/\/bladnanews.com\/fr\/la-crise-des-blessures-de-tottenham-saggrave-alors-que-richarlison-sort-en-boitant\/\" \/>\n<meta property=\"og:site_name\" content=\"Bladna News\" \/>\n<meta property=\"article:published_time\" content=\"2026-01-10T20:56:57+00:00\" \/>\n<meta property=\"og:image\" content=\"https:\/\/bladnanews.com\/wp-content\/uploads\/2025\/12\/freepik__bladna-newscom-moroccan-soccer-homepage-banner-mor__41838.png\" \/>\n\t<meta property=\"og:image:width\" content=\"1312\" \/>\n\t<meta property=\"og:image:height\" content=\"736\" \/>\n\t<meta property=\"og:image:type\" content=\"image\/png\" \/>\n<meta name=\"author\" content=\"Bladna News Staff\" \/>\n<meta name=\"twitter:card\" content=\"summary_large_image\" \/>\n<meta name=\"twitter:label1\" content=\"\u00c9crit par\" \/>\n\t<meta name=\"twitter:data1\" content=\"Bladna News Staff\" \/>\n\t<meta name=\"twitter:label2\" content=\"Dur\u00e9e de lecture estim\u00e9e\" \/>\n\t<meta name=\"twitter:data2\" content=\"1 minute\" \/>\n<script type=\"application\/ld+json\" class=\"yoast-schema-graph\">{\"@context\":\"https:\\\/\\\/schema.org\",\"@graph\":[{\"@type\":\"Article\",\"@id\":\"https:\\\/\\\/bladnanews.com\\\/tottenham-injury-crisis-deepens-as-richarlison-limps-off\\\/#article\",\"isPartOf\":{\"@id\":\"https:\\\/\\\/bladnanews.com\\\/tottenham-injury-crisis-deepens-as-richarlison-limps-off\\\/\"},\"author\":{\"name\":\"Bladna News Staff\",\"@id\":\"https:\\\/\\\/mediumseagreen-eel-531711.hostingersite.com\\\/#\\\/schema\\\/person\\\/268e18a453ab080ebf76df6ef7845083\"},\"headline\":\"Tottenham injury crisis deepens as Richarlison limps off\",\"datePublished\":\"2026-01-10T20:56:57+00:00\",\"mainEntityOfPage\":{\"@id\":\"https:\\\/\\\/bladnanews.com\\\/tottenham-injury-crisis-deepens-as-richarlison-limps-off\\\/\"},\"wordCount\":216,\"publisher\":{\"@id\":\"https:\\\/\\\/mediumseagreen-eel-531711.hostingersite.com\\\/#organization\"},\"image\":{\"@id\":\"https:\\\/\\\/bladnanews.com\\\/tottenham-injury-crisis-deepens-as-richarlison-limps-off\\\/#primaryimage\"},\"thumbnailUrl\":\"https:\\\/\\\/bladnanews.com\\\/wp-content\\\/uploads\\\/2026\\\/01\\\/BladnaNews-Tottenham-injury-crisis-deepens-as-Richarlison-limps-off-2026-01-11T170957.212Z-scaled.jpg\",\"articleSection\":[\"International\",\"Latest News\"],\"inLanguage\":\"fr-FR\",\"copyrightYear\":\"2026\",\"copyrightHolder\":{\"@id\":\"https:\\\/\\\/bladnanews.com\\\/fr\\\/#organization\"}},{\"@type\":\"WebPage\",\"@id\":\"https:\\\/\\\/bladnanews.com\\\/tottenham-injury-crisis-deepens-as-richarlison-limps-off\\\/\",\"url\":\"https:\\\/\\\/bladnanews.com\\\/tottenham-injury-crisis-deepens-as-richarlison-limps-off\\\/\",\"name\":\"Tottenham injury crisis deepens as Richarlison limps off - Bladna News\",\"isPartOf\":{\"@id\":\"https:\\\/\\\/mediumseagreen-eel-531711.hostingersite.com\\\/#website\"},\"primaryImageOfPage\":{\"@id\":\"https:\\\/\\\/bladnanews.com\\\/tottenham-injury-crisis-deepens-as-richarlison-limps-off\\\/#primaryimage\"},\"image\":{\"@id\":\"https:\\\/\\\/bladnanews.com\\\/tottenham-injury-crisis-deepens-as-richarlison-limps-off\\\/#primaryimage\"},\"thumbnailUrl\":\"https:\\\/\\\/bladnanews.com\\\/wp-content\\\/uploads\\\/2026\\\/01\\\/BladnaNews-Tottenham-injury-crisis-deepens-as-Richarlison-limps-off-2026-01-11T170957.212Z-scaled.jpg\",\"datePublished\":\"2026-01-10T20:56:57+00:00\",\"breadcrumb\":{\"@id\":\"https:\\\/\\\/bladnanews.com\\\/tottenham-injury-crisis-deepens-as-richarlison-limps-off\\\/#breadcrumb\"},\"inLanguage\":\"fr-FR\",\"potentialAction\":[{\"@type\":\"ReadAction\",\"target\":[\"https:\\\/\\\/bladnanews.com\\\/tottenham-injury-crisis-deepens-as-richarlison-limps-off\\\/\"]}]},{\"@type\":\"ImageObject\",\"inLanguage\":\"fr-FR\",\"@id\":\"https:\\\/\\\/bladnanews.com\\\/tottenham-injury-crisis-deepens-as-richarlison-limps-off\\\/#primaryimage\",\"url\":\"https:\\\/\\\/bladnanews.com\\\/wp-content\\\/uploads\\\/2026\\\/01\\\/BladnaNews-Tottenham-injury-crisis-deepens-as-Richarlison-limps-off-2026-01-11T170957.212Z-scaled.jpg\",\"contentUrl\":\"https:\\\/\\\/bladnanews.com\\\/wp-content\\\/uploads\\\/2026\\\/01\\\/BladnaNews-Tottenham-injury-crisis-deepens-as-Richarlison-limps-off-2026-01-11T170957.212Z-scaled.jpg\",\"width\":2560,\"height\":1440,\"caption\":\"Richarlison of Tottenham lies on the pitch, visibly injured, gripping his abdomen during a match, with green turf surrounding him.\"},{\"@type\":\"BreadcrumbList\",\"@id\":\"https:\\\/\\\/bladnanews.com\\\/tottenham-injury-crisis-deepens-as-richarlison-limps-off\\\/#breadcrumb\",\"itemListElement\":[{\"@type\":\"ListItem\",\"position\":1,\"name\":\"Home\",\"item\":\"https:\\\/\\\/bladnanews.com\\\/\"},{\"@type\":\"ListItem\",\"position\":2,\"name\":\"Tottenham injury crisis deepens as Richarlison limps off\"}]},{\"@type\":\"WebSite\",\"@id\":\"https:\\\/\\\/mediumseagreen-eel-531711.hostingersite.com\\\/#website\",\"url\":\"https:\\\/\\\/mediumseagreen-eel-531711.hostingersite.com\\\/\",\"name\":\"Bladna News - Morocco\",\"description\":\"Where Moroccan Football Meets the World\",\"publisher\":{\"@id\":\"https:\\\/\\\/mediumseagreen-eel-531711.hostingersite.com\\\/#organization\"},\"potentialAction\":[{\"@type\":\"SearchAction\",\"target\":{\"@type\":\"EntryPoint\",\"urlTemplate\":\"https:\\\/\\\/mediumseagreen-eel-531711.hostingersite.com\\\/?s={search_term_string}\"},\"query-input\":{\"@type\":\"PropertyValueSpecification\",\"valueRequired\":true,\"valueName\":\"search_term_string\"}}],\"inLanguage\":\"fr-FR\"},{\"@type\":\"Organization\",\"@id\":\"https:\\\/\\\/mediumseagreen-eel-531711.hostingersite.com\\\/#organization\",\"name\":\"Bladna News.com\",\"url\":\"https:\\\/\\\/mediumseagreen-eel-531711.hostingersite.com\\\/\",\"logo\":{\"@type\":\"ImageObject\",\"inLanguage\":\"fr-FR\",\"@id\":\"https:\\\/\\\/mediumseagreen-eel-531711.hostingersite.com\\\/#\\\/schema\\\/logo\\\/image\\\/\",\"url\":\"https:\\\/\\\/bladnanews.com\\\/wp-content\\\/uploads\\\/2025\\\/12\\\/logo-bladnanews-V2-web-black-red.png\",\"contentUrl\":\"https:\\\/\\\/bladnanews.com\\\/wp-content\\\/uploads\\\/2025\\\/12\\\/logo-bladnanews-V2-web-black-red.png\",\"width\":703,\"height\":287,\"caption\":\"Bladna News.com\"},\"image\":{\"@id\":\"https:\\\/\\\/mediumseagreen-eel-531711.hostingersite.com\\\/#\\\/schema\\\/logo\\\/image\\\/\"},\"email\":\"info@bladnanews.com\",\"legalName\":\"Bladna News\"},{\"@type\":\"Person\",\"@id\":\"https:\\\/\\\/mediumseagreen-eel-531711.hostingersite.com\\\/#\\\/schema\\\/person\\\/268e18a453ab080ebf76df6ef7845083\",\"name\":\"Bladna News Staff\",\"url\":\"https:\\\/\\\/bladnanews.com\\\/fr\\\/author\\\/bladna-news-staff\\\/\"}]}<\/script>\n<!-- \/ Yoast SEO Premium plugin. -->","yoast_head_json":{"title":"La crise des blessures de Tottenham s'aggrave alors que Richarlison sort en boitant - Bladna News","robots":{"index":"index","follow":"follow","max-snippet":"max-snippet:-1","max-image-preview":"max-image-preview:large","max-video-preview":"max-video-preview:-1"},"canonical":"https:\/\/bladnanews.com\/fr\/la-crise-des-blessures-de-tottenham-saggrave-alors-que-richarlison-sort-en-boitant\/","og_locale":"fr_FR","og_type":"article","og_title":"Tottenham injury crisis deepens as Richarlison limps off","og_description":"Tottenham\u2019s injury crisis worsened again on Sunday as Richarlison was forced off during their FA Cup tie against Aston Villa [&hellip;]","og_url":"https:\/\/bladnanews.com\/fr\/la-crise-des-blessures-de-tottenham-saggrave-alors-que-richarlison-sort-en-boitant\/","og_site_name":"Bladna News","article_published_time":"2026-01-10T20:56:57+00:00","og_image":[{"width":1312,"height":736,"url":"https:\/\/bladnanews.com\/wp-content\/uploads\/2025\/12\/freepik__bladna-newscom-moroccan-soccer-homepage-banner-mor__41838.png","type":"image\/png"}],"author":"Bladna News Staff","twitter_card":"summary_large_image","twitter_misc":{"\u00c9crit par":"Bladna News Staff","Dur\u00e9e de lecture estim\u00e9e":"1 minute"},"schema":{"@context":"https:\/\/schema.org","@graph":[{"@type":"Article","@id":"https:\/\/bladnanews.com\/tottenham-injury-crisis-deepens-as-richarlison-limps-off\/#article","isPartOf":{"@id":"https:\/\/bladnanews.com\/tottenham-injury-crisis-deepens-as-richarlison-limps-off\/"},"author":{"name":"Bladna News Staff","@id":"https:\/\/mediumseagreen-eel-531711.hostingersite.com\/#\/schema\/person\/268e18a453ab080ebf76df6ef7845083"},"headline":"Tottenham injury crisis deepens as Richarlison limps off","datePublished":"2026-01-10T20:56:57+00:00","mainEntityOfPage":{"@id":"https:\/\/bladnanews.com\/tottenham-injury-crisis-deepens-as-richarlison-limps-off\/"},"wordCount":216,"publisher":{"@id":"https:\/\/mediumseagreen-eel-531711.hostingersite.com\/#organization"},"image":{"@id":"https:\/\/bladnanews.com\/tottenham-injury-crisis-deepens-as-richarlison-limps-off\/#primaryimage"},"thumbnailUrl":"https:\/\/bladnanews.com\/wp-content\/uploads\/2026\/01\/BladnaNews-Tottenham-injury-crisis-deepens-as-Richarlison-limps-off-2026-01-11T170957.212Z-scaled.jpg","articleSection":["International","Latest News"],"inLanguage":"fr-FR","copyrightYear":"2026","copyrightHolder":{"@id":"https:\/\/bladnanews.com\/fr\/#organization"}},{"@type":"WebPage","@id":"https:\/\/bladnanews.com\/tottenham-injury-crisis-deepens-as-richarlison-limps-off\/","url":"https:\/\/bladnanews.com\/tottenham-injury-crisis-deepens-as-richarlison-limps-off\/","name":"La crise des blessures de Tottenham s'aggrave alors que Richarlison sort en boitant - Bladna News","isPartOf":{"@id":"https:\/\/mediumseagreen-eel-531711.hostingersite.com\/#website"},"primaryImageOfPage":{"@id":"https:\/\/bladnanews.com\/tottenham-injury-crisis-deepens-as-richarlison-limps-off\/#primaryimage"},"image":{"@id":"https:\/\/bladnanews.com\/tottenham-injury-crisis-deepens-as-richarlison-limps-off\/#primaryimage"},"thumbnailUrl":"https:\/\/bladnanews.com\/wp-content\/uploads\/2026\/01\/BladnaNews-Tottenham-injury-crisis-deepens-as-Richarlison-limps-off-2026-01-11T170957.212Z-scaled.jpg","datePublished":"2026-01-10T20:56:57+00:00","breadcrumb":{"@id":"https:\/\/bladnanews.com\/tottenham-injury-crisis-deepens-as-richarlison-limps-off\/#breadcrumb"},"inLanguage":"fr-FR","potentialAction":[{"@type":"ReadAction","target":["https:\/\/bladnanews.com\/tottenham-injury-crisis-deepens-as-richarlison-limps-off\/"]}]},{"@type":"ImageObject","inLanguage":"fr-FR","@id":"https:\/\/bladnanews.com\/tottenham-injury-crisis-deepens-as-richarlison-limps-off\/#primaryimage","url":"https:\/\/bladnanews.com\/wp-content\/uploads\/2026\/01\/BladnaNews-Tottenham-injury-crisis-deepens-as-Richarlison-limps-off-2026-01-11T170957.212Z-scaled.jpg","contentUrl":"https:\/\/bladnanews.com\/wp-content\/uploads\/2026\/01\/BladnaNews-Tottenham-injury-crisis-deepens-as-Richarlison-limps-off-2026-01-11T170957.212Z-scaled.jpg","width":2560,"height":1440,"caption":"Richarlison of Tottenham lies on the pitch, visibly injured, gripping his abdomen during a match, with green turf surrounding him."},{"@type":"BreadcrumbList","@id":"https:\/\/bladnanews.com\/tottenham-injury-crisis-deepens-as-richarlison-limps-off\/#breadcrumb","itemListElement":[{"@type":"ListItem","position":1,"name":"Home","item":"https:\/\/bladnanews.com\/"},{"@type":"ListItem","position":2,"name":"Tottenham injury crisis deepens as Richarlison limps off"}]},{"@type":"WebSite","@id":"https:\/\/mediumseagreen-eel-531711.hostingersite.com\/#website","url":"https:\/\/mediumseagreen-eel-531711.hostingersite.com\/","name":"Bladna News - Maroc","description":"Quand le football marocain rencontre le monde","publisher":{"@id":"https:\/\/mediumseagreen-eel-531711.hostingersite.com\/#organization"},"potentialAction":[{"@type":"SearchAction","target":{"@type":"EntryPoint","urlTemplate":"https:\/\/mediumseagreen-eel-531711.hostingersite.com\/?s={search_term_string}"},"query-input":{"@type":"PropertyValueSpecification","valueRequired":true,"valueName":"search_term_string"}}],"inLanguage":"fr-FR"},{"@type":"Organization","@id":"https:\/\/mediumseagreen-eel-531711.hostingersite.com\/#organization","name":"Bladna News.com","url":"https:\/\/mediumseagreen-eel-531711.hostingersite.com\/","logo":{"@type":"ImageObject","inLanguage":"fr-FR","@id":"https:\/\/mediumseagreen-eel-531711.hostingersite.com\/#\/schema\/logo\/image\/","url":"https:\/\/bladnanews.com\/wp-content\/uploads\/2025\/12\/logo-bladnanews-V2-web-black-red.png","contentUrl":"https:\/\/bladnanews.com\/wp-content\/uploads\/2025\/12\/logo-bladnanews-V2-web-black-red.png","width":703,"height":287,"caption":"Bladna News.com"},"image":{"@id":"https:\/\/mediumseagreen-eel-531711.hostingersite.com\/#\/schema\/logo\/image\/"},"email":"info@bladnanews.com","legalName":"Bladna News"},{"@type":"Person","@id":"https:\/\/mediumseagreen-eel-531711.hostingersite.com\/#\/schema\/person\/268e18a453ab080ebf76df6ef7845083","name":"\u00c9quipe r\u00e9dactionnelle de Bladna News","url":"https:\/\/bladnanews.com\/fr\/author\/bladna-news-staff\/"}]}},"_links":{"self":[{"href":"https:\/\/bladnanews.com\/fr\/wp-json\/wp\/v2\/posts\/5805","targetHints":{"allow":["GET"]}}],"collection":[{"href":"https:\/\/bladnanews.com\/fr\/wp-json\/wp\/v2\/posts"}],"about":[{"href":"https:\/\/bladnanews.com\/fr\/wp-json\/wp\/v2\/types\/post"}],"author":[{"embeddable":true,"href":"https:\/\/bladnanews.com\/fr\/wp-json\/wp\/v2\/users\/3"}],"replies":[{"embeddable":true,"href":"https:\/\/bladnanews.com\/fr\/wp-json\/wp\/v2\/comments?post=5805"}],"version-history":[{"count":0,"href":"https:\/\/bladnanews.com\/fr\/wp-json\/wp\/v2\/posts\/5805\/revisions"}],"wp:featuredmedia":[{"embeddable":true,"href":"https:\/\/bladnanews.com\/fr\/wp-json\/wp\/v2\/media\/5804"}],"wp:attachment":[{"href":"https:\/\/bladnanews.com\/fr\/wp-json\/wp\/v2\/media?parent=5805"}],"wp:term":[{"taxonomy":"category","embeddable":true,"href":"https:\/\/bladnanews.com\/fr\/wp-json\/wp\/v2\/categories?post=5805"},{"taxonomy":"post_tag","embeddable":true,"href":"https:\/\/bladnanews.com\/fr\/wp-json\/wp\/v2\/tags?post=5805"}],"curies":[{"name":"wp","href":"https:\/\/api.w.org\/{rel}","templated":true}]}}