{"id":5807,"date":"2026-01-10T21:00:16","date_gmt":"2026-01-10T21:00:16","guid":{"rendered":"https:\/\/bladnanews.com\/man-city-star-wowed-by-semenyo-in-10-1-fa-cup-win\/"},"modified":"2026-01-10T21:00:16","modified_gmt":"2026-01-10T21:00:16","slug":"la-star-de-manchester-city-impressionnee-par-semenyo-lors-de-la-victoire-10-1-en-fa-cup","status":"publish","type":"post","link":"https:\/\/bladnanews.com\/fr\/la-star-de-manchester-city-impressionnee-par-semenyo-lors-de-la-victoire-10-1-en-fa-cup\/","title":{"rendered":"La star de Manchester City impressionn\u00e9e par Semenyo lors de la victoire 10-1 en FA Cup"},"content":{"rendered":"<p>La s\u00e9rie invaincue de Manchester City en FA Cup s'est poursuivie de mani\u00e8re emphatique avec un succ\u00e8s tonitruant 10-1, mais c'est Antoine Semenyo qui a particuli\u00e8rement impressionn\u00e9 un joueur de City.<\/p>\n<p>City a affich\u00e9 un score \u00e0 deux chiffres dans un match \u00e0 sens unique, submergeant ses adversaires par des vagues d'attaques successives et leur laissant \u00e0 peine une prise dans la rencontre. Malgr\u00e9 l'ampleur de la victoire, la prestation de Semenyo s'est distingu\u00e9e comme l'un des sujets de discussion marquants de la journ\u00e9e.<\/p>\n<p>Apr\u00e8s le coup de sifflet final, une star de City a admis avoir \u00e9t\u00e9 \u201c souffl\u00e9e \u201d par Semenyo et a r\u00e9v\u00e9l\u00e9 \u00e0 quel point il est estim\u00e9 dans le milieu, d\u00e9clarant : <strong>\u201c Tout le monde le voulait ! \u201d<\/strong><\/p>\n<p>Ce commentaire a soulign\u00e9 le respect que Semenyo a gagn\u00e9 et a fermement plac\u00e9 les projecteurs sur sa contribution, m\u00eame dans un match domin\u00e9 par la puissance offensive de City. La victoire 10-1 de City les envoie au stade suivant de la FA Cup avec le moral au plus haut, mais les discussions d'apr\u00e8s-match ont clairement montr\u00e9 que la performance de Semenyo n'\u00e9tait pas pass\u00e9e inaper\u00e7ue aupr\u00e8s de l'\u00e9lite adverse.<\/p>","protected":false},"excerpt":{"rendered":"<p>Manchester City\u2019s unbeaten run in the FA Cup rolled on in emphatic style as they stormed to a 10-1 win, [&hellip;]<\/p>\n","protected":false},"author":3,"featured_media":5806,"comment_status":"","ping_status":"open","sticky":false,"template":"","format":"standard","meta":{"googlesitekit_rrm_CAow_uzEDA:productID":"","site-sidebar-layout":"default","site-content-layout":"","ast-site-content-layout":"default","site-content-style":"default","site-sidebar-style":"default","ast-global-header-display":"","ast-banner-title-visibility":"","ast-main-header-display":"","ast-hfb-above-header-display":"","ast-hfb-below-header-display":"","ast-hfb-mobile-header-display":"","site-post-title":"","ast-breadcrumbs-content":"","ast-featured-img":"","footer-sml-layout":"","ast-disable-related-posts":"","theme-transparent-header-meta":"","adv-header-id-meta":"","stick-header-meta":"","header-above-stick-meta":"","header-main-stick-meta":"","header-below-stick-meta":"","astra-migrate-meta-layouts":"default","ast-page-background-enabled":"default","ast-page-background-meta":{"desktop":{"background-color":"var(--ast-global-color-5)","background-image":"","background-repeat":"repeat","background-position":"center center","background-size":"auto","background-attachment":"scroll","background-type":"","background-media":"","overlay-type":"","overlay-color":"","overlay-opacity":"","overlay-gradient":""},"tablet":{"background-color":"","background-image":"","background-repeat":"repeat","background-position":"center center","background-size":"auto","background-attachment":"scroll","background-type":"","background-media":"","overlay-type":"","overlay-color":"","overlay-opacity":"","overlay-gradient":""},"mobile":{"background-color":"","background-image":"","background-repeat":"repeat","background-position":"center center","background-size":"auto","background-attachment":"scroll","background-type":"","background-media":"","overlay-type":"","overlay-color":"","overlay-opacity":"","overlay-gradient":""}},"ast-content-background-meta":{"desktop":{"background-color":"var(--ast-global-color-4)","background-image":"","background-repeat":"repeat","background-position":"center center","background-size":"auto","background-attachment":"scroll","background-type":"","background-media":"","overlay-type":"","overlay-color":"","overlay-opacity":"","overlay-gradient":""},"tablet":{"background-color":"var(--ast-global-color-4)","background-image":"","background-repeat":"repeat","background-position":"center center","background-size":"auto","background-attachment":"scroll","background-type":"","background-media":"","overlay-type":"","overlay-color":"","overlay-opacity":"","overlay-gradient":""},"mobile":{"background-color":"var(--ast-global-color-4)","background-image":"","background-repeat":"repeat","background-position":"center center","background-size":"auto","background-attachment":"scroll","background-type":"","background-media":"","overlay-type":"","overlay-color":"","overlay-opacity":"","overlay-gradient":""}},"footnotes":""},"categories":[20,1],"tags":[],"class_list":["post-5807","post","type-post","status-publish","format-standard","has-post-thumbnail","hentry","category-international","category-football-latest-news"],"yoast_head":"<!-- This site is optimized with the Yoast SEO Premium plugin v26.6 (Yoast SEO v27.5) - https:\/\/yoast.com\/product\/yoast-seo-premium-wordpress\/ -->\n<title>Man City star wowed by Semenyo in 10-1 FA Cup win - Bladna News<\/title>\n<meta name=\"robots\" content=\"index, follow, max-snippet:-1, max-image-preview:large, max-video-preview:-1\" \/>\n<link rel=\"canonical\" href=\"https:\/\/bladnanews.com\/fr\/la-star-de-manchester-city-impressionnee-par-semenyo-lors-de-la-victoire-10-1-en-fa-cup\/\" \/>\n<meta property=\"og:locale\" content=\"fr_FR\" \/>\n<meta property=\"og:type\" content=\"article\" \/>\n<meta property=\"og:title\" content=\"Man City star wowed by Semenyo in 10-1 FA Cup win\" \/>\n<meta property=\"og:description\" content=\"Manchester City\u2019s unbeaten run in the FA Cup rolled on in emphatic style as they stormed to a 10-1 win, [&hellip;]\" \/>\n<meta property=\"og:url\" content=\"https:\/\/bladnanews.com\/fr\/la-star-de-manchester-city-impressionnee-par-semenyo-lors-de-la-victoire-10-1-en-fa-cup\/\" \/>\n<meta property=\"og:site_name\" content=\"Bladna News\" \/>\n<meta property=\"article:published_time\" content=\"2026-01-10T21:00:16+00:00\" \/>\n<meta property=\"og:image\" content=\"https:\/\/bladnanews.com\/wp-content\/uploads\/2025\/12\/freepik__bladna-newscom-moroccan-soccer-homepage-banner-mor__41838.png\" \/>\n\t<meta property=\"og:image:width\" content=\"1312\" \/>\n\t<meta property=\"og:image:height\" content=\"736\" \/>\n\t<meta property=\"og:image:type\" content=\"image\/png\" \/>\n<meta name=\"author\" content=\"Bladna News Staff\" \/>\n<meta name=\"twitter:card\" content=\"summary_large_image\" \/>\n<meta name=\"twitter:label1\" content=\"\u00c9crit par\" \/>\n\t<meta name=\"twitter:data1\" content=\"Bladna News Staff\" \/>\n\t<meta name=\"twitter:label2\" content=\"Dur\u00e9e de lecture estim\u00e9e\" \/>\n\t<meta name=\"twitter:data2\" content=\"1 minute\" \/>\n<script type=\"application\/ld+json\" class=\"yoast-schema-graph\">{\"@context\":\"https:\\\/\\\/schema.org\",\"@graph\":[{\"@type\":\"Article\",\"@id\":\"https:\\\/\\\/bladnanews.com\\\/man-city-star-wowed-by-semenyo-in-10-1-fa-cup-win\\\/#article\",\"isPartOf\":{\"@id\":\"https:\\\/\\\/bladnanews.com\\\/man-city-star-wowed-by-semenyo-in-10-1-fa-cup-win\\\/\"},\"author\":{\"name\":\"Bladna News Staff\",\"@id\":\"https:\\\/\\\/mediumseagreen-eel-531711.hostingersite.com\\\/#\\\/schema\\\/person\\\/268e18a453ab080ebf76df6ef7845083\"},\"headline\":\"Man City star wowed by Semenyo in 10-1 FA Cup win\",\"datePublished\":\"2026-01-10T21:00:16+00:00\",\"mainEntityOfPage\":{\"@id\":\"https:\\\/\\\/bladnanews.com\\\/man-city-star-wowed-by-semenyo-in-10-1-fa-cup-win\\\/\"},\"wordCount\":181,\"publisher\":{\"@id\":\"https:\\\/\\\/mediumseagreen-eel-531711.hostingersite.com\\\/#organization\"},\"image\":{\"@id\":\"https:\\\/\\\/bladnanews.com\\\/man-city-star-wowed-by-semenyo-in-10-1-fa-cup-win\\\/#primaryimage\"},\"thumbnailUrl\":\"https:\\\/\\\/bladnanews.com\\\/wp-content\\\/uploads\\\/2026\\\/01\\\/BladnaNews-Man-City-star-wowed-by-Semenyo-in-10-1-FA-Cup-win-2026-01-11T171025.095Z-scaled.jpg\",\"articleSection\":[\"International\",\"Latest News\"],\"inLanguage\":\"fr-FR\",\"copyrightYear\":\"2026\",\"copyrightHolder\":{\"@id\":\"https:\\\/\\\/bladnanews.com\\\/fr\\\/#organization\"}},{\"@type\":\"WebPage\",\"@id\":\"https:\\\/\\\/bladnanews.com\\\/man-city-star-wowed-by-semenyo-in-10-1-fa-cup-win\\\/\",\"url\":\"https:\\\/\\\/bladnanews.com\\\/man-city-star-wowed-by-semenyo-in-10-1-fa-cup-win\\\/\",\"name\":\"Man City star wowed by Semenyo in 10-1 FA Cup win - Bladna News\",\"isPartOf\":{\"@id\":\"https:\\\/\\\/mediumseagreen-eel-531711.hostingersite.com\\\/#website\"},\"primaryImageOfPage\":{\"@id\":\"https:\\\/\\\/bladnanews.com\\\/man-city-star-wowed-by-semenyo-in-10-1-fa-cup-win\\\/#primaryimage\"},\"image\":{\"@id\":\"https:\\\/\\\/bladnanews.com\\\/man-city-star-wowed-by-semenyo-in-10-1-fa-cup-win\\\/#primaryimage\"},\"thumbnailUrl\":\"https:\\\/\\\/bladnanews.com\\\/wp-content\\\/uploads\\\/2026\\\/01\\\/BladnaNews-Man-City-star-wowed-by-Semenyo-in-10-1-FA-Cup-win-2026-01-11T171025.095Z-scaled.jpg\",\"datePublished\":\"2026-01-10T21:00:16+00:00\",\"breadcrumb\":{\"@id\":\"https:\\\/\\\/bladnanews.com\\\/man-city-star-wowed-by-semenyo-in-10-1-fa-cup-win\\\/#breadcrumb\"},\"inLanguage\":\"fr-FR\",\"potentialAction\":[{\"@type\":\"ReadAction\",\"target\":[\"https:\\\/\\\/bladnanews.com\\\/man-city-star-wowed-by-semenyo-in-10-1-fa-cup-win\\\/\"]}]},{\"@type\":\"ImageObject\",\"inLanguage\":\"fr-FR\",\"@id\":\"https:\\\/\\\/bladnanews.com\\\/man-city-star-wowed-by-semenyo-in-10-1-fa-cup-win\\\/#primaryimage\",\"url\":\"https:\\\/\\\/bladnanews.com\\\/wp-content\\\/uploads\\\/2026\\\/01\\\/BladnaNews-Man-City-star-wowed-by-Semenyo-in-10-1-FA-Cup-win-2026-01-11T171025.095Z-scaled.jpg\",\"contentUrl\":\"https:\\\/\\\/bladnanews.com\\\/wp-content\\\/uploads\\\/2026\\\/01\\\/BladnaNews-Man-City-star-wowed-by-Semenyo-in-10-1-FA-Cup-win-2026-01-11T171025.095Z-scaled.jpg\",\"width\":2560,\"height\":1440,\"caption\":\"Man City player celebrates during the FA Cup match, wearing the team's sky blue kit, amidst an excited crowd in the background.\"},{\"@type\":\"BreadcrumbList\",\"@id\":\"https:\\\/\\\/bladnanews.com\\\/man-city-star-wowed-by-semenyo-in-10-1-fa-cup-win\\\/#breadcrumb\",\"itemListElement\":[{\"@type\":\"ListItem\",\"position\":1,\"name\":\"Home\",\"item\":\"https:\\\/\\\/bladnanews.com\\\/\"},{\"@type\":\"ListItem\",\"position\":2,\"name\":\"Man City star wowed by Semenyo in 10-1 FA Cup win\"}]},{\"@type\":\"WebSite\",\"@id\":\"https:\\\/\\\/mediumseagreen-eel-531711.hostingersite.com\\\/#website\",\"url\":\"https:\\\/\\\/mediumseagreen-eel-531711.hostingersite.com\\\/\",\"name\":\"Bladna News - Morocco\",\"description\":\"Where Moroccan Football Meets the World\",\"publisher\":{\"@id\":\"https:\\\/\\\/mediumseagreen-eel-531711.hostingersite.com\\\/#organization\"},\"potentialAction\":[{\"@type\":\"SearchAction\",\"target\":{\"@type\":\"EntryPoint\",\"urlTemplate\":\"https:\\\/\\\/mediumseagreen-eel-531711.hostingersite.com\\\/?s={search_term_string}\"},\"query-input\":{\"@type\":\"PropertyValueSpecification\",\"valueRequired\":true,\"valueName\":\"search_term_string\"}}],\"inLanguage\":\"fr-FR\"},{\"@type\":\"Organization\",\"@id\":\"https:\\\/\\\/mediumseagreen-eel-531711.hostingersite.com\\\/#organization\",\"name\":\"Bladna News.com\",\"url\":\"https:\\\/\\\/mediumseagreen-eel-531711.hostingersite.com\\\/\",\"logo\":{\"@type\":\"ImageObject\",\"inLanguage\":\"fr-FR\",\"@id\":\"https:\\\/\\\/mediumseagreen-eel-531711.hostingersite.com\\\/#\\\/schema\\\/logo\\\/image\\\/\",\"url\":\"https:\\\/\\\/bladnanews.com\\\/wp-content\\\/uploads\\\/2025\\\/12\\\/logo-bladnanews-V2-web-black-red.png\",\"contentUrl\":\"https:\\\/\\\/bladnanews.com\\\/wp-content\\\/uploads\\\/2025\\\/12\\\/logo-bladnanews-V2-web-black-red.png\",\"width\":703,\"height\":287,\"caption\":\"Bladna News.com\"},\"image\":{\"@id\":\"https:\\\/\\\/mediumseagreen-eel-531711.hostingersite.com\\\/#\\\/schema\\\/logo\\\/image\\\/\"},\"email\":\"info@bladnanews.com\",\"legalName\":\"Bladna News\"},{\"@type\":\"Person\",\"@id\":\"https:\\\/\\\/mediumseagreen-eel-531711.hostingersite.com\\\/#\\\/schema\\\/person\\\/268e18a453ab080ebf76df6ef7845083\",\"name\":\"Bladna News Staff\",\"url\":\"https:\\\/\\\/bladnanews.com\\\/fr\\\/author\\\/bladna-news-staff\\\/\"}]}<\/script>\n<!-- \/ Yoast SEO Premium plugin. -->","yoast_head_json":{"title":"La star de Manchester City \u00e9merveill\u00e9e par Semenyo lors de la victoire 10-1 en FA Cup - Bladna News","robots":{"index":"index","follow":"follow","max-snippet":"max-snippet:-1","max-image-preview":"max-image-preview:large","max-video-preview":"max-video-preview:-1"},"canonical":"https:\/\/bladnanews.com\/fr\/la-star-de-manchester-city-impressionnee-par-semenyo-lors-de-la-victoire-10-1-en-fa-cup\/","og_locale":"fr_FR","og_type":"article","og_title":"Man City star wowed by Semenyo in 10-1 FA Cup win","og_description":"Manchester City\u2019s unbeaten run in the FA Cup rolled on in emphatic style as they stormed to a 10-1 win, [&hellip;]","og_url":"https:\/\/bladnanews.com\/fr\/la-star-de-manchester-city-impressionnee-par-semenyo-lors-de-la-victoire-10-1-en-fa-cup\/","og_site_name":"Bladna News","article_published_time":"2026-01-10T21:00:16+00:00","og_image":[{"width":1312,"height":736,"url":"https:\/\/bladnanews.com\/wp-content\/uploads\/2025\/12\/freepik__bladna-newscom-moroccan-soccer-homepage-banner-mor__41838.png","type":"image\/png"}],"author":"Bladna News Staff","twitter_card":"summary_large_image","twitter_misc":{"\u00c9crit par":"Bladna News Staff","Dur\u00e9e de lecture estim\u00e9e":"1 minute"},"schema":{"@context":"https:\/\/schema.org","@graph":[{"@type":"Article","@id":"https:\/\/bladnanews.com\/man-city-star-wowed-by-semenyo-in-10-1-fa-cup-win\/#article","isPartOf":{"@id":"https:\/\/bladnanews.com\/man-city-star-wowed-by-semenyo-in-10-1-fa-cup-win\/"},"author":{"name":"Bladna News Staff","@id":"https:\/\/mediumseagreen-eel-531711.hostingersite.com\/#\/schema\/person\/268e18a453ab080ebf76df6ef7845083"},"headline":"Man City star wowed by Semenyo in 10-1 FA Cup win","datePublished":"2026-01-10T21:00:16+00:00","mainEntityOfPage":{"@id":"https:\/\/bladnanews.com\/man-city-star-wowed-by-semenyo-in-10-1-fa-cup-win\/"},"wordCount":181,"publisher":{"@id":"https:\/\/mediumseagreen-eel-531711.hostingersite.com\/#organization"},"image":{"@id":"https:\/\/bladnanews.com\/man-city-star-wowed-by-semenyo-in-10-1-fa-cup-win\/#primaryimage"},"thumbnailUrl":"https:\/\/bladnanews.com\/wp-content\/uploads\/2026\/01\/BladnaNews-Man-City-star-wowed-by-Semenyo-in-10-1-FA-Cup-win-2026-01-11T171025.095Z-scaled.jpg","articleSection":["International","Latest News"],"inLanguage":"fr-FR","copyrightYear":"2026","copyrightHolder":{"@id":"https:\/\/bladnanews.com\/fr\/#organization"}},{"@type":"WebPage","@id":"https:\/\/bladnanews.com\/man-city-star-wowed-by-semenyo-in-10-1-fa-cup-win\/","url":"https:\/\/bladnanews.com\/man-city-star-wowed-by-semenyo-in-10-1-fa-cup-win\/","name":"La star de Manchester City \u00e9merveill\u00e9e par Semenyo lors de la victoire 10-1 en FA Cup - Bladna News","isPartOf":{"@id":"https:\/\/mediumseagreen-eel-531711.hostingersite.com\/#website"},"primaryImageOfPage":{"@id":"https:\/\/bladnanews.com\/man-city-star-wowed-by-semenyo-in-10-1-fa-cup-win\/#primaryimage"},"image":{"@id":"https:\/\/bladnanews.com\/man-city-star-wowed-by-semenyo-in-10-1-fa-cup-win\/#primaryimage"},"thumbnailUrl":"https:\/\/bladnanews.com\/wp-content\/uploads\/2026\/01\/BladnaNews-Man-City-star-wowed-by-Semenyo-in-10-1-FA-Cup-win-2026-01-11T171025.095Z-scaled.jpg","datePublished":"2026-01-10T21:00:16+00:00","breadcrumb":{"@id":"https:\/\/bladnanews.com\/man-city-star-wowed-by-semenyo-in-10-1-fa-cup-win\/#breadcrumb"},"inLanguage":"fr-FR","potentialAction":[{"@type":"ReadAction","target":["https:\/\/bladnanews.com\/man-city-star-wowed-by-semenyo-in-10-1-fa-cup-win\/"]}]},{"@type":"ImageObject","inLanguage":"fr-FR","@id":"https:\/\/bladnanews.com\/man-city-star-wowed-by-semenyo-in-10-1-fa-cup-win\/#primaryimage","url":"https:\/\/bladnanews.com\/wp-content\/uploads\/2026\/01\/BladnaNews-Man-City-star-wowed-by-Semenyo-in-10-1-FA-Cup-win-2026-01-11T171025.095Z-scaled.jpg","contentUrl":"https:\/\/bladnanews.com\/wp-content\/uploads\/2026\/01\/BladnaNews-Man-City-star-wowed-by-Semenyo-in-10-1-FA-Cup-win-2026-01-11T171025.095Z-scaled.jpg","width":2560,"height":1440,"caption":"Man City player celebrates during the FA Cup match, wearing the team's sky blue kit, amidst an excited crowd in the background."},{"@type":"BreadcrumbList","@id":"https:\/\/bladnanews.com\/man-city-star-wowed-by-semenyo-in-10-1-fa-cup-win\/#breadcrumb","itemListElement":[{"@type":"ListItem","position":1,"name":"Home","item":"https:\/\/bladnanews.com\/"},{"@type":"ListItem","position":2,"name":"Man City star wowed by Semenyo in 10-1 FA Cup win"}]},{"@type":"WebSite","@id":"https:\/\/mediumseagreen-eel-531711.hostingersite.com\/#website","url":"https:\/\/mediumseagreen-eel-531711.hostingersite.com\/","name":"Bladna News - Maroc","description":"Quand le football marocain rencontre le monde","publisher":{"@id":"https:\/\/mediumseagreen-eel-531711.hostingersite.com\/#organization"},"potentialAction":[{"@type":"SearchAction","target":{"@type":"EntryPoint","urlTemplate":"https:\/\/mediumseagreen-eel-531711.hostingersite.com\/?s={search_term_string}"},"query-input":{"@type":"PropertyValueSpecification","valueRequired":true,"valueName":"search_term_string"}}],"inLanguage":"fr-FR"},{"@type":"Organization","@id":"https:\/\/mediumseagreen-eel-531711.hostingersite.com\/#organization","name":"Bladna News.com","url":"https:\/\/mediumseagreen-eel-531711.hostingersite.com\/","logo":{"@type":"ImageObject","inLanguage":"fr-FR","@id":"https:\/\/mediumseagreen-eel-531711.hostingersite.com\/#\/schema\/logo\/image\/","url":"https:\/\/bladnanews.com\/wp-content\/uploads\/2025\/12\/logo-bladnanews-V2-web-black-red.png","contentUrl":"https:\/\/bladnanews.com\/wp-content\/uploads\/2025\/12\/logo-bladnanews-V2-web-black-red.png","width":703,"height":287,"caption":"Bladna News.com"},"image":{"@id":"https:\/\/mediumseagreen-eel-531711.hostingersite.com\/#\/schema\/logo\/image\/"},"email":"info@bladnanews.com","legalName":"Bladna News"},{"@type":"Person","@id":"https:\/\/mediumseagreen-eel-531711.hostingersite.com\/#\/schema\/person\/268e18a453ab080ebf76df6ef7845083","name":"\u00c9quipe r\u00e9dactionnelle de Bladna News","url":"https:\/\/bladnanews.com\/fr\/author\/bladna-news-staff\/"}]}},"_links":{"self":[{"href":"https:\/\/bladnanews.com\/fr\/wp-json\/wp\/v2\/posts\/5807","targetHints":{"allow":["GET"]}}],"collection":[{"href":"https:\/\/bladnanews.com\/fr\/wp-json\/wp\/v2\/posts"}],"about":[{"href":"https:\/\/bladnanews.com\/fr\/wp-json\/wp\/v2\/types\/post"}],"author":[{"embeddable":true,"href":"https:\/\/bladnanews.com\/fr\/wp-json\/wp\/v2\/users\/3"}],"replies":[{"embeddable":true,"href":"https:\/\/bladnanews.com\/fr\/wp-json\/wp\/v2\/comments?post=5807"}],"version-history":[{"count":0,"href":"https:\/\/bladnanews.com\/fr\/wp-json\/wp\/v2\/posts\/5807\/revisions"}],"wp:featuredmedia":[{"embeddable":true,"href":"https:\/\/bladnanews.com\/fr\/wp-json\/wp\/v2\/media\/5806"}],"wp:attachment":[{"href":"https:\/\/bladnanews.com\/fr\/wp-json\/wp\/v2\/media?parent=5807"}],"wp:term":[{"taxonomy":"category","embeddable":true,"href":"https:\/\/bladnanews.com\/fr\/wp-json\/wp\/v2\/categories?post=5807"},{"taxonomy":"post_tag","embeddable":true,"href":"https:\/\/bladnanews.com\/fr\/wp-json\/wp\/v2\/tags?post=5807"}],"curies":[{"name":"wp","href":"https:\/\/api.w.org\/{rel}","templated":true}]}}